{"id":23069,"date":"2015-12-11T00:00:00","date_gmt":"2015-12-10T23:00:00","guid":{"rendered":"https:\/\/lightweb.dev\/l\/svm-temp\/nyheter\/brak-om-en-kvinna-kan-ligga-bakom-knivdramat-i-benalmadena\/"},"modified":"2015-12-11T00:00:00","modified_gmt":"2015-12-10T23:00:00","slug":"brak-om-en-kvinna-kan-ligga-bakom-knivdramat-i-benalmadena","status":"publish","type":"post","link":"https:\/\/lightweb.dev\/l\/svm-temp\/nyheter\/brak-om-en-kvinna-kan-ligga-bakom-knivdramat-i-benalmadena\/","title":{"rendered":"Br\u00e5k om en kvinna kan ligga bakom knivdramat i Benalm\u00e1dena"},"content":{"rendered":"<p> Tv\u00e5 m\u00e4n, 40 och 45 \u00e5r gamla, bosatta i stadsdelen Cantarranas i Torremolinos har gripits av nationalpolisen misst\u00e4nkta f\u00f6r inblandning i h\u00e4ndelsen d\u00e5 en 44-\u00e5rig spansk medborgare knivh\u00f6ggs till d\u00f6ds p\u00e5 plaza de Ibensa mitt emot kyrkan Virgen del Carmen i Benalm\u00e1dena ig\u00e5r morse.<\/p>\n<p>Dagstidningen Diario SUR uppger p\u00e5 fredagen att br\u00e5ket b\u00f6rjade med en diskussion mellan fyra m\u00e4n d\u00e4r en av de inblandade attackerade en annan med en kniv. Enligt k\u00e4llor som tidningen h\u00e4nvisar till ska br\u00e5ket r\u00f6ra sig om en kvinna som de tr\u00e4ffat p\u00e5 en bar i onsdags kv\u00e4ll.<\/p>\n<p>N\u00e4r nationalpolisen fr\u00e5n Torremolinos-Benalm\u00e1dena kom till brottsplatsen fann de den 44-\u00e5rige mannen och dennes v\u00e4n. 44-\u00e5ringen \u00f6verf\u00f6rdes till Universitetssjukhuset i M\u00e1laga d\u00e4r man f\u00f6rs\u00f6kte stoppa bl\u00f6dningen. En och en halv timme senare bekr\u00e4ftade l\u00e4karna mannens d\u00f6d p\u00e5 grund av allvarliga skador i buken.<\/p>\n<p>De tv\u00e5 misst\u00e4nkta m\u00e4nnen som b\u00e5da \u00e4r spanska medborgare greps p\u00e5 torsdagen. <\/p>\n","protected":false},"excerpt":{"rendered":"<p>Tv\u00e5 m\u00e4n, 40 och 45 \u00e5r gamla, bosatta i stadsdelen Cantarranas i Torremolinos har gripits av nationalpolisen misst\u00e4nkta f\u00f6r inblandning i h\u00e4ndelsen d\u00e5 en 44-\u00e5rig spansk medborgare knivh\u00f6ggs till d\u00f6ds p\u00e5 plaza de Ibensa mitt emot kyrkan Virgen del Carmen i Benalm\u00e1dena ig\u00e5r morse. Dagstidningen Diario SUR uppger p\u00e5 fredagen att br\u00e5ket b\u00f6rjade med en [&hellip;]<\/p>\n","protected":false},"author":8,"featured_media":23070,"comment_status":"open","ping_status":"open","sticky":false,"template":"","format":"standard","meta":{"_et_pb_use_builder":"","_et_pb_old_content":"","_et_gb_content_width":"","footnotes":""},"categories":[395,3],"tags":[],"class_list":["post-23069","post","type-post","status-publish","format-standard","has-post-thumbnail","hentry","category-arkiv-nyheter","category-nyheter"],"yoast_head":"<!-- This site is optimized with the Yoast SEO Premium plugin v26.2 (Yoast SEO v27.5) - https:\/\/yoast.com\/product\/yoast-seo-premium-wordpress\/ -->\n<title>Br\u00e5k om en kvinna kan ligga bakom knivdramat i Benalm\u00e1dena - Svenska Magasinet<\/title>\n<meta name=\"robots\" content=\"noindex, follow, max-snippet:-1, max-image-preview:large, max-video-preview:-1\" \/>\n<meta property=\"og:locale\" content=\"sv_SE\" \/>\n<meta property=\"og:type\" content=\"article\" \/>\n<meta property=\"og:title\" content=\"Br\u00e5k om en kvinna kan ligga bakom knivdramat i Benalm\u00e1dena\" \/>\n<meta property=\"og:description\" content=\"Tv\u00e5 m\u00e4n, 40 och 45 \u00e5r gamla, bosatta i stadsdelen Cantarranas i Torremolinos har gripits av nationalpolisen misst\u00e4nkta f\u00f6r inblandning i h\u00e4ndelsen d\u00e5 en 44-\u00e5rig spansk medborgare knivh\u00f6ggs till d\u00f6ds p\u00e5 plaza de Ibensa mitt emot kyrkan Virgen del Carmen i Benalm\u00e1dena ig\u00e5r morse. Dagstidningen Diario SUR uppger p\u00e5 fredagen att br\u00e5ket b\u00f6rjade med en [&hellip;]\" \/>\n<meta property=\"og:url\" content=\"https:\/\/lightweb.dev\/l\/svm-temp\/nyheter\/brak-om-en-kvinna-kan-ligga-bakom-knivdramat-i-benalmadena\/\" \/>\n<meta property=\"og:site_name\" content=\"Svenska Magasinet\" \/>\n<meta property=\"article:publisher\" content=\"https:\/\/www.facebook.com\/svenskamagasinet\" \/>\n<meta property=\"article:published_time\" content=\"2015-12-10T23:00:00+00:00\" \/>\n<meta property=\"og:image\" content=\"https:\/\/lightweb.dev\/l\/svm-temp\/wp-content\/uploads\/2022\/06\/brak-om-en-kvinna-kan-ligga-bakom-knivdramat-i-benalmadena.png\" \/>\n\t<meta property=\"og:image:width\" content=\"280\" \/>\n\t<meta property=\"og:image:height\" content=\"210\" \/>\n\t<meta property=\"og:image:type\" content=\"image\/png\" \/>\n<meta name=\"author\" content=\"Redaktionen SvM\" \/>\n<meta name=\"twitter:card\" content=\"summary_large_image\" \/>\n<meta name=\"twitter:creator\" content=\"@SvenskaMagasine\" \/>\n<meta name=\"twitter:site\" content=\"@SvenskaMagasine\" \/>\n<script type=\"application\/ld+json\" class=\"yoast-schema-graph\">{\"@context\":\"https:\\\/\\\/schema.org\",\"@graph\":[{\"@type\":\"Article\",\"@id\":\"https:\\\/\\\/lightweb.dev\\\/l\\\/svm-temp\\\/nyheter\\\/brak-om-en-kvinna-kan-ligga-bakom-knivdramat-i-benalmadena\\\/#article\",\"isPartOf\":{\"@id\":\"https:\\\/\\\/lightweb.dev\\\/l\\\/svm-temp\\\/nyheter\\\/brak-om-en-kvinna-kan-ligga-bakom-knivdramat-i-benalmadena\\\/\"},\"author\":{\"name\":\"Redaktionen SvM\",\"@id\":\"https:\\\/\\\/lightweb.dev\\\/l\\\/svm-temp\\\/#\\\/schema\\\/person\\\/206a3bda5b607b0c25e1749191e4d837\"},\"headline\":\"Br\u00e5k om en kvinna kan ligga bakom knivdramat i Benalm\u00e1dena\",\"datePublished\":\"2015-12-10T23:00:00+00:00\",\"mainEntityOfPage\":{\"@id\":\"https:\\\/\\\/lightweb.dev\\\/l\\\/svm-temp\\\/nyheter\\\/brak-om-en-kvinna-kan-ligga-bakom-knivdramat-i-benalmadena\\\/\"},\"wordCount\":194,\"commentCount\":0,\"publisher\":{\"@id\":\"https:\\\/\\\/lightweb.dev\\\/l\\\/svm-temp\\\/#organization\"},\"image\":{\"@id\":\"https:\\\/\\\/lightweb.dev\\\/l\\\/svm-temp\\\/nyheter\\\/brak-om-en-kvinna-kan-ligga-bakom-knivdramat-i-benalmadena\\\/#primaryimage\"},\"thumbnailUrl\":\"https:\\\/\\\/lightweb.dev\\\/l\\\/svm-temp\\\/wp-content\\\/uploads\\\/2022\\\/06\\\/brak-om-en-kvinna-kan-ligga-bakom-knivdramat-i-benalmadena.png\",\"articleSection\":[\"Arkiv\",\"Nyheter\"],\"inLanguage\":\"sv-SE\"},{\"@type\":\"WebPage\",\"@id\":\"https:\\\/\\\/lightweb.dev\\\/l\\\/svm-temp\\\/nyheter\\\/brak-om-en-kvinna-kan-ligga-bakom-knivdramat-i-benalmadena\\\/\",\"url\":\"https:\\\/\\\/lightweb.dev\\\/l\\\/svm-temp\\\/nyheter\\\/brak-om-en-kvinna-kan-ligga-bakom-knivdramat-i-benalmadena\\\/\",\"name\":\"Br\u00e5k om en kvinna kan ligga bakom knivdramat i Benalm\u00e1dena - Svenska Magasinet\",\"isPartOf\":{\"@id\":\"https:\\\/\\\/lightweb.dev\\\/l\\\/svm-temp\\\/#website\"},\"primaryImageOfPage\":{\"@id\":\"https:\\\/\\\/lightweb.dev\\\/l\\\/svm-temp\\\/nyheter\\\/brak-om-en-kvinna-kan-ligga-bakom-knivdramat-i-benalmadena\\\/#primaryimage\"},\"image\":{\"@id\":\"https:\\\/\\\/lightweb.dev\\\/l\\\/svm-temp\\\/nyheter\\\/brak-om-en-kvinna-kan-ligga-bakom-knivdramat-i-benalmadena\\\/#primaryimage\"},\"thumbnailUrl\":\"https:\\\/\\\/lightweb.dev\\\/l\\\/svm-temp\\\/wp-content\\\/uploads\\\/2022\\\/06\\\/brak-om-en-kvinna-kan-ligga-bakom-knivdramat-i-benalmadena.png\",\"datePublished\":\"2015-12-10T23:00:00+00:00\",\"breadcrumb\":{\"@id\":\"https:\\\/\\\/lightweb.dev\\\/l\\\/svm-temp\\\/nyheter\\\/brak-om-en-kvinna-kan-ligga-bakom-knivdramat-i-benalmadena\\\/#breadcrumb\"},\"inLanguage\":\"sv-SE\",\"potentialAction\":[{\"@type\":\"ReadAction\",\"target\":[\"https:\\\/\\\/lightweb.dev\\\/l\\\/svm-temp\\\/nyheter\\\/brak-om-en-kvinna-kan-ligga-bakom-knivdramat-i-benalmadena\\\/\"]}]},{\"@type\":\"ImageObject\",\"inLanguage\":\"sv-SE\",\"@id\":\"https:\\\/\\\/lightweb.dev\\\/l\\\/svm-temp\\\/nyheter\\\/brak-om-en-kvinna-kan-ligga-bakom-knivdramat-i-benalmadena\\\/#primaryimage\",\"url\":\"https:\\\/\\\/lightweb.dev\\\/l\\\/svm-temp\\\/wp-content\\\/uploads\\\/2022\\\/06\\\/brak-om-en-kvinna-kan-ligga-bakom-knivdramat-i-benalmadena.png\",\"contentUrl\":\"https:\\\/\\\/lightweb.dev\\\/l\\\/svm-temp\\\/wp-content\\\/uploads\\\/2022\\\/06\\\/brak-om-en-kvinna-kan-ligga-bakom-knivdramat-i-benalmadena.png\",\"width\":280,\"height\":210},{\"@type\":\"BreadcrumbList\",\"@id\":\"https:\\\/\\\/lightweb.dev\\\/l\\\/svm-temp\\\/nyheter\\\/brak-om-en-kvinna-kan-ligga-bakom-knivdramat-i-benalmadena\\\/#breadcrumb\",\"itemListElement\":[{\"@type\":\"ListItem\",\"position\":1,\"name\":\"Hem\",\"item\":\"https:\\\/\\\/lightweb.dev\\\/l\\\/svm-temp\\\/\"},{\"@type\":\"ListItem\",\"position\":2,\"name\":\"Br\u00e5k om en kvinna kan ligga bakom knivdramat i Benalm\u00e1dena\"}]},{\"@type\":\"WebSite\",\"@id\":\"https:\\\/\\\/lightweb.dev\\\/l\\\/svm-temp\\\/#website\",\"url\":\"https:\\\/\\\/lightweb.dev\\\/l\\\/svm-temp\\\/\",\"name\":\"Svenska Magasinet\",\"description\":\"Dina Spanska nyheter p&aring; Svenska\",\"publisher\":{\"@id\":\"https:\\\/\\\/lightweb.dev\\\/l\\\/svm-temp\\\/#organization\"},\"potentialAction\":[{\"@type\":\"SearchAction\",\"target\":{\"@type\":\"EntryPoint\",\"urlTemplate\":\"https:\\\/\\\/lightweb.dev\\\/l\\\/svm-temp\\\/?s={search_term_string}\"},\"query-input\":{\"@type\":\"PropertyValueSpecification\",\"valueRequired\":true,\"valueName\":\"search_term_string\"}}],\"inLanguage\":\"sv-SE\"},{\"@type\":\"Organization\",\"@id\":\"https:\\\/\\\/lightweb.dev\\\/l\\\/svm-temp\\\/#organization\",\"name\":\"Melkerson y Nott SL\",\"alternateName\":\"Svenska Magasinet\",\"url\":\"https:\\\/\\\/lightweb.dev\\\/l\\\/svm-temp\\\/\",\"logo\":{\"@type\":\"ImageObject\",\"inLanguage\":\"sv-SE\",\"@id\":\"https:\\\/\\\/lightweb.dev\\\/l\\\/svm-temp\\\/#\\\/schema\\\/logo\\\/image\\\/\",\"url\":\"https:\\\/\\\/lightweb.dev\\\/l\\\/svm-temp\\\/wp-content\\\/uploads\\\/2025\\\/02\\\/SvM-logo-Xtra-Centrerad-SVART.png\",\"contentUrl\":\"https:\\\/\\\/lightweb.dev\\\/l\\\/svm-temp\\\/wp-content\\\/uploads\\\/2025\\\/02\\\/SvM-logo-Xtra-Centrerad-SVART.png\",\"width\":300,\"height\":99,\"caption\":\"Melkerson y Nott SL\"},\"image\":{\"@id\":\"https:\\\/\\\/lightweb.dev\\\/l\\\/svm-temp\\\/#\\\/schema\\\/logo\\\/image\\\/\"},\"sameAs\":[\"https:\\\/\\\/www.facebook.com\\\/svenskamagasinet\",\"https:\\\/\\\/x.com\\\/SvenskaMagasine\"]},{\"@type\":\"Person\",\"@id\":\"https:\\\/\\\/lightweb.dev\\\/l\\\/svm-temp\\\/#\\\/schema\\\/person\\\/206a3bda5b607b0c25e1749191e4d837\",\"name\":\"Redaktionen SvM\",\"description\":\"Redaktionen\",\"sameAs\":[\"https:\\\/\\\/lightweb.dev\\\/l\\\/svm-temp\"],\"url\":\"https:\\\/\\\/lightweb.dev\\\/l\\\/svm-temp\\\/reporter\\\/redaktionen\\\/\"}]}<\/script>\n<!-- \/ Yoast SEO Premium plugin. -->","yoast_head_json":{"title":"Br\u00e5k om en kvinna kan ligga bakom knivdramat i Benalm\u00e1dena - Svenska Magasinet","robots":{"index":"noindex","follow":"follow","max-snippet":"max-snippet:-1","max-image-preview":"max-image-preview:large","max-video-preview":"max-video-preview:-1"},"og_locale":"sv_SE","og_type":"article","og_title":"Br\u00e5k om en kvinna kan ligga bakom knivdramat i Benalm\u00e1dena","og_description":"Tv\u00e5 m\u00e4n, 40 och 45 \u00e5r gamla, bosatta i stadsdelen Cantarranas i Torremolinos har gripits av nationalpolisen misst\u00e4nkta f\u00f6r inblandning i h\u00e4ndelsen d\u00e5 en 44-\u00e5rig spansk medborgare knivh\u00f6ggs till d\u00f6ds p\u00e5 plaza de Ibensa mitt emot kyrkan Virgen del Carmen i Benalm\u00e1dena ig\u00e5r morse. Dagstidningen Diario SUR uppger p\u00e5 fredagen att br\u00e5ket b\u00f6rjade med en [&hellip;]","og_url":"https:\/\/lightweb.dev\/l\/svm-temp\/nyheter\/brak-om-en-kvinna-kan-ligga-bakom-knivdramat-i-benalmadena\/","og_site_name":"Svenska Magasinet","article_publisher":"https:\/\/www.facebook.com\/svenskamagasinet","article_published_time":"2015-12-10T23:00:00+00:00","og_image":[{"width":280,"height":210,"url":"https:\/\/lightweb.dev\/l\/svm-temp\/wp-content\/uploads\/2022\/06\/brak-om-en-kvinna-kan-ligga-bakom-knivdramat-i-benalmadena.png","type":"image\/png"}],"author":"Redaktionen SvM","twitter_card":"summary_large_image","twitter_creator":"@SvenskaMagasine","twitter_site":"@SvenskaMagasine","schema":{"@context":"https:\/\/schema.org","@graph":[{"@type":"Article","@id":"https:\/\/lightweb.dev\/l\/svm-temp\/nyheter\/brak-om-en-kvinna-kan-ligga-bakom-knivdramat-i-benalmadena\/#article","isPartOf":{"@id":"https:\/\/lightweb.dev\/l\/svm-temp\/nyheter\/brak-om-en-kvinna-kan-ligga-bakom-knivdramat-i-benalmadena\/"},"author":{"name":"Redaktionen SvM","@id":"https:\/\/lightweb.dev\/l\/svm-temp\/#\/schema\/person\/206a3bda5b607b0c25e1749191e4d837"},"headline":"Br\u00e5k om en kvinna kan ligga bakom knivdramat i Benalm\u00e1dena","datePublished":"2015-12-10T23:00:00+00:00","mainEntityOfPage":{"@id":"https:\/\/lightweb.dev\/l\/svm-temp\/nyheter\/brak-om-en-kvinna-kan-ligga-bakom-knivdramat-i-benalmadena\/"},"wordCount":194,"commentCount":0,"publisher":{"@id":"https:\/\/lightweb.dev\/l\/svm-temp\/#organization"},"image":{"@id":"https:\/\/lightweb.dev\/l\/svm-temp\/nyheter\/brak-om-en-kvinna-kan-ligga-bakom-knivdramat-i-benalmadena\/#primaryimage"},"thumbnailUrl":"https:\/\/lightweb.dev\/l\/svm-temp\/wp-content\/uploads\/2022\/06\/brak-om-en-kvinna-kan-ligga-bakom-knivdramat-i-benalmadena.png","articleSection":["Arkiv","Nyheter"],"inLanguage":"sv-SE"},{"@type":"WebPage","@id":"https:\/\/lightweb.dev\/l\/svm-temp\/nyheter\/brak-om-en-kvinna-kan-ligga-bakom-knivdramat-i-benalmadena\/","url":"https:\/\/lightweb.dev\/l\/svm-temp\/nyheter\/brak-om-en-kvinna-kan-ligga-bakom-knivdramat-i-benalmadena\/","name":"Br\u00e5k om en kvinna kan ligga bakom knivdramat i Benalm\u00e1dena - Svenska Magasinet","isPartOf":{"@id":"https:\/\/lightweb.dev\/l\/svm-temp\/#website"},"primaryImageOfPage":{"@id":"https:\/\/lightweb.dev\/l\/svm-temp\/nyheter\/brak-om-en-kvinna-kan-ligga-bakom-knivdramat-i-benalmadena\/#primaryimage"},"image":{"@id":"https:\/\/lightweb.dev\/l\/svm-temp\/nyheter\/brak-om-en-kvinna-kan-ligga-bakom-knivdramat-i-benalmadena\/#primaryimage"},"thumbnailUrl":"https:\/\/lightweb.dev\/l\/svm-temp\/wp-content\/uploads\/2022\/06\/brak-om-en-kvinna-kan-ligga-bakom-knivdramat-i-benalmadena.png","datePublished":"2015-12-10T23:00:00+00:00","breadcrumb":{"@id":"https:\/\/lightweb.dev\/l\/svm-temp\/nyheter\/brak-om-en-kvinna-kan-ligga-bakom-knivdramat-i-benalmadena\/#breadcrumb"},"inLanguage":"sv-SE","potentialAction":[{"@type":"ReadAction","target":["https:\/\/lightweb.dev\/l\/svm-temp\/nyheter\/brak-om-en-kvinna-kan-ligga-bakom-knivdramat-i-benalmadena\/"]}]},{"@type":"ImageObject","inLanguage":"sv-SE","@id":"https:\/\/lightweb.dev\/l\/svm-temp\/nyheter\/brak-om-en-kvinna-kan-ligga-bakom-knivdramat-i-benalmadena\/#primaryimage","url":"https:\/\/lightweb.dev\/l\/svm-temp\/wp-content\/uploads\/2022\/06\/brak-om-en-kvinna-kan-ligga-bakom-knivdramat-i-benalmadena.png","contentUrl":"https:\/\/lightweb.dev\/l\/svm-temp\/wp-content\/uploads\/2022\/06\/brak-om-en-kvinna-kan-ligga-bakom-knivdramat-i-benalmadena.png","width":280,"height":210},{"@type":"BreadcrumbList","@id":"https:\/\/lightweb.dev\/l\/svm-temp\/nyheter\/brak-om-en-kvinna-kan-ligga-bakom-knivdramat-i-benalmadena\/#breadcrumb","itemListElement":[{"@type":"ListItem","position":1,"name":"Hem","item":"https:\/\/lightweb.dev\/l\/svm-temp\/"},{"@type":"ListItem","position":2,"name":"Br\u00e5k om en kvinna kan ligga bakom knivdramat i Benalm\u00e1dena"}]},{"@type":"WebSite","@id":"https:\/\/lightweb.dev\/l\/svm-temp\/#website","url":"https:\/\/lightweb.dev\/l\/svm-temp\/","name":"Svenska Magasinet","description":"Dina Spanska nyheter p&aring; Svenska","publisher":{"@id":"https:\/\/lightweb.dev\/l\/svm-temp\/#organization"},"potentialAction":[{"@type":"SearchAction","target":{"@type":"EntryPoint","urlTemplate":"https:\/\/lightweb.dev\/l\/svm-temp\/?s={search_term_string}"},"query-input":{"@type":"PropertyValueSpecification","valueRequired":true,"valueName":"search_term_string"}}],"inLanguage":"sv-SE"},{"@type":"Organization","@id":"https:\/\/lightweb.dev\/l\/svm-temp\/#organization","name":"Melkerson y Nott SL","alternateName":"Svenska Magasinet","url":"https:\/\/lightweb.dev\/l\/svm-temp\/","logo":{"@type":"ImageObject","inLanguage":"sv-SE","@id":"https:\/\/lightweb.dev\/l\/svm-temp\/#\/schema\/logo\/image\/","url":"https:\/\/lightweb.dev\/l\/svm-temp\/wp-content\/uploads\/2025\/02\/SvM-logo-Xtra-Centrerad-SVART.png","contentUrl":"https:\/\/lightweb.dev\/l\/svm-temp\/wp-content\/uploads\/2025\/02\/SvM-logo-Xtra-Centrerad-SVART.png","width":300,"height":99,"caption":"Melkerson y Nott SL"},"image":{"@id":"https:\/\/lightweb.dev\/l\/svm-temp\/#\/schema\/logo\/image\/"},"sameAs":["https:\/\/www.facebook.com\/svenskamagasinet","https:\/\/x.com\/SvenskaMagasine"]},{"@type":"Person","@id":"https:\/\/lightweb.dev\/l\/svm-temp\/#\/schema\/person\/206a3bda5b607b0c25e1749191e4d837","name":"Redaktionen SvM","description":"Redaktionen","sameAs":["https:\/\/lightweb.dev\/l\/svm-temp"],"url":"https:\/\/lightweb.dev\/l\/svm-temp\/reporter\/redaktionen\/"}]}},"_links":{"self":[{"href":"https:\/\/lightweb.dev\/l\/svm-temp\/wp-json\/wp\/v2\/posts\/23069","targetHints":{"allow":["GET"]}}],"collection":[{"href":"https:\/\/lightweb.dev\/l\/svm-temp\/wp-json\/wp\/v2\/posts"}],"about":[{"href":"https:\/\/lightweb.dev\/l\/svm-temp\/wp-json\/wp\/v2\/types\/post"}],"author":[{"embeddable":true,"href":"https:\/\/lightweb.dev\/l\/svm-temp\/wp-json\/wp\/v2\/users\/8"}],"replies":[{"embeddable":true,"href":"https:\/\/lightweb.dev\/l\/svm-temp\/wp-json\/wp\/v2\/comments?post=23069"}],"version-history":[{"count":0,"href":"https:\/\/lightweb.dev\/l\/svm-temp\/wp-json\/wp\/v2\/posts\/23069\/revisions"}],"wp:featuredmedia":[{"embeddable":true,"href":"https:\/\/lightweb.dev\/l\/svm-temp\/wp-json\/wp\/v2\/media\/23070"}],"wp:attachment":[{"href":"https:\/\/lightweb.dev\/l\/svm-temp\/wp-json\/wp\/v2\/media?parent=23069"}],"wp:term":[{"taxonomy":"category","embeddable":true,"href":"https:\/\/lightweb.dev\/l\/svm-temp\/wp-json\/wp\/v2\/categories?post=23069"},{"taxonomy":"post_tag","embeddable":true,"href":"https:\/\/lightweb.dev\/l\/svm-temp\/wp-json\/wp\/v2\/tags?post=23069"}],"curies":[{"name":"wp","href":"https:\/\/api.w.org\/{rel}","templated":true}]}}