{"id":23079,"date":"2015-12-10T00:00:00","date_gmt":"2015-12-09T23:00:00","guid":{"rendered":"https:\/\/lightweb.dev\/l\/svm-temp\/nyheter\/53-arig-dansk-veteranlopare-avled-efter-malagas-maraton\/"},"modified":"2015-12-10T00:00:00","modified_gmt":"2015-12-09T23:00:00","slug":"53-arig-dansk-veteranlopare-avled-efter-malagas-maraton","status":"publish","type":"post","link":"https:\/\/lightweb.dev\/l\/svm-temp\/nyheter\/53-arig-dansk-veteranlopare-avled-efter-malagas-maraton\/","title":{"rendered":"53-\u00e5rig dansk veteranl\u00f6pare avled efter M\u00e1lagas maraton"},"content":{"rendered":"<p> En 53-\u00e5rig dansk som hade rest till M\u00e1laga tillsammans med n\u00e5gra v\u00e4nner f\u00f6r att delta i maratonloppet som avgjordes i s\u00f6ndags avled bara n\u00e5gra timmar efter loppet. Mannen genomf\u00f6rde maratonloppet och kom i m\u00e5l vid Paseo del Parque p\u00e5 tiden 3.45 i den manliga veteranklassen.<\/p>\n<p>Dagstidningen Diario SUR uppger att dansken var en van l\u00f6pare som \u00e4ven hade deltagit i Paris maraton 2014. 53-\u00e5ringen som var tv\u00e5barnspappa hade i samband med bes\u00f6ket i M\u00e1laga hyrt en bostad vid plaza de la Merced tillsammans med andra danskar som ocks\u00e5 deltog i loppet.<\/p>\n<p>Vid klockan 14.45 uppfattade en servitris p\u00e5 en n\u00e4rliggande restaurang skrik fr\u00e5n mannens v\u00e4nner som hade hittat honom p\u00e5 golvet i l\u00e4genheten. Mannens tros ha svimmat och d\u00e4refter slagit huvudet, som var blodigt, i golvet.<\/p>\n<p>Enligt tidningen ska den 53-\u00e5rige danske l\u00f6paren ha uppgett att han m\u00e5dde d\u00e5ligt efter loppet.<\/p>\n<p>Flera nordbor deltog i maratonloppet som i s\u00f6ndags satte nytt rekord i antal startande med 3.750, 750 fler l\u00f6pare j\u00e4mf\u00f6rt med f\u00f6rra loppet. Bland annat fanns 46 svenskar med p\u00e5 startlinjen. <\/p>\n","protected":false},"excerpt":{"rendered":"<p>En 53-\u00e5rig dansk som hade rest till M\u00e1laga tillsammans med n\u00e5gra v\u00e4nner f\u00f6r att delta i maratonloppet som avgjordes i s\u00f6ndags avled bara n\u00e5gra timmar efter loppet. Mannen genomf\u00f6rde maratonloppet och kom i m\u00e5l vid Paseo del Parque p\u00e5 tiden 3.45 i den manliga veteranklassen. Dagstidningen Diario SUR uppger att dansken var en van l\u00f6pare [&hellip;]<\/p>\n","protected":false},"author":8,"featured_media":23080,"comment_status":"open","ping_status":"open","sticky":false,"template":"","format":"standard","meta":{"_et_pb_use_builder":"","_et_pb_old_content":"","_et_gb_content_width":"","footnotes":""},"categories":[395,3],"tags":[],"class_list":["post-23079","post","type-post","status-publish","format-standard","has-post-thumbnail","hentry","category-arkiv-nyheter","category-nyheter"],"yoast_head":"<!-- This site is optimized with the Yoast SEO Premium plugin v26.2 (Yoast SEO v27.5) - https:\/\/yoast.com\/product\/yoast-seo-premium-wordpress\/ -->\n<title>53-\u00e5rig dansk veteranl\u00f6pare avled efter M\u00e1lagas maraton - Svenska Magasinet<\/title>\n<meta name=\"robots\" content=\"noindex, follow, max-snippet:-1, max-image-preview:large, max-video-preview:-1\" \/>\n<meta property=\"og:locale\" content=\"sv_SE\" \/>\n<meta property=\"og:type\" content=\"article\" \/>\n<meta property=\"og:title\" content=\"53-\u00e5rig dansk veteranl\u00f6pare avled efter M\u00e1lagas maraton\" \/>\n<meta property=\"og:description\" content=\"En 53-\u00e5rig dansk som hade rest till M\u00e1laga tillsammans med n\u00e5gra v\u00e4nner f\u00f6r att delta i maratonloppet som avgjordes i s\u00f6ndags avled bara n\u00e5gra timmar efter loppet. Mannen genomf\u00f6rde maratonloppet och kom i m\u00e5l vid Paseo del Parque p\u00e5 tiden 3.45 i den manliga veteranklassen. Dagstidningen Diario SUR uppger att dansken var en van l\u00f6pare [&hellip;]\" \/>\n<meta property=\"og:url\" content=\"https:\/\/lightweb.dev\/l\/svm-temp\/nyheter\/53-arig-dansk-veteranlopare-avled-efter-malagas-maraton\/\" \/>\n<meta property=\"og:site_name\" content=\"Svenska Magasinet\" \/>\n<meta property=\"article:publisher\" content=\"https:\/\/www.facebook.com\/svenskamagasinet\" \/>\n<meta property=\"article:published_time\" content=\"2015-12-09T23:00:00+00:00\" \/>\n<meta property=\"og:image\" content=\"https:\/\/lightweb.dev\/l\/svm-temp\/wp-content\/uploads\/2022\/06\/53arig-dansk-veteranlopare-avled-efter-malagas-maraton.png\" \/>\n\t<meta property=\"og:image:width\" content=\"300\" \/>\n\t<meta property=\"og:image:height\" content=\"200\" \/>\n\t<meta property=\"og:image:type\" content=\"image\/png\" \/>\n<meta name=\"author\" content=\"Redaktionen SvM\" \/>\n<meta name=\"twitter:card\" content=\"summary_large_image\" \/>\n<meta name=\"twitter:creator\" content=\"@SvenskaMagasine\" \/>\n<meta name=\"twitter:site\" content=\"@SvenskaMagasine\" \/>\n<script type=\"application\/ld+json\" class=\"yoast-schema-graph\">{\"@context\":\"https:\\\/\\\/schema.org\",\"@graph\":[{\"@type\":\"Article\",\"@id\":\"https:\\\/\\\/lightweb.dev\\\/l\\\/svm-temp\\\/nyheter\\\/53-arig-dansk-veteranlopare-avled-efter-malagas-maraton\\\/#article\",\"isPartOf\":{\"@id\":\"https:\\\/\\\/lightweb.dev\\\/l\\\/svm-temp\\\/nyheter\\\/53-arig-dansk-veteranlopare-avled-efter-malagas-maraton\\\/\"},\"author\":{\"name\":\"Redaktionen SvM\",\"@id\":\"https:\\\/\\\/lightweb.dev\\\/l\\\/svm-temp\\\/#\\\/schema\\\/person\\\/206a3bda5b607b0c25e1749191e4d837\"},\"headline\":\"53-\u00e5rig dansk veteranl\u00f6pare avled efter M\u00e1lagas maraton\",\"datePublished\":\"2015-12-09T23:00:00+00:00\",\"mainEntityOfPage\":{\"@id\":\"https:\\\/\\\/lightweb.dev\\\/l\\\/svm-temp\\\/nyheter\\\/53-arig-dansk-veteranlopare-avled-efter-malagas-maraton\\\/\"},\"wordCount\":204,\"commentCount\":0,\"publisher\":{\"@id\":\"https:\\\/\\\/lightweb.dev\\\/l\\\/svm-temp\\\/#organization\"},\"image\":{\"@id\":\"https:\\\/\\\/lightweb.dev\\\/l\\\/svm-temp\\\/nyheter\\\/53-arig-dansk-veteranlopare-avled-efter-malagas-maraton\\\/#primaryimage\"},\"thumbnailUrl\":\"https:\\\/\\\/lightweb.dev\\\/l\\\/svm-temp\\\/wp-content\\\/uploads\\\/2022\\\/06\\\/53arig-dansk-veteranlopare-avled-efter-malagas-maraton.png\",\"articleSection\":[\"Arkiv\",\"Nyheter\"],\"inLanguage\":\"sv-SE\"},{\"@type\":\"WebPage\",\"@id\":\"https:\\\/\\\/lightweb.dev\\\/l\\\/svm-temp\\\/nyheter\\\/53-arig-dansk-veteranlopare-avled-efter-malagas-maraton\\\/\",\"url\":\"https:\\\/\\\/lightweb.dev\\\/l\\\/svm-temp\\\/nyheter\\\/53-arig-dansk-veteranlopare-avled-efter-malagas-maraton\\\/\",\"name\":\"53-\u00e5rig dansk veteranl\u00f6pare avled efter M\u00e1lagas maraton - Svenska Magasinet\",\"isPartOf\":{\"@id\":\"https:\\\/\\\/lightweb.dev\\\/l\\\/svm-temp\\\/#website\"},\"primaryImageOfPage\":{\"@id\":\"https:\\\/\\\/lightweb.dev\\\/l\\\/svm-temp\\\/nyheter\\\/53-arig-dansk-veteranlopare-avled-efter-malagas-maraton\\\/#primaryimage\"},\"image\":{\"@id\":\"https:\\\/\\\/lightweb.dev\\\/l\\\/svm-temp\\\/nyheter\\\/53-arig-dansk-veteranlopare-avled-efter-malagas-maraton\\\/#primaryimage\"},\"thumbnailUrl\":\"https:\\\/\\\/lightweb.dev\\\/l\\\/svm-temp\\\/wp-content\\\/uploads\\\/2022\\\/06\\\/53arig-dansk-veteranlopare-avled-efter-malagas-maraton.png\",\"datePublished\":\"2015-12-09T23:00:00+00:00\",\"breadcrumb\":{\"@id\":\"https:\\\/\\\/lightweb.dev\\\/l\\\/svm-temp\\\/nyheter\\\/53-arig-dansk-veteranlopare-avled-efter-malagas-maraton\\\/#breadcrumb\"},\"inLanguage\":\"sv-SE\",\"potentialAction\":[{\"@type\":\"ReadAction\",\"target\":[\"https:\\\/\\\/lightweb.dev\\\/l\\\/svm-temp\\\/nyheter\\\/53-arig-dansk-veteranlopare-avled-efter-malagas-maraton\\\/\"]}]},{\"@type\":\"ImageObject\",\"inLanguage\":\"sv-SE\",\"@id\":\"https:\\\/\\\/lightweb.dev\\\/l\\\/svm-temp\\\/nyheter\\\/53-arig-dansk-veteranlopare-avled-efter-malagas-maraton\\\/#primaryimage\",\"url\":\"https:\\\/\\\/lightweb.dev\\\/l\\\/svm-temp\\\/wp-content\\\/uploads\\\/2022\\\/06\\\/53arig-dansk-veteranlopare-avled-efter-malagas-maraton.png\",\"contentUrl\":\"https:\\\/\\\/lightweb.dev\\\/l\\\/svm-temp\\\/wp-content\\\/uploads\\\/2022\\\/06\\\/53arig-dansk-veteranlopare-avled-efter-malagas-maraton.png\",\"width\":300,\"height\":200},{\"@type\":\"BreadcrumbList\",\"@id\":\"https:\\\/\\\/lightweb.dev\\\/l\\\/svm-temp\\\/nyheter\\\/53-arig-dansk-veteranlopare-avled-efter-malagas-maraton\\\/#breadcrumb\",\"itemListElement\":[{\"@type\":\"ListItem\",\"position\":1,\"name\":\"Hem\",\"item\":\"https:\\\/\\\/lightweb.dev\\\/l\\\/svm-temp\\\/\"},{\"@type\":\"ListItem\",\"position\":2,\"name\":\"53-\u00e5rig dansk veteranl\u00f6pare avled efter M\u00e1lagas maraton\"}]},{\"@type\":\"WebSite\",\"@id\":\"https:\\\/\\\/lightweb.dev\\\/l\\\/svm-temp\\\/#website\",\"url\":\"https:\\\/\\\/lightweb.dev\\\/l\\\/svm-temp\\\/\",\"name\":\"Svenska Magasinet\",\"description\":\"Dina Spanska nyheter p&aring; Svenska\",\"publisher\":{\"@id\":\"https:\\\/\\\/lightweb.dev\\\/l\\\/svm-temp\\\/#organization\"},\"potentialAction\":[{\"@type\":\"SearchAction\",\"target\":{\"@type\":\"EntryPoint\",\"urlTemplate\":\"https:\\\/\\\/lightweb.dev\\\/l\\\/svm-temp\\\/?s={search_term_string}\"},\"query-input\":{\"@type\":\"PropertyValueSpecification\",\"valueRequired\":true,\"valueName\":\"search_term_string\"}}],\"inLanguage\":\"sv-SE\"},{\"@type\":\"Organization\",\"@id\":\"https:\\\/\\\/lightweb.dev\\\/l\\\/svm-temp\\\/#organization\",\"name\":\"Melkerson y Nott SL\",\"alternateName\":\"Svenska Magasinet\",\"url\":\"https:\\\/\\\/lightweb.dev\\\/l\\\/svm-temp\\\/\",\"logo\":{\"@type\":\"ImageObject\",\"inLanguage\":\"sv-SE\",\"@id\":\"https:\\\/\\\/lightweb.dev\\\/l\\\/svm-temp\\\/#\\\/schema\\\/logo\\\/image\\\/\",\"url\":\"https:\\\/\\\/lightweb.dev\\\/l\\\/svm-temp\\\/wp-content\\\/uploads\\\/2025\\\/02\\\/SvM-logo-Xtra-Centrerad-SVART.png\",\"contentUrl\":\"https:\\\/\\\/lightweb.dev\\\/l\\\/svm-temp\\\/wp-content\\\/uploads\\\/2025\\\/02\\\/SvM-logo-Xtra-Centrerad-SVART.png\",\"width\":300,\"height\":99,\"caption\":\"Melkerson y Nott SL\"},\"image\":{\"@id\":\"https:\\\/\\\/lightweb.dev\\\/l\\\/svm-temp\\\/#\\\/schema\\\/logo\\\/image\\\/\"},\"sameAs\":[\"https:\\\/\\\/www.facebook.com\\\/svenskamagasinet\",\"https:\\\/\\\/x.com\\\/SvenskaMagasine\"]},{\"@type\":\"Person\",\"@id\":\"https:\\\/\\\/lightweb.dev\\\/l\\\/svm-temp\\\/#\\\/schema\\\/person\\\/206a3bda5b607b0c25e1749191e4d837\",\"name\":\"Redaktionen SvM\",\"description\":\"Redaktionen\",\"sameAs\":[\"https:\\\/\\\/lightweb.dev\\\/l\\\/svm-temp\"],\"url\":\"https:\\\/\\\/lightweb.dev\\\/l\\\/svm-temp\\\/reporter\\\/redaktionen\\\/\"}]}<\/script>\n<!-- \/ Yoast SEO Premium plugin. -->","yoast_head_json":{"title":"53-\u00e5rig dansk veteranl\u00f6pare avled efter M\u00e1lagas maraton - Svenska Magasinet","robots":{"index":"noindex","follow":"follow","max-snippet":"max-snippet:-1","max-image-preview":"max-image-preview:large","max-video-preview":"max-video-preview:-1"},"og_locale":"sv_SE","og_type":"article","og_title":"53-\u00e5rig dansk veteranl\u00f6pare avled efter M\u00e1lagas maraton","og_description":"En 53-\u00e5rig dansk som hade rest till M\u00e1laga tillsammans med n\u00e5gra v\u00e4nner f\u00f6r att delta i maratonloppet som avgjordes i s\u00f6ndags avled bara n\u00e5gra timmar efter loppet. Mannen genomf\u00f6rde maratonloppet och kom i m\u00e5l vid Paseo del Parque p\u00e5 tiden 3.45 i den manliga veteranklassen. Dagstidningen Diario SUR uppger att dansken var en van l\u00f6pare [&hellip;]","og_url":"https:\/\/lightweb.dev\/l\/svm-temp\/nyheter\/53-arig-dansk-veteranlopare-avled-efter-malagas-maraton\/","og_site_name":"Svenska Magasinet","article_publisher":"https:\/\/www.facebook.com\/svenskamagasinet","article_published_time":"2015-12-09T23:00:00+00:00","og_image":[{"width":300,"height":200,"url":"https:\/\/lightweb.dev\/l\/svm-temp\/wp-content\/uploads\/2022\/06\/53arig-dansk-veteranlopare-avled-efter-malagas-maraton.png","type":"image\/png"}],"author":"Redaktionen SvM","twitter_card":"summary_large_image","twitter_creator":"@SvenskaMagasine","twitter_site":"@SvenskaMagasine","schema":{"@context":"https:\/\/schema.org","@graph":[{"@type":"Article","@id":"https:\/\/lightweb.dev\/l\/svm-temp\/nyheter\/53-arig-dansk-veteranlopare-avled-efter-malagas-maraton\/#article","isPartOf":{"@id":"https:\/\/lightweb.dev\/l\/svm-temp\/nyheter\/53-arig-dansk-veteranlopare-avled-efter-malagas-maraton\/"},"author":{"name":"Redaktionen SvM","@id":"https:\/\/lightweb.dev\/l\/svm-temp\/#\/schema\/person\/206a3bda5b607b0c25e1749191e4d837"},"headline":"53-\u00e5rig dansk veteranl\u00f6pare avled efter M\u00e1lagas maraton","datePublished":"2015-12-09T23:00:00+00:00","mainEntityOfPage":{"@id":"https:\/\/lightweb.dev\/l\/svm-temp\/nyheter\/53-arig-dansk-veteranlopare-avled-efter-malagas-maraton\/"},"wordCount":204,"commentCount":0,"publisher":{"@id":"https:\/\/lightweb.dev\/l\/svm-temp\/#organization"},"image":{"@id":"https:\/\/lightweb.dev\/l\/svm-temp\/nyheter\/53-arig-dansk-veteranlopare-avled-efter-malagas-maraton\/#primaryimage"},"thumbnailUrl":"https:\/\/lightweb.dev\/l\/svm-temp\/wp-content\/uploads\/2022\/06\/53arig-dansk-veteranlopare-avled-efter-malagas-maraton.png","articleSection":["Arkiv","Nyheter"],"inLanguage":"sv-SE"},{"@type":"WebPage","@id":"https:\/\/lightweb.dev\/l\/svm-temp\/nyheter\/53-arig-dansk-veteranlopare-avled-efter-malagas-maraton\/","url":"https:\/\/lightweb.dev\/l\/svm-temp\/nyheter\/53-arig-dansk-veteranlopare-avled-efter-malagas-maraton\/","name":"53-\u00e5rig dansk veteranl\u00f6pare avled efter M\u00e1lagas maraton - Svenska Magasinet","isPartOf":{"@id":"https:\/\/lightweb.dev\/l\/svm-temp\/#website"},"primaryImageOfPage":{"@id":"https:\/\/lightweb.dev\/l\/svm-temp\/nyheter\/53-arig-dansk-veteranlopare-avled-efter-malagas-maraton\/#primaryimage"},"image":{"@id":"https:\/\/lightweb.dev\/l\/svm-temp\/nyheter\/53-arig-dansk-veteranlopare-avled-efter-malagas-maraton\/#primaryimage"},"thumbnailUrl":"https:\/\/lightweb.dev\/l\/svm-temp\/wp-content\/uploads\/2022\/06\/53arig-dansk-veteranlopare-avled-efter-malagas-maraton.png","datePublished":"2015-12-09T23:00:00+00:00","breadcrumb":{"@id":"https:\/\/lightweb.dev\/l\/svm-temp\/nyheter\/53-arig-dansk-veteranlopare-avled-efter-malagas-maraton\/#breadcrumb"},"inLanguage":"sv-SE","potentialAction":[{"@type":"ReadAction","target":["https:\/\/lightweb.dev\/l\/svm-temp\/nyheter\/53-arig-dansk-veteranlopare-avled-efter-malagas-maraton\/"]}]},{"@type":"ImageObject","inLanguage":"sv-SE","@id":"https:\/\/lightweb.dev\/l\/svm-temp\/nyheter\/53-arig-dansk-veteranlopare-avled-efter-malagas-maraton\/#primaryimage","url":"https:\/\/lightweb.dev\/l\/svm-temp\/wp-content\/uploads\/2022\/06\/53arig-dansk-veteranlopare-avled-efter-malagas-maraton.png","contentUrl":"https:\/\/lightweb.dev\/l\/svm-temp\/wp-content\/uploads\/2022\/06\/53arig-dansk-veteranlopare-avled-efter-malagas-maraton.png","width":300,"height":200},{"@type":"BreadcrumbList","@id":"https:\/\/lightweb.dev\/l\/svm-temp\/nyheter\/53-arig-dansk-veteranlopare-avled-efter-malagas-maraton\/#breadcrumb","itemListElement":[{"@type":"ListItem","position":1,"name":"Hem","item":"https:\/\/lightweb.dev\/l\/svm-temp\/"},{"@type":"ListItem","position":2,"name":"53-\u00e5rig dansk veteranl\u00f6pare avled efter M\u00e1lagas maraton"}]},{"@type":"WebSite","@id":"https:\/\/lightweb.dev\/l\/svm-temp\/#website","url":"https:\/\/lightweb.dev\/l\/svm-temp\/","name":"Svenska Magasinet","description":"Dina Spanska nyheter p&aring; Svenska","publisher":{"@id":"https:\/\/lightweb.dev\/l\/svm-temp\/#organization"},"potentialAction":[{"@type":"SearchAction","target":{"@type":"EntryPoint","urlTemplate":"https:\/\/lightweb.dev\/l\/svm-temp\/?s={search_term_string}"},"query-input":{"@type":"PropertyValueSpecification","valueRequired":true,"valueName":"search_term_string"}}],"inLanguage":"sv-SE"},{"@type":"Organization","@id":"https:\/\/lightweb.dev\/l\/svm-temp\/#organization","name":"Melkerson y Nott SL","alternateName":"Svenska Magasinet","url":"https:\/\/lightweb.dev\/l\/svm-temp\/","logo":{"@type":"ImageObject","inLanguage":"sv-SE","@id":"https:\/\/lightweb.dev\/l\/svm-temp\/#\/schema\/logo\/image\/","url":"https:\/\/lightweb.dev\/l\/svm-temp\/wp-content\/uploads\/2025\/02\/SvM-logo-Xtra-Centrerad-SVART.png","contentUrl":"https:\/\/lightweb.dev\/l\/svm-temp\/wp-content\/uploads\/2025\/02\/SvM-logo-Xtra-Centrerad-SVART.png","width":300,"height":99,"caption":"Melkerson y Nott SL"},"image":{"@id":"https:\/\/lightweb.dev\/l\/svm-temp\/#\/schema\/logo\/image\/"},"sameAs":["https:\/\/www.facebook.com\/svenskamagasinet","https:\/\/x.com\/SvenskaMagasine"]},{"@type":"Person","@id":"https:\/\/lightweb.dev\/l\/svm-temp\/#\/schema\/person\/206a3bda5b607b0c25e1749191e4d837","name":"Redaktionen SvM","description":"Redaktionen","sameAs":["https:\/\/lightweb.dev\/l\/svm-temp"],"url":"https:\/\/lightweb.dev\/l\/svm-temp\/reporter\/redaktionen\/"}]}},"_links":{"self":[{"href":"https:\/\/lightweb.dev\/l\/svm-temp\/wp-json\/wp\/v2\/posts\/23079","targetHints":{"allow":["GET"]}}],"collection":[{"href":"https:\/\/lightweb.dev\/l\/svm-temp\/wp-json\/wp\/v2\/posts"}],"about":[{"href":"https:\/\/lightweb.dev\/l\/svm-temp\/wp-json\/wp\/v2\/types\/post"}],"author":[{"embeddable":true,"href":"https:\/\/lightweb.dev\/l\/svm-temp\/wp-json\/wp\/v2\/users\/8"}],"replies":[{"embeddable":true,"href":"https:\/\/lightweb.dev\/l\/svm-temp\/wp-json\/wp\/v2\/comments?post=23079"}],"version-history":[{"count":0,"href":"https:\/\/lightweb.dev\/l\/svm-temp\/wp-json\/wp\/v2\/posts\/23079\/revisions"}],"wp:featuredmedia":[{"embeddable":true,"href":"https:\/\/lightweb.dev\/l\/svm-temp\/wp-json\/wp\/v2\/media\/23080"}],"wp:attachment":[{"href":"https:\/\/lightweb.dev\/l\/svm-temp\/wp-json\/wp\/v2\/media?parent=23079"}],"wp:term":[{"taxonomy":"category","embeddable":true,"href":"https:\/\/lightweb.dev\/l\/svm-temp\/wp-json\/wp\/v2\/categories?post=23079"},{"taxonomy":"post_tag","embeddable":true,"href":"https:\/\/lightweb.dev\/l\/svm-temp\/wp-json\/wp\/v2\/tags?post=23079"}],"curies":[{"name":"wp","href":"https:\/\/api.w.org\/{rel}","templated":true}]}}