{"id":23083,"date":"2015-12-10T00:00:00","date_gmt":"2015-12-09T23:00:00","guid":{"rendered":"https:\/\/lightweb.dev\/l\/svm-temp\/nyheter\/ciudadanos-vill-se-lika-straff-for-man-och-kvinnor-vid-konsrelaterat-vald\/"},"modified":"2015-12-10T00:00:00","modified_gmt":"2015-12-09T23:00:00","slug":"ciudadanos-vill-se-lika-straff-for-man-och-kvinnor-vid-konsrelaterat-vald","status":"publish","type":"post","link":"https:\/\/lightweb.dev\/l\/svm-temp\/nyheter\/ciudadanos-vill-se-lika-straff-for-man-och-kvinnor-vid-konsrelaterat-vald\/","title":{"rendered":"Ciudadanos vill se lika straff f\u00f6r m\u00e4n och kvinnor vid k\u00f6nsrelaterat v\u00e5ld"},"content":{"rendered":"<p> De g\u00e5r som en raket i opinionsm\u00e4tningarna inf\u00f6r det allm\u00e4nna valet 20 december. Vid den senaste CIS-m\u00e4tningen backar PSOE med 4,5 procentenheter medan Ciudadanos \u00f6kar med 4,3. Det betyder att det skiljer 1,8 procent mellan det n\u00e4st st\u00f6rsta partiet PSOE och trean Ciudadanos.<\/p>\n<p>Partiet har samtidigt v\u00e4ckt en kontrovers med f\u00f6rslaget att komma \u00e5t situationen med oj\u00e4mlika straff f\u00f6r m\u00e4n och kvinnor n\u00e4r det g\u00e4ller k\u00f6nsrelaterat v\u00e5ld.<\/p>\n<p>2004 kom en ny lag under regeringen Jos\u00e9 Luis Rodr\u00edguez Zapatero (PSOE) d\u00e4r m\u00e4n automatiskt f\u00e5r l\u00e4ngre straff \u00e4n kvinnor vid k\u00f6nsrelaterat v\u00e5ld. Ciudadanos vill nu se en lag\u00e4ndring. De menar att det r\u00e5der en s\u00e4rbehandling som liknar en kollektiv bestraffning.<\/p>\n<p>Partiledaren Albert Rivera vill ocks\u00e5 se en statlig pakt f\u00f6r att komma \u00e5t det k\u00f6nsrelaterade v\u00e5ldet som beskrivs som ett gissel.<\/p>\n<p>Ciudadanos startade f\u00f6rst som ett regionalt parti i Katalonien som en plattform under namnet Ciutadans de Catalunya den 7 juni 2005. Det \u00e4r ett parti som p\u00e5 den politiska skalan ligger p\u00e5 mitten. <\/p>\n","protected":false},"excerpt":{"rendered":"<p>De g\u00e5r som en raket i opinionsm\u00e4tningarna inf\u00f6r det allm\u00e4nna valet 20 december. Vid den senaste CIS-m\u00e4tningen backar PSOE med 4,5 procentenheter medan Ciudadanos \u00f6kar med 4,3. Det betyder att det skiljer 1,8 procent mellan det n\u00e4st st\u00f6rsta partiet PSOE och trean Ciudadanos. Partiet har samtidigt v\u00e4ckt en kontrovers med f\u00f6rslaget att komma \u00e5t situationen [&hellip;]<\/p>\n","protected":false},"author":8,"featured_media":23084,"comment_status":"open","ping_status":"open","sticky":false,"template":"","format":"standard","meta":{"_et_pb_use_builder":"","_et_pb_old_content":"","_et_gb_content_width":"","footnotes":""},"categories":[395,3],"tags":[],"class_list":["post-23083","post","type-post","status-publish","format-standard","has-post-thumbnail","hentry","category-arkiv-nyheter","category-nyheter"],"yoast_head":"<!-- This site is optimized with the Yoast SEO Premium plugin v26.2 (Yoast SEO v27.5) - https:\/\/yoast.com\/product\/yoast-seo-premium-wordpress\/ -->\n<title>Ciudadanos vill se lika straff f\u00f6r m\u00e4n och kvinnor vid k\u00f6nsrelaterat v\u00e5ld - Svenska Magasinet<\/title>\n<meta name=\"robots\" content=\"noindex, follow, max-snippet:-1, max-image-preview:large, max-video-preview:-1\" \/>\n<meta property=\"og:locale\" content=\"sv_SE\" \/>\n<meta property=\"og:type\" content=\"article\" \/>\n<meta property=\"og:title\" content=\"Ciudadanos vill se lika straff f\u00f6r m\u00e4n och kvinnor vid k\u00f6nsrelaterat v\u00e5ld\" \/>\n<meta property=\"og:description\" content=\"De g\u00e5r som en raket i opinionsm\u00e4tningarna inf\u00f6r det allm\u00e4nna valet 20 december. Vid den senaste CIS-m\u00e4tningen backar PSOE med 4,5 procentenheter medan Ciudadanos \u00f6kar med 4,3. Det betyder att det skiljer 1,8 procent mellan det n\u00e4st st\u00f6rsta partiet PSOE och trean Ciudadanos. Partiet har samtidigt v\u00e4ckt en kontrovers med f\u00f6rslaget att komma \u00e5t situationen [&hellip;]\" \/>\n<meta property=\"og:url\" content=\"https:\/\/lightweb.dev\/l\/svm-temp\/nyheter\/ciudadanos-vill-se-lika-straff-for-man-och-kvinnor-vid-konsrelaterat-vald\/\" \/>\n<meta property=\"og:site_name\" content=\"Svenska Magasinet\" \/>\n<meta property=\"article:publisher\" content=\"https:\/\/www.facebook.com\/svenskamagasinet\" \/>\n<meta property=\"article:published_time\" content=\"2015-12-09T23:00:00+00:00\" \/>\n<meta property=\"og:image\" content=\"https:\/\/lightweb.dev\/l\/svm-temp\/wp-content\/uploads\/2022\/06\/ciudadanos-vill-se-lika-straff-for-man-och-kvinnor-vid-konsrelaterat-vald.png\" \/>\n\t<meta property=\"og:image:width\" content=\"356\" \/>\n\t<meta property=\"og:image:height\" content=\"200\" \/>\n\t<meta property=\"og:image:type\" content=\"image\/png\" \/>\n<meta name=\"author\" content=\"Redaktionen SvM\" \/>\n<meta name=\"twitter:card\" content=\"summary_large_image\" \/>\n<meta name=\"twitter:creator\" content=\"@SvenskaMagasine\" \/>\n<meta name=\"twitter:site\" content=\"@SvenskaMagasine\" \/>\n<script type=\"application\/ld+json\" class=\"yoast-schema-graph\">{\"@context\":\"https:\\\/\\\/schema.org\",\"@graph\":[{\"@type\":\"Article\",\"@id\":\"https:\\\/\\\/lightweb.dev\\\/l\\\/svm-temp\\\/nyheter\\\/ciudadanos-vill-se-lika-straff-for-man-och-kvinnor-vid-konsrelaterat-vald\\\/#article\",\"isPartOf\":{\"@id\":\"https:\\\/\\\/lightweb.dev\\\/l\\\/svm-temp\\\/nyheter\\\/ciudadanos-vill-se-lika-straff-for-man-och-kvinnor-vid-konsrelaterat-vald\\\/\"},\"author\":{\"name\":\"Redaktionen SvM\",\"@id\":\"https:\\\/\\\/lightweb.dev\\\/l\\\/svm-temp\\\/#\\\/schema\\\/person\\\/206a3bda5b607b0c25e1749191e4d837\"},\"headline\":\"Ciudadanos vill se lika straff f\u00f6r m\u00e4n och kvinnor vid k\u00f6nsrelaterat v\u00e5ld\",\"datePublished\":\"2015-12-09T23:00:00+00:00\",\"mainEntityOfPage\":{\"@id\":\"https:\\\/\\\/lightweb.dev\\\/l\\\/svm-temp\\\/nyheter\\\/ciudadanos-vill-se-lika-straff-for-man-och-kvinnor-vid-konsrelaterat-vald\\\/\"},\"wordCount\":201,\"commentCount\":0,\"publisher\":{\"@id\":\"https:\\\/\\\/lightweb.dev\\\/l\\\/svm-temp\\\/#organization\"},\"image\":{\"@id\":\"https:\\\/\\\/lightweb.dev\\\/l\\\/svm-temp\\\/nyheter\\\/ciudadanos-vill-se-lika-straff-for-man-och-kvinnor-vid-konsrelaterat-vald\\\/#primaryimage\"},\"thumbnailUrl\":\"https:\\\/\\\/lightweb.dev\\\/l\\\/svm-temp\\\/wp-content\\\/uploads\\\/2022\\\/06\\\/ciudadanos-vill-se-lika-straff-for-man-och-kvinnor-vid-konsrelaterat-vald.png\",\"articleSection\":[\"Arkiv\",\"Nyheter\"],\"inLanguage\":\"sv-SE\"},{\"@type\":\"WebPage\",\"@id\":\"https:\\\/\\\/lightweb.dev\\\/l\\\/svm-temp\\\/nyheter\\\/ciudadanos-vill-se-lika-straff-for-man-och-kvinnor-vid-konsrelaterat-vald\\\/\",\"url\":\"https:\\\/\\\/lightweb.dev\\\/l\\\/svm-temp\\\/nyheter\\\/ciudadanos-vill-se-lika-straff-for-man-och-kvinnor-vid-konsrelaterat-vald\\\/\",\"name\":\"Ciudadanos vill se lika straff f\u00f6r m\u00e4n och kvinnor vid k\u00f6nsrelaterat v\u00e5ld - Svenska Magasinet\",\"isPartOf\":{\"@id\":\"https:\\\/\\\/lightweb.dev\\\/l\\\/svm-temp\\\/#website\"},\"primaryImageOfPage\":{\"@id\":\"https:\\\/\\\/lightweb.dev\\\/l\\\/svm-temp\\\/nyheter\\\/ciudadanos-vill-se-lika-straff-for-man-och-kvinnor-vid-konsrelaterat-vald\\\/#primaryimage\"},\"image\":{\"@id\":\"https:\\\/\\\/lightweb.dev\\\/l\\\/svm-temp\\\/nyheter\\\/ciudadanos-vill-se-lika-straff-for-man-och-kvinnor-vid-konsrelaterat-vald\\\/#primaryimage\"},\"thumbnailUrl\":\"https:\\\/\\\/lightweb.dev\\\/l\\\/svm-temp\\\/wp-content\\\/uploads\\\/2022\\\/06\\\/ciudadanos-vill-se-lika-straff-for-man-och-kvinnor-vid-konsrelaterat-vald.png\",\"datePublished\":\"2015-12-09T23:00:00+00:00\",\"breadcrumb\":{\"@id\":\"https:\\\/\\\/lightweb.dev\\\/l\\\/svm-temp\\\/nyheter\\\/ciudadanos-vill-se-lika-straff-for-man-och-kvinnor-vid-konsrelaterat-vald\\\/#breadcrumb\"},\"inLanguage\":\"sv-SE\",\"potentialAction\":[{\"@type\":\"ReadAction\",\"target\":[\"https:\\\/\\\/lightweb.dev\\\/l\\\/svm-temp\\\/nyheter\\\/ciudadanos-vill-se-lika-straff-for-man-och-kvinnor-vid-konsrelaterat-vald\\\/\"]}]},{\"@type\":\"ImageObject\",\"inLanguage\":\"sv-SE\",\"@id\":\"https:\\\/\\\/lightweb.dev\\\/l\\\/svm-temp\\\/nyheter\\\/ciudadanos-vill-se-lika-straff-for-man-och-kvinnor-vid-konsrelaterat-vald\\\/#primaryimage\",\"url\":\"https:\\\/\\\/lightweb.dev\\\/l\\\/svm-temp\\\/wp-content\\\/uploads\\\/2022\\\/06\\\/ciudadanos-vill-se-lika-straff-for-man-och-kvinnor-vid-konsrelaterat-vald.png\",\"contentUrl\":\"https:\\\/\\\/lightweb.dev\\\/l\\\/svm-temp\\\/wp-content\\\/uploads\\\/2022\\\/06\\\/ciudadanos-vill-se-lika-straff-for-man-och-kvinnor-vid-konsrelaterat-vald.png\",\"width\":356,\"height\":200},{\"@type\":\"BreadcrumbList\",\"@id\":\"https:\\\/\\\/lightweb.dev\\\/l\\\/svm-temp\\\/nyheter\\\/ciudadanos-vill-se-lika-straff-for-man-och-kvinnor-vid-konsrelaterat-vald\\\/#breadcrumb\",\"itemListElement\":[{\"@type\":\"ListItem\",\"position\":1,\"name\":\"Hem\",\"item\":\"https:\\\/\\\/lightweb.dev\\\/l\\\/svm-temp\\\/\"},{\"@type\":\"ListItem\",\"position\":2,\"name\":\"Ciudadanos vill se lika straff f\u00f6r m\u00e4n och kvinnor vid k\u00f6nsrelaterat v\u00e5ld\"}]},{\"@type\":\"WebSite\",\"@id\":\"https:\\\/\\\/lightweb.dev\\\/l\\\/svm-temp\\\/#website\",\"url\":\"https:\\\/\\\/lightweb.dev\\\/l\\\/svm-temp\\\/\",\"name\":\"Svenska Magasinet\",\"description\":\"Dina Spanska nyheter p&aring; Svenska\",\"publisher\":{\"@id\":\"https:\\\/\\\/lightweb.dev\\\/l\\\/svm-temp\\\/#organization\"},\"potentialAction\":[{\"@type\":\"SearchAction\",\"target\":{\"@type\":\"EntryPoint\",\"urlTemplate\":\"https:\\\/\\\/lightweb.dev\\\/l\\\/svm-temp\\\/?s={search_term_string}\"},\"query-input\":{\"@type\":\"PropertyValueSpecification\",\"valueRequired\":true,\"valueName\":\"search_term_string\"}}],\"inLanguage\":\"sv-SE\"},{\"@type\":\"Organization\",\"@id\":\"https:\\\/\\\/lightweb.dev\\\/l\\\/svm-temp\\\/#organization\",\"name\":\"Melkerson y Nott SL\",\"alternateName\":\"Svenska Magasinet\",\"url\":\"https:\\\/\\\/lightweb.dev\\\/l\\\/svm-temp\\\/\",\"logo\":{\"@type\":\"ImageObject\",\"inLanguage\":\"sv-SE\",\"@id\":\"https:\\\/\\\/lightweb.dev\\\/l\\\/svm-temp\\\/#\\\/schema\\\/logo\\\/image\\\/\",\"url\":\"https:\\\/\\\/lightweb.dev\\\/l\\\/svm-temp\\\/wp-content\\\/uploads\\\/2025\\\/02\\\/SvM-logo-Xtra-Centrerad-SVART.png\",\"contentUrl\":\"https:\\\/\\\/lightweb.dev\\\/l\\\/svm-temp\\\/wp-content\\\/uploads\\\/2025\\\/02\\\/SvM-logo-Xtra-Centrerad-SVART.png\",\"width\":300,\"height\":99,\"caption\":\"Melkerson y Nott SL\"},\"image\":{\"@id\":\"https:\\\/\\\/lightweb.dev\\\/l\\\/svm-temp\\\/#\\\/schema\\\/logo\\\/image\\\/\"},\"sameAs\":[\"https:\\\/\\\/www.facebook.com\\\/svenskamagasinet\",\"https:\\\/\\\/x.com\\\/SvenskaMagasine\"]},{\"@type\":\"Person\",\"@id\":\"https:\\\/\\\/lightweb.dev\\\/l\\\/svm-temp\\\/#\\\/schema\\\/person\\\/206a3bda5b607b0c25e1749191e4d837\",\"name\":\"Redaktionen SvM\",\"description\":\"Redaktionen\",\"sameAs\":[\"https:\\\/\\\/lightweb.dev\\\/l\\\/svm-temp\"],\"url\":\"https:\\\/\\\/lightweb.dev\\\/l\\\/svm-temp\\\/reporter\\\/redaktionen\\\/\"}]}<\/script>\n<!-- \/ Yoast SEO Premium plugin. -->","yoast_head_json":{"title":"Ciudadanos vill se lika straff f\u00f6r m\u00e4n och kvinnor vid k\u00f6nsrelaterat v\u00e5ld - Svenska Magasinet","robots":{"index":"noindex","follow":"follow","max-snippet":"max-snippet:-1","max-image-preview":"max-image-preview:large","max-video-preview":"max-video-preview:-1"},"og_locale":"sv_SE","og_type":"article","og_title":"Ciudadanos vill se lika straff f\u00f6r m\u00e4n och kvinnor vid k\u00f6nsrelaterat v\u00e5ld","og_description":"De g\u00e5r som en raket i opinionsm\u00e4tningarna inf\u00f6r det allm\u00e4nna valet 20 december. Vid den senaste CIS-m\u00e4tningen backar PSOE med 4,5 procentenheter medan Ciudadanos \u00f6kar med 4,3. Det betyder att det skiljer 1,8 procent mellan det n\u00e4st st\u00f6rsta partiet PSOE och trean Ciudadanos. Partiet har samtidigt v\u00e4ckt en kontrovers med f\u00f6rslaget att komma \u00e5t situationen [&hellip;]","og_url":"https:\/\/lightweb.dev\/l\/svm-temp\/nyheter\/ciudadanos-vill-se-lika-straff-for-man-och-kvinnor-vid-konsrelaterat-vald\/","og_site_name":"Svenska Magasinet","article_publisher":"https:\/\/www.facebook.com\/svenskamagasinet","article_published_time":"2015-12-09T23:00:00+00:00","og_image":[{"width":356,"height":200,"url":"https:\/\/lightweb.dev\/l\/svm-temp\/wp-content\/uploads\/2022\/06\/ciudadanos-vill-se-lika-straff-for-man-och-kvinnor-vid-konsrelaterat-vald.png","type":"image\/png"}],"author":"Redaktionen SvM","twitter_card":"summary_large_image","twitter_creator":"@SvenskaMagasine","twitter_site":"@SvenskaMagasine","schema":{"@context":"https:\/\/schema.org","@graph":[{"@type":"Article","@id":"https:\/\/lightweb.dev\/l\/svm-temp\/nyheter\/ciudadanos-vill-se-lika-straff-for-man-och-kvinnor-vid-konsrelaterat-vald\/#article","isPartOf":{"@id":"https:\/\/lightweb.dev\/l\/svm-temp\/nyheter\/ciudadanos-vill-se-lika-straff-for-man-och-kvinnor-vid-konsrelaterat-vald\/"},"author":{"name":"Redaktionen SvM","@id":"https:\/\/lightweb.dev\/l\/svm-temp\/#\/schema\/person\/206a3bda5b607b0c25e1749191e4d837"},"headline":"Ciudadanos vill se lika straff f\u00f6r m\u00e4n och kvinnor vid k\u00f6nsrelaterat v\u00e5ld","datePublished":"2015-12-09T23:00:00+00:00","mainEntityOfPage":{"@id":"https:\/\/lightweb.dev\/l\/svm-temp\/nyheter\/ciudadanos-vill-se-lika-straff-for-man-och-kvinnor-vid-konsrelaterat-vald\/"},"wordCount":201,"commentCount":0,"publisher":{"@id":"https:\/\/lightweb.dev\/l\/svm-temp\/#organization"},"image":{"@id":"https:\/\/lightweb.dev\/l\/svm-temp\/nyheter\/ciudadanos-vill-se-lika-straff-for-man-och-kvinnor-vid-konsrelaterat-vald\/#primaryimage"},"thumbnailUrl":"https:\/\/lightweb.dev\/l\/svm-temp\/wp-content\/uploads\/2022\/06\/ciudadanos-vill-se-lika-straff-for-man-och-kvinnor-vid-konsrelaterat-vald.png","articleSection":["Arkiv","Nyheter"],"inLanguage":"sv-SE"},{"@type":"WebPage","@id":"https:\/\/lightweb.dev\/l\/svm-temp\/nyheter\/ciudadanos-vill-se-lika-straff-for-man-och-kvinnor-vid-konsrelaterat-vald\/","url":"https:\/\/lightweb.dev\/l\/svm-temp\/nyheter\/ciudadanos-vill-se-lika-straff-for-man-och-kvinnor-vid-konsrelaterat-vald\/","name":"Ciudadanos vill se lika straff f\u00f6r m\u00e4n och kvinnor vid k\u00f6nsrelaterat v\u00e5ld - Svenska Magasinet","isPartOf":{"@id":"https:\/\/lightweb.dev\/l\/svm-temp\/#website"},"primaryImageOfPage":{"@id":"https:\/\/lightweb.dev\/l\/svm-temp\/nyheter\/ciudadanos-vill-se-lika-straff-for-man-och-kvinnor-vid-konsrelaterat-vald\/#primaryimage"},"image":{"@id":"https:\/\/lightweb.dev\/l\/svm-temp\/nyheter\/ciudadanos-vill-se-lika-straff-for-man-och-kvinnor-vid-konsrelaterat-vald\/#primaryimage"},"thumbnailUrl":"https:\/\/lightweb.dev\/l\/svm-temp\/wp-content\/uploads\/2022\/06\/ciudadanos-vill-se-lika-straff-for-man-och-kvinnor-vid-konsrelaterat-vald.png","datePublished":"2015-12-09T23:00:00+00:00","breadcrumb":{"@id":"https:\/\/lightweb.dev\/l\/svm-temp\/nyheter\/ciudadanos-vill-se-lika-straff-for-man-och-kvinnor-vid-konsrelaterat-vald\/#breadcrumb"},"inLanguage":"sv-SE","potentialAction":[{"@type":"ReadAction","target":["https:\/\/lightweb.dev\/l\/svm-temp\/nyheter\/ciudadanos-vill-se-lika-straff-for-man-och-kvinnor-vid-konsrelaterat-vald\/"]}]},{"@type":"ImageObject","inLanguage":"sv-SE","@id":"https:\/\/lightweb.dev\/l\/svm-temp\/nyheter\/ciudadanos-vill-se-lika-straff-for-man-och-kvinnor-vid-konsrelaterat-vald\/#primaryimage","url":"https:\/\/lightweb.dev\/l\/svm-temp\/wp-content\/uploads\/2022\/06\/ciudadanos-vill-se-lika-straff-for-man-och-kvinnor-vid-konsrelaterat-vald.png","contentUrl":"https:\/\/lightweb.dev\/l\/svm-temp\/wp-content\/uploads\/2022\/06\/ciudadanos-vill-se-lika-straff-for-man-och-kvinnor-vid-konsrelaterat-vald.png","width":356,"height":200},{"@type":"BreadcrumbList","@id":"https:\/\/lightweb.dev\/l\/svm-temp\/nyheter\/ciudadanos-vill-se-lika-straff-for-man-och-kvinnor-vid-konsrelaterat-vald\/#breadcrumb","itemListElement":[{"@type":"ListItem","position":1,"name":"Hem","item":"https:\/\/lightweb.dev\/l\/svm-temp\/"},{"@type":"ListItem","position":2,"name":"Ciudadanos vill se lika straff f\u00f6r m\u00e4n och kvinnor vid k\u00f6nsrelaterat v\u00e5ld"}]},{"@type":"WebSite","@id":"https:\/\/lightweb.dev\/l\/svm-temp\/#website","url":"https:\/\/lightweb.dev\/l\/svm-temp\/","name":"Svenska Magasinet","description":"Dina Spanska nyheter p&aring; Svenska","publisher":{"@id":"https:\/\/lightweb.dev\/l\/svm-temp\/#organization"},"potentialAction":[{"@type":"SearchAction","target":{"@type":"EntryPoint","urlTemplate":"https:\/\/lightweb.dev\/l\/svm-temp\/?s={search_term_string}"},"query-input":{"@type":"PropertyValueSpecification","valueRequired":true,"valueName":"search_term_string"}}],"inLanguage":"sv-SE"},{"@type":"Organization","@id":"https:\/\/lightweb.dev\/l\/svm-temp\/#organization","name":"Melkerson y Nott SL","alternateName":"Svenska Magasinet","url":"https:\/\/lightweb.dev\/l\/svm-temp\/","logo":{"@type":"ImageObject","inLanguage":"sv-SE","@id":"https:\/\/lightweb.dev\/l\/svm-temp\/#\/schema\/logo\/image\/","url":"https:\/\/lightweb.dev\/l\/svm-temp\/wp-content\/uploads\/2025\/02\/SvM-logo-Xtra-Centrerad-SVART.png","contentUrl":"https:\/\/lightweb.dev\/l\/svm-temp\/wp-content\/uploads\/2025\/02\/SvM-logo-Xtra-Centrerad-SVART.png","width":300,"height":99,"caption":"Melkerson y Nott SL"},"image":{"@id":"https:\/\/lightweb.dev\/l\/svm-temp\/#\/schema\/logo\/image\/"},"sameAs":["https:\/\/www.facebook.com\/svenskamagasinet","https:\/\/x.com\/SvenskaMagasine"]},{"@type":"Person","@id":"https:\/\/lightweb.dev\/l\/svm-temp\/#\/schema\/person\/206a3bda5b607b0c25e1749191e4d837","name":"Redaktionen SvM","description":"Redaktionen","sameAs":["https:\/\/lightweb.dev\/l\/svm-temp"],"url":"https:\/\/lightweb.dev\/l\/svm-temp\/reporter\/redaktionen\/"}]}},"_links":{"self":[{"href":"https:\/\/lightweb.dev\/l\/svm-temp\/wp-json\/wp\/v2\/posts\/23083","targetHints":{"allow":["GET"]}}],"collection":[{"href":"https:\/\/lightweb.dev\/l\/svm-temp\/wp-json\/wp\/v2\/posts"}],"about":[{"href":"https:\/\/lightweb.dev\/l\/svm-temp\/wp-json\/wp\/v2\/types\/post"}],"author":[{"embeddable":true,"href":"https:\/\/lightweb.dev\/l\/svm-temp\/wp-json\/wp\/v2\/users\/8"}],"replies":[{"embeddable":true,"href":"https:\/\/lightweb.dev\/l\/svm-temp\/wp-json\/wp\/v2\/comments?post=23083"}],"version-history":[{"count":0,"href":"https:\/\/lightweb.dev\/l\/svm-temp\/wp-json\/wp\/v2\/posts\/23083\/revisions"}],"wp:featuredmedia":[{"embeddable":true,"href":"https:\/\/lightweb.dev\/l\/svm-temp\/wp-json\/wp\/v2\/media\/23084"}],"wp:attachment":[{"href":"https:\/\/lightweb.dev\/l\/svm-temp\/wp-json\/wp\/v2\/media?parent=23083"}],"wp:term":[{"taxonomy":"category","embeddable":true,"href":"https:\/\/lightweb.dev\/l\/svm-temp\/wp-json\/wp\/v2\/categories?post=23083"},{"taxonomy":"post_tag","embeddable":true,"href":"https:\/\/lightweb.dev\/l\/svm-temp\/wp-json\/wp\/v2\/tags?post=23083"}],"curies":[{"name":"wp","href":"https:\/\/api.w.org\/{rel}","templated":true}]}}