{"id":23085,"date":"2015-12-09T00:00:00","date_gmt":"2015-12-08T23:00:00","guid":{"rendered":"https:\/\/lightweb.dev\/l\/svm-temp\/nyheter\/19-arig-kvinna-pa-vag-till-syrien-73-misstankta-jihadister-gripna-i-ar\/"},"modified":"2015-12-09T00:00:00","modified_gmt":"2015-12-08T23:00:00","slug":"19-arig-kvinna-pa-vag-till-syrien-73-misstankta-jihadister-gripna-i-ar","status":"publish","type":"post","link":"https:\/\/lightweb.dev\/l\/svm-temp\/nyheter\/19-arig-kvinna-pa-vag-till-syrien-73-misstankta-jihadister-gripna-i-ar\/","title":{"rendered":"19-\u00e5rig kvinna p\u00e5 v\u00e4g till Syrien \u2013 73 misst\u00e4nkta jihadister gripna i \u00e5r"},"content":{"rendered":"<p> De hade svurit trohet till Islamiska statens ledare Abu Baker Al Bagdadi och till kalifatet och var p\u00e5 v\u00e4g till Syrien. D\u00e5 greps den 19-\u00e5riga kvinnan och den 32-\u00e5rige mannen av spansk nationalpolis. Gripanden gjordes p\u00e5 tisdagen i Morro Jable p\u00e5 s\u00f6dra delen av den spanska turist\u00f6n Fuerteventura samt i Matar\u00f3 i Katalonien.<\/p>\n<p>De b\u00e5da gripna \u00e4r marockanska medborgare och ville enligt polisk\u00e4llor resa till Syrien f\u00f6r att delta i heligt krig f\u00f6r att sedan \u00e5terv\u00e4nda till Spanien och utf\u00f6ra attentat. \u201dDe var villiga att beg\u00e5 attacker i Spanien \u00e4ven om de i nul\u00e4get inte hade f\u00f6rberett n\u00e5got attentat p\u00e5 en exakt plats eller tid. Polisen har hittat instruktioner p\u00e5 hur attentat skulle utf\u00f6ras\u201d s\u00e4ger inrikesministern Jorge Fern\u00e1ndez D\u00edaz.<\/p>\n<p>Det \u00e4r spanska s\u00e4kerhetsstyrkor som via bevakning av n\u00e4tet kom kvinnan och mannen p\u00e5 sp\u00e5ren. P\u00e5 olika webbplatser har de uttryckt sina \u00f6nskem\u00e5l om heligt krig.<\/p>\n<p>Sedan den blodiga terrorattacken i Paris den 13 november har flera konkreta hot riktats mot Spanien och Frankrike via n\u00e4tverk. Spanien \u00e4r det landet som g\u00e5r i fr\u00e4msta ledet att gripa misst\u00e4nkta jihadister som hyllar terroristattentaten. Hittills har 73 personer gripits i Spanien under 2015 i samband med 33 polistillslag.<\/p>\n<p>Ytterligare 27 misst\u00e4nkta jihadister har gripits i utlandet tack vare insatser av spansk polis, Guardia Civil och underr\u00e4ttelsetj\u00e4nsten CNI.<\/p>\n<p>De gripna har haft st\u00e4ndig kontakt med terrorceller p\u00e5 n\u00e4tet d\u00e4r personer som d\u00f6dats av IS p\u00e5 direkt uppmaning av kalifatets ledare Abu Baker Al Bagdadi har beskrivits med neds\u00e4ttande kommentarer. <\/p>\n","protected":false},"excerpt":{"rendered":"<p>De hade svurit trohet till Islamiska statens ledare Abu Baker Al Bagdadi och till kalifatet och var p\u00e5 v\u00e4g till Syrien. D\u00e5 greps den 19-\u00e5riga kvinnan och den 32-\u00e5rige mannen av spansk nationalpolis. Gripanden gjordes p\u00e5 tisdagen i Morro Jable p\u00e5 s\u00f6dra delen av den spanska turist\u00f6n Fuerteventura samt i Matar\u00f3 i Katalonien. De b\u00e5da [&hellip;]<\/p>\n","protected":false},"author":8,"featured_media":23086,"comment_status":"open","ping_status":"open","sticky":false,"template":"","format":"standard","meta":{"_et_pb_use_builder":"","_et_pb_old_content":"","_et_gb_content_width":"","footnotes":""},"categories":[395,3],"tags":[],"class_list":["post-23085","post","type-post","status-publish","format-standard","has-post-thumbnail","hentry","category-arkiv-nyheter","category-nyheter"],"yoast_head":"<!-- This site is optimized with the Yoast SEO Premium plugin v26.2 (Yoast SEO v27.5) - https:\/\/yoast.com\/product\/yoast-seo-premium-wordpress\/ -->\n<title>19-\u00e5rig kvinna p\u00e5 v\u00e4g till Syrien \u2013 73 misst\u00e4nkta jihadister gripna i \u00e5r - Svenska Magasinet<\/title>\n<meta name=\"robots\" content=\"noindex, follow, max-snippet:-1, max-image-preview:large, max-video-preview:-1\" \/>\n<meta property=\"og:locale\" content=\"sv_SE\" \/>\n<meta property=\"og:type\" content=\"article\" \/>\n<meta property=\"og:title\" content=\"19-\u00e5rig kvinna p\u00e5 v\u00e4g till Syrien \u2013 73 misst\u00e4nkta jihadister gripna i \u00e5r\" \/>\n<meta property=\"og:description\" content=\"De hade svurit trohet till Islamiska statens ledare Abu Baker Al Bagdadi och till kalifatet och var p\u00e5 v\u00e4g till Syrien. D\u00e5 greps den 19-\u00e5riga kvinnan och den 32-\u00e5rige mannen av spansk nationalpolis. Gripanden gjordes p\u00e5 tisdagen i Morro Jable p\u00e5 s\u00f6dra delen av den spanska turist\u00f6n Fuerteventura samt i Matar\u00f3 i Katalonien. De b\u00e5da [&hellip;]\" \/>\n<meta property=\"og:url\" content=\"https:\/\/lightweb.dev\/l\/svm-temp\/nyheter\/19-arig-kvinna-pa-vag-till-syrien-73-misstankta-jihadister-gripna-i-ar\/\" \/>\n<meta property=\"og:site_name\" content=\"Svenska Magasinet\" \/>\n<meta property=\"article:publisher\" content=\"https:\/\/www.facebook.com\/svenskamagasinet\" \/>\n<meta property=\"article:published_time\" content=\"2015-12-08T23:00:00+00:00\" \/>\n<meta property=\"og:image\" content=\"https:\/\/lightweb.dev\/l\/svm-temp\/wp-content\/uploads\/2022\/06\/19arig-kvinna-pa-vag-till-syrien-73-misstankta-jihadister-gripna-i-ar.png\" \/>\n\t<meta property=\"og:image:width\" content=\"281\" \/>\n\t<meta property=\"og:image:height\" content=\"200\" \/>\n\t<meta property=\"og:image:type\" content=\"image\/png\" \/>\n<meta name=\"author\" content=\"Redaktionen SvM\" \/>\n<meta name=\"twitter:card\" content=\"summary_large_image\" \/>\n<meta name=\"twitter:creator\" content=\"@SvenskaMagasine\" \/>\n<meta name=\"twitter:site\" content=\"@SvenskaMagasine\" \/>\n<script type=\"application\/ld+json\" class=\"yoast-schema-graph\">{\"@context\":\"https:\\\/\\\/schema.org\",\"@graph\":[{\"@type\":\"Article\",\"@id\":\"https:\\\/\\\/lightweb.dev\\\/l\\\/svm-temp\\\/nyheter\\\/19-arig-kvinna-pa-vag-till-syrien-73-misstankta-jihadister-gripna-i-ar\\\/#article\",\"isPartOf\":{\"@id\":\"https:\\\/\\\/lightweb.dev\\\/l\\\/svm-temp\\\/nyheter\\\/19-arig-kvinna-pa-vag-till-syrien-73-misstankta-jihadister-gripna-i-ar\\\/\"},\"author\":{\"name\":\"Redaktionen SvM\",\"@id\":\"https:\\\/\\\/lightweb.dev\\\/l\\\/svm-temp\\\/#\\\/schema\\\/person\\\/206a3bda5b607b0c25e1749191e4d837\"},\"headline\":\"19-\u00e5rig kvinna p\u00e5 v\u00e4g till Syrien \u2013 73 misst\u00e4nkta jihadister gripna i \u00e5r\",\"datePublished\":\"2015-12-08T23:00:00+00:00\",\"mainEntityOfPage\":{\"@id\":\"https:\\\/\\\/lightweb.dev\\\/l\\\/svm-temp\\\/nyheter\\\/19-arig-kvinna-pa-vag-till-syrien-73-misstankta-jihadister-gripna-i-ar\\\/\"},\"wordCount\":288,\"commentCount\":0,\"publisher\":{\"@id\":\"https:\\\/\\\/lightweb.dev\\\/l\\\/svm-temp\\\/#organization\"},\"image\":{\"@id\":\"https:\\\/\\\/lightweb.dev\\\/l\\\/svm-temp\\\/nyheter\\\/19-arig-kvinna-pa-vag-till-syrien-73-misstankta-jihadister-gripna-i-ar\\\/#primaryimage\"},\"thumbnailUrl\":\"https:\\\/\\\/lightweb.dev\\\/l\\\/svm-temp\\\/wp-content\\\/uploads\\\/2022\\\/06\\\/19arig-kvinna-pa-vag-till-syrien-73-misstankta-jihadister-gripna-i-ar.png\",\"articleSection\":[\"Arkiv\",\"Nyheter\"],\"inLanguage\":\"sv-SE\"},{\"@type\":\"WebPage\",\"@id\":\"https:\\\/\\\/lightweb.dev\\\/l\\\/svm-temp\\\/nyheter\\\/19-arig-kvinna-pa-vag-till-syrien-73-misstankta-jihadister-gripna-i-ar\\\/\",\"url\":\"https:\\\/\\\/lightweb.dev\\\/l\\\/svm-temp\\\/nyheter\\\/19-arig-kvinna-pa-vag-till-syrien-73-misstankta-jihadister-gripna-i-ar\\\/\",\"name\":\"19-\u00e5rig kvinna p\u00e5 v\u00e4g till Syrien \u2013 73 misst\u00e4nkta jihadister gripna i \u00e5r - Svenska Magasinet\",\"isPartOf\":{\"@id\":\"https:\\\/\\\/lightweb.dev\\\/l\\\/svm-temp\\\/#website\"},\"primaryImageOfPage\":{\"@id\":\"https:\\\/\\\/lightweb.dev\\\/l\\\/svm-temp\\\/nyheter\\\/19-arig-kvinna-pa-vag-till-syrien-73-misstankta-jihadister-gripna-i-ar\\\/#primaryimage\"},\"image\":{\"@id\":\"https:\\\/\\\/lightweb.dev\\\/l\\\/svm-temp\\\/nyheter\\\/19-arig-kvinna-pa-vag-till-syrien-73-misstankta-jihadister-gripna-i-ar\\\/#primaryimage\"},\"thumbnailUrl\":\"https:\\\/\\\/lightweb.dev\\\/l\\\/svm-temp\\\/wp-content\\\/uploads\\\/2022\\\/06\\\/19arig-kvinna-pa-vag-till-syrien-73-misstankta-jihadister-gripna-i-ar.png\",\"datePublished\":\"2015-12-08T23:00:00+00:00\",\"breadcrumb\":{\"@id\":\"https:\\\/\\\/lightweb.dev\\\/l\\\/svm-temp\\\/nyheter\\\/19-arig-kvinna-pa-vag-till-syrien-73-misstankta-jihadister-gripna-i-ar\\\/#breadcrumb\"},\"inLanguage\":\"sv-SE\",\"potentialAction\":[{\"@type\":\"ReadAction\",\"target\":[\"https:\\\/\\\/lightweb.dev\\\/l\\\/svm-temp\\\/nyheter\\\/19-arig-kvinna-pa-vag-till-syrien-73-misstankta-jihadister-gripna-i-ar\\\/\"]}]},{\"@type\":\"ImageObject\",\"inLanguage\":\"sv-SE\",\"@id\":\"https:\\\/\\\/lightweb.dev\\\/l\\\/svm-temp\\\/nyheter\\\/19-arig-kvinna-pa-vag-till-syrien-73-misstankta-jihadister-gripna-i-ar\\\/#primaryimage\",\"url\":\"https:\\\/\\\/lightweb.dev\\\/l\\\/svm-temp\\\/wp-content\\\/uploads\\\/2022\\\/06\\\/19arig-kvinna-pa-vag-till-syrien-73-misstankta-jihadister-gripna-i-ar.png\",\"contentUrl\":\"https:\\\/\\\/lightweb.dev\\\/l\\\/svm-temp\\\/wp-content\\\/uploads\\\/2022\\\/06\\\/19arig-kvinna-pa-vag-till-syrien-73-misstankta-jihadister-gripna-i-ar.png\",\"width\":281,\"height\":200},{\"@type\":\"BreadcrumbList\",\"@id\":\"https:\\\/\\\/lightweb.dev\\\/l\\\/svm-temp\\\/nyheter\\\/19-arig-kvinna-pa-vag-till-syrien-73-misstankta-jihadister-gripna-i-ar\\\/#breadcrumb\",\"itemListElement\":[{\"@type\":\"ListItem\",\"position\":1,\"name\":\"Hem\",\"item\":\"https:\\\/\\\/lightweb.dev\\\/l\\\/svm-temp\\\/\"},{\"@type\":\"ListItem\",\"position\":2,\"name\":\"19-\u00e5rig kvinna p\u00e5 v\u00e4g till Syrien \u2013 73 misst\u00e4nkta jihadister gripna i \u00e5r\"}]},{\"@type\":\"WebSite\",\"@id\":\"https:\\\/\\\/lightweb.dev\\\/l\\\/svm-temp\\\/#website\",\"url\":\"https:\\\/\\\/lightweb.dev\\\/l\\\/svm-temp\\\/\",\"name\":\"Svenska Magasinet\",\"description\":\"Dina Spanska nyheter p&aring; Svenska\",\"publisher\":{\"@id\":\"https:\\\/\\\/lightweb.dev\\\/l\\\/svm-temp\\\/#organization\"},\"potentialAction\":[{\"@type\":\"SearchAction\",\"target\":{\"@type\":\"EntryPoint\",\"urlTemplate\":\"https:\\\/\\\/lightweb.dev\\\/l\\\/svm-temp\\\/?s={search_term_string}\"},\"query-input\":{\"@type\":\"PropertyValueSpecification\",\"valueRequired\":true,\"valueName\":\"search_term_string\"}}],\"inLanguage\":\"sv-SE\"},{\"@type\":\"Organization\",\"@id\":\"https:\\\/\\\/lightweb.dev\\\/l\\\/svm-temp\\\/#organization\",\"name\":\"Melkerson y Nott SL\",\"alternateName\":\"Svenska Magasinet\",\"url\":\"https:\\\/\\\/lightweb.dev\\\/l\\\/svm-temp\\\/\",\"logo\":{\"@type\":\"ImageObject\",\"inLanguage\":\"sv-SE\",\"@id\":\"https:\\\/\\\/lightweb.dev\\\/l\\\/svm-temp\\\/#\\\/schema\\\/logo\\\/image\\\/\",\"url\":\"https:\\\/\\\/lightweb.dev\\\/l\\\/svm-temp\\\/wp-content\\\/uploads\\\/2025\\\/02\\\/SvM-logo-Xtra-Centrerad-SVART.png\",\"contentUrl\":\"https:\\\/\\\/lightweb.dev\\\/l\\\/svm-temp\\\/wp-content\\\/uploads\\\/2025\\\/02\\\/SvM-logo-Xtra-Centrerad-SVART.png\",\"width\":300,\"height\":99,\"caption\":\"Melkerson y Nott SL\"},\"image\":{\"@id\":\"https:\\\/\\\/lightweb.dev\\\/l\\\/svm-temp\\\/#\\\/schema\\\/logo\\\/image\\\/\"},\"sameAs\":[\"https:\\\/\\\/www.facebook.com\\\/svenskamagasinet\",\"https:\\\/\\\/x.com\\\/SvenskaMagasine\"]},{\"@type\":\"Person\",\"@id\":\"https:\\\/\\\/lightweb.dev\\\/l\\\/svm-temp\\\/#\\\/schema\\\/person\\\/206a3bda5b607b0c25e1749191e4d837\",\"name\":\"Redaktionen SvM\",\"description\":\"Redaktionen\",\"sameAs\":[\"https:\\\/\\\/lightweb.dev\\\/l\\\/svm-temp\"],\"url\":\"https:\\\/\\\/lightweb.dev\\\/l\\\/svm-temp\\\/reporter\\\/redaktionen\\\/\"}]}<\/script>\n<!-- \/ Yoast SEO Premium plugin. -->","yoast_head_json":{"title":"19-\u00e5rig kvinna p\u00e5 v\u00e4g till Syrien \u2013 73 misst\u00e4nkta jihadister gripna i \u00e5r - Svenska Magasinet","robots":{"index":"noindex","follow":"follow","max-snippet":"max-snippet:-1","max-image-preview":"max-image-preview:large","max-video-preview":"max-video-preview:-1"},"og_locale":"sv_SE","og_type":"article","og_title":"19-\u00e5rig kvinna p\u00e5 v\u00e4g till Syrien \u2013 73 misst\u00e4nkta jihadister gripna i \u00e5r","og_description":"De hade svurit trohet till Islamiska statens ledare Abu Baker Al Bagdadi och till kalifatet och var p\u00e5 v\u00e4g till Syrien. D\u00e5 greps den 19-\u00e5riga kvinnan och den 32-\u00e5rige mannen av spansk nationalpolis. Gripanden gjordes p\u00e5 tisdagen i Morro Jable p\u00e5 s\u00f6dra delen av den spanska turist\u00f6n Fuerteventura samt i Matar\u00f3 i Katalonien. De b\u00e5da [&hellip;]","og_url":"https:\/\/lightweb.dev\/l\/svm-temp\/nyheter\/19-arig-kvinna-pa-vag-till-syrien-73-misstankta-jihadister-gripna-i-ar\/","og_site_name":"Svenska Magasinet","article_publisher":"https:\/\/www.facebook.com\/svenskamagasinet","article_published_time":"2015-12-08T23:00:00+00:00","og_image":[{"width":281,"height":200,"url":"https:\/\/lightweb.dev\/l\/svm-temp\/wp-content\/uploads\/2022\/06\/19arig-kvinna-pa-vag-till-syrien-73-misstankta-jihadister-gripna-i-ar.png","type":"image\/png"}],"author":"Redaktionen SvM","twitter_card":"summary_large_image","twitter_creator":"@SvenskaMagasine","twitter_site":"@SvenskaMagasine","schema":{"@context":"https:\/\/schema.org","@graph":[{"@type":"Article","@id":"https:\/\/lightweb.dev\/l\/svm-temp\/nyheter\/19-arig-kvinna-pa-vag-till-syrien-73-misstankta-jihadister-gripna-i-ar\/#article","isPartOf":{"@id":"https:\/\/lightweb.dev\/l\/svm-temp\/nyheter\/19-arig-kvinna-pa-vag-till-syrien-73-misstankta-jihadister-gripna-i-ar\/"},"author":{"name":"Redaktionen SvM","@id":"https:\/\/lightweb.dev\/l\/svm-temp\/#\/schema\/person\/206a3bda5b607b0c25e1749191e4d837"},"headline":"19-\u00e5rig kvinna p\u00e5 v\u00e4g till Syrien \u2013 73 misst\u00e4nkta jihadister gripna i \u00e5r","datePublished":"2015-12-08T23:00:00+00:00","mainEntityOfPage":{"@id":"https:\/\/lightweb.dev\/l\/svm-temp\/nyheter\/19-arig-kvinna-pa-vag-till-syrien-73-misstankta-jihadister-gripna-i-ar\/"},"wordCount":288,"commentCount":0,"publisher":{"@id":"https:\/\/lightweb.dev\/l\/svm-temp\/#organization"},"image":{"@id":"https:\/\/lightweb.dev\/l\/svm-temp\/nyheter\/19-arig-kvinna-pa-vag-till-syrien-73-misstankta-jihadister-gripna-i-ar\/#primaryimage"},"thumbnailUrl":"https:\/\/lightweb.dev\/l\/svm-temp\/wp-content\/uploads\/2022\/06\/19arig-kvinna-pa-vag-till-syrien-73-misstankta-jihadister-gripna-i-ar.png","articleSection":["Arkiv","Nyheter"],"inLanguage":"sv-SE"},{"@type":"WebPage","@id":"https:\/\/lightweb.dev\/l\/svm-temp\/nyheter\/19-arig-kvinna-pa-vag-till-syrien-73-misstankta-jihadister-gripna-i-ar\/","url":"https:\/\/lightweb.dev\/l\/svm-temp\/nyheter\/19-arig-kvinna-pa-vag-till-syrien-73-misstankta-jihadister-gripna-i-ar\/","name":"19-\u00e5rig kvinna p\u00e5 v\u00e4g till Syrien \u2013 73 misst\u00e4nkta jihadister gripna i \u00e5r - Svenska Magasinet","isPartOf":{"@id":"https:\/\/lightweb.dev\/l\/svm-temp\/#website"},"primaryImageOfPage":{"@id":"https:\/\/lightweb.dev\/l\/svm-temp\/nyheter\/19-arig-kvinna-pa-vag-till-syrien-73-misstankta-jihadister-gripna-i-ar\/#primaryimage"},"image":{"@id":"https:\/\/lightweb.dev\/l\/svm-temp\/nyheter\/19-arig-kvinna-pa-vag-till-syrien-73-misstankta-jihadister-gripna-i-ar\/#primaryimage"},"thumbnailUrl":"https:\/\/lightweb.dev\/l\/svm-temp\/wp-content\/uploads\/2022\/06\/19arig-kvinna-pa-vag-till-syrien-73-misstankta-jihadister-gripna-i-ar.png","datePublished":"2015-12-08T23:00:00+00:00","breadcrumb":{"@id":"https:\/\/lightweb.dev\/l\/svm-temp\/nyheter\/19-arig-kvinna-pa-vag-till-syrien-73-misstankta-jihadister-gripna-i-ar\/#breadcrumb"},"inLanguage":"sv-SE","potentialAction":[{"@type":"ReadAction","target":["https:\/\/lightweb.dev\/l\/svm-temp\/nyheter\/19-arig-kvinna-pa-vag-till-syrien-73-misstankta-jihadister-gripna-i-ar\/"]}]},{"@type":"ImageObject","inLanguage":"sv-SE","@id":"https:\/\/lightweb.dev\/l\/svm-temp\/nyheter\/19-arig-kvinna-pa-vag-till-syrien-73-misstankta-jihadister-gripna-i-ar\/#primaryimage","url":"https:\/\/lightweb.dev\/l\/svm-temp\/wp-content\/uploads\/2022\/06\/19arig-kvinna-pa-vag-till-syrien-73-misstankta-jihadister-gripna-i-ar.png","contentUrl":"https:\/\/lightweb.dev\/l\/svm-temp\/wp-content\/uploads\/2022\/06\/19arig-kvinna-pa-vag-till-syrien-73-misstankta-jihadister-gripna-i-ar.png","width":281,"height":200},{"@type":"BreadcrumbList","@id":"https:\/\/lightweb.dev\/l\/svm-temp\/nyheter\/19-arig-kvinna-pa-vag-till-syrien-73-misstankta-jihadister-gripna-i-ar\/#breadcrumb","itemListElement":[{"@type":"ListItem","position":1,"name":"Hem","item":"https:\/\/lightweb.dev\/l\/svm-temp\/"},{"@type":"ListItem","position":2,"name":"19-\u00e5rig kvinna p\u00e5 v\u00e4g till Syrien \u2013 73 misst\u00e4nkta jihadister gripna i \u00e5r"}]},{"@type":"WebSite","@id":"https:\/\/lightweb.dev\/l\/svm-temp\/#website","url":"https:\/\/lightweb.dev\/l\/svm-temp\/","name":"Svenska Magasinet","description":"Dina Spanska nyheter p&aring; Svenska","publisher":{"@id":"https:\/\/lightweb.dev\/l\/svm-temp\/#organization"},"potentialAction":[{"@type":"SearchAction","target":{"@type":"EntryPoint","urlTemplate":"https:\/\/lightweb.dev\/l\/svm-temp\/?s={search_term_string}"},"query-input":{"@type":"PropertyValueSpecification","valueRequired":true,"valueName":"search_term_string"}}],"inLanguage":"sv-SE"},{"@type":"Organization","@id":"https:\/\/lightweb.dev\/l\/svm-temp\/#organization","name":"Melkerson y Nott SL","alternateName":"Svenska Magasinet","url":"https:\/\/lightweb.dev\/l\/svm-temp\/","logo":{"@type":"ImageObject","inLanguage":"sv-SE","@id":"https:\/\/lightweb.dev\/l\/svm-temp\/#\/schema\/logo\/image\/","url":"https:\/\/lightweb.dev\/l\/svm-temp\/wp-content\/uploads\/2025\/02\/SvM-logo-Xtra-Centrerad-SVART.png","contentUrl":"https:\/\/lightweb.dev\/l\/svm-temp\/wp-content\/uploads\/2025\/02\/SvM-logo-Xtra-Centrerad-SVART.png","width":300,"height":99,"caption":"Melkerson y Nott SL"},"image":{"@id":"https:\/\/lightweb.dev\/l\/svm-temp\/#\/schema\/logo\/image\/"},"sameAs":["https:\/\/www.facebook.com\/svenskamagasinet","https:\/\/x.com\/SvenskaMagasine"]},{"@type":"Person","@id":"https:\/\/lightweb.dev\/l\/svm-temp\/#\/schema\/person\/206a3bda5b607b0c25e1749191e4d837","name":"Redaktionen SvM","description":"Redaktionen","sameAs":["https:\/\/lightweb.dev\/l\/svm-temp"],"url":"https:\/\/lightweb.dev\/l\/svm-temp\/reporter\/redaktionen\/"}]}},"_links":{"self":[{"href":"https:\/\/lightweb.dev\/l\/svm-temp\/wp-json\/wp\/v2\/posts\/23085","targetHints":{"allow":["GET"]}}],"collection":[{"href":"https:\/\/lightweb.dev\/l\/svm-temp\/wp-json\/wp\/v2\/posts"}],"about":[{"href":"https:\/\/lightweb.dev\/l\/svm-temp\/wp-json\/wp\/v2\/types\/post"}],"author":[{"embeddable":true,"href":"https:\/\/lightweb.dev\/l\/svm-temp\/wp-json\/wp\/v2\/users\/8"}],"replies":[{"embeddable":true,"href":"https:\/\/lightweb.dev\/l\/svm-temp\/wp-json\/wp\/v2\/comments?post=23085"}],"version-history":[{"count":0,"href":"https:\/\/lightweb.dev\/l\/svm-temp\/wp-json\/wp\/v2\/posts\/23085\/revisions"}],"wp:featuredmedia":[{"embeddable":true,"href":"https:\/\/lightweb.dev\/l\/svm-temp\/wp-json\/wp\/v2\/media\/23086"}],"wp:attachment":[{"href":"https:\/\/lightweb.dev\/l\/svm-temp\/wp-json\/wp\/v2\/media?parent=23085"}],"wp:term":[{"taxonomy":"category","embeddable":true,"href":"https:\/\/lightweb.dev\/l\/svm-temp\/wp-json\/wp\/v2\/categories?post=23085"},{"taxonomy":"post_tag","embeddable":true,"href":"https:\/\/lightweb.dev\/l\/svm-temp\/wp-json\/wp\/v2\/tags?post=23085"}],"curies":[{"name":"wp","href":"https:\/\/api.w.org\/{rel}","templated":true}]}}