{"id":23091,"date":"2015-12-08T00:00:00","date_gmt":"2015-12-07T23:00:00","guid":{"rendered":"https:\/\/lightweb.dev\/l\/svm-temp\/nyheter\/overproduktion-av-gurkor-pa-costa-tropical-pa-grund-av-varmen\/"},"modified":"2015-12-08T00:00:00","modified_gmt":"2015-12-07T23:00:00","slug":"overproduktion-av-gurkor-pa-costa-tropical-pa-grund-av-varmen","status":"publish","type":"post","link":"https:\/\/lightweb.dev\/l\/svm-temp\/nyheter\/overproduktion-av-gurkor-pa-costa-tropical-pa-grund-av-varmen\/","title":{"rendered":"\u00d6verproduktion av gurkor p\u00e5 Costa Tropical p\u00e5 grund av v\u00e4rmen"},"content":{"rendered":"<p> Det \u00e4r varmare \u00e4n normalt f\u00f6r \u00e5rstiden p\u00e5 Costa Tropical. S\u00e5 varmt att produktionen av gurka s\u00e4tter rekord med fallande priser som resultat. Gurkv\u00e4xterna tror n\u00e4mligen det \u00e4r v\u00e5r rapporterar dagstidningen Ideal.<\/p>\n<p>Den h\u00f6ga temperaturer har skruvat upp produktionen av gurka vilket har gjort att priserna har kollapsat. Det \u00e4r lagen om tillg\u00e5ng och efterfr\u00e5gan som styr priset.<\/p>\n<p>Tidigare fick odlarna 0,60 euro f\u00f6r ett kilo gurka. De h\u00f6ga temperaturerna har gjort att produktionen i v\u00e4xthusen har skenat och pressat ned priset till 0,25 euro per kilo. D\u00e5 ska vi ha i \u00e5tanke att produktionskostnaden ligger p\u00e5 0,35 euro per kilot.<\/p>\n<p>Det g\u00f6r att produktionsf\u00f6retagen \u201ds\u00e4ljer med f\u00f6rlust\u201d vilket bekr\u00e4ftas av organisationen Ecohal och Alfonso Zamora.<\/p>\n<p>Provinserna Granada och Almer\u00eda exporterar 18 miljoner kilo gurka till utlandet i veckan! <\/p>\n","protected":false},"excerpt":{"rendered":"<p>Det \u00e4r varmare \u00e4n normalt f\u00f6r \u00e5rstiden p\u00e5 Costa Tropical. S\u00e5 varmt att produktionen av gurka s\u00e4tter rekord med fallande priser som resultat. Gurkv\u00e4xterna tror n\u00e4mligen det \u00e4r v\u00e5r rapporterar dagstidningen Ideal. Den h\u00f6ga temperaturer har skruvat upp produktionen av gurka vilket har gjort att priserna har kollapsat. Det \u00e4r lagen om tillg\u00e5ng och efterfr\u00e5gan [&hellip;]<\/p>\n","protected":false},"author":8,"featured_media":23092,"comment_status":"open","ping_status":"open","sticky":false,"template":"","format":"standard","meta":{"_et_pb_use_builder":"","_et_pb_old_content":"","_et_gb_content_width":"","footnotes":""},"categories":[395,3],"tags":[],"class_list":["post-23091","post","type-post","status-publish","format-standard","has-post-thumbnail","hentry","category-arkiv-nyheter","category-nyheter"],"yoast_head":"<!-- This site is optimized with the Yoast SEO Premium plugin v26.2 (Yoast SEO v27.5) - https:\/\/yoast.com\/product\/yoast-seo-premium-wordpress\/ -->\n<title>\u00d6verproduktion av gurkor p\u00e5 Costa Tropical p\u00e5 grund av v\u00e4rmen - Svenska Magasinet<\/title>\n<meta name=\"robots\" content=\"noindex, follow, max-snippet:-1, max-image-preview:large, max-video-preview:-1\" \/>\n<meta property=\"og:locale\" content=\"sv_SE\" \/>\n<meta property=\"og:type\" content=\"article\" \/>\n<meta property=\"og:title\" content=\"\u00d6verproduktion av gurkor p\u00e5 Costa Tropical p\u00e5 grund av v\u00e4rmen\" \/>\n<meta property=\"og:description\" content=\"Det \u00e4r varmare \u00e4n normalt f\u00f6r \u00e5rstiden p\u00e5 Costa Tropical. S\u00e5 varmt att produktionen av gurka s\u00e4tter rekord med fallande priser som resultat. Gurkv\u00e4xterna tror n\u00e4mligen det \u00e4r v\u00e5r rapporterar dagstidningen Ideal. Den h\u00f6ga temperaturer har skruvat upp produktionen av gurka vilket har gjort att priserna har kollapsat. Det \u00e4r lagen om tillg\u00e5ng och efterfr\u00e5gan [&hellip;]\" \/>\n<meta property=\"og:url\" content=\"https:\/\/lightweb.dev\/l\/svm-temp\/nyheter\/overproduktion-av-gurkor-pa-costa-tropical-pa-grund-av-varmen\/\" \/>\n<meta property=\"og:site_name\" content=\"Svenska Magasinet\" \/>\n<meta property=\"article:publisher\" content=\"https:\/\/www.facebook.com\/svenskamagasinet\" \/>\n<meta property=\"article:published_time\" content=\"2015-12-07T23:00:00+00:00\" \/>\n<meta property=\"og:image\" content=\"https:\/\/lightweb.dev\/l\/svm-temp\/wp-content\/uploads\/2022\/06\/overproduktion-av-gurkor-pa-costa-tropical-pa-grund-av-varmen.png\" \/>\n\t<meta property=\"og:image:width\" content=\"344\" \/>\n\t<meta property=\"og:image:height\" content=\"200\" \/>\n\t<meta property=\"og:image:type\" content=\"image\/png\" \/>\n<meta name=\"author\" content=\"Redaktionen SvM\" \/>\n<meta name=\"twitter:card\" content=\"summary_large_image\" \/>\n<meta name=\"twitter:creator\" content=\"@SvenskaMagasine\" \/>\n<meta name=\"twitter:site\" content=\"@SvenskaMagasine\" \/>\n<script type=\"application\/ld+json\" class=\"yoast-schema-graph\">{\"@context\":\"https:\\\/\\\/schema.org\",\"@graph\":[{\"@type\":\"Article\",\"@id\":\"https:\\\/\\\/lightweb.dev\\\/l\\\/svm-temp\\\/nyheter\\\/overproduktion-av-gurkor-pa-costa-tropical-pa-grund-av-varmen\\\/#article\",\"isPartOf\":{\"@id\":\"https:\\\/\\\/lightweb.dev\\\/l\\\/svm-temp\\\/nyheter\\\/overproduktion-av-gurkor-pa-costa-tropical-pa-grund-av-varmen\\\/\"},\"author\":{\"name\":\"Redaktionen SvM\",\"@id\":\"https:\\\/\\\/lightweb.dev\\\/l\\\/svm-temp\\\/#\\\/schema\\\/person\\\/206a3bda5b607b0c25e1749191e4d837\"},\"headline\":\"\u00d6verproduktion av gurkor p\u00e5 Costa Tropical p\u00e5 grund av v\u00e4rmen\",\"datePublished\":\"2015-12-07T23:00:00+00:00\",\"mainEntityOfPage\":{\"@id\":\"https:\\\/\\\/lightweb.dev\\\/l\\\/svm-temp\\\/nyheter\\\/overproduktion-av-gurkor-pa-costa-tropical-pa-grund-av-varmen\\\/\"},\"wordCount\":153,\"commentCount\":0,\"publisher\":{\"@id\":\"https:\\\/\\\/lightweb.dev\\\/l\\\/svm-temp\\\/#organization\"},\"image\":{\"@id\":\"https:\\\/\\\/lightweb.dev\\\/l\\\/svm-temp\\\/nyheter\\\/overproduktion-av-gurkor-pa-costa-tropical-pa-grund-av-varmen\\\/#primaryimage\"},\"thumbnailUrl\":\"https:\\\/\\\/lightweb.dev\\\/l\\\/svm-temp\\\/wp-content\\\/uploads\\\/2022\\\/06\\\/overproduktion-av-gurkor-pa-costa-tropical-pa-grund-av-varmen.png\",\"articleSection\":[\"Arkiv\",\"Nyheter\"],\"inLanguage\":\"sv-SE\"},{\"@type\":\"WebPage\",\"@id\":\"https:\\\/\\\/lightweb.dev\\\/l\\\/svm-temp\\\/nyheter\\\/overproduktion-av-gurkor-pa-costa-tropical-pa-grund-av-varmen\\\/\",\"url\":\"https:\\\/\\\/lightweb.dev\\\/l\\\/svm-temp\\\/nyheter\\\/overproduktion-av-gurkor-pa-costa-tropical-pa-grund-av-varmen\\\/\",\"name\":\"\u00d6verproduktion av gurkor p\u00e5 Costa Tropical p\u00e5 grund av v\u00e4rmen - Svenska Magasinet\",\"isPartOf\":{\"@id\":\"https:\\\/\\\/lightweb.dev\\\/l\\\/svm-temp\\\/#website\"},\"primaryImageOfPage\":{\"@id\":\"https:\\\/\\\/lightweb.dev\\\/l\\\/svm-temp\\\/nyheter\\\/overproduktion-av-gurkor-pa-costa-tropical-pa-grund-av-varmen\\\/#primaryimage\"},\"image\":{\"@id\":\"https:\\\/\\\/lightweb.dev\\\/l\\\/svm-temp\\\/nyheter\\\/overproduktion-av-gurkor-pa-costa-tropical-pa-grund-av-varmen\\\/#primaryimage\"},\"thumbnailUrl\":\"https:\\\/\\\/lightweb.dev\\\/l\\\/svm-temp\\\/wp-content\\\/uploads\\\/2022\\\/06\\\/overproduktion-av-gurkor-pa-costa-tropical-pa-grund-av-varmen.png\",\"datePublished\":\"2015-12-07T23:00:00+00:00\",\"breadcrumb\":{\"@id\":\"https:\\\/\\\/lightweb.dev\\\/l\\\/svm-temp\\\/nyheter\\\/overproduktion-av-gurkor-pa-costa-tropical-pa-grund-av-varmen\\\/#breadcrumb\"},\"inLanguage\":\"sv-SE\",\"potentialAction\":[{\"@type\":\"ReadAction\",\"target\":[\"https:\\\/\\\/lightweb.dev\\\/l\\\/svm-temp\\\/nyheter\\\/overproduktion-av-gurkor-pa-costa-tropical-pa-grund-av-varmen\\\/\"]}]},{\"@type\":\"ImageObject\",\"inLanguage\":\"sv-SE\",\"@id\":\"https:\\\/\\\/lightweb.dev\\\/l\\\/svm-temp\\\/nyheter\\\/overproduktion-av-gurkor-pa-costa-tropical-pa-grund-av-varmen\\\/#primaryimage\",\"url\":\"https:\\\/\\\/lightweb.dev\\\/l\\\/svm-temp\\\/wp-content\\\/uploads\\\/2022\\\/06\\\/overproduktion-av-gurkor-pa-costa-tropical-pa-grund-av-varmen.png\",\"contentUrl\":\"https:\\\/\\\/lightweb.dev\\\/l\\\/svm-temp\\\/wp-content\\\/uploads\\\/2022\\\/06\\\/overproduktion-av-gurkor-pa-costa-tropical-pa-grund-av-varmen.png\",\"width\":344,\"height\":200},{\"@type\":\"BreadcrumbList\",\"@id\":\"https:\\\/\\\/lightweb.dev\\\/l\\\/svm-temp\\\/nyheter\\\/overproduktion-av-gurkor-pa-costa-tropical-pa-grund-av-varmen\\\/#breadcrumb\",\"itemListElement\":[{\"@type\":\"ListItem\",\"position\":1,\"name\":\"Hem\",\"item\":\"https:\\\/\\\/lightweb.dev\\\/l\\\/svm-temp\\\/\"},{\"@type\":\"ListItem\",\"position\":2,\"name\":\"\u00d6verproduktion av gurkor p\u00e5 Costa Tropical p\u00e5 grund av v\u00e4rmen\"}]},{\"@type\":\"WebSite\",\"@id\":\"https:\\\/\\\/lightweb.dev\\\/l\\\/svm-temp\\\/#website\",\"url\":\"https:\\\/\\\/lightweb.dev\\\/l\\\/svm-temp\\\/\",\"name\":\"Svenska Magasinet\",\"description\":\"Dina Spanska nyheter p&aring; Svenska\",\"publisher\":{\"@id\":\"https:\\\/\\\/lightweb.dev\\\/l\\\/svm-temp\\\/#organization\"},\"potentialAction\":[{\"@type\":\"SearchAction\",\"target\":{\"@type\":\"EntryPoint\",\"urlTemplate\":\"https:\\\/\\\/lightweb.dev\\\/l\\\/svm-temp\\\/?s={search_term_string}\"},\"query-input\":{\"@type\":\"PropertyValueSpecification\",\"valueRequired\":true,\"valueName\":\"search_term_string\"}}],\"inLanguage\":\"sv-SE\"},{\"@type\":\"Organization\",\"@id\":\"https:\\\/\\\/lightweb.dev\\\/l\\\/svm-temp\\\/#organization\",\"name\":\"Melkerson y Nott SL\",\"alternateName\":\"Svenska Magasinet\",\"url\":\"https:\\\/\\\/lightweb.dev\\\/l\\\/svm-temp\\\/\",\"logo\":{\"@type\":\"ImageObject\",\"inLanguage\":\"sv-SE\",\"@id\":\"https:\\\/\\\/lightweb.dev\\\/l\\\/svm-temp\\\/#\\\/schema\\\/logo\\\/image\\\/\",\"url\":\"https:\\\/\\\/lightweb.dev\\\/l\\\/svm-temp\\\/wp-content\\\/uploads\\\/2025\\\/02\\\/SvM-logo-Xtra-Centrerad-SVART.png\",\"contentUrl\":\"https:\\\/\\\/lightweb.dev\\\/l\\\/svm-temp\\\/wp-content\\\/uploads\\\/2025\\\/02\\\/SvM-logo-Xtra-Centrerad-SVART.png\",\"width\":300,\"height\":99,\"caption\":\"Melkerson y Nott SL\"},\"image\":{\"@id\":\"https:\\\/\\\/lightweb.dev\\\/l\\\/svm-temp\\\/#\\\/schema\\\/logo\\\/image\\\/\"},\"sameAs\":[\"https:\\\/\\\/www.facebook.com\\\/svenskamagasinet\",\"https:\\\/\\\/x.com\\\/SvenskaMagasine\"]},{\"@type\":\"Person\",\"@id\":\"https:\\\/\\\/lightweb.dev\\\/l\\\/svm-temp\\\/#\\\/schema\\\/person\\\/206a3bda5b607b0c25e1749191e4d837\",\"name\":\"Redaktionen SvM\",\"description\":\"Redaktionen\",\"sameAs\":[\"https:\\\/\\\/lightweb.dev\\\/l\\\/svm-temp\"],\"url\":\"https:\\\/\\\/lightweb.dev\\\/l\\\/svm-temp\\\/reporter\\\/redaktionen\\\/\"}]}<\/script>\n<!-- \/ Yoast SEO Premium plugin. -->","yoast_head_json":{"title":"\u00d6verproduktion av gurkor p\u00e5 Costa Tropical p\u00e5 grund av v\u00e4rmen - Svenska Magasinet","robots":{"index":"noindex","follow":"follow","max-snippet":"max-snippet:-1","max-image-preview":"max-image-preview:large","max-video-preview":"max-video-preview:-1"},"og_locale":"sv_SE","og_type":"article","og_title":"\u00d6verproduktion av gurkor p\u00e5 Costa Tropical p\u00e5 grund av v\u00e4rmen","og_description":"Det \u00e4r varmare \u00e4n normalt f\u00f6r \u00e5rstiden p\u00e5 Costa Tropical. S\u00e5 varmt att produktionen av gurka s\u00e4tter rekord med fallande priser som resultat. Gurkv\u00e4xterna tror n\u00e4mligen det \u00e4r v\u00e5r rapporterar dagstidningen Ideal. Den h\u00f6ga temperaturer har skruvat upp produktionen av gurka vilket har gjort att priserna har kollapsat. Det \u00e4r lagen om tillg\u00e5ng och efterfr\u00e5gan [&hellip;]","og_url":"https:\/\/lightweb.dev\/l\/svm-temp\/nyheter\/overproduktion-av-gurkor-pa-costa-tropical-pa-grund-av-varmen\/","og_site_name":"Svenska Magasinet","article_publisher":"https:\/\/www.facebook.com\/svenskamagasinet","article_published_time":"2015-12-07T23:00:00+00:00","og_image":[{"width":344,"height":200,"url":"https:\/\/lightweb.dev\/l\/svm-temp\/wp-content\/uploads\/2022\/06\/overproduktion-av-gurkor-pa-costa-tropical-pa-grund-av-varmen.png","type":"image\/png"}],"author":"Redaktionen SvM","twitter_card":"summary_large_image","twitter_creator":"@SvenskaMagasine","twitter_site":"@SvenskaMagasine","schema":{"@context":"https:\/\/schema.org","@graph":[{"@type":"Article","@id":"https:\/\/lightweb.dev\/l\/svm-temp\/nyheter\/overproduktion-av-gurkor-pa-costa-tropical-pa-grund-av-varmen\/#article","isPartOf":{"@id":"https:\/\/lightweb.dev\/l\/svm-temp\/nyheter\/overproduktion-av-gurkor-pa-costa-tropical-pa-grund-av-varmen\/"},"author":{"name":"Redaktionen SvM","@id":"https:\/\/lightweb.dev\/l\/svm-temp\/#\/schema\/person\/206a3bda5b607b0c25e1749191e4d837"},"headline":"\u00d6verproduktion av gurkor p\u00e5 Costa Tropical p\u00e5 grund av v\u00e4rmen","datePublished":"2015-12-07T23:00:00+00:00","mainEntityOfPage":{"@id":"https:\/\/lightweb.dev\/l\/svm-temp\/nyheter\/overproduktion-av-gurkor-pa-costa-tropical-pa-grund-av-varmen\/"},"wordCount":153,"commentCount":0,"publisher":{"@id":"https:\/\/lightweb.dev\/l\/svm-temp\/#organization"},"image":{"@id":"https:\/\/lightweb.dev\/l\/svm-temp\/nyheter\/overproduktion-av-gurkor-pa-costa-tropical-pa-grund-av-varmen\/#primaryimage"},"thumbnailUrl":"https:\/\/lightweb.dev\/l\/svm-temp\/wp-content\/uploads\/2022\/06\/overproduktion-av-gurkor-pa-costa-tropical-pa-grund-av-varmen.png","articleSection":["Arkiv","Nyheter"],"inLanguage":"sv-SE"},{"@type":"WebPage","@id":"https:\/\/lightweb.dev\/l\/svm-temp\/nyheter\/overproduktion-av-gurkor-pa-costa-tropical-pa-grund-av-varmen\/","url":"https:\/\/lightweb.dev\/l\/svm-temp\/nyheter\/overproduktion-av-gurkor-pa-costa-tropical-pa-grund-av-varmen\/","name":"\u00d6verproduktion av gurkor p\u00e5 Costa Tropical p\u00e5 grund av v\u00e4rmen - Svenska Magasinet","isPartOf":{"@id":"https:\/\/lightweb.dev\/l\/svm-temp\/#website"},"primaryImageOfPage":{"@id":"https:\/\/lightweb.dev\/l\/svm-temp\/nyheter\/overproduktion-av-gurkor-pa-costa-tropical-pa-grund-av-varmen\/#primaryimage"},"image":{"@id":"https:\/\/lightweb.dev\/l\/svm-temp\/nyheter\/overproduktion-av-gurkor-pa-costa-tropical-pa-grund-av-varmen\/#primaryimage"},"thumbnailUrl":"https:\/\/lightweb.dev\/l\/svm-temp\/wp-content\/uploads\/2022\/06\/overproduktion-av-gurkor-pa-costa-tropical-pa-grund-av-varmen.png","datePublished":"2015-12-07T23:00:00+00:00","breadcrumb":{"@id":"https:\/\/lightweb.dev\/l\/svm-temp\/nyheter\/overproduktion-av-gurkor-pa-costa-tropical-pa-grund-av-varmen\/#breadcrumb"},"inLanguage":"sv-SE","potentialAction":[{"@type":"ReadAction","target":["https:\/\/lightweb.dev\/l\/svm-temp\/nyheter\/overproduktion-av-gurkor-pa-costa-tropical-pa-grund-av-varmen\/"]}]},{"@type":"ImageObject","inLanguage":"sv-SE","@id":"https:\/\/lightweb.dev\/l\/svm-temp\/nyheter\/overproduktion-av-gurkor-pa-costa-tropical-pa-grund-av-varmen\/#primaryimage","url":"https:\/\/lightweb.dev\/l\/svm-temp\/wp-content\/uploads\/2022\/06\/overproduktion-av-gurkor-pa-costa-tropical-pa-grund-av-varmen.png","contentUrl":"https:\/\/lightweb.dev\/l\/svm-temp\/wp-content\/uploads\/2022\/06\/overproduktion-av-gurkor-pa-costa-tropical-pa-grund-av-varmen.png","width":344,"height":200},{"@type":"BreadcrumbList","@id":"https:\/\/lightweb.dev\/l\/svm-temp\/nyheter\/overproduktion-av-gurkor-pa-costa-tropical-pa-grund-av-varmen\/#breadcrumb","itemListElement":[{"@type":"ListItem","position":1,"name":"Hem","item":"https:\/\/lightweb.dev\/l\/svm-temp\/"},{"@type":"ListItem","position":2,"name":"\u00d6verproduktion av gurkor p\u00e5 Costa Tropical p\u00e5 grund av v\u00e4rmen"}]},{"@type":"WebSite","@id":"https:\/\/lightweb.dev\/l\/svm-temp\/#website","url":"https:\/\/lightweb.dev\/l\/svm-temp\/","name":"Svenska Magasinet","description":"Dina Spanska nyheter p&aring; Svenska","publisher":{"@id":"https:\/\/lightweb.dev\/l\/svm-temp\/#organization"},"potentialAction":[{"@type":"SearchAction","target":{"@type":"EntryPoint","urlTemplate":"https:\/\/lightweb.dev\/l\/svm-temp\/?s={search_term_string}"},"query-input":{"@type":"PropertyValueSpecification","valueRequired":true,"valueName":"search_term_string"}}],"inLanguage":"sv-SE"},{"@type":"Organization","@id":"https:\/\/lightweb.dev\/l\/svm-temp\/#organization","name":"Melkerson y Nott SL","alternateName":"Svenska Magasinet","url":"https:\/\/lightweb.dev\/l\/svm-temp\/","logo":{"@type":"ImageObject","inLanguage":"sv-SE","@id":"https:\/\/lightweb.dev\/l\/svm-temp\/#\/schema\/logo\/image\/","url":"https:\/\/lightweb.dev\/l\/svm-temp\/wp-content\/uploads\/2025\/02\/SvM-logo-Xtra-Centrerad-SVART.png","contentUrl":"https:\/\/lightweb.dev\/l\/svm-temp\/wp-content\/uploads\/2025\/02\/SvM-logo-Xtra-Centrerad-SVART.png","width":300,"height":99,"caption":"Melkerson y Nott SL"},"image":{"@id":"https:\/\/lightweb.dev\/l\/svm-temp\/#\/schema\/logo\/image\/"},"sameAs":["https:\/\/www.facebook.com\/svenskamagasinet","https:\/\/x.com\/SvenskaMagasine"]},{"@type":"Person","@id":"https:\/\/lightweb.dev\/l\/svm-temp\/#\/schema\/person\/206a3bda5b607b0c25e1749191e4d837","name":"Redaktionen SvM","description":"Redaktionen","sameAs":["https:\/\/lightweb.dev\/l\/svm-temp"],"url":"https:\/\/lightweb.dev\/l\/svm-temp\/reporter\/redaktionen\/"}]}},"_links":{"self":[{"href":"https:\/\/lightweb.dev\/l\/svm-temp\/wp-json\/wp\/v2\/posts\/23091","targetHints":{"allow":["GET"]}}],"collection":[{"href":"https:\/\/lightweb.dev\/l\/svm-temp\/wp-json\/wp\/v2\/posts"}],"about":[{"href":"https:\/\/lightweb.dev\/l\/svm-temp\/wp-json\/wp\/v2\/types\/post"}],"author":[{"embeddable":true,"href":"https:\/\/lightweb.dev\/l\/svm-temp\/wp-json\/wp\/v2\/users\/8"}],"replies":[{"embeddable":true,"href":"https:\/\/lightweb.dev\/l\/svm-temp\/wp-json\/wp\/v2\/comments?post=23091"}],"version-history":[{"count":0,"href":"https:\/\/lightweb.dev\/l\/svm-temp\/wp-json\/wp\/v2\/posts\/23091\/revisions"}],"wp:featuredmedia":[{"embeddable":true,"href":"https:\/\/lightweb.dev\/l\/svm-temp\/wp-json\/wp\/v2\/media\/23092"}],"wp:attachment":[{"href":"https:\/\/lightweb.dev\/l\/svm-temp\/wp-json\/wp\/v2\/media?parent=23091"}],"wp:term":[{"taxonomy":"category","embeddable":true,"href":"https:\/\/lightweb.dev\/l\/svm-temp\/wp-json\/wp\/v2\/categories?post=23091"},{"taxonomy":"post_tag","embeddable":true,"href":"https:\/\/lightweb.dev\/l\/svm-temp\/wp-json\/wp\/v2\/tags?post=23091"}],"curies":[{"name":"wp","href":"https:\/\/api.w.org\/{rel}","templated":true}]}}