{"id":23093,"date":"2015-12-08T00:00:00","date_gmt":"2015-12-07T23:00:00","guid":{"rendered":"https:\/\/lightweb.dev\/l\/svm-temp\/nyheter\/fotomodell-riskerar-25-ars-fangelse-for-mord-i-estepona\/"},"modified":"2015-12-08T00:00:00","modified_gmt":"2015-12-07T23:00:00","slug":"fotomodell-riskerar-25-ars-fangelse-for-mord-i-estepona","status":"publish","type":"post","link":"https:\/\/lightweb.dev\/l\/svm-temp\/nyheter\/fotomodell-riskerar-25-ars-fangelse-for-mord-i-estepona\/","title":{"rendered":"Fotomodell riskerar 25 \u00e5rs f\u00e4ngelse f\u00f6r mord i Estepona"},"content":{"rendered":"<p> Den slovakiska fotomodellen Maria Mary Kukucova, 25, riskerar att d\u00f6mas till 25 \u00e5rs f\u00e4ngelse f\u00f6r mord p\u00e5 den brittiske aff\u00e4rsmannen Andrew Bush i dennes semesterbostad i Estepona. Hon h\u00e4vdar sj\u00e4lvf\u00f6rsvar.<\/p>\n<p>Det var den 5 april 2014 som den brittiske m\u00e5ngmiljon\u00e4ren och aff\u00e4rsmannen Andrew Davids Bush hittades d\u00f6d i sin semesterbostad p\u00e5 calle J\u00fapiter i bostadsomr\u00e5det Sun Beach i Estepona p\u00e5 den spanska Solkusten. Mannen hade blivit skjuten med tv\u00e5 skott i huvudet.<\/p>\n<p>Efter h\u00e4ndelsen utf\u00e4rdades en europeisk arresteringsorder p\u00e5 mannens ex-flickv\u00e4n som senare greps i Slovakien. Slovakiska och brittiska medier uppger att Maria Mary Kukucova hade rest till Estepona f\u00f6r att tr\u00e4ffa Andrew Bush och be denne om ekonomisk hj\u00e4lp p\u00e5 grund av att hon v\u00e4ntade hans barn. Kvinnan uppger att mannen d\u00e5 ska ha f\u00f6rs\u00f6kt misshandla henne och att hon handlade i sj\u00e4lvf\u00f6rsvar.<\/p>\n<p>Enda vittnet till h\u00e4ndelsen \u00e4r en 22-\u00e5rig ryska kvinna, Maria Korotaeva, som h\u00f6rt tre skott och sett den 25-\u00e5riga slovakiska kvinnan l\u00e4mna villan i Estepona strax efter h\u00e4ndelsen. Korotaeva ska ha varit aff\u00e4rsmannens nya flickv\u00e4n efter att ha l\u00e4mnat den nu \u00e5talade Kukucova sex m\u00e5nader tidigare.<\/p>\n<p>Enligt den lokale \u00e5klagaren Jose Antonio Nieblas som Daily Mail citerar var kvinnans m\u00e5l att avsluta Andrew Bush&#8217;s liv. Hon anv\u00e4nde en 38-kaliber Amadeo Rossi och sk\u00f6t mannen en g\u00e5ng i armen och tv\u00e5 g\u00e5nger i huvudet.<\/p>\n<p>Kukucova sitter i dagsl\u00e4get h\u00e4ktad p\u00e5 anstalten Albolote n\u00e4ra Granada. Datum f\u00f6r r\u00e4tteg\u00e5ngen som kommer att h\u00e5llas i en domstol i M\u00e1laga \u00e4r \u00e4nnu inte fastst\u00e4llt. <\/p>\n","protected":false},"excerpt":{"rendered":"<p>Den slovakiska fotomodellen Maria Mary Kukucova, 25, riskerar att d\u00f6mas till 25 \u00e5rs f\u00e4ngelse f\u00f6r mord p\u00e5 den brittiske aff\u00e4rsmannen Andrew Bush i dennes semesterbostad i Estepona. Hon h\u00e4vdar sj\u00e4lvf\u00f6rsvar. Det var den 5 april 2014 som den brittiske m\u00e5ngmiljon\u00e4ren och aff\u00e4rsmannen Andrew Davids Bush hittades d\u00f6d i sin semesterbostad p\u00e5 calle J\u00fapiter i bostadsomr\u00e5det [&hellip;]<\/p>\n","protected":false},"author":8,"featured_media":23094,"comment_status":"open","ping_status":"open","sticky":false,"template":"","format":"standard","meta":{"_et_pb_use_builder":"","_et_pb_old_content":"","_et_gb_content_width":"","footnotes":""},"categories":[395,3],"tags":[],"class_list":["post-23093","post","type-post","status-publish","format-standard","has-post-thumbnail","hentry","category-arkiv-nyheter","category-nyheter"],"yoast_head":"<!-- This site is optimized with the Yoast SEO Premium plugin v26.2 (Yoast SEO v27.5) - https:\/\/yoast.com\/product\/yoast-seo-premium-wordpress\/ -->\n<title>Fotomodell riskerar 25 \u00e5rs f\u00e4ngelse f\u00f6r mord i Estepona - Svenska Magasinet<\/title>\n<meta name=\"robots\" content=\"noindex, follow, max-snippet:-1, max-image-preview:large, max-video-preview:-1\" \/>\n<meta property=\"og:locale\" content=\"sv_SE\" \/>\n<meta property=\"og:type\" content=\"article\" \/>\n<meta property=\"og:title\" content=\"Fotomodell riskerar 25 \u00e5rs f\u00e4ngelse f\u00f6r mord i Estepona\" \/>\n<meta property=\"og:description\" content=\"Den slovakiska fotomodellen Maria Mary Kukucova, 25, riskerar att d\u00f6mas till 25 \u00e5rs f\u00e4ngelse f\u00f6r mord p\u00e5 den brittiske aff\u00e4rsmannen Andrew Bush i dennes semesterbostad i Estepona. Hon h\u00e4vdar sj\u00e4lvf\u00f6rsvar. Det var den 5 april 2014 som den brittiske m\u00e5ngmiljon\u00e4ren och aff\u00e4rsmannen Andrew Davids Bush hittades d\u00f6d i sin semesterbostad p\u00e5 calle J\u00fapiter i bostadsomr\u00e5det [&hellip;]\" \/>\n<meta property=\"og:url\" content=\"https:\/\/lightweb.dev\/l\/svm-temp\/nyheter\/fotomodell-riskerar-25-ars-fangelse-for-mord-i-estepona\/\" \/>\n<meta property=\"og:site_name\" content=\"Svenska Magasinet\" \/>\n<meta property=\"article:publisher\" content=\"https:\/\/www.facebook.com\/svenskamagasinet\" \/>\n<meta property=\"article:published_time\" content=\"2015-12-07T23:00:00+00:00\" \/>\n<meta property=\"og:image\" content=\"https:\/\/lightweb.dev\/l\/svm-temp\/wp-content\/uploads\/2022\/06\/fotomodell-riskerar-25-ars-fangelse-for-mord-i-estepona.png\" \/>\n\t<meta property=\"og:image:width\" content=\"354\" \/>\n\t<meta property=\"og:image:height\" content=\"200\" \/>\n\t<meta property=\"og:image:type\" content=\"image\/png\" \/>\n<meta name=\"author\" content=\"Redaktionen SvM\" \/>\n<meta name=\"twitter:card\" content=\"summary_large_image\" \/>\n<meta name=\"twitter:creator\" content=\"@SvenskaMagasine\" \/>\n<meta name=\"twitter:site\" content=\"@SvenskaMagasine\" \/>\n<script type=\"application\/ld+json\" class=\"yoast-schema-graph\">{\"@context\":\"https:\\\/\\\/schema.org\",\"@graph\":[{\"@type\":\"Article\",\"@id\":\"https:\\\/\\\/lightweb.dev\\\/l\\\/svm-temp\\\/nyheter\\\/fotomodell-riskerar-25-ars-fangelse-for-mord-i-estepona\\\/#article\",\"isPartOf\":{\"@id\":\"https:\\\/\\\/lightweb.dev\\\/l\\\/svm-temp\\\/nyheter\\\/fotomodell-riskerar-25-ars-fangelse-for-mord-i-estepona\\\/\"},\"author\":{\"name\":\"Redaktionen SvM\",\"@id\":\"https:\\\/\\\/lightweb.dev\\\/l\\\/svm-temp\\\/#\\\/schema\\\/person\\\/206a3bda5b607b0c25e1749191e4d837\"},\"headline\":\"Fotomodell riskerar 25 \u00e5rs f\u00e4ngelse f\u00f6r mord i Estepona\",\"datePublished\":\"2015-12-07T23:00:00+00:00\",\"mainEntityOfPage\":{\"@id\":\"https:\\\/\\\/lightweb.dev\\\/l\\\/svm-temp\\\/nyheter\\\/fotomodell-riskerar-25-ars-fangelse-for-mord-i-estepona\\\/\"},\"wordCount\":298,\"commentCount\":0,\"publisher\":{\"@id\":\"https:\\\/\\\/lightweb.dev\\\/l\\\/svm-temp\\\/#organization\"},\"image\":{\"@id\":\"https:\\\/\\\/lightweb.dev\\\/l\\\/svm-temp\\\/nyheter\\\/fotomodell-riskerar-25-ars-fangelse-for-mord-i-estepona\\\/#primaryimage\"},\"thumbnailUrl\":\"https:\\\/\\\/lightweb.dev\\\/l\\\/svm-temp\\\/wp-content\\\/uploads\\\/2022\\\/06\\\/fotomodell-riskerar-25-ars-fangelse-for-mord-i-estepona.png\",\"articleSection\":[\"Arkiv\",\"Nyheter\"],\"inLanguage\":\"sv-SE\"},{\"@type\":\"WebPage\",\"@id\":\"https:\\\/\\\/lightweb.dev\\\/l\\\/svm-temp\\\/nyheter\\\/fotomodell-riskerar-25-ars-fangelse-for-mord-i-estepona\\\/\",\"url\":\"https:\\\/\\\/lightweb.dev\\\/l\\\/svm-temp\\\/nyheter\\\/fotomodell-riskerar-25-ars-fangelse-for-mord-i-estepona\\\/\",\"name\":\"Fotomodell riskerar 25 \u00e5rs f\u00e4ngelse f\u00f6r mord i Estepona - Svenska Magasinet\",\"isPartOf\":{\"@id\":\"https:\\\/\\\/lightweb.dev\\\/l\\\/svm-temp\\\/#website\"},\"primaryImageOfPage\":{\"@id\":\"https:\\\/\\\/lightweb.dev\\\/l\\\/svm-temp\\\/nyheter\\\/fotomodell-riskerar-25-ars-fangelse-for-mord-i-estepona\\\/#primaryimage\"},\"image\":{\"@id\":\"https:\\\/\\\/lightweb.dev\\\/l\\\/svm-temp\\\/nyheter\\\/fotomodell-riskerar-25-ars-fangelse-for-mord-i-estepona\\\/#primaryimage\"},\"thumbnailUrl\":\"https:\\\/\\\/lightweb.dev\\\/l\\\/svm-temp\\\/wp-content\\\/uploads\\\/2022\\\/06\\\/fotomodell-riskerar-25-ars-fangelse-for-mord-i-estepona.png\",\"datePublished\":\"2015-12-07T23:00:00+00:00\",\"breadcrumb\":{\"@id\":\"https:\\\/\\\/lightweb.dev\\\/l\\\/svm-temp\\\/nyheter\\\/fotomodell-riskerar-25-ars-fangelse-for-mord-i-estepona\\\/#breadcrumb\"},\"inLanguage\":\"sv-SE\",\"potentialAction\":[{\"@type\":\"ReadAction\",\"target\":[\"https:\\\/\\\/lightweb.dev\\\/l\\\/svm-temp\\\/nyheter\\\/fotomodell-riskerar-25-ars-fangelse-for-mord-i-estepona\\\/\"]}]},{\"@type\":\"ImageObject\",\"inLanguage\":\"sv-SE\",\"@id\":\"https:\\\/\\\/lightweb.dev\\\/l\\\/svm-temp\\\/nyheter\\\/fotomodell-riskerar-25-ars-fangelse-for-mord-i-estepona\\\/#primaryimage\",\"url\":\"https:\\\/\\\/lightweb.dev\\\/l\\\/svm-temp\\\/wp-content\\\/uploads\\\/2022\\\/06\\\/fotomodell-riskerar-25-ars-fangelse-for-mord-i-estepona.png\",\"contentUrl\":\"https:\\\/\\\/lightweb.dev\\\/l\\\/svm-temp\\\/wp-content\\\/uploads\\\/2022\\\/06\\\/fotomodell-riskerar-25-ars-fangelse-for-mord-i-estepona.png\",\"width\":354,\"height\":200},{\"@type\":\"BreadcrumbList\",\"@id\":\"https:\\\/\\\/lightweb.dev\\\/l\\\/svm-temp\\\/nyheter\\\/fotomodell-riskerar-25-ars-fangelse-for-mord-i-estepona\\\/#breadcrumb\",\"itemListElement\":[{\"@type\":\"ListItem\",\"position\":1,\"name\":\"Hem\",\"item\":\"https:\\\/\\\/lightweb.dev\\\/l\\\/svm-temp\\\/\"},{\"@type\":\"ListItem\",\"position\":2,\"name\":\"Fotomodell riskerar 25 \u00e5rs f\u00e4ngelse f\u00f6r mord i Estepona\"}]},{\"@type\":\"WebSite\",\"@id\":\"https:\\\/\\\/lightweb.dev\\\/l\\\/svm-temp\\\/#website\",\"url\":\"https:\\\/\\\/lightweb.dev\\\/l\\\/svm-temp\\\/\",\"name\":\"Svenska Magasinet\",\"description\":\"Dina Spanska nyheter p&aring; Svenska\",\"publisher\":{\"@id\":\"https:\\\/\\\/lightweb.dev\\\/l\\\/svm-temp\\\/#organization\"},\"potentialAction\":[{\"@type\":\"SearchAction\",\"target\":{\"@type\":\"EntryPoint\",\"urlTemplate\":\"https:\\\/\\\/lightweb.dev\\\/l\\\/svm-temp\\\/?s={search_term_string}\"},\"query-input\":{\"@type\":\"PropertyValueSpecification\",\"valueRequired\":true,\"valueName\":\"search_term_string\"}}],\"inLanguage\":\"sv-SE\"},{\"@type\":\"Organization\",\"@id\":\"https:\\\/\\\/lightweb.dev\\\/l\\\/svm-temp\\\/#organization\",\"name\":\"Melkerson y Nott SL\",\"alternateName\":\"Svenska Magasinet\",\"url\":\"https:\\\/\\\/lightweb.dev\\\/l\\\/svm-temp\\\/\",\"logo\":{\"@type\":\"ImageObject\",\"inLanguage\":\"sv-SE\",\"@id\":\"https:\\\/\\\/lightweb.dev\\\/l\\\/svm-temp\\\/#\\\/schema\\\/logo\\\/image\\\/\",\"url\":\"https:\\\/\\\/lightweb.dev\\\/l\\\/svm-temp\\\/wp-content\\\/uploads\\\/2025\\\/02\\\/SvM-logo-Xtra-Centrerad-SVART.png\",\"contentUrl\":\"https:\\\/\\\/lightweb.dev\\\/l\\\/svm-temp\\\/wp-content\\\/uploads\\\/2025\\\/02\\\/SvM-logo-Xtra-Centrerad-SVART.png\",\"width\":300,\"height\":99,\"caption\":\"Melkerson y Nott SL\"},\"image\":{\"@id\":\"https:\\\/\\\/lightweb.dev\\\/l\\\/svm-temp\\\/#\\\/schema\\\/logo\\\/image\\\/\"},\"sameAs\":[\"https:\\\/\\\/www.facebook.com\\\/svenskamagasinet\",\"https:\\\/\\\/x.com\\\/SvenskaMagasine\"]},{\"@type\":\"Person\",\"@id\":\"https:\\\/\\\/lightweb.dev\\\/l\\\/svm-temp\\\/#\\\/schema\\\/person\\\/206a3bda5b607b0c25e1749191e4d837\",\"name\":\"Redaktionen SvM\",\"description\":\"Redaktionen\",\"sameAs\":[\"https:\\\/\\\/lightweb.dev\\\/l\\\/svm-temp\"],\"url\":\"https:\\\/\\\/lightweb.dev\\\/l\\\/svm-temp\\\/reporter\\\/redaktionen\\\/\"}]}<\/script>\n<!-- \/ Yoast SEO Premium plugin. -->","yoast_head_json":{"title":"Fotomodell riskerar 25 \u00e5rs f\u00e4ngelse f\u00f6r mord i Estepona - Svenska Magasinet","robots":{"index":"noindex","follow":"follow","max-snippet":"max-snippet:-1","max-image-preview":"max-image-preview:large","max-video-preview":"max-video-preview:-1"},"og_locale":"sv_SE","og_type":"article","og_title":"Fotomodell riskerar 25 \u00e5rs f\u00e4ngelse f\u00f6r mord i Estepona","og_description":"Den slovakiska fotomodellen Maria Mary Kukucova, 25, riskerar att d\u00f6mas till 25 \u00e5rs f\u00e4ngelse f\u00f6r mord p\u00e5 den brittiske aff\u00e4rsmannen Andrew Bush i dennes semesterbostad i Estepona. Hon h\u00e4vdar sj\u00e4lvf\u00f6rsvar. Det var den 5 april 2014 som den brittiske m\u00e5ngmiljon\u00e4ren och aff\u00e4rsmannen Andrew Davids Bush hittades d\u00f6d i sin semesterbostad p\u00e5 calle J\u00fapiter i bostadsomr\u00e5det [&hellip;]","og_url":"https:\/\/lightweb.dev\/l\/svm-temp\/nyheter\/fotomodell-riskerar-25-ars-fangelse-for-mord-i-estepona\/","og_site_name":"Svenska Magasinet","article_publisher":"https:\/\/www.facebook.com\/svenskamagasinet","article_published_time":"2015-12-07T23:00:00+00:00","og_image":[{"width":354,"height":200,"url":"https:\/\/lightweb.dev\/l\/svm-temp\/wp-content\/uploads\/2022\/06\/fotomodell-riskerar-25-ars-fangelse-for-mord-i-estepona.png","type":"image\/png"}],"author":"Redaktionen SvM","twitter_card":"summary_large_image","twitter_creator":"@SvenskaMagasine","twitter_site":"@SvenskaMagasine","schema":{"@context":"https:\/\/schema.org","@graph":[{"@type":"Article","@id":"https:\/\/lightweb.dev\/l\/svm-temp\/nyheter\/fotomodell-riskerar-25-ars-fangelse-for-mord-i-estepona\/#article","isPartOf":{"@id":"https:\/\/lightweb.dev\/l\/svm-temp\/nyheter\/fotomodell-riskerar-25-ars-fangelse-for-mord-i-estepona\/"},"author":{"name":"Redaktionen SvM","@id":"https:\/\/lightweb.dev\/l\/svm-temp\/#\/schema\/person\/206a3bda5b607b0c25e1749191e4d837"},"headline":"Fotomodell riskerar 25 \u00e5rs f\u00e4ngelse f\u00f6r mord i Estepona","datePublished":"2015-12-07T23:00:00+00:00","mainEntityOfPage":{"@id":"https:\/\/lightweb.dev\/l\/svm-temp\/nyheter\/fotomodell-riskerar-25-ars-fangelse-for-mord-i-estepona\/"},"wordCount":298,"commentCount":0,"publisher":{"@id":"https:\/\/lightweb.dev\/l\/svm-temp\/#organization"},"image":{"@id":"https:\/\/lightweb.dev\/l\/svm-temp\/nyheter\/fotomodell-riskerar-25-ars-fangelse-for-mord-i-estepona\/#primaryimage"},"thumbnailUrl":"https:\/\/lightweb.dev\/l\/svm-temp\/wp-content\/uploads\/2022\/06\/fotomodell-riskerar-25-ars-fangelse-for-mord-i-estepona.png","articleSection":["Arkiv","Nyheter"],"inLanguage":"sv-SE"},{"@type":"WebPage","@id":"https:\/\/lightweb.dev\/l\/svm-temp\/nyheter\/fotomodell-riskerar-25-ars-fangelse-for-mord-i-estepona\/","url":"https:\/\/lightweb.dev\/l\/svm-temp\/nyheter\/fotomodell-riskerar-25-ars-fangelse-for-mord-i-estepona\/","name":"Fotomodell riskerar 25 \u00e5rs f\u00e4ngelse f\u00f6r mord i Estepona - Svenska Magasinet","isPartOf":{"@id":"https:\/\/lightweb.dev\/l\/svm-temp\/#website"},"primaryImageOfPage":{"@id":"https:\/\/lightweb.dev\/l\/svm-temp\/nyheter\/fotomodell-riskerar-25-ars-fangelse-for-mord-i-estepona\/#primaryimage"},"image":{"@id":"https:\/\/lightweb.dev\/l\/svm-temp\/nyheter\/fotomodell-riskerar-25-ars-fangelse-for-mord-i-estepona\/#primaryimage"},"thumbnailUrl":"https:\/\/lightweb.dev\/l\/svm-temp\/wp-content\/uploads\/2022\/06\/fotomodell-riskerar-25-ars-fangelse-for-mord-i-estepona.png","datePublished":"2015-12-07T23:00:00+00:00","breadcrumb":{"@id":"https:\/\/lightweb.dev\/l\/svm-temp\/nyheter\/fotomodell-riskerar-25-ars-fangelse-for-mord-i-estepona\/#breadcrumb"},"inLanguage":"sv-SE","potentialAction":[{"@type":"ReadAction","target":["https:\/\/lightweb.dev\/l\/svm-temp\/nyheter\/fotomodell-riskerar-25-ars-fangelse-for-mord-i-estepona\/"]}]},{"@type":"ImageObject","inLanguage":"sv-SE","@id":"https:\/\/lightweb.dev\/l\/svm-temp\/nyheter\/fotomodell-riskerar-25-ars-fangelse-for-mord-i-estepona\/#primaryimage","url":"https:\/\/lightweb.dev\/l\/svm-temp\/wp-content\/uploads\/2022\/06\/fotomodell-riskerar-25-ars-fangelse-for-mord-i-estepona.png","contentUrl":"https:\/\/lightweb.dev\/l\/svm-temp\/wp-content\/uploads\/2022\/06\/fotomodell-riskerar-25-ars-fangelse-for-mord-i-estepona.png","width":354,"height":200},{"@type":"BreadcrumbList","@id":"https:\/\/lightweb.dev\/l\/svm-temp\/nyheter\/fotomodell-riskerar-25-ars-fangelse-for-mord-i-estepona\/#breadcrumb","itemListElement":[{"@type":"ListItem","position":1,"name":"Hem","item":"https:\/\/lightweb.dev\/l\/svm-temp\/"},{"@type":"ListItem","position":2,"name":"Fotomodell riskerar 25 \u00e5rs f\u00e4ngelse f\u00f6r mord i Estepona"}]},{"@type":"WebSite","@id":"https:\/\/lightweb.dev\/l\/svm-temp\/#website","url":"https:\/\/lightweb.dev\/l\/svm-temp\/","name":"Svenska Magasinet","description":"Dina Spanska nyheter p&aring; Svenska","publisher":{"@id":"https:\/\/lightweb.dev\/l\/svm-temp\/#organization"},"potentialAction":[{"@type":"SearchAction","target":{"@type":"EntryPoint","urlTemplate":"https:\/\/lightweb.dev\/l\/svm-temp\/?s={search_term_string}"},"query-input":{"@type":"PropertyValueSpecification","valueRequired":true,"valueName":"search_term_string"}}],"inLanguage":"sv-SE"},{"@type":"Organization","@id":"https:\/\/lightweb.dev\/l\/svm-temp\/#organization","name":"Melkerson y Nott SL","alternateName":"Svenska Magasinet","url":"https:\/\/lightweb.dev\/l\/svm-temp\/","logo":{"@type":"ImageObject","inLanguage":"sv-SE","@id":"https:\/\/lightweb.dev\/l\/svm-temp\/#\/schema\/logo\/image\/","url":"https:\/\/lightweb.dev\/l\/svm-temp\/wp-content\/uploads\/2025\/02\/SvM-logo-Xtra-Centrerad-SVART.png","contentUrl":"https:\/\/lightweb.dev\/l\/svm-temp\/wp-content\/uploads\/2025\/02\/SvM-logo-Xtra-Centrerad-SVART.png","width":300,"height":99,"caption":"Melkerson y Nott SL"},"image":{"@id":"https:\/\/lightweb.dev\/l\/svm-temp\/#\/schema\/logo\/image\/"},"sameAs":["https:\/\/www.facebook.com\/svenskamagasinet","https:\/\/x.com\/SvenskaMagasine"]},{"@type":"Person","@id":"https:\/\/lightweb.dev\/l\/svm-temp\/#\/schema\/person\/206a3bda5b607b0c25e1749191e4d837","name":"Redaktionen SvM","description":"Redaktionen","sameAs":["https:\/\/lightweb.dev\/l\/svm-temp"],"url":"https:\/\/lightweb.dev\/l\/svm-temp\/reporter\/redaktionen\/"}]}},"_links":{"self":[{"href":"https:\/\/lightweb.dev\/l\/svm-temp\/wp-json\/wp\/v2\/posts\/23093","targetHints":{"allow":["GET"]}}],"collection":[{"href":"https:\/\/lightweb.dev\/l\/svm-temp\/wp-json\/wp\/v2\/posts"}],"about":[{"href":"https:\/\/lightweb.dev\/l\/svm-temp\/wp-json\/wp\/v2\/types\/post"}],"author":[{"embeddable":true,"href":"https:\/\/lightweb.dev\/l\/svm-temp\/wp-json\/wp\/v2\/users\/8"}],"replies":[{"embeddable":true,"href":"https:\/\/lightweb.dev\/l\/svm-temp\/wp-json\/wp\/v2\/comments?post=23093"}],"version-history":[{"count":0,"href":"https:\/\/lightweb.dev\/l\/svm-temp\/wp-json\/wp\/v2\/posts\/23093\/revisions"}],"wp:featuredmedia":[{"embeddable":true,"href":"https:\/\/lightweb.dev\/l\/svm-temp\/wp-json\/wp\/v2\/media\/23094"}],"wp:attachment":[{"href":"https:\/\/lightweb.dev\/l\/svm-temp\/wp-json\/wp\/v2\/media?parent=23093"}],"wp:term":[{"taxonomy":"category","embeddable":true,"href":"https:\/\/lightweb.dev\/l\/svm-temp\/wp-json\/wp\/v2\/categories?post=23093"},{"taxonomy":"post_tag","embeddable":true,"href":"https:\/\/lightweb.dev\/l\/svm-temp\/wp-json\/wp\/v2\/tags?post=23093"}],"curies":[{"name":"wp","href":"https:\/\/api.w.org\/{rel}","templated":true}]}}