{"id":23095,"date":"2015-12-08T00:00:00","date_gmt":"2015-12-07T23:00:00","guid":{"rendered":"https:\/\/lightweb.dev\/l\/svm-temp\/nyheter\/torremolinos-satsar-pa-nytt-jul-och-nyarsprogram-och-isbana\/"},"modified":"2015-12-08T00:00:00","modified_gmt":"2015-12-07T23:00:00","slug":"torremolinos-satsar-pa-nytt-jul-och-nyarsprogram-och-isbana","status":"publish","type":"post","link":"https:\/\/lightweb.dev\/l\/svm-temp\/nyheter\/torremolinos-satsar-pa-nytt-jul-och-nyarsprogram-och-isbana\/","title":{"rendered":"Torremolinos satsar p\u00e5 nytt jul- och ny\u00e5rsprogram &#8211; och isbana"},"content":{"rendered":"<p> Matm\u00e4ssa, 500 gratisparkeringar och en isbana utomhus. Det \u00e4r n\u00e5got som Torremolinos satsar p\u00e5 fram till januari. Turism har varit viktigt f\u00f6r Torremolinos sedan \u00e5rtionden och nu f\u00f6rs\u00f6ker den nya kommunstyrelsen anv\u00e4nda sin fantasi och inleda samarbete med n\u00e4ringslivet i stan.<\/p>\n<p>En matm\u00e4ssa med 40 utst\u00e4llare, gratis parkering, isbana utomhus och flera festligheter som ny\u00e5rsfirande p\u00e5 plaza de La Nogalera ska f\u00e5 fart p\u00e5 stan under vinterm\u00e5naderna som annars brukar vara lite avslagna.<\/p>\n<p>Redan nu har huvudgatorna plaza Costa del Sol och delar av avenida Palma de Mallorca st\u00e4ngts av p\u00e5 grund av v\u00e4garbeten och julmarknader. Hela innerstan \u00e4r juldekorerad inte minst shoppinggatan calle San Miguel.<\/p>\n<p>Gratis parkering blir det vid Centro Cultural Pablo Ruiz Picasso, El Congreso, calle R\u00edo Mesa och  avenida Los Manantiales.<\/p>\n<p>P\u00e5 plaza de La Nogalera v\u00e4ntar firande p\u00e5 ny\u00e5rsafton med M\u00e1lagabandet Electroduendes y Mr. Proper.<\/p>\n<p>Isbanan \u00f6ppnar idag p\u00e5 plaza Costa del Sol och har \u00f6ppet mellan klockan 10 och 22. H\u00e4r kan du hyra skridsko f\u00f6r tre euro fram till 20 december. <\/p>\n","protected":false},"excerpt":{"rendered":"<p>Matm\u00e4ssa, 500 gratisparkeringar och en isbana utomhus. Det \u00e4r n\u00e5got som Torremolinos satsar p\u00e5 fram till januari. Turism har varit viktigt f\u00f6r Torremolinos sedan \u00e5rtionden och nu f\u00f6rs\u00f6ker den nya kommunstyrelsen anv\u00e4nda sin fantasi och inleda samarbete med n\u00e4ringslivet i stan. En matm\u00e4ssa med 40 utst\u00e4llare, gratis parkering, isbana utomhus och flera festligheter som ny\u00e5rsfirande [&hellip;]<\/p>\n","protected":false},"author":8,"featured_media":23096,"comment_status":"open","ping_status":"open","sticky":false,"template":"","format":"standard","meta":{"_et_pb_use_builder":"","_et_pb_old_content":"","_et_gb_content_width":"","footnotes":""},"categories":[395,3],"tags":[],"class_list":["post-23095","post","type-post","status-publish","format-standard","has-post-thumbnail","hentry","category-arkiv-nyheter","category-nyheter"],"yoast_head":"<!-- This site is optimized with the Yoast SEO Premium plugin v26.2 (Yoast SEO v27.5) - https:\/\/yoast.com\/product\/yoast-seo-premium-wordpress\/ -->\n<title>Torremolinos satsar p\u00e5 nytt jul- och ny\u00e5rsprogram - och isbana - Svenska Magasinet<\/title>\n<meta name=\"robots\" content=\"noindex, follow, max-snippet:-1, max-image-preview:large, max-video-preview:-1\" \/>\n<meta property=\"og:locale\" content=\"sv_SE\" \/>\n<meta property=\"og:type\" content=\"article\" \/>\n<meta property=\"og:title\" content=\"Torremolinos satsar p\u00e5 nytt jul- och ny\u00e5rsprogram - och isbana\" \/>\n<meta property=\"og:description\" content=\"Matm\u00e4ssa, 500 gratisparkeringar och en isbana utomhus. Det \u00e4r n\u00e5got som Torremolinos satsar p\u00e5 fram till januari. Turism har varit viktigt f\u00f6r Torremolinos sedan \u00e5rtionden och nu f\u00f6rs\u00f6ker den nya kommunstyrelsen anv\u00e4nda sin fantasi och inleda samarbete med n\u00e4ringslivet i stan. En matm\u00e4ssa med 40 utst\u00e4llare, gratis parkering, isbana utomhus och flera festligheter som ny\u00e5rsfirande [&hellip;]\" \/>\n<meta property=\"og:url\" content=\"https:\/\/lightweb.dev\/l\/svm-temp\/nyheter\/torremolinos-satsar-pa-nytt-jul-och-nyarsprogram-och-isbana\/\" \/>\n<meta property=\"og:site_name\" content=\"Svenska Magasinet\" \/>\n<meta property=\"article:publisher\" content=\"https:\/\/www.facebook.com\/svenskamagasinet\" \/>\n<meta property=\"article:published_time\" content=\"2015-12-07T23:00:00+00:00\" \/>\n<meta property=\"og:image\" content=\"https:\/\/lightweb.dev\/l\/svm-temp\/wp-content\/uploads\/2022\/06\/torremolinos-satsar-pa-nytt-jul-och-nyarsprogram-och-isbana.png\" \/>\n\t<meta property=\"og:image:width\" content=\"300\" \/>\n\t<meta property=\"og:image:height\" content=\"200\" \/>\n\t<meta property=\"og:image:type\" content=\"image\/png\" \/>\n<meta name=\"author\" content=\"Redaktionen SvM\" \/>\n<meta name=\"twitter:card\" content=\"summary_large_image\" \/>\n<meta name=\"twitter:creator\" content=\"@SvenskaMagasine\" \/>\n<meta name=\"twitter:site\" content=\"@SvenskaMagasine\" \/>\n<script type=\"application\/ld+json\" class=\"yoast-schema-graph\">{\"@context\":\"https:\\\/\\\/schema.org\",\"@graph\":[{\"@type\":\"Article\",\"@id\":\"https:\\\/\\\/lightweb.dev\\\/l\\\/svm-temp\\\/nyheter\\\/torremolinos-satsar-pa-nytt-jul-och-nyarsprogram-och-isbana\\\/#article\",\"isPartOf\":{\"@id\":\"https:\\\/\\\/lightweb.dev\\\/l\\\/svm-temp\\\/nyheter\\\/torremolinos-satsar-pa-nytt-jul-och-nyarsprogram-och-isbana\\\/\"},\"author\":{\"name\":\"Redaktionen SvM\",\"@id\":\"https:\\\/\\\/lightweb.dev\\\/l\\\/svm-temp\\\/#\\\/schema\\\/person\\\/206a3bda5b607b0c25e1749191e4d837\"},\"headline\":\"Torremolinos satsar p\u00e5 nytt jul- och ny\u00e5rsprogram &#8211; och isbana\",\"datePublished\":\"2015-12-07T23:00:00+00:00\",\"mainEntityOfPage\":{\"@id\":\"https:\\\/\\\/lightweb.dev\\\/l\\\/svm-temp\\\/nyheter\\\/torremolinos-satsar-pa-nytt-jul-och-nyarsprogram-och-isbana\\\/\"},\"wordCount\":193,\"commentCount\":0,\"publisher\":{\"@id\":\"https:\\\/\\\/lightweb.dev\\\/l\\\/svm-temp\\\/#organization\"},\"image\":{\"@id\":\"https:\\\/\\\/lightweb.dev\\\/l\\\/svm-temp\\\/nyheter\\\/torremolinos-satsar-pa-nytt-jul-och-nyarsprogram-och-isbana\\\/#primaryimage\"},\"thumbnailUrl\":\"https:\\\/\\\/lightweb.dev\\\/l\\\/svm-temp\\\/wp-content\\\/uploads\\\/2022\\\/06\\\/torremolinos-satsar-pa-nytt-jul-och-nyarsprogram-och-isbana.png\",\"articleSection\":[\"Arkiv\",\"Nyheter\"],\"inLanguage\":\"sv-SE\"},{\"@type\":\"WebPage\",\"@id\":\"https:\\\/\\\/lightweb.dev\\\/l\\\/svm-temp\\\/nyheter\\\/torremolinos-satsar-pa-nytt-jul-och-nyarsprogram-och-isbana\\\/\",\"url\":\"https:\\\/\\\/lightweb.dev\\\/l\\\/svm-temp\\\/nyheter\\\/torremolinos-satsar-pa-nytt-jul-och-nyarsprogram-och-isbana\\\/\",\"name\":\"Torremolinos satsar p\u00e5 nytt jul- och ny\u00e5rsprogram - och isbana - Svenska Magasinet\",\"isPartOf\":{\"@id\":\"https:\\\/\\\/lightweb.dev\\\/l\\\/svm-temp\\\/#website\"},\"primaryImageOfPage\":{\"@id\":\"https:\\\/\\\/lightweb.dev\\\/l\\\/svm-temp\\\/nyheter\\\/torremolinos-satsar-pa-nytt-jul-och-nyarsprogram-och-isbana\\\/#primaryimage\"},\"image\":{\"@id\":\"https:\\\/\\\/lightweb.dev\\\/l\\\/svm-temp\\\/nyheter\\\/torremolinos-satsar-pa-nytt-jul-och-nyarsprogram-och-isbana\\\/#primaryimage\"},\"thumbnailUrl\":\"https:\\\/\\\/lightweb.dev\\\/l\\\/svm-temp\\\/wp-content\\\/uploads\\\/2022\\\/06\\\/torremolinos-satsar-pa-nytt-jul-och-nyarsprogram-och-isbana.png\",\"datePublished\":\"2015-12-07T23:00:00+00:00\",\"breadcrumb\":{\"@id\":\"https:\\\/\\\/lightweb.dev\\\/l\\\/svm-temp\\\/nyheter\\\/torremolinos-satsar-pa-nytt-jul-och-nyarsprogram-och-isbana\\\/#breadcrumb\"},\"inLanguage\":\"sv-SE\",\"potentialAction\":[{\"@type\":\"ReadAction\",\"target\":[\"https:\\\/\\\/lightweb.dev\\\/l\\\/svm-temp\\\/nyheter\\\/torremolinos-satsar-pa-nytt-jul-och-nyarsprogram-och-isbana\\\/\"]}]},{\"@type\":\"ImageObject\",\"inLanguage\":\"sv-SE\",\"@id\":\"https:\\\/\\\/lightweb.dev\\\/l\\\/svm-temp\\\/nyheter\\\/torremolinos-satsar-pa-nytt-jul-och-nyarsprogram-och-isbana\\\/#primaryimage\",\"url\":\"https:\\\/\\\/lightweb.dev\\\/l\\\/svm-temp\\\/wp-content\\\/uploads\\\/2022\\\/06\\\/torremolinos-satsar-pa-nytt-jul-och-nyarsprogram-och-isbana.png\",\"contentUrl\":\"https:\\\/\\\/lightweb.dev\\\/l\\\/svm-temp\\\/wp-content\\\/uploads\\\/2022\\\/06\\\/torremolinos-satsar-pa-nytt-jul-och-nyarsprogram-och-isbana.png\",\"width\":300,\"height\":200},{\"@type\":\"BreadcrumbList\",\"@id\":\"https:\\\/\\\/lightweb.dev\\\/l\\\/svm-temp\\\/nyheter\\\/torremolinos-satsar-pa-nytt-jul-och-nyarsprogram-och-isbana\\\/#breadcrumb\",\"itemListElement\":[{\"@type\":\"ListItem\",\"position\":1,\"name\":\"Hem\",\"item\":\"https:\\\/\\\/lightweb.dev\\\/l\\\/svm-temp\\\/\"},{\"@type\":\"ListItem\",\"position\":2,\"name\":\"Torremolinos satsar p\u00e5 nytt jul- och ny\u00e5rsprogram &#8211; och isbana\"}]},{\"@type\":\"WebSite\",\"@id\":\"https:\\\/\\\/lightweb.dev\\\/l\\\/svm-temp\\\/#website\",\"url\":\"https:\\\/\\\/lightweb.dev\\\/l\\\/svm-temp\\\/\",\"name\":\"Svenska Magasinet\",\"description\":\"Dina Spanska nyheter p&aring; Svenska\",\"publisher\":{\"@id\":\"https:\\\/\\\/lightweb.dev\\\/l\\\/svm-temp\\\/#organization\"},\"potentialAction\":[{\"@type\":\"SearchAction\",\"target\":{\"@type\":\"EntryPoint\",\"urlTemplate\":\"https:\\\/\\\/lightweb.dev\\\/l\\\/svm-temp\\\/?s={search_term_string}\"},\"query-input\":{\"@type\":\"PropertyValueSpecification\",\"valueRequired\":true,\"valueName\":\"search_term_string\"}}],\"inLanguage\":\"sv-SE\"},{\"@type\":\"Organization\",\"@id\":\"https:\\\/\\\/lightweb.dev\\\/l\\\/svm-temp\\\/#organization\",\"name\":\"Melkerson y Nott SL\",\"alternateName\":\"Svenska Magasinet\",\"url\":\"https:\\\/\\\/lightweb.dev\\\/l\\\/svm-temp\\\/\",\"logo\":{\"@type\":\"ImageObject\",\"inLanguage\":\"sv-SE\",\"@id\":\"https:\\\/\\\/lightweb.dev\\\/l\\\/svm-temp\\\/#\\\/schema\\\/logo\\\/image\\\/\",\"url\":\"https:\\\/\\\/lightweb.dev\\\/l\\\/svm-temp\\\/wp-content\\\/uploads\\\/2025\\\/02\\\/SvM-logo-Xtra-Centrerad-SVART.png\",\"contentUrl\":\"https:\\\/\\\/lightweb.dev\\\/l\\\/svm-temp\\\/wp-content\\\/uploads\\\/2025\\\/02\\\/SvM-logo-Xtra-Centrerad-SVART.png\",\"width\":300,\"height\":99,\"caption\":\"Melkerson y Nott SL\"},\"image\":{\"@id\":\"https:\\\/\\\/lightweb.dev\\\/l\\\/svm-temp\\\/#\\\/schema\\\/logo\\\/image\\\/\"},\"sameAs\":[\"https:\\\/\\\/www.facebook.com\\\/svenskamagasinet\",\"https:\\\/\\\/x.com\\\/SvenskaMagasine\"]},{\"@type\":\"Person\",\"@id\":\"https:\\\/\\\/lightweb.dev\\\/l\\\/svm-temp\\\/#\\\/schema\\\/person\\\/206a3bda5b607b0c25e1749191e4d837\",\"name\":\"Redaktionen SvM\",\"description\":\"Redaktionen\",\"sameAs\":[\"https:\\\/\\\/lightweb.dev\\\/l\\\/svm-temp\"],\"url\":\"https:\\\/\\\/lightweb.dev\\\/l\\\/svm-temp\\\/reporter\\\/redaktionen\\\/\"}]}<\/script>\n<!-- \/ Yoast SEO Premium plugin. -->","yoast_head_json":{"title":"Torremolinos satsar p\u00e5 nytt jul- och ny\u00e5rsprogram - och isbana - Svenska Magasinet","robots":{"index":"noindex","follow":"follow","max-snippet":"max-snippet:-1","max-image-preview":"max-image-preview:large","max-video-preview":"max-video-preview:-1"},"og_locale":"sv_SE","og_type":"article","og_title":"Torremolinos satsar p\u00e5 nytt jul- och ny\u00e5rsprogram - och isbana","og_description":"Matm\u00e4ssa, 500 gratisparkeringar och en isbana utomhus. Det \u00e4r n\u00e5got som Torremolinos satsar p\u00e5 fram till januari. Turism har varit viktigt f\u00f6r Torremolinos sedan \u00e5rtionden och nu f\u00f6rs\u00f6ker den nya kommunstyrelsen anv\u00e4nda sin fantasi och inleda samarbete med n\u00e4ringslivet i stan. En matm\u00e4ssa med 40 utst\u00e4llare, gratis parkering, isbana utomhus och flera festligheter som ny\u00e5rsfirande [&hellip;]","og_url":"https:\/\/lightweb.dev\/l\/svm-temp\/nyheter\/torremolinos-satsar-pa-nytt-jul-och-nyarsprogram-och-isbana\/","og_site_name":"Svenska Magasinet","article_publisher":"https:\/\/www.facebook.com\/svenskamagasinet","article_published_time":"2015-12-07T23:00:00+00:00","og_image":[{"width":300,"height":200,"url":"https:\/\/lightweb.dev\/l\/svm-temp\/wp-content\/uploads\/2022\/06\/torremolinos-satsar-pa-nytt-jul-och-nyarsprogram-och-isbana.png","type":"image\/png"}],"author":"Redaktionen SvM","twitter_card":"summary_large_image","twitter_creator":"@SvenskaMagasine","twitter_site":"@SvenskaMagasine","schema":{"@context":"https:\/\/schema.org","@graph":[{"@type":"Article","@id":"https:\/\/lightweb.dev\/l\/svm-temp\/nyheter\/torremolinos-satsar-pa-nytt-jul-och-nyarsprogram-och-isbana\/#article","isPartOf":{"@id":"https:\/\/lightweb.dev\/l\/svm-temp\/nyheter\/torremolinos-satsar-pa-nytt-jul-och-nyarsprogram-och-isbana\/"},"author":{"name":"Redaktionen SvM","@id":"https:\/\/lightweb.dev\/l\/svm-temp\/#\/schema\/person\/206a3bda5b607b0c25e1749191e4d837"},"headline":"Torremolinos satsar p\u00e5 nytt jul- och ny\u00e5rsprogram &#8211; och isbana","datePublished":"2015-12-07T23:00:00+00:00","mainEntityOfPage":{"@id":"https:\/\/lightweb.dev\/l\/svm-temp\/nyheter\/torremolinos-satsar-pa-nytt-jul-och-nyarsprogram-och-isbana\/"},"wordCount":193,"commentCount":0,"publisher":{"@id":"https:\/\/lightweb.dev\/l\/svm-temp\/#organization"},"image":{"@id":"https:\/\/lightweb.dev\/l\/svm-temp\/nyheter\/torremolinos-satsar-pa-nytt-jul-och-nyarsprogram-och-isbana\/#primaryimage"},"thumbnailUrl":"https:\/\/lightweb.dev\/l\/svm-temp\/wp-content\/uploads\/2022\/06\/torremolinos-satsar-pa-nytt-jul-och-nyarsprogram-och-isbana.png","articleSection":["Arkiv","Nyheter"],"inLanguage":"sv-SE"},{"@type":"WebPage","@id":"https:\/\/lightweb.dev\/l\/svm-temp\/nyheter\/torremolinos-satsar-pa-nytt-jul-och-nyarsprogram-och-isbana\/","url":"https:\/\/lightweb.dev\/l\/svm-temp\/nyheter\/torremolinos-satsar-pa-nytt-jul-och-nyarsprogram-och-isbana\/","name":"Torremolinos satsar p\u00e5 nytt jul- och ny\u00e5rsprogram - och isbana - Svenska Magasinet","isPartOf":{"@id":"https:\/\/lightweb.dev\/l\/svm-temp\/#website"},"primaryImageOfPage":{"@id":"https:\/\/lightweb.dev\/l\/svm-temp\/nyheter\/torremolinos-satsar-pa-nytt-jul-och-nyarsprogram-och-isbana\/#primaryimage"},"image":{"@id":"https:\/\/lightweb.dev\/l\/svm-temp\/nyheter\/torremolinos-satsar-pa-nytt-jul-och-nyarsprogram-och-isbana\/#primaryimage"},"thumbnailUrl":"https:\/\/lightweb.dev\/l\/svm-temp\/wp-content\/uploads\/2022\/06\/torremolinos-satsar-pa-nytt-jul-och-nyarsprogram-och-isbana.png","datePublished":"2015-12-07T23:00:00+00:00","breadcrumb":{"@id":"https:\/\/lightweb.dev\/l\/svm-temp\/nyheter\/torremolinos-satsar-pa-nytt-jul-och-nyarsprogram-och-isbana\/#breadcrumb"},"inLanguage":"sv-SE","potentialAction":[{"@type":"ReadAction","target":["https:\/\/lightweb.dev\/l\/svm-temp\/nyheter\/torremolinos-satsar-pa-nytt-jul-och-nyarsprogram-och-isbana\/"]}]},{"@type":"ImageObject","inLanguage":"sv-SE","@id":"https:\/\/lightweb.dev\/l\/svm-temp\/nyheter\/torremolinos-satsar-pa-nytt-jul-och-nyarsprogram-och-isbana\/#primaryimage","url":"https:\/\/lightweb.dev\/l\/svm-temp\/wp-content\/uploads\/2022\/06\/torremolinos-satsar-pa-nytt-jul-och-nyarsprogram-och-isbana.png","contentUrl":"https:\/\/lightweb.dev\/l\/svm-temp\/wp-content\/uploads\/2022\/06\/torremolinos-satsar-pa-nytt-jul-och-nyarsprogram-och-isbana.png","width":300,"height":200},{"@type":"BreadcrumbList","@id":"https:\/\/lightweb.dev\/l\/svm-temp\/nyheter\/torremolinos-satsar-pa-nytt-jul-och-nyarsprogram-och-isbana\/#breadcrumb","itemListElement":[{"@type":"ListItem","position":1,"name":"Hem","item":"https:\/\/lightweb.dev\/l\/svm-temp\/"},{"@type":"ListItem","position":2,"name":"Torremolinos satsar p\u00e5 nytt jul- och ny\u00e5rsprogram &#8211; och isbana"}]},{"@type":"WebSite","@id":"https:\/\/lightweb.dev\/l\/svm-temp\/#website","url":"https:\/\/lightweb.dev\/l\/svm-temp\/","name":"Svenska Magasinet","description":"Dina Spanska nyheter p&aring; Svenska","publisher":{"@id":"https:\/\/lightweb.dev\/l\/svm-temp\/#organization"},"potentialAction":[{"@type":"SearchAction","target":{"@type":"EntryPoint","urlTemplate":"https:\/\/lightweb.dev\/l\/svm-temp\/?s={search_term_string}"},"query-input":{"@type":"PropertyValueSpecification","valueRequired":true,"valueName":"search_term_string"}}],"inLanguage":"sv-SE"},{"@type":"Organization","@id":"https:\/\/lightweb.dev\/l\/svm-temp\/#organization","name":"Melkerson y Nott SL","alternateName":"Svenska Magasinet","url":"https:\/\/lightweb.dev\/l\/svm-temp\/","logo":{"@type":"ImageObject","inLanguage":"sv-SE","@id":"https:\/\/lightweb.dev\/l\/svm-temp\/#\/schema\/logo\/image\/","url":"https:\/\/lightweb.dev\/l\/svm-temp\/wp-content\/uploads\/2025\/02\/SvM-logo-Xtra-Centrerad-SVART.png","contentUrl":"https:\/\/lightweb.dev\/l\/svm-temp\/wp-content\/uploads\/2025\/02\/SvM-logo-Xtra-Centrerad-SVART.png","width":300,"height":99,"caption":"Melkerson y Nott SL"},"image":{"@id":"https:\/\/lightweb.dev\/l\/svm-temp\/#\/schema\/logo\/image\/"},"sameAs":["https:\/\/www.facebook.com\/svenskamagasinet","https:\/\/x.com\/SvenskaMagasine"]},{"@type":"Person","@id":"https:\/\/lightweb.dev\/l\/svm-temp\/#\/schema\/person\/206a3bda5b607b0c25e1749191e4d837","name":"Redaktionen SvM","description":"Redaktionen","sameAs":["https:\/\/lightweb.dev\/l\/svm-temp"],"url":"https:\/\/lightweb.dev\/l\/svm-temp\/reporter\/redaktionen\/"}]}},"_links":{"self":[{"href":"https:\/\/lightweb.dev\/l\/svm-temp\/wp-json\/wp\/v2\/posts\/23095","targetHints":{"allow":["GET"]}}],"collection":[{"href":"https:\/\/lightweb.dev\/l\/svm-temp\/wp-json\/wp\/v2\/posts"}],"about":[{"href":"https:\/\/lightweb.dev\/l\/svm-temp\/wp-json\/wp\/v2\/types\/post"}],"author":[{"embeddable":true,"href":"https:\/\/lightweb.dev\/l\/svm-temp\/wp-json\/wp\/v2\/users\/8"}],"replies":[{"embeddable":true,"href":"https:\/\/lightweb.dev\/l\/svm-temp\/wp-json\/wp\/v2\/comments?post=23095"}],"version-history":[{"count":0,"href":"https:\/\/lightweb.dev\/l\/svm-temp\/wp-json\/wp\/v2\/posts\/23095\/revisions"}],"wp:featuredmedia":[{"embeddable":true,"href":"https:\/\/lightweb.dev\/l\/svm-temp\/wp-json\/wp\/v2\/media\/23096"}],"wp:attachment":[{"href":"https:\/\/lightweb.dev\/l\/svm-temp\/wp-json\/wp\/v2\/media?parent=23095"}],"wp:term":[{"taxonomy":"category","embeddable":true,"href":"https:\/\/lightweb.dev\/l\/svm-temp\/wp-json\/wp\/v2\/categories?post=23095"},{"taxonomy":"post_tag","embeddable":true,"href":"https:\/\/lightweb.dev\/l\/svm-temp\/wp-json\/wp\/v2\/tags?post=23095"}],"curies":[{"name":"wp","href":"https:\/\/api.w.org\/{rel}","templated":true}]}}