{"id":23107,"date":"2015-12-04T00:00:00","date_gmt":"2015-12-03T23:00:00","guid":{"rendered":"https:\/\/lightweb.dev\/l\/svm-temp\/nyheter\/pa-sondag-malagas-maraton-slar-rekord-46-svenskar-pa-startlinjen\/"},"modified":"2015-12-04T00:00:00","modified_gmt":"2015-12-03T23:00:00","slug":"pa-sondag-malagas-maraton-slar-rekord-46-svenskar-pa-startlinjen","status":"publish","type":"post","link":"https:\/\/lightweb.dev\/l\/svm-temp\/nyheter\/pa-sondag-malagas-maraton-slar-rekord-46-svenskar-pa-startlinjen\/","title":{"rendered":"P\u00e5 s\u00f6ndag: M\u00e1lagas maraton sl\u00e5r rekord \u2013 46 svenskar p\u00e5 startlinjen"},"content":{"rendered":"<p> M\u00e1lagas maratonlopp sl\u00e5r i \u00e5r rekord med 3.750 anm\u00e4lda vilket \u00e4r cirka 750 fler l\u00f6pare j\u00e4mf\u00f6rt med f\u00f6rra loppet. L\u00f6pare fr\u00e5n 51 l\u00e4nder finns med p\u00e5 startlinjen.<\/p>\n<p>P\u00e5 s\u00f6ndag klockan 08.30 g\u00e5r M\u00e1lagas maratonlopp med start vid Paseo del Parque i centrala M\u00e1laga. Den som bes\u00f6ker en strandpromenad tidigt en morgon kan konstatera att intresset f\u00f6r l\u00f6pning v\u00e4xer i Spanien. M\u00e5nga v\u00e4ljer att starta dagen med en joggingtur.<\/p>\n<p>Det m\u00e4rks ocks\u00e5 p\u00e5 antalet deltagare som \u00e4r anm\u00e4lda till M\u00e1laga maraton. Fr\u00e5n fjol\u00e5rets 3.000 har antalet vuxit till cirka 3.750 anm\u00e4lda. Det \u00e4r de kvinnliga l\u00f6parna som \u00f6kar mest fr\u00e5n fjol\u00e5rets 125 till 412, framkom det vid en presskonferens i kommunhuset i M\u00e1laga p\u00e5 torsdagen d\u00e4r borgm\u00e4staren Francisco de la Torre n\u00e4rvarade (bilden).<\/p>\n<p>M\u00e5nga utl\u00e4ndska bes\u00f6kare har anm\u00e4lt sig till s\u00f6ndagens lopp. Flest fr\u00e5n Storbritannien med 233 f\u00f6ljt av Italien (91), Frankrike (48), Sverige (46) och Danmark (42). L\u00e4s mer h\u00e4r &#8211; resultat fr\u00e5n s\u00f6ndag<\/p>\n","protected":false},"excerpt":{"rendered":"<p>M\u00e1lagas maratonlopp sl\u00e5r i \u00e5r rekord med 3.750 anm\u00e4lda vilket \u00e4r cirka 750 fler l\u00f6pare j\u00e4mf\u00f6rt med f\u00f6rra loppet. L\u00f6pare fr\u00e5n 51 l\u00e4nder finns med p\u00e5 startlinjen. P\u00e5 s\u00f6ndag klockan 08.30 g\u00e5r M\u00e1lagas maratonlopp med start vid Paseo del Parque i centrala M\u00e1laga. Den som bes\u00f6ker en strandpromenad tidigt en morgon kan konstatera att intresset [&hellip;]<\/p>\n","protected":false},"author":8,"featured_media":23108,"comment_status":"open","ping_status":"open","sticky":false,"template":"","format":"standard","meta":{"_et_pb_use_builder":"","_et_pb_old_content":"","_et_gb_content_width":"","footnotes":""},"categories":[395,3],"tags":[],"class_list":["post-23107","post","type-post","status-publish","format-standard","has-post-thumbnail","hentry","category-arkiv-nyheter","category-nyheter"],"yoast_head":"<!-- This site is optimized with the Yoast SEO Premium plugin v26.2 (Yoast SEO v27.5) - https:\/\/yoast.com\/product\/yoast-seo-premium-wordpress\/ -->\n<title>P\u00e5 s\u00f6ndag: M\u00e1lagas maraton sl\u00e5r rekord \u2013 46 svenskar p\u00e5 startlinjen - Svenska Magasinet<\/title>\n<meta name=\"robots\" content=\"noindex, follow, max-snippet:-1, max-image-preview:large, max-video-preview:-1\" \/>\n<meta property=\"og:locale\" content=\"sv_SE\" \/>\n<meta property=\"og:type\" content=\"article\" \/>\n<meta property=\"og:title\" content=\"P\u00e5 s\u00f6ndag: M\u00e1lagas maraton sl\u00e5r rekord \u2013 46 svenskar p\u00e5 startlinjen\" \/>\n<meta property=\"og:description\" content=\"M\u00e1lagas maratonlopp sl\u00e5r i \u00e5r rekord med 3.750 anm\u00e4lda vilket \u00e4r cirka 750 fler l\u00f6pare j\u00e4mf\u00f6rt med f\u00f6rra loppet. L\u00f6pare fr\u00e5n 51 l\u00e4nder finns med p\u00e5 startlinjen. P\u00e5 s\u00f6ndag klockan 08.30 g\u00e5r M\u00e1lagas maratonlopp med start vid Paseo del Parque i centrala M\u00e1laga. Den som bes\u00f6ker en strandpromenad tidigt en morgon kan konstatera att intresset [&hellip;]\" \/>\n<meta property=\"og:url\" content=\"https:\/\/lightweb.dev\/l\/svm-temp\/nyheter\/pa-sondag-malagas-maraton-slar-rekord-46-svenskar-pa-startlinjen\/\" \/>\n<meta property=\"og:site_name\" content=\"Svenska Magasinet\" \/>\n<meta property=\"article:publisher\" content=\"https:\/\/www.facebook.com\/svenskamagasinet\" \/>\n<meta property=\"article:published_time\" content=\"2015-12-03T23:00:00+00:00\" \/>\n<meta property=\"og:image\" content=\"https:\/\/lightweb.dev\/l\/svm-temp\/wp-content\/uploads\/2022\/06\/pa-sondag-malagas-maraton-slar-rekord-46-svenskar-pa-startlinjen.png\" \/>\n\t<meta property=\"og:image:width\" content=\"544\" \/>\n\t<meta property=\"og:image:height\" content=\"200\" \/>\n\t<meta property=\"og:image:type\" content=\"image\/png\" \/>\n<meta name=\"author\" content=\"Redaktionen SvM\" \/>\n<meta name=\"twitter:card\" content=\"summary_large_image\" \/>\n<meta name=\"twitter:creator\" content=\"@SvenskaMagasine\" \/>\n<meta name=\"twitter:site\" content=\"@SvenskaMagasine\" \/>\n<script type=\"application\/ld+json\" class=\"yoast-schema-graph\">{\"@context\":\"https:\\\/\\\/schema.org\",\"@graph\":[{\"@type\":\"Article\",\"@id\":\"https:\\\/\\\/lightweb.dev\\\/l\\\/svm-temp\\\/nyheter\\\/pa-sondag-malagas-maraton-slar-rekord-46-svenskar-pa-startlinjen\\\/#article\",\"isPartOf\":{\"@id\":\"https:\\\/\\\/lightweb.dev\\\/l\\\/svm-temp\\\/nyheter\\\/pa-sondag-malagas-maraton-slar-rekord-46-svenskar-pa-startlinjen\\\/\"},\"author\":{\"name\":\"Redaktionen SvM\",\"@id\":\"https:\\\/\\\/lightweb.dev\\\/l\\\/svm-temp\\\/#\\\/schema\\\/person\\\/206a3bda5b607b0c25e1749191e4d837\"},\"headline\":\"P\u00e5 s\u00f6ndag: M\u00e1lagas maraton sl\u00e5r rekord \u2013 46 svenskar p\u00e5 startlinjen\",\"datePublished\":\"2015-12-03T23:00:00+00:00\",\"mainEntityOfPage\":{\"@id\":\"https:\\\/\\\/lightweb.dev\\\/l\\\/svm-temp\\\/nyheter\\\/pa-sondag-malagas-maraton-slar-rekord-46-svenskar-pa-startlinjen\\\/\"},\"wordCount\":197,\"commentCount\":0,\"publisher\":{\"@id\":\"https:\\\/\\\/lightweb.dev\\\/l\\\/svm-temp\\\/#organization\"},\"image\":{\"@id\":\"https:\\\/\\\/lightweb.dev\\\/l\\\/svm-temp\\\/nyheter\\\/pa-sondag-malagas-maraton-slar-rekord-46-svenskar-pa-startlinjen\\\/#primaryimage\"},\"thumbnailUrl\":\"https:\\\/\\\/lightweb.dev\\\/l\\\/svm-temp\\\/wp-content\\\/uploads\\\/2022\\\/06\\\/pa-sondag-malagas-maraton-slar-rekord-46-svenskar-pa-startlinjen.png\",\"articleSection\":[\"Arkiv\",\"Nyheter\"],\"inLanguage\":\"sv-SE\"},{\"@type\":\"WebPage\",\"@id\":\"https:\\\/\\\/lightweb.dev\\\/l\\\/svm-temp\\\/nyheter\\\/pa-sondag-malagas-maraton-slar-rekord-46-svenskar-pa-startlinjen\\\/\",\"url\":\"https:\\\/\\\/lightweb.dev\\\/l\\\/svm-temp\\\/nyheter\\\/pa-sondag-malagas-maraton-slar-rekord-46-svenskar-pa-startlinjen\\\/\",\"name\":\"P\u00e5 s\u00f6ndag: M\u00e1lagas maraton sl\u00e5r rekord \u2013 46 svenskar p\u00e5 startlinjen - Svenska Magasinet\",\"isPartOf\":{\"@id\":\"https:\\\/\\\/lightweb.dev\\\/l\\\/svm-temp\\\/#website\"},\"primaryImageOfPage\":{\"@id\":\"https:\\\/\\\/lightweb.dev\\\/l\\\/svm-temp\\\/nyheter\\\/pa-sondag-malagas-maraton-slar-rekord-46-svenskar-pa-startlinjen\\\/#primaryimage\"},\"image\":{\"@id\":\"https:\\\/\\\/lightweb.dev\\\/l\\\/svm-temp\\\/nyheter\\\/pa-sondag-malagas-maraton-slar-rekord-46-svenskar-pa-startlinjen\\\/#primaryimage\"},\"thumbnailUrl\":\"https:\\\/\\\/lightweb.dev\\\/l\\\/svm-temp\\\/wp-content\\\/uploads\\\/2022\\\/06\\\/pa-sondag-malagas-maraton-slar-rekord-46-svenskar-pa-startlinjen.png\",\"datePublished\":\"2015-12-03T23:00:00+00:00\",\"breadcrumb\":{\"@id\":\"https:\\\/\\\/lightweb.dev\\\/l\\\/svm-temp\\\/nyheter\\\/pa-sondag-malagas-maraton-slar-rekord-46-svenskar-pa-startlinjen\\\/#breadcrumb\"},\"inLanguage\":\"sv-SE\",\"potentialAction\":[{\"@type\":\"ReadAction\",\"target\":[\"https:\\\/\\\/lightweb.dev\\\/l\\\/svm-temp\\\/nyheter\\\/pa-sondag-malagas-maraton-slar-rekord-46-svenskar-pa-startlinjen\\\/\"]}]},{\"@type\":\"ImageObject\",\"inLanguage\":\"sv-SE\",\"@id\":\"https:\\\/\\\/lightweb.dev\\\/l\\\/svm-temp\\\/nyheter\\\/pa-sondag-malagas-maraton-slar-rekord-46-svenskar-pa-startlinjen\\\/#primaryimage\",\"url\":\"https:\\\/\\\/lightweb.dev\\\/l\\\/svm-temp\\\/wp-content\\\/uploads\\\/2022\\\/06\\\/pa-sondag-malagas-maraton-slar-rekord-46-svenskar-pa-startlinjen.png\",\"contentUrl\":\"https:\\\/\\\/lightweb.dev\\\/l\\\/svm-temp\\\/wp-content\\\/uploads\\\/2022\\\/06\\\/pa-sondag-malagas-maraton-slar-rekord-46-svenskar-pa-startlinjen.png\",\"width\":544,\"height\":200},{\"@type\":\"BreadcrumbList\",\"@id\":\"https:\\\/\\\/lightweb.dev\\\/l\\\/svm-temp\\\/nyheter\\\/pa-sondag-malagas-maraton-slar-rekord-46-svenskar-pa-startlinjen\\\/#breadcrumb\",\"itemListElement\":[{\"@type\":\"ListItem\",\"position\":1,\"name\":\"Hem\",\"item\":\"https:\\\/\\\/lightweb.dev\\\/l\\\/svm-temp\\\/\"},{\"@type\":\"ListItem\",\"position\":2,\"name\":\"P\u00e5 s\u00f6ndag: M\u00e1lagas maraton sl\u00e5r rekord \u2013 46 svenskar p\u00e5 startlinjen\"}]},{\"@type\":\"WebSite\",\"@id\":\"https:\\\/\\\/lightweb.dev\\\/l\\\/svm-temp\\\/#website\",\"url\":\"https:\\\/\\\/lightweb.dev\\\/l\\\/svm-temp\\\/\",\"name\":\"Svenska Magasinet\",\"description\":\"Dina Spanska nyheter p&aring; Svenska\",\"publisher\":{\"@id\":\"https:\\\/\\\/lightweb.dev\\\/l\\\/svm-temp\\\/#organization\"},\"potentialAction\":[{\"@type\":\"SearchAction\",\"target\":{\"@type\":\"EntryPoint\",\"urlTemplate\":\"https:\\\/\\\/lightweb.dev\\\/l\\\/svm-temp\\\/?s={search_term_string}\"},\"query-input\":{\"@type\":\"PropertyValueSpecification\",\"valueRequired\":true,\"valueName\":\"search_term_string\"}}],\"inLanguage\":\"sv-SE\"},{\"@type\":\"Organization\",\"@id\":\"https:\\\/\\\/lightweb.dev\\\/l\\\/svm-temp\\\/#organization\",\"name\":\"Melkerson y Nott SL\",\"alternateName\":\"Svenska Magasinet\",\"url\":\"https:\\\/\\\/lightweb.dev\\\/l\\\/svm-temp\\\/\",\"logo\":{\"@type\":\"ImageObject\",\"inLanguage\":\"sv-SE\",\"@id\":\"https:\\\/\\\/lightweb.dev\\\/l\\\/svm-temp\\\/#\\\/schema\\\/logo\\\/image\\\/\",\"url\":\"https:\\\/\\\/lightweb.dev\\\/l\\\/svm-temp\\\/wp-content\\\/uploads\\\/2025\\\/02\\\/SvM-logo-Xtra-Centrerad-SVART.png\",\"contentUrl\":\"https:\\\/\\\/lightweb.dev\\\/l\\\/svm-temp\\\/wp-content\\\/uploads\\\/2025\\\/02\\\/SvM-logo-Xtra-Centrerad-SVART.png\",\"width\":300,\"height\":99,\"caption\":\"Melkerson y Nott SL\"},\"image\":{\"@id\":\"https:\\\/\\\/lightweb.dev\\\/l\\\/svm-temp\\\/#\\\/schema\\\/logo\\\/image\\\/\"},\"sameAs\":[\"https:\\\/\\\/www.facebook.com\\\/svenskamagasinet\",\"https:\\\/\\\/x.com\\\/SvenskaMagasine\"]},{\"@type\":\"Person\",\"@id\":\"https:\\\/\\\/lightweb.dev\\\/l\\\/svm-temp\\\/#\\\/schema\\\/person\\\/206a3bda5b607b0c25e1749191e4d837\",\"name\":\"Redaktionen SvM\",\"description\":\"Redaktionen\",\"sameAs\":[\"https:\\\/\\\/lightweb.dev\\\/l\\\/svm-temp\"],\"url\":\"https:\\\/\\\/lightweb.dev\\\/l\\\/svm-temp\\\/reporter\\\/redaktionen\\\/\"}]}<\/script>\n<!-- \/ Yoast SEO Premium plugin. -->","yoast_head_json":{"title":"P\u00e5 s\u00f6ndag: M\u00e1lagas maraton sl\u00e5r rekord \u2013 46 svenskar p\u00e5 startlinjen - Svenska Magasinet","robots":{"index":"noindex","follow":"follow","max-snippet":"max-snippet:-1","max-image-preview":"max-image-preview:large","max-video-preview":"max-video-preview:-1"},"og_locale":"sv_SE","og_type":"article","og_title":"P\u00e5 s\u00f6ndag: M\u00e1lagas maraton sl\u00e5r rekord \u2013 46 svenskar p\u00e5 startlinjen","og_description":"M\u00e1lagas maratonlopp sl\u00e5r i \u00e5r rekord med 3.750 anm\u00e4lda vilket \u00e4r cirka 750 fler l\u00f6pare j\u00e4mf\u00f6rt med f\u00f6rra loppet. L\u00f6pare fr\u00e5n 51 l\u00e4nder finns med p\u00e5 startlinjen. P\u00e5 s\u00f6ndag klockan 08.30 g\u00e5r M\u00e1lagas maratonlopp med start vid Paseo del Parque i centrala M\u00e1laga. Den som bes\u00f6ker en strandpromenad tidigt en morgon kan konstatera att intresset [&hellip;]","og_url":"https:\/\/lightweb.dev\/l\/svm-temp\/nyheter\/pa-sondag-malagas-maraton-slar-rekord-46-svenskar-pa-startlinjen\/","og_site_name":"Svenska Magasinet","article_publisher":"https:\/\/www.facebook.com\/svenskamagasinet","article_published_time":"2015-12-03T23:00:00+00:00","og_image":[{"width":544,"height":200,"url":"https:\/\/lightweb.dev\/l\/svm-temp\/wp-content\/uploads\/2022\/06\/pa-sondag-malagas-maraton-slar-rekord-46-svenskar-pa-startlinjen.png","type":"image\/png"}],"author":"Redaktionen SvM","twitter_card":"summary_large_image","twitter_creator":"@SvenskaMagasine","twitter_site":"@SvenskaMagasine","schema":{"@context":"https:\/\/schema.org","@graph":[{"@type":"Article","@id":"https:\/\/lightweb.dev\/l\/svm-temp\/nyheter\/pa-sondag-malagas-maraton-slar-rekord-46-svenskar-pa-startlinjen\/#article","isPartOf":{"@id":"https:\/\/lightweb.dev\/l\/svm-temp\/nyheter\/pa-sondag-malagas-maraton-slar-rekord-46-svenskar-pa-startlinjen\/"},"author":{"name":"Redaktionen SvM","@id":"https:\/\/lightweb.dev\/l\/svm-temp\/#\/schema\/person\/206a3bda5b607b0c25e1749191e4d837"},"headline":"P\u00e5 s\u00f6ndag: M\u00e1lagas maraton sl\u00e5r rekord \u2013 46 svenskar p\u00e5 startlinjen","datePublished":"2015-12-03T23:00:00+00:00","mainEntityOfPage":{"@id":"https:\/\/lightweb.dev\/l\/svm-temp\/nyheter\/pa-sondag-malagas-maraton-slar-rekord-46-svenskar-pa-startlinjen\/"},"wordCount":197,"commentCount":0,"publisher":{"@id":"https:\/\/lightweb.dev\/l\/svm-temp\/#organization"},"image":{"@id":"https:\/\/lightweb.dev\/l\/svm-temp\/nyheter\/pa-sondag-malagas-maraton-slar-rekord-46-svenskar-pa-startlinjen\/#primaryimage"},"thumbnailUrl":"https:\/\/lightweb.dev\/l\/svm-temp\/wp-content\/uploads\/2022\/06\/pa-sondag-malagas-maraton-slar-rekord-46-svenskar-pa-startlinjen.png","articleSection":["Arkiv","Nyheter"],"inLanguage":"sv-SE"},{"@type":"WebPage","@id":"https:\/\/lightweb.dev\/l\/svm-temp\/nyheter\/pa-sondag-malagas-maraton-slar-rekord-46-svenskar-pa-startlinjen\/","url":"https:\/\/lightweb.dev\/l\/svm-temp\/nyheter\/pa-sondag-malagas-maraton-slar-rekord-46-svenskar-pa-startlinjen\/","name":"P\u00e5 s\u00f6ndag: M\u00e1lagas maraton sl\u00e5r rekord \u2013 46 svenskar p\u00e5 startlinjen - Svenska Magasinet","isPartOf":{"@id":"https:\/\/lightweb.dev\/l\/svm-temp\/#website"},"primaryImageOfPage":{"@id":"https:\/\/lightweb.dev\/l\/svm-temp\/nyheter\/pa-sondag-malagas-maraton-slar-rekord-46-svenskar-pa-startlinjen\/#primaryimage"},"image":{"@id":"https:\/\/lightweb.dev\/l\/svm-temp\/nyheter\/pa-sondag-malagas-maraton-slar-rekord-46-svenskar-pa-startlinjen\/#primaryimage"},"thumbnailUrl":"https:\/\/lightweb.dev\/l\/svm-temp\/wp-content\/uploads\/2022\/06\/pa-sondag-malagas-maraton-slar-rekord-46-svenskar-pa-startlinjen.png","datePublished":"2015-12-03T23:00:00+00:00","breadcrumb":{"@id":"https:\/\/lightweb.dev\/l\/svm-temp\/nyheter\/pa-sondag-malagas-maraton-slar-rekord-46-svenskar-pa-startlinjen\/#breadcrumb"},"inLanguage":"sv-SE","potentialAction":[{"@type":"ReadAction","target":["https:\/\/lightweb.dev\/l\/svm-temp\/nyheter\/pa-sondag-malagas-maraton-slar-rekord-46-svenskar-pa-startlinjen\/"]}]},{"@type":"ImageObject","inLanguage":"sv-SE","@id":"https:\/\/lightweb.dev\/l\/svm-temp\/nyheter\/pa-sondag-malagas-maraton-slar-rekord-46-svenskar-pa-startlinjen\/#primaryimage","url":"https:\/\/lightweb.dev\/l\/svm-temp\/wp-content\/uploads\/2022\/06\/pa-sondag-malagas-maraton-slar-rekord-46-svenskar-pa-startlinjen.png","contentUrl":"https:\/\/lightweb.dev\/l\/svm-temp\/wp-content\/uploads\/2022\/06\/pa-sondag-malagas-maraton-slar-rekord-46-svenskar-pa-startlinjen.png","width":544,"height":200},{"@type":"BreadcrumbList","@id":"https:\/\/lightweb.dev\/l\/svm-temp\/nyheter\/pa-sondag-malagas-maraton-slar-rekord-46-svenskar-pa-startlinjen\/#breadcrumb","itemListElement":[{"@type":"ListItem","position":1,"name":"Hem","item":"https:\/\/lightweb.dev\/l\/svm-temp\/"},{"@type":"ListItem","position":2,"name":"P\u00e5 s\u00f6ndag: M\u00e1lagas maraton sl\u00e5r rekord \u2013 46 svenskar p\u00e5 startlinjen"}]},{"@type":"WebSite","@id":"https:\/\/lightweb.dev\/l\/svm-temp\/#website","url":"https:\/\/lightweb.dev\/l\/svm-temp\/","name":"Svenska Magasinet","description":"Dina Spanska nyheter p&aring; Svenska","publisher":{"@id":"https:\/\/lightweb.dev\/l\/svm-temp\/#organization"},"potentialAction":[{"@type":"SearchAction","target":{"@type":"EntryPoint","urlTemplate":"https:\/\/lightweb.dev\/l\/svm-temp\/?s={search_term_string}"},"query-input":{"@type":"PropertyValueSpecification","valueRequired":true,"valueName":"search_term_string"}}],"inLanguage":"sv-SE"},{"@type":"Organization","@id":"https:\/\/lightweb.dev\/l\/svm-temp\/#organization","name":"Melkerson y Nott SL","alternateName":"Svenska Magasinet","url":"https:\/\/lightweb.dev\/l\/svm-temp\/","logo":{"@type":"ImageObject","inLanguage":"sv-SE","@id":"https:\/\/lightweb.dev\/l\/svm-temp\/#\/schema\/logo\/image\/","url":"https:\/\/lightweb.dev\/l\/svm-temp\/wp-content\/uploads\/2025\/02\/SvM-logo-Xtra-Centrerad-SVART.png","contentUrl":"https:\/\/lightweb.dev\/l\/svm-temp\/wp-content\/uploads\/2025\/02\/SvM-logo-Xtra-Centrerad-SVART.png","width":300,"height":99,"caption":"Melkerson y Nott SL"},"image":{"@id":"https:\/\/lightweb.dev\/l\/svm-temp\/#\/schema\/logo\/image\/"},"sameAs":["https:\/\/www.facebook.com\/svenskamagasinet","https:\/\/x.com\/SvenskaMagasine"]},{"@type":"Person","@id":"https:\/\/lightweb.dev\/l\/svm-temp\/#\/schema\/person\/206a3bda5b607b0c25e1749191e4d837","name":"Redaktionen SvM","description":"Redaktionen","sameAs":["https:\/\/lightweb.dev\/l\/svm-temp"],"url":"https:\/\/lightweb.dev\/l\/svm-temp\/reporter\/redaktionen\/"}]}},"_links":{"self":[{"href":"https:\/\/lightweb.dev\/l\/svm-temp\/wp-json\/wp\/v2\/posts\/23107","targetHints":{"allow":["GET"]}}],"collection":[{"href":"https:\/\/lightweb.dev\/l\/svm-temp\/wp-json\/wp\/v2\/posts"}],"about":[{"href":"https:\/\/lightweb.dev\/l\/svm-temp\/wp-json\/wp\/v2\/types\/post"}],"author":[{"embeddable":true,"href":"https:\/\/lightweb.dev\/l\/svm-temp\/wp-json\/wp\/v2\/users\/8"}],"replies":[{"embeddable":true,"href":"https:\/\/lightweb.dev\/l\/svm-temp\/wp-json\/wp\/v2\/comments?post=23107"}],"version-history":[{"count":0,"href":"https:\/\/lightweb.dev\/l\/svm-temp\/wp-json\/wp\/v2\/posts\/23107\/revisions"}],"wp:featuredmedia":[{"embeddable":true,"href":"https:\/\/lightweb.dev\/l\/svm-temp\/wp-json\/wp\/v2\/media\/23108"}],"wp:attachment":[{"href":"https:\/\/lightweb.dev\/l\/svm-temp\/wp-json\/wp\/v2\/media?parent=23107"}],"wp:term":[{"taxonomy":"category","embeddable":true,"href":"https:\/\/lightweb.dev\/l\/svm-temp\/wp-json\/wp\/v2\/categories?post=23107"},{"taxonomy":"post_tag","embeddable":true,"href":"https:\/\/lightweb.dev\/l\/svm-temp\/wp-json\/wp\/v2\/tags?post=23107"}],"curies":[{"name":"wp","href":"https:\/\/api.w.org\/{rel}","templated":true}]}}