{"id":23109,"date":"2015-12-04T00:00:00","date_gmt":"2015-12-03T23:00:00","guid":{"rendered":"https:\/\/lightweb.dev\/l\/svm-temp\/nyheter\/spanien-vill-se-noggrannare-kontroller-vid-eus-yttre-grans\/"},"modified":"2015-12-04T00:00:00","modified_gmt":"2015-12-03T23:00:00","slug":"spanien-vill-se-noggrannare-kontroller-vid-eus-yttre-grans","status":"publish","type":"post","link":"https:\/\/lightweb.dev\/l\/svm-temp\/nyheter\/spanien-vill-se-noggrannare-kontroller-vid-eus-yttre-grans\/","title":{"rendered":"Spanien vill se noggrannare kontroller vid EU:s yttre gr\u00e4ns"},"content":{"rendered":"<p> Spaniens inrikesminister Jorge Fern\u00e1ndez D\u00edaz f\u00f6rsvarar och betonar den fria r\u00f6rligheten inom EU som ocks\u00e5 h\u00f6r till regelverket inom Schengenomr\u00e5det. Samtidigt f\u00f6rsvarar den spanske ministern behovet av att genomf\u00f6ra noggrannare kontroller vid de yttre gr\u00e4nserna som ett s\u00e4tt att garantera fri r\u00f6rlighet inom EU.<\/p>\n<p>Fern\u00e1ndez D\u00edaz kom till Bryssel under fredagen d\u00e4r han m\u00f6tte inrikesministrar fr\u00e5n de \u00f6vriga EU-l\u00e4nderna d\u00e4ribland Sveriges inrikesminister Anders Ygeman (bilden).<\/p>\n<p>Vid en presskonferens klargjorde Jorge Fern\u00e1ndez D\u00edaz att noggrannare kontroller vid de yttre gr\u00e4nserna \u00e4r det b\u00e4sta f\u00f6r unionen eftersom det kommer att garantera en fri inre r\u00f6rlighet. Det blir inte n\u00f6dv\u00e4ndigt med ut\u00f6kade kontroller vid de inre gr\u00e4nserna.<\/p>\n<p>P\u00e5 fredagen diskuterades det om att utvidga de tillf\u00e4lliga kontrollerna inom EU fr\u00e5n sex m\u00e5nader till h\u00f6gst tv\u00e5 \u00e5r.<\/p>\n<p>Den spanske inrikesministern sa ocks\u00e5 att Spanien kan t\u00e4nka sig hj\u00e4lpa Grekland med Frontex och att bevaka den yttre gr\u00e4nsen eftersom Spanien har en bred erfarenhet av att g\u00f6ra det. Spanien \u00e4r ocks\u00e5 bland de stater som har mest personal som \u00e4r specialiserade p\u00e5 gr\u00e4nskontroll.<\/p>\n<p>Sedan n\u00e5gra veckor tillbaka har Spanien erbjudit sig att s\u00e4nda 50 personer till gr\u00e4nsen i Grekland. <\/p>\n","protected":false},"excerpt":{"rendered":"<p>Spaniens inrikesminister Jorge Fern\u00e1ndez D\u00edaz f\u00f6rsvarar och betonar den fria r\u00f6rligheten inom EU som ocks\u00e5 h\u00f6r till regelverket inom Schengenomr\u00e5det. Samtidigt f\u00f6rsvarar den spanske ministern behovet av att genomf\u00f6ra noggrannare kontroller vid de yttre gr\u00e4nserna som ett s\u00e4tt att garantera fri r\u00f6rlighet inom EU. Fern\u00e1ndez D\u00edaz kom till Bryssel under fredagen d\u00e4r han m\u00f6tte inrikesministrar [&hellip;]<\/p>\n","protected":false},"author":8,"featured_media":23110,"comment_status":"open","ping_status":"open","sticky":false,"template":"","format":"standard","meta":{"_et_pb_use_builder":"","_et_pb_old_content":"","_et_gb_content_width":"","footnotes":""},"categories":[395,3],"tags":[],"class_list":["post-23109","post","type-post","status-publish","format-standard","has-post-thumbnail","hentry","category-arkiv-nyheter","category-nyheter"],"yoast_head":"<!-- This site is optimized with the Yoast SEO Premium plugin v26.2 (Yoast SEO v27.5) - https:\/\/yoast.com\/product\/yoast-seo-premium-wordpress\/ -->\n<title>Spanien vill se noggrannare kontroller vid EU:s yttre gr\u00e4ns - Svenska Magasinet<\/title>\n<meta name=\"robots\" content=\"noindex, follow, max-snippet:-1, max-image-preview:large, max-video-preview:-1\" \/>\n<meta property=\"og:locale\" content=\"sv_SE\" \/>\n<meta property=\"og:type\" content=\"article\" \/>\n<meta property=\"og:title\" content=\"Spanien vill se noggrannare kontroller vid EU:s yttre gr\u00e4ns\" \/>\n<meta property=\"og:description\" content=\"Spaniens inrikesminister Jorge Fern\u00e1ndez D\u00edaz f\u00f6rsvarar och betonar den fria r\u00f6rligheten inom EU som ocks\u00e5 h\u00f6r till regelverket inom Schengenomr\u00e5det. Samtidigt f\u00f6rsvarar den spanske ministern behovet av att genomf\u00f6ra noggrannare kontroller vid de yttre gr\u00e4nserna som ett s\u00e4tt att garantera fri r\u00f6rlighet inom EU. Fern\u00e1ndez D\u00edaz kom till Bryssel under fredagen d\u00e4r han m\u00f6tte inrikesministrar [&hellip;]\" \/>\n<meta property=\"og:url\" content=\"https:\/\/lightweb.dev\/l\/svm-temp\/nyheter\/spanien-vill-se-noggrannare-kontroller-vid-eus-yttre-grans\/\" \/>\n<meta property=\"og:site_name\" content=\"Svenska Magasinet\" \/>\n<meta property=\"article:publisher\" content=\"https:\/\/www.facebook.com\/svenskamagasinet\" \/>\n<meta property=\"article:published_time\" content=\"2015-12-03T23:00:00+00:00\" \/>\n<meta property=\"og:image\" content=\"https:\/\/lightweb.dev\/l\/svm-temp\/wp-content\/uploads\/2022\/06\/spanien-vill-se-noggrannare-kontroller-vid-eus-yttre-grans.png\" \/>\n\t<meta property=\"og:image:width\" content=\"280\" \/>\n\t<meta property=\"og:image:height\" content=\"204\" \/>\n\t<meta property=\"og:image:type\" content=\"image\/png\" \/>\n<meta name=\"author\" content=\"Redaktionen SvM\" \/>\n<meta name=\"twitter:card\" content=\"summary_large_image\" \/>\n<meta name=\"twitter:creator\" content=\"@SvenskaMagasine\" \/>\n<meta name=\"twitter:site\" content=\"@SvenskaMagasine\" \/>\n<script type=\"application\/ld+json\" class=\"yoast-schema-graph\">{\"@context\":\"https:\\\/\\\/schema.org\",\"@graph\":[{\"@type\":\"Article\",\"@id\":\"https:\\\/\\\/lightweb.dev\\\/l\\\/svm-temp\\\/nyheter\\\/spanien-vill-se-noggrannare-kontroller-vid-eus-yttre-grans\\\/#article\",\"isPartOf\":{\"@id\":\"https:\\\/\\\/lightweb.dev\\\/l\\\/svm-temp\\\/nyheter\\\/spanien-vill-se-noggrannare-kontroller-vid-eus-yttre-grans\\\/\"},\"author\":{\"name\":\"Redaktionen SvM\",\"@id\":\"https:\\\/\\\/lightweb.dev\\\/l\\\/svm-temp\\\/#\\\/schema\\\/person\\\/206a3bda5b607b0c25e1749191e4d837\"},\"headline\":\"Spanien vill se noggrannare kontroller vid EU:s yttre gr\u00e4ns\",\"datePublished\":\"2015-12-03T23:00:00+00:00\",\"mainEntityOfPage\":{\"@id\":\"https:\\\/\\\/lightweb.dev\\\/l\\\/svm-temp\\\/nyheter\\\/spanien-vill-se-noggrannare-kontroller-vid-eus-yttre-grans\\\/\"},\"wordCount\":234,\"commentCount\":0,\"publisher\":{\"@id\":\"https:\\\/\\\/lightweb.dev\\\/l\\\/svm-temp\\\/#organization\"},\"image\":{\"@id\":\"https:\\\/\\\/lightweb.dev\\\/l\\\/svm-temp\\\/nyheter\\\/spanien-vill-se-noggrannare-kontroller-vid-eus-yttre-grans\\\/#primaryimage\"},\"thumbnailUrl\":\"https:\\\/\\\/lightweb.dev\\\/l\\\/svm-temp\\\/wp-content\\\/uploads\\\/2022\\\/06\\\/spanien-vill-se-noggrannare-kontroller-vid-eus-yttre-grans.png\",\"articleSection\":[\"Arkiv\",\"Nyheter\"],\"inLanguage\":\"sv-SE\"},{\"@type\":\"WebPage\",\"@id\":\"https:\\\/\\\/lightweb.dev\\\/l\\\/svm-temp\\\/nyheter\\\/spanien-vill-se-noggrannare-kontroller-vid-eus-yttre-grans\\\/\",\"url\":\"https:\\\/\\\/lightweb.dev\\\/l\\\/svm-temp\\\/nyheter\\\/spanien-vill-se-noggrannare-kontroller-vid-eus-yttre-grans\\\/\",\"name\":\"Spanien vill se noggrannare kontroller vid EU:s yttre gr\u00e4ns - Svenska Magasinet\",\"isPartOf\":{\"@id\":\"https:\\\/\\\/lightweb.dev\\\/l\\\/svm-temp\\\/#website\"},\"primaryImageOfPage\":{\"@id\":\"https:\\\/\\\/lightweb.dev\\\/l\\\/svm-temp\\\/nyheter\\\/spanien-vill-se-noggrannare-kontroller-vid-eus-yttre-grans\\\/#primaryimage\"},\"image\":{\"@id\":\"https:\\\/\\\/lightweb.dev\\\/l\\\/svm-temp\\\/nyheter\\\/spanien-vill-se-noggrannare-kontroller-vid-eus-yttre-grans\\\/#primaryimage\"},\"thumbnailUrl\":\"https:\\\/\\\/lightweb.dev\\\/l\\\/svm-temp\\\/wp-content\\\/uploads\\\/2022\\\/06\\\/spanien-vill-se-noggrannare-kontroller-vid-eus-yttre-grans.png\",\"datePublished\":\"2015-12-03T23:00:00+00:00\",\"breadcrumb\":{\"@id\":\"https:\\\/\\\/lightweb.dev\\\/l\\\/svm-temp\\\/nyheter\\\/spanien-vill-se-noggrannare-kontroller-vid-eus-yttre-grans\\\/#breadcrumb\"},\"inLanguage\":\"sv-SE\",\"potentialAction\":[{\"@type\":\"ReadAction\",\"target\":[\"https:\\\/\\\/lightweb.dev\\\/l\\\/svm-temp\\\/nyheter\\\/spanien-vill-se-noggrannare-kontroller-vid-eus-yttre-grans\\\/\"]}]},{\"@type\":\"ImageObject\",\"inLanguage\":\"sv-SE\",\"@id\":\"https:\\\/\\\/lightweb.dev\\\/l\\\/svm-temp\\\/nyheter\\\/spanien-vill-se-noggrannare-kontroller-vid-eus-yttre-grans\\\/#primaryimage\",\"url\":\"https:\\\/\\\/lightweb.dev\\\/l\\\/svm-temp\\\/wp-content\\\/uploads\\\/2022\\\/06\\\/spanien-vill-se-noggrannare-kontroller-vid-eus-yttre-grans.png\",\"contentUrl\":\"https:\\\/\\\/lightweb.dev\\\/l\\\/svm-temp\\\/wp-content\\\/uploads\\\/2022\\\/06\\\/spanien-vill-se-noggrannare-kontroller-vid-eus-yttre-grans.png\",\"width\":280,\"height\":204},{\"@type\":\"BreadcrumbList\",\"@id\":\"https:\\\/\\\/lightweb.dev\\\/l\\\/svm-temp\\\/nyheter\\\/spanien-vill-se-noggrannare-kontroller-vid-eus-yttre-grans\\\/#breadcrumb\",\"itemListElement\":[{\"@type\":\"ListItem\",\"position\":1,\"name\":\"Hem\",\"item\":\"https:\\\/\\\/lightweb.dev\\\/l\\\/svm-temp\\\/\"},{\"@type\":\"ListItem\",\"position\":2,\"name\":\"Spanien vill se noggrannare kontroller vid EU:s yttre gr\u00e4ns\"}]},{\"@type\":\"WebSite\",\"@id\":\"https:\\\/\\\/lightweb.dev\\\/l\\\/svm-temp\\\/#website\",\"url\":\"https:\\\/\\\/lightweb.dev\\\/l\\\/svm-temp\\\/\",\"name\":\"Svenska Magasinet\",\"description\":\"Dina Spanska nyheter p&aring; Svenska\",\"publisher\":{\"@id\":\"https:\\\/\\\/lightweb.dev\\\/l\\\/svm-temp\\\/#organization\"},\"potentialAction\":[{\"@type\":\"SearchAction\",\"target\":{\"@type\":\"EntryPoint\",\"urlTemplate\":\"https:\\\/\\\/lightweb.dev\\\/l\\\/svm-temp\\\/?s={search_term_string}\"},\"query-input\":{\"@type\":\"PropertyValueSpecification\",\"valueRequired\":true,\"valueName\":\"search_term_string\"}}],\"inLanguage\":\"sv-SE\"},{\"@type\":\"Organization\",\"@id\":\"https:\\\/\\\/lightweb.dev\\\/l\\\/svm-temp\\\/#organization\",\"name\":\"Melkerson y Nott SL\",\"alternateName\":\"Svenska Magasinet\",\"url\":\"https:\\\/\\\/lightweb.dev\\\/l\\\/svm-temp\\\/\",\"logo\":{\"@type\":\"ImageObject\",\"inLanguage\":\"sv-SE\",\"@id\":\"https:\\\/\\\/lightweb.dev\\\/l\\\/svm-temp\\\/#\\\/schema\\\/logo\\\/image\\\/\",\"url\":\"https:\\\/\\\/lightweb.dev\\\/l\\\/svm-temp\\\/wp-content\\\/uploads\\\/2025\\\/02\\\/SvM-logo-Xtra-Centrerad-SVART.png\",\"contentUrl\":\"https:\\\/\\\/lightweb.dev\\\/l\\\/svm-temp\\\/wp-content\\\/uploads\\\/2025\\\/02\\\/SvM-logo-Xtra-Centrerad-SVART.png\",\"width\":300,\"height\":99,\"caption\":\"Melkerson y Nott SL\"},\"image\":{\"@id\":\"https:\\\/\\\/lightweb.dev\\\/l\\\/svm-temp\\\/#\\\/schema\\\/logo\\\/image\\\/\"},\"sameAs\":[\"https:\\\/\\\/www.facebook.com\\\/svenskamagasinet\",\"https:\\\/\\\/x.com\\\/SvenskaMagasine\"]},{\"@type\":\"Person\",\"@id\":\"https:\\\/\\\/lightweb.dev\\\/l\\\/svm-temp\\\/#\\\/schema\\\/person\\\/206a3bda5b607b0c25e1749191e4d837\",\"name\":\"Redaktionen SvM\",\"description\":\"Redaktionen\",\"sameAs\":[\"https:\\\/\\\/lightweb.dev\\\/l\\\/svm-temp\"],\"url\":\"https:\\\/\\\/lightweb.dev\\\/l\\\/svm-temp\\\/reporter\\\/redaktionen\\\/\"}]}<\/script>\n<!-- \/ Yoast SEO Premium plugin. -->","yoast_head_json":{"title":"Spanien vill se noggrannare kontroller vid EU:s yttre gr\u00e4ns - Svenska Magasinet","robots":{"index":"noindex","follow":"follow","max-snippet":"max-snippet:-1","max-image-preview":"max-image-preview:large","max-video-preview":"max-video-preview:-1"},"og_locale":"sv_SE","og_type":"article","og_title":"Spanien vill se noggrannare kontroller vid EU:s yttre gr\u00e4ns","og_description":"Spaniens inrikesminister Jorge Fern\u00e1ndez D\u00edaz f\u00f6rsvarar och betonar den fria r\u00f6rligheten inom EU som ocks\u00e5 h\u00f6r till regelverket inom Schengenomr\u00e5det. Samtidigt f\u00f6rsvarar den spanske ministern behovet av att genomf\u00f6ra noggrannare kontroller vid de yttre gr\u00e4nserna som ett s\u00e4tt att garantera fri r\u00f6rlighet inom EU. Fern\u00e1ndez D\u00edaz kom till Bryssel under fredagen d\u00e4r han m\u00f6tte inrikesministrar [&hellip;]","og_url":"https:\/\/lightweb.dev\/l\/svm-temp\/nyheter\/spanien-vill-se-noggrannare-kontroller-vid-eus-yttre-grans\/","og_site_name":"Svenska Magasinet","article_publisher":"https:\/\/www.facebook.com\/svenskamagasinet","article_published_time":"2015-12-03T23:00:00+00:00","og_image":[{"width":280,"height":204,"url":"https:\/\/lightweb.dev\/l\/svm-temp\/wp-content\/uploads\/2022\/06\/spanien-vill-se-noggrannare-kontroller-vid-eus-yttre-grans.png","type":"image\/png"}],"author":"Redaktionen SvM","twitter_card":"summary_large_image","twitter_creator":"@SvenskaMagasine","twitter_site":"@SvenskaMagasine","schema":{"@context":"https:\/\/schema.org","@graph":[{"@type":"Article","@id":"https:\/\/lightweb.dev\/l\/svm-temp\/nyheter\/spanien-vill-se-noggrannare-kontroller-vid-eus-yttre-grans\/#article","isPartOf":{"@id":"https:\/\/lightweb.dev\/l\/svm-temp\/nyheter\/spanien-vill-se-noggrannare-kontroller-vid-eus-yttre-grans\/"},"author":{"name":"Redaktionen SvM","@id":"https:\/\/lightweb.dev\/l\/svm-temp\/#\/schema\/person\/206a3bda5b607b0c25e1749191e4d837"},"headline":"Spanien vill se noggrannare kontroller vid EU:s yttre gr\u00e4ns","datePublished":"2015-12-03T23:00:00+00:00","mainEntityOfPage":{"@id":"https:\/\/lightweb.dev\/l\/svm-temp\/nyheter\/spanien-vill-se-noggrannare-kontroller-vid-eus-yttre-grans\/"},"wordCount":234,"commentCount":0,"publisher":{"@id":"https:\/\/lightweb.dev\/l\/svm-temp\/#organization"},"image":{"@id":"https:\/\/lightweb.dev\/l\/svm-temp\/nyheter\/spanien-vill-se-noggrannare-kontroller-vid-eus-yttre-grans\/#primaryimage"},"thumbnailUrl":"https:\/\/lightweb.dev\/l\/svm-temp\/wp-content\/uploads\/2022\/06\/spanien-vill-se-noggrannare-kontroller-vid-eus-yttre-grans.png","articleSection":["Arkiv","Nyheter"],"inLanguage":"sv-SE"},{"@type":"WebPage","@id":"https:\/\/lightweb.dev\/l\/svm-temp\/nyheter\/spanien-vill-se-noggrannare-kontroller-vid-eus-yttre-grans\/","url":"https:\/\/lightweb.dev\/l\/svm-temp\/nyheter\/spanien-vill-se-noggrannare-kontroller-vid-eus-yttre-grans\/","name":"Spanien vill se noggrannare kontroller vid EU:s yttre gr\u00e4ns - Svenska Magasinet","isPartOf":{"@id":"https:\/\/lightweb.dev\/l\/svm-temp\/#website"},"primaryImageOfPage":{"@id":"https:\/\/lightweb.dev\/l\/svm-temp\/nyheter\/spanien-vill-se-noggrannare-kontroller-vid-eus-yttre-grans\/#primaryimage"},"image":{"@id":"https:\/\/lightweb.dev\/l\/svm-temp\/nyheter\/spanien-vill-se-noggrannare-kontroller-vid-eus-yttre-grans\/#primaryimage"},"thumbnailUrl":"https:\/\/lightweb.dev\/l\/svm-temp\/wp-content\/uploads\/2022\/06\/spanien-vill-se-noggrannare-kontroller-vid-eus-yttre-grans.png","datePublished":"2015-12-03T23:00:00+00:00","breadcrumb":{"@id":"https:\/\/lightweb.dev\/l\/svm-temp\/nyheter\/spanien-vill-se-noggrannare-kontroller-vid-eus-yttre-grans\/#breadcrumb"},"inLanguage":"sv-SE","potentialAction":[{"@type":"ReadAction","target":["https:\/\/lightweb.dev\/l\/svm-temp\/nyheter\/spanien-vill-se-noggrannare-kontroller-vid-eus-yttre-grans\/"]}]},{"@type":"ImageObject","inLanguage":"sv-SE","@id":"https:\/\/lightweb.dev\/l\/svm-temp\/nyheter\/spanien-vill-se-noggrannare-kontroller-vid-eus-yttre-grans\/#primaryimage","url":"https:\/\/lightweb.dev\/l\/svm-temp\/wp-content\/uploads\/2022\/06\/spanien-vill-se-noggrannare-kontroller-vid-eus-yttre-grans.png","contentUrl":"https:\/\/lightweb.dev\/l\/svm-temp\/wp-content\/uploads\/2022\/06\/spanien-vill-se-noggrannare-kontroller-vid-eus-yttre-grans.png","width":280,"height":204},{"@type":"BreadcrumbList","@id":"https:\/\/lightweb.dev\/l\/svm-temp\/nyheter\/spanien-vill-se-noggrannare-kontroller-vid-eus-yttre-grans\/#breadcrumb","itemListElement":[{"@type":"ListItem","position":1,"name":"Hem","item":"https:\/\/lightweb.dev\/l\/svm-temp\/"},{"@type":"ListItem","position":2,"name":"Spanien vill se noggrannare kontroller vid EU:s yttre gr\u00e4ns"}]},{"@type":"WebSite","@id":"https:\/\/lightweb.dev\/l\/svm-temp\/#website","url":"https:\/\/lightweb.dev\/l\/svm-temp\/","name":"Svenska Magasinet","description":"Dina Spanska nyheter p&aring; Svenska","publisher":{"@id":"https:\/\/lightweb.dev\/l\/svm-temp\/#organization"},"potentialAction":[{"@type":"SearchAction","target":{"@type":"EntryPoint","urlTemplate":"https:\/\/lightweb.dev\/l\/svm-temp\/?s={search_term_string}"},"query-input":{"@type":"PropertyValueSpecification","valueRequired":true,"valueName":"search_term_string"}}],"inLanguage":"sv-SE"},{"@type":"Organization","@id":"https:\/\/lightweb.dev\/l\/svm-temp\/#organization","name":"Melkerson y Nott SL","alternateName":"Svenska Magasinet","url":"https:\/\/lightweb.dev\/l\/svm-temp\/","logo":{"@type":"ImageObject","inLanguage":"sv-SE","@id":"https:\/\/lightweb.dev\/l\/svm-temp\/#\/schema\/logo\/image\/","url":"https:\/\/lightweb.dev\/l\/svm-temp\/wp-content\/uploads\/2025\/02\/SvM-logo-Xtra-Centrerad-SVART.png","contentUrl":"https:\/\/lightweb.dev\/l\/svm-temp\/wp-content\/uploads\/2025\/02\/SvM-logo-Xtra-Centrerad-SVART.png","width":300,"height":99,"caption":"Melkerson y Nott SL"},"image":{"@id":"https:\/\/lightweb.dev\/l\/svm-temp\/#\/schema\/logo\/image\/"},"sameAs":["https:\/\/www.facebook.com\/svenskamagasinet","https:\/\/x.com\/SvenskaMagasine"]},{"@type":"Person","@id":"https:\/\/lightweb.dev\/l\/svm-temp\/#\/schema\/person\/206a3bda5b607b0c25e1749191e4d837","name":"Redaktionen SvM","description":"Redaktionen","sameAs":["https:\/\/lightweb.dev\/l\/svm-temp"],"url":"https:\/\/lightweb.dev\/l\/svm-temp\/reporter\/redaktionen\/"}]}},"_links":{"self":[{"href":"https:\/\/lightweb.dev\/l\/svm-temp\/wp-json\/wp\/v2\/posts\/23109","targetHints":{"allow":["GET"]}}],"collection":[{"href":"https:\/\/lightweb.dev\/l\/svm-temp\/wp-json\/wp\/v2\/posts"}],"about":[{"href":"https:\/\/lightweb.dev\/l\/svm-temp\/wp-json\/wp\/v2\/types\/post"}],"author":[{"embeddable":true,"href":"https:\/\/lightweb.dev\/l\/svm-temp\/wp-json\/wp\/v2\/users\/8"}],"replies":[{"embeddable":true,"href":"https:\/\/lightweb.dev\/l\/svm-temp\/wp-json\/wp\/v2\/comments?post=23109"}],"version-history":[{"count":0,"href":"https:\/\/lightweb.dev\/l\/svm-temp\/wp-json\/wp\/v2\/posts\/23109\/revisions"}],"wp:featuredmedia":[{"embeddable":true,"href":"https:\/\/lightweb.dev\/l\/svm-temp\/wp-json\/wp\/v2\/media\/23110"}],"wp:attachment":[{"href":"https:\/\/lightweb.dev\/l\/svm-temp\/wp-json\/wp\/v2\/media?parent=23109"}],"wp:term":[{"taxonomy":"category","embeddable":true,"href":"https:\/\/lightweb.dev\/l\/svm-temp\/wp-json\/wp\/v2\/categories?post=23109"},{"taxonomy":"post_tag","embeddable":true,"href":"https:\/\/lightweb.dev\/l\/svm-temp\/wp-json\/wp\/v2\/tags?post=23109"}],"curies":[{"name":"wp","href":"https:\/\/api.w.org\/{rel}","templated":true}]}}