{"id":23111,"date":"2015-12-03T00:00:00","date_gmt":"2015-12-02T23:00:00","guid":{"rendered":"https:\/\/lightweb.dev\/l\/svm-temp\/nyheter\/finlandare-europamastare-i-radiostyrda-bilar-i-almunecar\/"},"modified":"2015-12-03T00:00:00","modified_gmt":"2015-12-02T23:00:00","slug":"finlandare-europamastare-i-radiostyrda-bilar-i-almunecar","status":"publish","type":"post","link":"https:\/\/lightweb.dev\/l\/svm-temp\/nyheter\/finlandare-europamastare-i-radiostyrda-bilar-i-almunecar\/","title":{"rendered":"Finl\u00e4ndare Europam\u00e4stare i radiostyrda bilar i Almu\u00f1\u00e9car"},"content":{"rendered":"<p> N\u00e4r Europam\u00e4sterskapet i RC-bilar genomf\u00f6rdes p\u00e5 stranden \u201cEl Tesorillo\u201d i Almu\u00f1\u00e9car s\u00e5 vann finl\u00e4ndaren Samu Sarka samtliga klasser. 33 t\u00e4vlande fr\u00e5n \u00e5tta l\u00e4nder fanns med d\u00e4ribland Norge och Sverige.<\/p>\n<p>Samu Sarka sopade banan fullst\u00e4ndigt och vann samtliga klasser och var den som klarade de sv\u00e5ra banorna b\u00e4st som \u201cEurocrawling\u201d. Sarka vann kategori 2.2 Pro liksom 2.2 S. Finl\u00e4ndaren vann \u00e4ven kategori 1.9 d\u00e4r svensken Tobias Gyllenflykt placerade sig p\u00e5 tredje plats.<\/p>\n<p>I kategori \u201cS\u00faper\u201d som ocks\u00e5 vanns av Samu Sarka kom finl\u00e4ndaren Arttu Ahtiainen p\u00e5 andra plats. Sammandraget vanns inte helt \u00f6verraskande av Sarka med Arve Husby fr\u00e5n Norge p\u00e5 tredje plats. <\/p>\n","protected":false},"excerpt":{"rendered":"<p>N\u00e4r Europam\u00e4sterskapet i RC-bilar genomf\u00f6rdes p\u00e5 stranden \u201cEl Tesorillo\u201d i Almu\u00f1\u00e9car s\u00e5 vann finl\u00e4ndaren Samu Sarka samtliga klasser. 33 t\u00e4vlande fr\u00e5n \u00e5tta l\u00e4nder fanns med d\u00e4ribland Norge och Sverige. Samu Sarka sopade banan fullst\u00e4ndigt och vann samtliga klasser och var den som klarade de sv\u00e5ra banorna b\u00e4st som \u201cEurocrawling\u201d. Sarka vann kategori 2.2 Pro liksom [&hellip;]<\/p>\n","protected":false},"author":8,"featured_media":23112,"comment_status":"open","ping_status":"open","sticky":false,"template":"","format":"standard","meta":{"_et_pb_use_builder":"","_et_pb_old_content":"","_et_gb_content_width":"","footnotes":""},"categories":[395,3],"tags":[],"class_list":["post-23111","post","type-post","status-publish","format-standard","has-post-thumbnail","hentry","category-arkiv-nyheter","category-nyheter"],"yoast_head":"<!-- This site is optimized with the Yoast SEO Premium plugin v26.2 (Yoast SEO v27.4) - https:\/\/yoast.com\/product\/yoast-seo-premium-wordpress\/ -->\n<title>Finl\u00e4ndare Europam\u00e4stare i radiostyrda bilar i Almu\u00f1\u00e9car - Svenska Magasinet<\/title>\n<meta name=\"robots\" content=\"noindex, follow, max-snippet:-1, max-image-preview:large, max-video-preview:-1\" \/>\n<meta property=\"og:locale\" content=\"sv_SE\" \/>\n<meta property=\"og:type\" content=\"article\" \/>\n<meta property=\"og:title\" content=\"Finl\u00e4ndare Europam\u00e4stare i radiostyrda bilar i Almu\u00f1\u00e9car\" \/>\n<meta property=\"og:description\" content=\"N\u00e4r Europam\u00e4sterskapet i RC-bilar genomf\u00f6rdes p\u00e5 stranden \u201cEl Tesorillo\u201d i Almu\u00f1\u00e9car s\u00e5 vann finl\u00e4ndaren Samu Sarka samtliga klasser. 33 t\u00e4vlande fr\u00e5n \u00e5tta l\u00e4nder fanns med d\u00e4ribland Norge och Sverige. Samu Sarka sopade banan fullst\u00e4ndigt och vann samtliga klasser och var den som klarade de sv\u00e5ra banorna b\u00e4st som \u201cEurocrawling\u201d. Sarka vann kategori 2.2 Pro liksom [&hellip;]\" \/>\n<meta property=\"og:url\" content=\"https:\/\/lightweb.dev\/l\/svm-temp\/nyheter\/finlandare-europamastare-i-radiostyrda-bilar-i-almunecar\/\" \/>\n<meta property=\"og:site_name\" content=\"Svenska Magasinet\" \/>\n<meta property=\"article:publisher\" content=\"https:\/\/www.facebook.com\/svenskamagasinet\" \/>\n<meta property=\"article:published_time\" content=\"2015-12-02T23:00:00+00:00\" \/>\n<meta property=\"og:image\" content=\"https:\/\/lightweb.dev\/l\/svm-temp\/wp-content\/uploads\/2022\/06\/finlandare-europamastare-i-radiostyrda-bilar-i-almuecar.png\" \/>\n\t<meta property=\"og:image:width\" content=\"301\" \/>\n\t<meta property=\"og:image:height\" content=\"200\" \/>\n\t<meta property=\"og:image:type\" content=\"image\/png\" \/>\n<meta name=\"author\" content=\"Redaktionen SvM\" \/>\n<meta name=\"twitter:card\" content=\"summary_large_image\" \/>\n<meta name=\"twitter:creator\" content=\"@SvenskaMagasine\" \/>\n<meta name=\"twitter:site\" content=\"@SvenskaMagasine\" \/>\n<script type=\"application\/ld+json\" class=\"yoast-schema-graph\">{\"@context\":\"https:\\\/\\\/schema.org\",\"@graph\":[{\"@type\":\"Article\",\"@id\":\"https:\\\/\\\/lightweb.dev\\\/l\\\/svm-temp\\\/nyheter\\\/finlandare-europamastare-i-radiostyrda-bilar-i-almunecar\\\/#article\",\"isPartOf\":{\"@id\":\"https:\\\/\\\/lightweb.dev\\\/l\\\/svm-temp\\\/nyheter\\\/finlandare-europamastare-i-radiostyrda-bilar-i-almunecar\\\/\"},\"author\":{\"name\":\"Redaktionen SvM\",\"@id\":\"https:\\\/\\\/lightweb.dev\\\/l\\\/svm-temp\\\/#\\\/schema\\\/person\\\/206a3bda5b607b0c25e1749191e4d837\"},\"headline\":\"Finl\u00e4ndare Europam\u00e4stare i radiostyrda bilar i Almu\u00f1\u00e9car\",\"datePublished\":\"2015-12-02T23:00:00+00:00\",\"mainEntityOfPage\":{\"@id\":\"https:\\\/\\\/lightweb.dev\\\/l\\\/svm-temp\\\/nyheter\\\/finlandare-europamastare-i-radiostyrda-bilar-i-almunecar\\\/\"},\"wordCount\":125,\"commentCount\":0,\"publisher\":{\"@id\":\"https:\\\/\\\/lightweb.dev\\\/l\\\/svm-temp\\\/#organization\"},\"image\":{\"@id\":\"https:\\\/\\\/lightweb.dev\\\/l\\\/svm-temp\\\/nyheter\\\/finlandare-europamastare-i-radiostyrda-bilar-i-almunecar\\\/#primaryimage\"},\"thumbnailUrl\":\"https:\\\/\\\/lightweb.dev\\\/l\\\/svm-temp\\\/wp-content\\\/uploads\\\/2022\\\/06\\\/finlandare-europamastare-i-radiostyrda-bilar-i-almuecar.png\",\"articleSection\":[\"Arkiv\",\"Nyheter\"],\"inLanguage\":\"sv-SE\"},{\"@type\":\"WebPage\",\"@id\":\"https:\\\/\\\/lightweb.dev\\\/l\\\/svm-temp\\\/nyheter\\\/finlandare-europamastare-i-radiostyrda-bilar-i-almunecar\\\/\",\"url\":\"https:\\\/\\\/lightweb.dev\\\/l\\\/svm-temp\\\/nyheter\\\/finlandare-europamastare-i-radiostyrda-bilar-i-almunecar\\\/\",\"name\":\"Finl\u00e4ndare Europam\u00e4stare i radiostyrda bilar i Almu\u00f1\u00e9car - Svenska Magasinet\",\"isPartOf\":{\"@id\":\"https:\\\/\\\/lightweb.dev\\\/l\\\/svm-temp\\\/#website\"},\"primaryImageOfPage\":{\"@id\":\"https:\\\/\\\/lightweb.dev\\\/l\\\/svm-temp\\\/nyheter\\\/finlandare-europamastare-i-radiostyrda-bilar-i-almunecar\\\/#primaryimage\"},\"image\":{\"@id\":\"https:\\\/\\\/lightweb.dev\\\/l\\\/svm-temp\\\/nyheter\\\/finlandare-europamastare-i-radiostyrda-bilar-i-almunecar\\\/#primaryimage\"},\"thumbnailUrl\":\"https:\\\/\\\/lightweb.dev\\\/l\\\/svm-temp\\\/wp-content\\\/uploads\\\/2022\\\/06\\\/finlandare-europamastare-i-radiostyrda-bilar-i-almuecar.png\",\"datePublished\":\"2015-12-02T23:00:00+00:00\",\"breadcrumb\":{\"@id\":\"https:\\\/\\\/lightweb.dev\\\/l\\\/svm-temp\\\/nyheter\\\/finlandare-europamastare-i-radiostyrda-bilar-i-almunecar\\\/#breadcrumb\"},\"inLanguage\":\"sv-SE\",\"potentialAction\":[{\"@type\":\"ReadAction\",\"target\":[\"https:\\\/\\\/lightweb.dev\\\/l\\\/svm-temp\\\/nyheter\\\/finlandare-europamastare-i-radiostyrda-bilar-i-almunecar\\\/\"]}]},{\"@type\":\"ImageObject\",\"inLanguage\":\"sv-SE\",\"@id\":\"https:\\\/\\\/lightweb.dev\\\/l\\\/svm-temp\\\/nyheter\\\/finlandare-europamastare-i-radiostyrda-bilar-i-almunecar\\\/#primaryimage\",\"url\":\"https:\\\/\\\/lightweb.dev\\\/l\\\/svm-temp\\\/wp-content\\\/uploads\\\/2022\\\/06\\\/finlandare-europamastare-i-radiostyrda-bilar-i-almuecar.png\",\"contentUrl\":\"https:\\\/\\\/lightweb.dev\\\/l\\\/svm-temp\\\/wp-content\\\/uploads\\\/2022\\\/06\\\/finlandare-europamastare-i-radiostyrda-bilar-i-almuecar.png\",\"width\":301,\"height\":200},{\"@type\":\"BreadcrumbList\",\"@id\":\"https:\\\/\\\/lightweb.dev\\\/l\\\/svm-temp\\\/nyheter\\\/finlandare-europamastare-i-radiostyrda-bilar-i-almunecar\\\/#breadcrumb\",\"itemListElement\":[{\"@type\":\"ListItem\",\"position\":1,\"name\":\"Hem\",\"item\":\"https:\\\/\\\/lightweb.dev\\\/l\\\/svm-temp\\\/\"},{\"@type\":\"ListItem\",\"position\":2,\"name\":\"Finl\u00e4ndare Europam\u00e4stare i radiostyrda bilar i Almu\u00f1\u00e9car\"}]},{\"@type\":\"WebSite\",\"@id\":\"https:\\\/\\\/lightweb.dev\\\/l\\\/svm-temp\\\/#website\",\"url\":\"https:\\\/\\\/lightweb.dev\\\/l\\\/svm-temp\\\/\",\"name\":\"Svenska Magasinet\",\"description\":\"Dina Spanska nyheter p&aring; Svenska\",\"publisher\":{\"@id\":\"https:\\\/\\\/lightweb.dev\\\/l\\\/svm-temp\\\/#organization\"},\"potentialAction\":[{\"@type\":\"SearchAction\",\"target\":{\"@type\":\"EntryPoint\",\"urlTemplate\":\"https:\\\/\\\/lightweb.dev\\\/l\\\/svm-temp\\\/?s={search_term_string}\"},\"query-input\":{\"@type\":\"PropertyValueSpecification\",\"valueRequired\":true,\"valueName\":\"search_term_string\"}}],\"inLanguage\":\"sv-SE\"},{\"@type\":\"Organization\",\"@id\":\"https:\\\/\\\/lightweb.dev\\\/l\\\/svm-temp\\\/#organization\",\"name\":\"Melkerson y Nott SL\",\"alternateName\":\"Svenska Magasinet\",\"url\":\"https:\\\/\\\/lightweb.dev\\\/l\\\/svm-temp\\\/\",\"logo\":{\"@type\":\"ImageObject\",\"inLanguage\":\"sv-SE\",\"@id\":\"https:\\\/\\\/lightweb.dev\\\/l\\\/svm-temp\\\/#\\\/schema\\\/logo\\\/image\\\/\",\"url\":\"https:\\\/\\\/lightweb.dev\\\/l\\\/svm-temp\\\/wp-content\\\/uploads\\\/2025\\\/02\\\/SvM-logo-Xtra-Centrerad-SVART.png\",\"contentUrl\":\"https:\\\/\\\/lightweb.dev\\\/l\\\/svm-temp\\\/wp-content\\\/uploads\\\/2025\\\/02\\\/SvM-logo-Xtra-Centrerad-SVART.png\",\"width\":300,\"height\":99,\"caption\":\"Melkerson y Nott SL\"},\"image\":{\"@id\":\"https:\\\/\\\/lightweb.dev\\\/l\\\/svm-temp\\\/#\\\/schema\\\/logo\\\/image\\\/\"},\"sameAs\":[\"https:\\\/\\\/www.facebook.com\\\/svenskamagasinet\",\"https:\\\/\\\/x.com\\\/SvenskaMagasine\"]},{\"@type\":\"Person\",\"@id\":\"https:\\\/\\\/lightweb.dev\\\/l\\\/svm-temp\\\/#\\\/schema\\\/person\\\/206a3bda5b607b0c25e1749191e4d837\",\"name\":\"Redaktionen SvM\",\"description\":\"Redaktionen\",\"sameAs\":[\"https:\\\/\\\/lightweb.dev\\\/l\\\/svm-temp\"],\"url\":\"https:\\\/\\\/lightweb.dev\\\/l\\\/svm-temp\\\/reporter\\\/redaktionen\\\/\"}]}<\/script>\n<!-- \/ Yoast SEO Premium plugin. -->","yoast_head_json":{"title":"Finl\u00e4ndare Europam\u00e4stare i radiostyrda bilar i Almu\u00f1\u00e9car - Svenska Magasinet","robots":{"index":"noindex","follow":"follow","max-snippet":"max-snippet:-1","max-image-preview":"max-image-preview:large","max-video-preview":"max-video-preview:-1"},"og_locale":"sv_SE","og_type":"article","og_title":"Finl\u00e4ndare Europam\u00e4stare i radiostyrda bilar i Almu\u00f1\u00e9car","og_description":"N\u00e4r Europam\u00e4sterskapet i RC-bilar genomf\u00f6rdes p\u00e5 stranden \u201cEl Tesorillo\u201d i Almu\u00f1\u00e9car s\u00e5 vann finl\u00e4ndaren Samu Sarka samtliga klasser. 33 t\u00e4vlande fr\u00e5n \u00e5tta l\u00e4nder fanns med d\u00e4ribland Norge och Sverige. Samu Sarka sopade banan fullst\u00e4ndigt och vann samtliga klasser och var den som klarade de sv\u00e5ra banorna b\u00e4st som \u201cEurocrawling\u201d. Sarka vann kategori 2.2 Pro liksom [&hellip;]","og_url":"https:\/\/lightweb.dev\/l\/svm-temp\/nyheter\/finlandare-europamastare-i-radiostyrda-bilar-i-almunecar\/","og_site_name":"Svenska Magasinet","article_publisher":"https:\/\/www.facebook.com\/svenskamagasinet","article_published_time":"2015-12-02T23:00:00+00:00","og_image":[{"width":301,"height":200,"url":"https:\/\/lightweb.dev\/l\/svm-temp\/wp-content\/uploads\/2022\/06\/finlandare-europamastare-i-radiostyrda-bilar-i-almuecar.png","type":"image\/png"}],"author":"Redaktionen SvM","twitter_card":"summary_large_image","twitter_creator":"@SvenskaMagasine","twitter_site":"@SvenskaMagasine","schema":{"@context":"https:\/\/schema.org","@graph":[{"@type":"Article","@id":"https:\/\/lightweb.dev\/l\/svm-temp\/nyheter\/finlandare-europamastare-i-radiostyrda-bilar-i-almunecar\/#article","isPartOf":{"@id":"https:\/\/lightweb.dev\/l\/svm-temp\/nyheter\/finlandare-europamastare-i-radiostyrda-bilar-i-almunecar\/"},"author":{"name":"Redaktionen SvM","@id":"https:\/\/lightweb.dev\/l\/svm-temp\/#\/schema\/person\/206a3bda5b607b0c25e1749191e4d837"},"headline":"Finl\u00e4ndare Europam\u00e4stare i radiostyrda bilar i Almu\u00f1\u00e9car","datePublished":"2015-12-02T23:00:00+00:00","mainEntityOfPage":{"@id":"https:\/\/lightweb.dev\/l\/svm-temp\/nyheter\/finlandare-europamastare-i-radiostyrda-bilar-i-almunecar\/"},"wordCount":125,"commentCount":0,"publisher":{"@id":"https:\/\/lightweb.dev\/l\/svm-temp\/#organization"},"image":{"@id":"https:\/\/lightweb.dev\/l\/svm-temp\/nyheter\/finlandare-europamastare-i-radiostyrda-bilar-i-almunecar\/#primaryimage"},"thumbnailUrl":"https:\/\/lightweb.dev\/l\/svm-temp\/wp-content\/uploads\/2022\/06\/finlandare-europamastare-i-radiostyrda-bilar-i-almuecar.png","articleSection":["Arkiv","Nyheter"],"inLanguage":"sv-SE"},{"@type":"WebPage","@id":"https:\/\/lightweb.dev\/l\/svm-temp\/nyheter\/finlandare-europamastare-i-radiostyrda-bilar-i-almunecar\/","url":"https:\/\/lightweb.dev\/l\/svm-temp\/nyheter\/finlandare-europamastare-i-radiostyrda-bilar-i-almunecar\/","name":"Finl\u00e4ndare Europam\u00e4stare i radiostyrda bilar i Almu\u00f1\u00e9car - Svenska Magasinet","isPartOf":{"@id":"https:\/\/lightweb.dev\/l\/svm-temp\/#website"},"primaryImageOfPage":{"@id":"https:\/\/lightweb.dev\/l\/svm-temp\/nyheter\/finlandare-europamastare-i-radiostyrda-bilar-i-almunecar\/#primaryimage"},"image":{"@id":"https:\/\/lightweb.dev\/l\/svm-temp\/nyheter\/finlandare-europamastare-i-radiostyrda-bilar-i-almunecar\/#primaryimage"},"thumbnailUrl":"https:\/\/lightweb.dev\/l\/svm-temp\/wp-content\/uploads\/2022\/06\/finlandare-europamastare-i-radiostyrda-bilar-i-almuecar.png","datePublished":"2015-12-02T23:00:00+00:00","breadcrumb":{"@id":"https:\/\/lightweb.dev\/l\/svm-temp\/nyheter\/finlandare-europamastare-i-radiostyrda-bilar-i-almunecar\/#breadcrumb"},"inLanguage":"sv-SE","potentialAction":[{"@type":"ReadAction","target":["https:\/\/lightweb.dev\/l\/svm-temp\/nyheter\/finlandare-europamastare-i-radiostyrda-bilar-i-almunecar\/"]}]},{"@type":"ImageObject","inLanguage":"sv-SE","@id":"https:\/\/lightweb.dev\/l\/svm-temp\/nyheter\/finlandare-europamastare-i-radiostyrda-bilar-i-almunecar\/#primaryimage","url":"https:\/\/lightweb.dev\/l\/svm-temp\/wp-content\/uploads\/2022\/06\/finlandare-europamastare-i-radiostyrda-bilar-i-almuecar.png","contentUrl":"https:\/\/lightweb.dev\/l\/svm-temp\/wp-content\/uploads\/2022\/06\/finlandare-europamastare-i-radiostyrda-bilar-i-almuecar.png","width":301,"height":200},{"@type":"BreadcrumbList","@id":"https:\/\/lightweb.dev\/l\/svm-temp\/nyheter\/finlandare-europamastare-i-radiostyrda-bilar-i-almunecar\/#breadcrumb","itemListElement":[{"@type":"ListItem","position":1,"name":"Hem","item":"https:\/\/lightweb.dev\/l\/svm-temp\/"},{"@type":"ListItem","position":2,"name":"Finl\u00e4ndare Europam\u00e4stare i radiostyrda bilar i Almu\u00f1\u00e9car"}]},{"@type":"WebSite","@id":"https:\/\/lightweb.dev\/l\/svm-temp\/#website","url":"https:\/\/lightweb.dev\/l\/svm-temp\/","name":"Svenska Magasinet","description":"Dina Spanska nyheter p&aring; Svenska","publisher":{"@id":"https:\/\/lightweb.dev\/l\/svm-temp\/#organization"},"potentialAction":[{"@type":"SearchAction","target":{"@type":"EntryPoint","urlTemplate":"https:\/\/lightweb.dev\/l\/svm-temp\/?s={search_term_string}"},"query-input":{"@type":"PropertyValueSpecification","valueRequired":true,"valueName":"search_term_string"}}],"inLanguage":"sv-SE"},{"@type":"Organization","@id":"https:\/\/lightweb.dev\/l\/svm-temp\/#organization","name":"Melkerson y Nott SL","alternateName":"Svenska Magasinet","url":"https:\/\/lightweb.dev\/l\/svm-temp\/","logo":{"@type":"ImageObject","inLanguage":"sv-SE","@id":"https:\/\/lightweb.dev\/l\/svm-temp\/#\/schema\/logo\/image\/","url":"https:\/\/lightweb.dev\/l\/svm-temp\/wp-content\/uploads\/2025\/02\/SvM-logo-Xtra-Centrerad-SVART.png","contentUrl":"https:\/\/lightweb.dev\/l\/svm-temp\/wp-content\/uploads\/2025\/02\/SvM-logo-Xtra-Centrerad-SVART.png","width":300,"height":99,"caption":"Melkerson y Nott SL"},"image":{"@id":"https:\/\/lightweb.dev\/l\/svm-temp\/#\/schema\/logo\/image\/"},"sameAs":["https:\/\/www.facebook.com\/svenskamagasinet","https:\/\/x.com\/SvenskaMagasine"]},{"@type":"Person","@id":"https:\/\/lightweb.dev\/l\/svm-temp\/#\/schema\/person\/206a3bda5b607b0c25e1749191e4d837","name":"Redaktionen SvM","description":"Redaktionen","sameAs":["https:\/\/lightweb.dev\/l\/svm-temp"],"url":"https:\/\/lightweb.dev\/l\/svm-temp\/reporter\/redaktionen\/"}]}},"_links":{"self":[{"href":"https:\/\/lightweb.dev\/l\/svm-temp\/wp-json\/wp\/v2\/posts\/23111","targetHints":{"allow":["GET"]}}],"collection":[{"href":"https:\/\/lightweb.dev\/l\/svm-temp\/wp-json\/wp\/v2\/posts"}],"about":[{"href":"https:\/\/lightweb.dev\/l\/svm-temp\/wp-json\/wp\/v2\/types\/post"}],"author":[{"embeddable":true,"href":"https:\/\/lightweb.dev\/l\/svm-temp\/wp-json\/wp\/v2\/users\/8"}],"replies":[{"embeddable":true,"href":"https:\/\/lightweb.dev\/l\/svm-temp\/wp-json\/wp\/v2\/comments?post=23111"}],"version-history":[{"count":0,"href":"https:\/\/lightweb.dev\/l\/svm-temp\/wp-json\/wp\/v2\/posts\/23111\/revisions"}],"wp:featuredmedia":[{"embeddable":true,"href":"https:\/\/lightweb.dev\/l\/svm-temp\/wp-json\/wp\/v2\/media\/23112"}],"wp:attachment":[{"href":"https:\/\/lightweb.dev\/l\/svm-temp\/wp-json\/wp\/v2\/media?parent=23111"}],"wp:term":[{"taxonomy":"category","embeddable":true,"href":"https:\/\/lightweb.dev\/l\/svm-temp\/wp-json\/wp\/v2\/categories?post=23111"},{"taxonomy":"post_tag","embeddable":true,"href":"https:\/\/lightweb.dev\/l\/svm-temp\/wp-json\/wp\/v2\/tags?post=23111"}],"curies":[{"name":"wp","href":"https:\/\/api.w.org\/{rel}","templated":true}]}}