{"id":23113,"date":"2015-12-03T00:00:00","date_gmt":"2015-12-02T23:00:00","guid":{"rendered":"https:\/\/lightweb.dev\/l\/svm-temp\/nyheter\/inget-kan-stoppa-uttradesprocessen-enligt-katalanska-nationalister\/"},"modified":"2015-12-03T00:00:00","modified_gmt":"2015-12-02T23:00:00","slug":"inget-kan-stoppa-uttradesprocessen-enligt-katalanska-nationalister","status":"publish","type":"post","link":"https:\/\/lightweb.dev\/l\/svm-temp\/nyheter\/inget-kan-stoppa-uttradesprocessen-enligt-katalanska-nationalister\/","title":{"rendered":"Inget kan stoppa uttr\u00e4desprocessen enligt katalanska nationalister"},"content":{"rendered":"<p> Ingenting kan bromsa uttr\u00e4desprocessen, inte ens F\u00f6rfattningsdomstolen. Det s\u00e4ger f\u00f6respr\u00e5karna f\u00f6r att Katalonien ska bryta sig loss fr\u00e5n Spanien trots att F\u00f6rfattningsdomstolen p\u00e5 onsdagen beslutade att man upph\u00e4ver Kataloniens beslut om uttr\u00e4de fr\u00e5n Spanien eftersom uttr\u00e4desprocessen strider mot grundlagen.<\/p>\n<p>Bara n\u00e5gra timmar efter beskedet fr\u00e5n F\u00f6rfattningsdomstolen avvisade det katalanska parlamentet beslutet och l\u00e4t h\u00e4lsa att resolution den 9 november om en plan p\u00e5 att tr\u00e4da ur Spanien inom 18 m\u00e5nader f\u00f6r att bli sj\u00e4lvst\u00e4ndiga st\u00e5r fast.<\/p>\n<p>Kataloniens vicepresident Neus Munt\u00e9 var mycket kritisk till F\u00f6rfattningsdomstolens beslut p\u00e5 onsdagen. \u201dV\u00e5r resolution fr\u00e5n den 9 november st\u00e5r fast\u201d h\u00e4lsar Munt\u00e9 (bilden).<\/p>\n<p>Samtidigt riktar en \u00e5klagare vid nationaldomstolen str\u00e5lkastarljuset p\u00e5 flera kommuner i Katalonien som Celr\u00e1, La Seu d&#8217;Urgell, Igualada och Sant Cugat del Vall\u00e9s f\u00f6r att deras f\u00f6retr\u00e4dare kan ha gjort sig skyldiga till uppror, uppvigling och olydnad efter att offentligt st\u00f6tt den katalanska sj\u00e4lvst\u00e4ndighetsprocessen. <\/p>\n","protected":false},"excerpt":{"rendered":"<p>Ingenting kan bromsa uttr\u00e4desprocessen, inte ens F\u00f6rfattningsdomstolen. Det s\u00e4ger f\u00f6respr\u00e5karna f\u00f6r att Katalonien ska bryta sig loss fr\u00e5n Spanien trots att F\u00f6rfattningsdomstolen p\u00e5 onsdagen beslutade att man upph\u00e4ver Kataloniens beslut om uttr\u00e4de fr\u00e5n Spanien eftersom uttr\u00e4desprocessen strider mot grundlagen. Bara n\u00e5gra timmar efter beskedet fr\u00e5n F\u00f6rfattningsdomstolen avvisade det katalanska parlamentet beslutet och l\u00e4t h\u00e4lsa att [&hellip;]<\/p>\n","protected":false},"author":8,"featured_media":23114,"comment_status":"open","ping_status":"open","sticky":false,"template":"","format":"standard","meta":{"_et_pb_use_builder":"","_et_pb_old_content":"","_et_gb_content_width":"","footnotes":""},"categories":[395,3],"tags":[],"class_list":["post-23113","post","type-post","status-publish","format-standard","has-post-thumbnail","hentry","category-arkiv-nyheter","category-nyheter"],"yoast_head":"<!-- This site is optimized with the Yoast SEO Premium plugin v26.2 (Yoast SEO v27.4) - https:\/\/yoast.com\/product\/yoast-seo-premium-wordpress\/ -->\n<title>Inget kan stoppa uttr\u00e4desprocessen enligt katalanska nationalister - Svenska Magasinet<\/title>\n<meta name=\"robots\" content=\"noindex, follow, max-snippet:-1, max-image-preview:large, max-video-preview:-1\" \/>\n<meta property=\"og:locale\" content=\"sv_SE\" \/>\n<meta property=\"og:type\" content=\"article\" \/>\n<meta property=\"og:title\" content=\"Inget kan stoppa uttr\u00e4desprocessen enligt katalanska nationalister\" \/>\n<meta property=\"og:description\" content=\"Ingenting kan bromsa uttr\u00e4desprocessen, inte ens F\u00f6rfattningsdomstolen. Det s\u00e4ger f\u00f6respr\u00e5karna f\u00f6r att Katalonien ska bryta sig loss fr\u00e5n Spanien trots att F\u00f6rfattningsdomstolen p\u00e5 onsdagen beslutade att man upph\u00e4ver Kataloniens beslut om uttr\u00e4de fr\u00e5n Spanien eftersom uttr\u00e4desprocessen strider mot grundlagen. Bara n\u00e5gra timmar efter beskedet fr\u00e5n F\u00f6rfattningsdomstolen avvisade det katalanska parlamentet beslutet och l\u00e4t h\u00e4lsa att [&hellip;]\" \/>\n<meta property=\"og:url\" content=\"https:\/\/lightweb.dev\/l\/svm-temp\/nyheter\/inget-kan-stoppa-uttradesprocessen-enligt-katalanska-nationalister\/\" \/>\n<meta property=\"og:site_name\" content=\"Svenska Magasinet\" \/>\n<meta property=\"article:publisher\" content=\"https:\/\/www.facebook.com\/svenskamagasinet\" \/>\n<meta property=\"article:published_time\" content=\"2015-12-02T23:00:00+00:00\" \/>\n<meta property=\"og:image\" content=\"https:\/\/lightweb.dev\/l\/svm-temp\/wp-content\/uploads\/2022\/06\/inget-kan-stoppa-uttradesprocessen-enligt-katalanska-nationalister.png\" \/>\n\t<meta property=\"og:image:width\" content=\"300\" \/>\n\t<meta property=\"og:image:height\" content=\"200\" \/>\n\t<meta property=\"og:image:type\" content=\"image\/png\" \/>\n<meta name=\"author\" content=\"Redaktionen SvM\" \/>\n<meta name=\"twitter:card\" content=\"summary_large_image\" \/>\n<meta name=\"twitter:creator\" content=\"@SvenskaMagasine\" \/>\n<meta name=\"twitter:site\" content=\"@SvenskaMagasine\" \/>\n<script type=\"application\/ld+json\" class=\"yoast-schema-graph\">{\"@context\":\"https:\\\/\\\/schema.org\",\"@graph\":[{\"@type\":\"Article\",\"@id\":\"https:\\\/\\\/lightweb.dev\\\/l\\\/svm-temp\\\/nyheter\\\/inget-kan-stoppa-uttradesprocessen-enligt-katalanska-nationalister\\\/#article\",\"isPartOf\":{\"@id\":\"https:\\\/\\\/lightweb.dev\\\/l\\\/svm-temp\\\/nyheter\\\/inget-kan-stoppa-uttradesprocessen-enligt-katalanska-nationalister\\\/\"},\"author\":{\"name\":\"Redaktionen SvM\",\"@id\":\"https:\\\/\\\/lightweb.dev\\\/l\\\/svm-temp\\\/#\\\/schema\\\/person\\\/206a3bda5b607b0c25e1749191e4d837\"},\"headline\":\"Inget kan stoppa uttr\u00e4desprocessen enligt katalanska nationalister\",\"datePublished\":\"2015-12-02T23:00:00+00:00\",\"mainEntityOfPage\":{\"@id\":\"https:\\\/\\\/lightweb.dev\\\/l\\\/svm-temp\\\/nyheter\\\/inget-kan-stoppa-uttradesprocessen-enligt-katalanska-nationalister\\\/\"},\"wordCount\":185,\"commentCount\":0,\"publisher\":{\"@id\":\"https:\\\/\\\/lightweb.dev\\\/l\\\/svm-temp\\\/#organization\"},\"image\":{\"@id\":\"https:\\\/\\\/lightweb.dev\\\/l\\\/svm-temp\\\/nyheter\\\/inget-kan-stoppa-uttradesprocessen-enligt-katalanska-nationalister\\\/#primaryimage\"},\"thumbnailUrl\":\"https:\\\/\\\/lightweb.dev\\\/l\\\/svm-temp\\\/wp-content\\\/uploads\\\/2022\\\/06\\\/inget-kan-stoppa-uttradesprocessen-enligt-katalanska-nationalister.png\",\"articleSection\":[\"Arkiv\",\"Nyheter\"],\"inLanguage\":\"sv-SE\"},{\"@type\":\"WebPage\",\"@id\":\"https:\\\/\\\/lightweb.dev\\\/l\\\/svm-temp\\\/nyheter\\\/inget-kan-stoppa-uttradesprocessen-enligt-katalanska-nationalister\\\/\",\"url\":\"https:\\\/\\\/lightweb.dev\\\/l\\\/svm-temp\\\/nyheter\\\/inget-kan-stoppa-uttradesprocessen-enligt-katalanska-nationalister\\\/\",\"name\":\"Inget kan stoppa uttr\u00e4desprocessen enligt katalanska nationalister - Svenska Magasinet\",\"isPartOf\":{\"@id\":\"https:\\\/\\\/lightweb.dev\\\/l\\\/svm-temp\\\/#website\"},\"primaryImageOfPage\":{\"@id\":\"https:\\\/\\\/lightweb.dev\\\/l\\\/svm-temp\\\/nyheter\\\/inget-kan-stoppa-uttradesprocessen-enligt-katalanska-nationalister\\\/#primaryimage\"},\"image\":{\"@id\":\"https:\\\/\\\/lightweb.dev\\\/l\\\/svm-temp\\\/nyheter\\\/inget-kan-stoppa-uttradesprocessen-enligt-katalanska-nationalister\\\/#primaryimage\"},\"thumbnailUrl\":\"https:\\\/\\\/lightweb.dev\\\/l\\\/svm-temp\\\/wp-content\\\/uploads\\\/2022\\\/06\\\/inget-kan-stoppa-uttradesprocessen-enligt-katalanska-nationalister.png\",\"datePublished\":\"2015-12-02T23:00:00+00:00\",\"breadcrumb\":{\"@id\":\"https:\\\/\\\/lightweb.dev\\\/l\\\/svm-temp\\\/nyheter\\\/inget-kan-stoppa-uttradesprocessen-enligt-katalanska-nationalister\\\/#breadcrumb\"},\"inLanguage\":\"sv-SE\",\"potentialAction\":[{\"@type\":\"ReadAction\",\"target\":[\"https:\\\/\\\/lightweb.dev\\\/l\\\/svm-temp\\\/nyheter\\\/inget-kan-stoppa-uttradesprocessen-enligt-katalanska-nationalister\\\/\"]}]},{\"@type\":\"ImageObject\",\"inLanguage\":\"sv-SE\",\"@id\":\"https:\\\/\\\/lightweb.dev\\\/l\\\/svm-temp\\\/nyheter\\\/inget-kan-stoppa-uttradesprocessen-enligt-katalanska-nationalister\\\/#primaryimage\",\"url\":\"https:\\\/\\\/lightweb.dev\\\/l\\\/svm-temp\\\/wp-content\\\/uploads\\\/2022\\\/06\\\/inget-kan-stoppa-uttradesprocessen-enligt-katalanska-nationalister.png\",\"contentUrl\":\"https:\\\/\\\/lightweb.dev\\\/l\\\/svm-temp\\\/wp-content\\\/uploads\\\/2022\\\/06\\\/inget-kan-stoppa-uttradesprocessen-enligt-katalanska-nationalister.png\",\"width\":300,\"height\":200},{\"@type\":\"BreadcrumbList\",\"@id\":\"https:\\\/\\\/lightweb.dev\\\/l\\\/svm-temp\\\/nyheter\\\/inget-kan-stoppa-uttradesprocessen-enligt-katalanska-nationalister\\\/#breadcrumb\",\"itemListElement\":[{\"@type\":\"ListItem\",\"position\":1,\"name\":\"Hem\",\"item\":\"https:\\\/\\\/lightweb.dev\\\/l\\\/svm-temp\\\/\"},{\"@type\":\"ListItem\",\"position\":2,\"name\":\"Inget kan stoppa uttr\u00e4desprocessen enligt katalanska nationalister\"}]},{\"@type\":\"WebSite\",\"@id\":\"https:\\\/\\\/lightweb.dev\\\/l\\\/svm-temp\\\/#website\",\"url\":\"https:\\\/\\\/lightweb.dev\\\/l\\\/svm-temp\\\/\",\"name\":\"Svenska Magasinet\",\"description\":\"Dina Spanska nyheter p&aring; Svenska\",\"publisher\":{\"@id\":\"https:\\\/\\\/lightweb.dev\\\/l\\\/svm-temp\\\/#organization\"},\"potentialAction\":[{\"@type\":\"SearchAction\",\"target\":{\"@type\":\"EntryPoint\",\"urlTemplate\":\"https:\\\/\\\/lightweb.dev\\\/l\\\/svm-temp\\\/?s={search_term_string}\"},\"query-input\":{\"@type\":\"PropertyValueSpecification\",\"valueRequired\":true,\"valueName\":\"search_term_string\"}}],\"inLanguage\":\"sv-SE\"},{\"@type\":\"Organization\",\"@id\":\"https:\\\/\\\/lightweb.dev\\\/l\\\/svm-temp\\\/#organization\",\"name\":\"Melkerson y Nott SL\",\"alternateName\":\"Svenska Magasinet\",\"url\":\"https:\\\/\\\/lightweb.dev\\\/l\\\/svm-temp\\\/\",\"logo\":{\"@type\":\"ImageObject\",\"inLanguage\":\"sv-SE\",\"@id\":\"https:\\\/\\\/lightweb.dev\\\/l\\\/svm-temp\\\/#\\\/schema\\\/logo\\\/image\\\/\",\"url\":\"https:\\\/\\\/lightweb.dev\\\/l\\\/svm-temp\\\/wp-content\\\/uploads\\\/2025\\\/02\\\/SvM-logo-Xtra-Centrerad-SVART.png\",\"contentUrl\":\"https:\\\/\\\/lightweb.dev\\\/l\\\/svm-temp\\\/wp-content\\\/uploads\\\/2025\\\/02\\\/SvM-logo-Xtra-Centrerad-SVART.png\",\"width\":300,\"height\":99,\"caption\":\"Melkerson y Nott SL\"},\"image\":{\"@id\":\"https:\\\/\\\/lightweb.dev\\\/l\\\/svm-temp\\\/#\\\/schema\\\/logo\\\/image\\\/\"},\"sameAs\":[\"https:\\\/\\\/www.facebook.com\\\/svenskamagasinet\",\"https:\\\/\\\/x.com\\\/SvenskaMagasine\"]},{\"@type\":\"Person\",\"@id\":\"https:\\\/\\\/lightweb.dev\\\/l\\\/svm-temp\\\/#\\\/schema\\\/person\\\/206a3bda5b607b0c25e1749191e4d837\",\"name\":\"Redaktionen SvM\",\"description\":\"Redaktionen\",\"sameAs\":[\"https:\\\/\\\/lightweb.dev\\\/l\\\/svm-temp\"],\"url\":\"https:\\\/\\\/lightweb.dev\\\/l\\\/svm-temp\\\/reporter\\\/redaktionen\\\/\"}]}<\/script>\n<!-- \/ Yoast SEO Premium plugin. -->","yoast_head_json":{"title":"Inget kan stoppa uttr\u00e4desprocessen enligt katalanska nationalister - Svenska Magasinet","robots":{"index":"noindex","follow":"follow","max-snippet":"max-snippet:-1","max-image-preview":"max-image-preview:large","max-video-preview":"max-video-preview:-1"},"og_locale":"sv_SE","og_type":"article","og_title":"Inget kan stoppa uttr\u00e4desprocessen enligt katalanska nationalister","og_description":"Ingenting kan bromsa uttr\u00e4desprocessen, inte ens F\u00f6rfattningsdomstolen. Det s\u00e4ger f\u00f6respr\u00e5karna f\u00f6r att Katalonien ska bryta sig loss fr\u00e5n Spanien trots att F\u00f6rfattningsdomstolen p\u00e5 onsdagen beslutade att man upph\u00e4ver Kataloniens beslut om uttr\u00e4de fr\u00e5n Spanien eftersom uttr\u00e4desprocessen strider mot grundlagen. Bara n\u00e5gra timmar efter beskedet fr\u00e5n F\u00f6rfattningsdomstolen avvisade det katalanska parlamentet beslutet och l\u00e4t h\u00e4lsa att [&hellip;]","og_url":"https:\/\/lightweb.dev\/l\/svm-temp\/nyheter\/inget-kan-stoppa-uttradesprocessen-enligt-katalanska-nationalister\/","og_site_name":"Svenska Magasinet","article_publisher":"https:\/\/www.facebook.com\/svenskamagasinet","article_published_time":"2015-12-02T23:00:00+00:00","og_image":[{"width":300,"height":200,"url":"https:\/\/lightweb.dev\/l\/svm-temp\/wp-content\/uploads\/2022\/06\/inget-kan-stoppa-uttradesprocessen-enligt-katalanska-nationalister.png","type":"image\/png"}],"author":"Redaktionen SvM","twitter_card":"summary_large_image","twitter_creator":"@SvenskaMagasine","twitter_site":"@SvenskaMagasine","schema":{"@context":"https:\/\/schema.org","@graph":[{"@type":"Article","@id":"https:\/\/lightweb.dev\/l\/svm-temp\/nyheter\/inget-kan-stoppa-uttradesprocessen-enligt-katalanska-nationalister\/#article","isPartOf":{"@id":"https:\/\/lightweb.dev\/l\/svm-temp\/nyheter\/inget-kan-stoppa-uttradesprocessen-enligt-katalanska-nationalister\/"},"author":{"name":"Redaktionen SvM","@id":"https:\/\/lightweb.dev\/l\/svm-temp\/#\/schema\/person\/206a3bda5b607b0c25e1749191e4d837"},"headline":"Inget kan stoppa uttr\u00e4desprocessen enligt katalanska nationalister","datePublished":"2015-12-02T23:00:00+00:00","mainEntityOfPage":{"@id":"https:\/\/lightweb.dev\/l\/svm-temp\/nyheter\/inget-kan-stoppa-uttradesprocessen-enligt-katalanska-nationalister\/"},"wordCount":185,"commentCount":0,"publisher":{"@id":"https:\/\/lightweb.dev\/l\/svm-temp\/#organization"},"image":{"@id":"https:\/\/lightweb.dev\/l\/svm-temp\/nyheter\/inget-kan-stoppa-uttradesprocessen-enligt-katalanska-nationalister\/#primaryimage"},"thumbnailUrl":"https:\/\/lightweb.dev\/l\/svm-temp\/wp-content\/uploads\/2022\/06\/inget-kan-stoppa-uttradesprocessen-enligt-katalanska-nationalister.png","articleSection":["Arkiv","Nyheter"],"inLanguage":"sv-SE"},{"@type":"WebPage","@id":"https:\/\/lightweb.dev\/l\/svm-temp\/nyheter\/inget-kan-stoppa-uttradesprocessen-enligt-katalanska-nationalister\/","url":"https:\/\/lightweb.dev\/l\/svm-temp\/nyheter\/inget-kan-stoppa-uttradesprocessen-enligt-katalanska-nationalister\/","name":"Inget kan stoppa uttr\u00e4desprocessen enligt katalanska nationalister - Svenska Magasinet","isPartOf":{"@id":"https:\/\/lightweb.dev\/l\/svm-temp\/#website"},"primaryImageOfPage":{"@id":"https:\/\/lightweb.dev\/l\/svm-temp\/nyheter\/inget-kan-stoppa-uttradesprocessen-enligt-katalanska-nationalister\/#primaryimage"},"image":{"@id":"https:\/\/lightweb.dev\/l\/svm-temp\/nyheter\/inget-kan-stoppa-uttradesprocessen-enligt-katalanska-nationalister\/#primaryimage"},"thumbnailUrl":"https:\/\/lightweb.dev\/l\/svm-temp\/wp-content\/uploads\/2022\/06\/inget-kan-stoppa-uttradesprocessen-enligt-katalanska-nationalister.png","datePublished":"2015-12-02T23:00:00+00:00","breadcrumb":{"@id":"https:\/\/lightweb.dev\/l\/svm-temp\/nyheter\/inget-kan-stoppa-uttradesprocessen-enligt-katalanska-nationalister\/#breadcrumb"},"inLanguage":"sv-SE","potentialAction":[{"@type":"ReadAction","target":["https:\/\/lightweb.dev\/l\/svm-temp\/nyheter\/inget-kan-stoppa-uttradesprocessen-enligt-katalanska-nationalister\/"]}]},{"@type":"ImageObject","inLanguage":"sv-SE","@id":"https:\/\/lightweb.dev\/l\/svm-temp\/nyheter\/inget-kan-stoppa-uttradesprocessen-enligt-katalanska-nationalister\/#primaryimage","url":"https:\/\/lightweb.dev\/l\/svm-temp\/wp-content\/uploads\/2022\/06\/inget-kan-stoppa-uttradesprocessen-enligt-katalanska-nationalister.png","contentUrl":"https:\/\/lightweb.dev\/l\/svm-temp\/wp-content\/uploads\/2022\/06\/inget-kan-stoppa-uttradesprocessen-enligt-katalanska-nationalister.png","width":300,"height":200},{"@type":"BreadcrumbList","@id":"https:\/\/lightweb.dev\/l\/svm-temp\/nyheter\/inget-kan-stoppa-uttradesprocessen-enligt-katalanska-nationalister\/#breadcrumb","itemListElement":[{"@type":"ListItem","position":1,"name":"Hem","item":"https:\/\/lightweb.dev\/l\/svm-temp\/"},{"@type":"ListItem","position":2,"name":"Inget kan stoppa uttr\u00e4desprocessen enligt katalanska nationalister"}]},{"@type":"WebSite","@id":"https:\/\/lightweb.dev\/l\/svm-temp\/#website","url":"https:\/\/lightweb.dev\/l\/svm-temp\/","name":"Svenska Magasinet","description":"Dina Spanska nyheter p&aring; Svenska","publisher":{"@id":"https:\/\/lightweb.dev\/l\/svm-temp\/#organization"},"potentialAction":[{"@type":"SearchAction","target":{"@type":"EntryPoint","urlTemplate":"https:\/\/lightweb.dev\/l\/svm-temp\/?s={search_term_string}"},"query-input":{"@type":"PropertyValueSpecification","valueRequired":true,"valueName":"search_term_string"}}],"inLanguage":"sv-SE"},{"@type":"Organization","@id":"https:\/\/lightweb.dev\/l\/svm-temp\/#organization","name":"Melkerson y Nott SL","alternateName":"Svenska Magasinet","url":"https:\/\/lightweb.dev\/l\/svm-temp\/","logo":{"@type":"ImageObject","inLanguage":"sv-SE","@id":"https:\/\/lightweb.dev\/l\/svm-temp\/#\/schema\/logo\/image\/","url":"https:\/\/lightweb.dev\/l\/svm-temp\/wp-content\/uploads\/2025\/02\/SvM-logo-Xtra-Centrerad-SVART.png","contentUrl":"https:\/\/lightweb.dev\/l\/svm-temp\/wp-content\/uploads\/2025\/02\/SvM-logo-Xtra-Centrerad-SVART.png","width":300,"height":99,"caption":"Melkerson y Nott SL"},"image":{"@id":"https:\/\/lightweb.dev\/l\/svm-temp\/#\/schema\/logo\/image\/"},"sameAs":["https:\/\/www.facebook.com\/svenskamagasinet","https:\/\/x.com\/SvenskaMagasine"]},{"@type":"Person","@id":"https:\/\/lightweb.dev\/l\/svm-temp\/#\/schema\/person\/206a3bda5b607b0c25e1749191e4d837","name":"Redaktionen SvM","description":"Redaktionen","sameAs":["https:\/\/lightweb.dev\/l\/svm-temp"],"url":"https:\/\/lightweb.dev\/l\/svm-temp\/reporter\/redaktionen\/"}]}},"_links":{"self":[{"href":"https:\/\/lightweb.dev\/l\/svm-temp\/wp-json\/wp\/v2\/posts\/23113","targetHints":{"allow":["GET"]}}],"collection":[{"href":"https:\/\/lightweb.dev\/l\/svm-temp\/wp-json\/wp\/v2\/posts"}],"about":[{"href":"https:\/\/lightweb.dev\/l\/svm-temp\/wp-json\/wp\/v2\/types\/post"}],"author":[{"embeddable":true,"href":"https:\/\/lightweb.dev\/l\/svm-temp\/wp-json\/wp\/v2\/users\/8"}],"replies":[{"embeddable":true,"href":"https:\/\/lightweb.dev\/l\/svm-temp\/wp-json\/wp\/v2\/comments?post=23113"}],"version-history":[{"count":0,"href":"https:\/\/lightweb.dev\/l\/svm-temp\/wp-json\/wp\/v2\/posts\/23113\/revisions"}],"wp:featuredmedia":[{"embeddable":true,"href":"https:\/\/lightweb.dev\/l\/svm-temp\/wp-json\/wp\/v2\/media\/23114"}],"wp:attachment":[{"href":"https:\/\/lightweb.dev\/l\/svm-temp\/wp-json\/wp\/v2\/media?parent=23113"}],"wp:term":[{"taxonomy":"category","embeddable":true,"href":"https:\/\/lightweb.dev\/l\/svm-temp\/wp-json\/wp\/v2\/categories?post=23113"},{"taxonomy":"post_tag","embeddable":true,"href":"https:\/\/lightweb.dev\/l\/svm-temp\/wp-json\/wp\/v2\/tags?post=23113"}],"curies":[{"name":"wp","href":"https:\/\/api.w.org\/{rel}","templated":true}]}}