{"id":23121,"date":"2015-12-02T00:00:00","date_gmt":"2015-12-01T23:00:00","guid":{"rendered":"https:\/\/lightweb.dev\/l\/svm-temp\/nyheter\/man-mellan-20-och-29-ar-drabbas-i-huvudsak-av-hiv\/"},"modified":"2015-12-02T00:00:00","modified_gmt":"2015-12-01T23:00:00","slug":"man-mellan-20-och-29-ar-drabbas-i-huvudsak-av-hiv","status":"publish","type":"post","link":"https:\/\/lightweb.dev\/l\/svm-temp\/nyheter\/man-mellan-20-och-29-ar-drabbas-i-huvudsak-av-hiv\/","title":{"rendered":"M\u00e4n mellan 20 och 29 \u00e5r drabbas i huvudsak av hiv"},"content":{"rendered":"<p> Provinsen M\u00e1laga \u00e4r den provins d\u00e4r flest nya hivinfektioner konstateras. Det framkom under g\u00e5rdagen d\u00e5 den Internationella aidsdagen eller V\u00e4rldsaidsdagen uppm\u00e4rksammades. Det \u00e4r framf\u00f6r allt unga m\u00e4n i \u00e5ldern 20 till 29 \u00e5r som drabbas. Samtidigt minskar antal aidsfall.<\/p>\n<p>Enligt Bego\u00f1a Tundidor vid h\u00e4lsodepartementet i M\u00e1laga rapporterades 19 nya aidsfall 2014 vilket var 51,3 procent f\u00e4rre \u00e4n \u00e5ret innan och 93 procent f\u00e4rre \u00e4n \u00e5ret 1995 med 285 fall.<\/p>\n<p>Samtidigt rapporterades det 162 nya hivfall varav 88,27 procent g\u00e4llde m\u00e4n.<\/p>\n<p>I M\u00e1laga uppm\u00e4rksammades dagen vid paseo de la Farola d\u00e4r representanter fr\u00e5n samtliga partier fanns med vid manifestationen som leddes av borgm\u00e4staren Francisco de la Torre . Enligt presidenten i Asima, Alicia Cueto, finns det anledning att fira den \u201dobestridliga framg\u00e5ng\u201d av behandlingar som g\u00f6rs f\u00f6r att f\u00f6rb\u00e4ttra livskvaliteten f\u00f6r de drabbade.<\/p>\n<p>Alla betonade vikten av f\u00f6rebyggande \u00e5tg\u00e4rder och utbilda m\u00e4nniskor om vikten av att ha s\u00e4kert sex eftersom det \u00e4r den vanligaste smittorisken.<\/p>\n<p>B\u00e5de fr\u00e5n institutioner och organisationer f\u00f6rd\u00f6mer stigmatisering av m\u00e4nniskor som lider av denna sjukdom. Alicia Cueto ber\u00e4ttade om en ung man som hade upplyst sin chef att han hade blivit smittad dagen efter fick sparken fr\u00e5n sin arbetsplats. <\/p>\n","protected":false},"excerpt":{"rendered":"<p>Provinsen M\u00e1laga \u00e4r den provins d\u00e4r flest nya hivinfektioner konstateras. Det framkom under g\u00e5rdagen d\u00e5 den Internationella aidsdagen eller V\u00e4rldsaidsdagen uppm\u00e4rksammades. Det \u00e4r framf\u00f6r allt unga m\u00e4n i \u00e5ldern 20 till 29 \u00e5r som drabbas. Samtidigt minskar antal aidsfall. Enligt Bego\u00f1a Tundidor vid h\u00e4lsodepartementet i M\u00e1laga rapporterades 19 nya aidsfall 2014 vilket var 51,3 procent [&hellip;]<\/p>\n","protected":false},"author":8,"featured_media":23122,"comment_status":"open","ping_status":"open","sticky":false,"template":"","format":"standard","meta":{"_et_pb_use_builder":"","_et_pb_old_content":"","_et_gb_content_width":"","footnotes":""},"categories":[395,3],"tags":[],"class_list":["post-23121","post","type-post","status-publish","format-standard","has-post-thumbnail","hentry","category-arkiv-nyheter","category-nyheter"],"yoast_head":"<!-- This site is optimized with the Yoast SEO Premium plugin v26.2 (Yoast SEO v27.4) - https:\/\/yoast.com\/product\/yoast-seo-premium-wordpress\/ -->\n<title>M\u00e4n mellan 20 och 29 \u00e5r drabbas i huvudsak av hiv - Svenska Magasinet<\/title>\n<meta name=\"robots\" content=\"noindex, follow, max-snippet:-1, max-image-preview:large, max-video-preview:-1\" \/>\n<meta property=\"og:locale\" content=\"sv_SE\" \/>\n<meta property=\"og:type\" content=\"article\" \/>\n<meta property=\"og:title\" content=\"M\u00e4n mellan 20 och 29 \u00e5r drabbas i huvudsak av hiv\" \/>\n<meta property=\"og:description\" content=\"Provinsen M\u00e1laga \u00e4r den provins d\u00e4r flest nya hivinfektioner konstateras. Det framkom under g\u00e5rdagen d\u00e5 den Internationella aidsdagen eller V\u00e4rldsaidsdagen uppm\u00e4rksammades. Det \u00e4r framf\u00f6r allt unga m\u00e4n i \u00e5ldern 20 till 29 \u00e5r som drabbas. Samtidigt minskar antal aidsfall. Enligt Bego\u00f1a Tundidor vid h\u00e4lsodepartementet i M\u00e1laga rapporterades 19 nya aidsfall 2014 vilket var 51,3 procent [&hellip;]\" \/>\n<meta property=\"og:url\" content=\"https:\/\/lightweb.dev\/l\/svm-temp\/nyheter\/man-mellan-20-och-29-ar-drabbas-i-huvudsak-av-hiv\/\" \/>\n<meta property=\"og:site_name\" content=\"Svenska Magasinet\" \/>\n<meta property=\"article:publisher\" content=\"https:\/\/www.facebook.com\/svenskamagasinet\" \/>\n<meta property=\"article:published_time\" content=\"2015-12-01T23:00:00+00:00\" \/>\n<meta property=\"og:image\" content=\"https:\/\/lightweb.dev\/l\/svm-temp\/wp-content\/uploads\/2022\/06\/man-mellan-20-och-29-ar-drabbas-i-huvudsak-av-hiv.png\" \/>\n\t<meta property=\"og:image:width\" content=\"300\" \/>\n\t<meta property=\"og:image:height\" content=\"200\" \/>\n\t<meta property=\"og:image:type\" content=\"image\/png\" \/>\n<meta name=\"author\" content=\"Redaktionen SvM\" \/>\n<meta name=\"twitter:card\" content=\"summary_large_image\" \/>\n<meta name=\"twitter:creator\" content=\"@SvenskaMagasine\" \/>\n<meta name=\"twitter:site\" content=\"@SvenskaMagasine\" \/>\n<script type=\"application\/ld+json\" class=\"yoast-schema-graph\">{\"@context\":\"https:\\\/\\\/schema.org\",\"@graph\":[{\"@type\":\"Article\",\"@id\":\"https:\\\/\\\/lightweb.dev\\\/l\\\/svm-temp\\\/nyheter\\\/man-mellan-20-och-29-ar-drabbas-i-huvudsak-av-hiv\\\/#article\",\"isPartOf\":{\"@id\":\"https:\\\/\\\/lightweb.dev\\\/l\\\/svm-temp\\\/nyheter\\\/man-mellan-20-och-29-ar-drabbas-i-huvudsak-av-hiv\\\/\"},\"author\":{\"name\":\"Redaktionen SvM\",\"@id\":\"https:\\\/\\\/lightweb.dev\\\/l\\\/svm-temp\\\/#\\\/schema\\\/person\\\/206a3bda5b607b0c25e1749191e4d837\"},\"headline\":\"M\u00e4n mellan 20 och 29 \u00e5r drabbas i huvudsak av hiv\",\"datePublished\":\"2015-12-01T23:00:00+00:00\",\"mainEntityOfPage\":{\"@id\":\"https:\\\/\\\/lightweb.dev\\\/l\\\/svm-temp\\\/nyheter\\\/man-mellan-20-och-29-ar-drabbas-i-huvudsak-av-hiv\\\/\"},\"wordCount\":227,\"commentCount\":0,\"publisher\":{\"@id\":\"https:\\\/\\\/lightweb.dev\\\/l\\\/svm-temp\\\/#organization\"},\"image\":{\"@id\":\"https:\\\/\\\/lightweb.dev\\\/l\\\/svm-temp\\\/nyheter\\\/man-mellan-20-och-29-ar-drabbas-i-huvudsak-av-hiv\\\/#primaryimage\"},\"thumbnailUrl\":\"https:\\\/\\\/lightweb.dev\\\/l\\\/svm-temp\\\/wp-content\\\/uploads\\\/2022\\\/06\\\/man-mellan-20-och-29-ar-drabbas-i-huvudsak-av-hiv.png\",\"articleSection\":[\"Arkiv\",\"Nyheter\"],\"inLanguage\":\"sv-SE\"},{\"@type\":\"WebPage\",\"@id\":\"https:\\\/\\\/lightweb.dev\\\/l\\\/svm-temp\\\/nyheter\\\/man-mellan-20-och-29-ar-drabbas-i-huvudsak-av-hiv\\\/\",\"url\":\"https:\\\/\\\/lightweb.dev\\\/l\\\/svm-temp\\\/nyheter\\\/man-mellan-20-och-29-ar-drabbas-i-huvudsak-av-hiv\\\/\",\"name\":\"M\u00e4n mellan 20 och 29 \u00e5r drabbas i huvudsak av hiv - Svenska Magasinet\",\"isPartOf\":{\"@id\":\"https:\\\/\\\/lightweb.dev\\\/l\\\/svm-temp\\\/#website\"},\"primaryImageOfPage\":{\"@id\":\"https:\\\/\\\/lightweb.dev\\\/l\\\/svm-temp\\\/nyheter\\\/man-mellan-20-och-29-ar-drabbas-i-huvudsak-av-hiv\\\/#primaryimage\"},\"image\":{\"@id\":\"https:\\\/\\\/lightweb.dev\\\/l\\\/svm-temp\\\/nyheter\\\/man-mellan-20-och-29-ar-drabbas-i-huvudsak-av-hiv\\\/#primaryimage\"},\"thumbnailUrl\":\"https:\\\/\\\/lightweb.dev\\\/l\\\/svm-temp\\\/wp-content\\\/uploads\\\/2022\\\/06\\\/man-mellan-20-och-29-ar-drabbas-i-huvudsak-av-hiv.png\",\"datePublished\":\"2015-12-01T23:00:00+00:00\",\"breadcrumb\":{\"@id\":\"https:\\\/\\\/lightweb.dev\\\/l\\\/svm-temp\\\/nyheter\\\/man-mellan-20-och-29-ar-drabbas-i-huvudsak-av-hiv\\\/#breadcrumb\"},\"inLanguage\":\"sv-SE\",\"potentialAction\":[{\"@type\":\"ReadAction\",\"target\":[\"https:\\\/\\\/lightweb.dev\\\/l\\\/svm-temp\\\/nyheter\\\/man-mellan-20-och-29-ar-drabbas-i-huvudsak-av-hiv\\\/\"]}]},{\"@type\":\"ImageObject\",\"inLanguage\":\"sv-SE\",\"@id\":\"https:\\\/\\\/lightweb.dev\\\/l\\\/svm-temp\\\/nyheter\\\/man-mellan-20-och-29-ar-drabbas-i-huvudsak-av-hiv\\\/#primaryimage\",\"url\":\"https:\\\/\\\/lightweb.dev\\\/l\\\/svm-temp\\\/wp-content\\\/uploads\\\/2022\\\/06\\\/man-mellan-20-och-29-ar-drabbas-i-huvudsak-av-hiv.png\",\"contentUrl\":\"https:\\\/\\\/lightweb.dev\\\/l\\\/svm-temp\\\/wp-content\\\/uploads\\\/2022\\\/06\\\/man-mellan-20-och-29-ar-drabbas-i-huvudsak-av-hiv.png\",\"width\":300,\"height\":200},{\"@type\":\"BreadcrumbList\",\"@id\":\"https:\\\/\\\/lightweb.dev\\\/l\\\/svm-temp\\\/nyheter\\\/man-mellan-20-och-29-ar-drabbas-i-huvudsak-av-hiv\\\/#breadcrumb\",\"itemListElement\":[{\"@type\":\"ListItem\",\"position\":1,\"name\":\"Hem\",\"item\":\"https:\\\/\\\/lightweb.dev\\\/l\\\/svm-temp\\\/\"},{\"@type\":\"ListItem\",\"position\":2,\"name\":\"M\u00e4n mellan 20 och 29 \u00e5r drabbas i huvudsak av hiv\"}]},{\"@type\":\"WebSite\",\"@id\":\"https:\\\/\\\/lightweb.dev\\\/l\\\/svm-temp\\\/#website\",\"url\":\"https:\\\/\\\/lightweb.dev\\\/l\\\/svm-temp\\\/\",\"name\":\"Svenska Magasinet\",\"description\":\"Dina Spanska nyheter p&aring; Svenska\",\"publisher\":{\"@id\":\"https:\\\/\\\/lightweb.dev\\\/l\\\/svm-temp\\\/#organization\"},\"potentialAction\":[{\"@type\":\"SearchAction\",\"target\":{\"@type\":\"EntryPoint\",\"urlTemplate\":\"https:\\\/\\\/lightweb.dev\\\/l\\\/svm-temp\\\/?s={search_term_string}\"},\"query-input\":{\"@type\":\"PropertyValueSpecification\",\"valueRequired\":true,\"valueName\":\"search_term_string\"}}],\"inLanguage\":\"sv-SE\"},{\"@type\":\"Organization\",\"@id\":\"https:\\\/\\\/lightweb.dev\\\/l\\\/svm-temp\\\/#organization\",\"name\":\"Melkerson y Nott SL\",\"alternateName\":\"Svenska Magasinet\",\"url\":\"https:\\\/\\\/lightweb.dev\\\/l\\\/svm-temp\\\/\",\"logo\":{\"@type\":\"ImageObject\",\"inLanguage\":\"sv-SE\",\"@id\":\"https:\\\/\\\/lightweb.dev\\\/l\\\/svm-temp\\\/#\\\/schema\\\/logo\\\/image\\\/\",\"url\":\"https:\\\/\\\/lightweb.dev\\\/l\\\/svm-temp\\\/wp-content\\\/uploads\\\/2025\\\/02\\\/SvM-logo-Xtra-Centrerad-SVART.png\",\"contentUrl\":\"https:\\\/\\\/lightweb.dev\\\/l\\\/svm-temp\\\/wp-content\\\/uploads\\\/2025\\\/02\\\/SvM-logo-Xtra-Centrerad-SVART.png\",\"width\":300,\"height\":99,\"caption\":\"Melkerson y Nott SL\"},\"image\":{\"@id\":\"https:\\\/\\\/lightweb.dev\\\/l\\\/svm-temp\\\/#\\\/schema\\\/logo\\\/image\\\/\"},\"sameAs\":[\"https:\\\/\\\/www.facebook.com\\\/svenskamagasinet\",\"https:\\\/\\\/x.com\\\/SvenskaMagasine\"]},{\"@type\":\"Person\",\"@id\":\"https:\\\/\\\/lightweb.dev\\\/l\\\/svm-temp\\\/#\\\/schema\\\/person\\\/206a3bda5b607b0c25e1749191e4d837\",\"name\":\"Redaktionen SvM\",\"description\":\"Redaktionen\",\"sameAs\":[\"https:\\\/\\\/lightweb.dev\\\/l\\\/svm-temp\"],\"url\":\"https:\\\/\\\/lightweb.dev\\\/l\\\/svm-temp\\\/reporter\\\/redaktionen\\\/\"}]}<\/script>\n<!-- \/ Yoast SEO Premium plugin. -->","yoast_head_json":{"title":"M\u00e4n mellan 20 och 29 \u00e5r drabbas i huvudsak av hiv - Svenska Magasinet","robots":{"index":"noindex","follow":"follow","max-snippet":"max-snippet:-1","max-image-preview":"max-image-preview:large","max-video-preview":"max-video-preview:-1"},"og_locale":"sv_SE","og_type":"article","og_title":"M\u00e4n mellan 20 och 29 \u00e5r drabbas i huvudsak av hiv","og_description":"Provinsen M\u00e1laga \u00e4r den provins d\u00e4r flest nya hivinfektioner konstateras. Det framkom under g\u00e5rdagen d\u00e5 den Internationella aidsdagen eller V\u00e4rldsaidsdagen uppm\u00e4rksammades. Det \u00e4r framf\u00f6r allt unga m\u00e4n i \u00e5ldern 20 till 29 \u00e5r som drabbas. Samtidigt minskar antal aidsfall. Enligt Bego\u00f1a Tundidor vid h\u00e4lsodepartementet i M\u00e1laga rapporterades 19 nya aidsfall 2014 vilket var 51,3 procent [&hellip;]","og_url":"https:\/\/lightweb.dev\/l\/svm-temp\/nyheter\/man-mellan-20-och-29-ar-drabbas-i-huvudsak-av-hiv\/","og_site_name":"Svenska Magasinet","article_publisher":"https:\/\/www.facebook.com\/svenskamagasinet","article_published_time":"2015-12-01T23:00:00+00:00","og_image":[{"width":300,"height":200,"url":"https:\/\/lightweb.dev\/l\/svm-temp\/wp-content\/uploads\/2022\/06\/man-mellan-20-och-29-ar-drabbas-i-huvudsak-av-hiv.png","type":"image\/png"}],"author":"Redaktionen SvM","twitter_card":"summary_large_image","twitter_creator":"@SvenskaMagasine","twitter_site":"@SvenskaMagasine","schema":{"@context":"https:\/\/schema.org","@graph":[{"@type":"Article","@id":"https:\/\/lightweb.dev\/l\/svm-temp\/nyheter\/man-mellan-20-och-29-ar-drabbas-i-huvudsak-av-hiv\/#article","isPartOf":{"@id":"https:\/\/lightweb.dev\/l\/svm-temp\/nyheter\/man-mellan-20-och-29-ar-drabbas-i-huvudsak-av-hiv\/"},"author":{"name":"Redaktionen SvM","@id":"https:\/\/lightweb.dev\/l\/svm-temp\/#\/schema\/person\/206a3bda5b607b0c25e1749191e4d837"},"headline":"M\u00e4n mellan 20 och 29 \u00e5r drabbas i huvudsak av hiv","datePublished":"2015-12-01T23:00:00+00:00","mainEntityOfPage":{"@id":"https:\/\/lightweb.dev\/l\/svm-temp\/nyheter\/man-mellan-20-och-29-ar-drabbas-i-huvudsak-av-hiv\/"},"wordCount":227,"commentCount":0,"publisher":{"@id":"https:\/\/lightweb.dev\/l\/svm-temp\/#organization"},"image":{"@id":"https:\/\/lightweb.dev\/l\/svm-temp\/nyheter\/man-mellan-20-och-29-ar-drabbas-i-huvudsak-av-hiv\/#primaryimage"},"thumbnailUrl":"https:\/\/lightweb.dev\/l\/svm-temp\/wp-content\/uploads\/2022\/06\/man-mellan-20-och-29-ar-drabbas-i-huvudsak-av-hiv.png","articleSection":["Arkiv","Nyheter"],"inLanguage":"sv-SE"},{"@type":"WebPage","@id":"https:\/\/lightweb.dev\/l\/svm-temp\/nyheter\/man-mellan-20-och-29-ar-drabbas-i-huvudsak-av-hiv\/","url":"https:\/\/lightweb.dev\/l\/svm-temp\/nyheter\/man-mellan-20-och-29-ar-drabbas-i-huvudsak-av-hiv\/","name":"M\u00e4n mellan 20 och 29 \u00e5r drabbas i huvudsak av hiv - Svenska Magasinet","isPartOf":{"@id":"https:\/\/lightweb.dev\/l\/svm-temp\/#website"},"primaryImageOfPage":{"@id":"https:\/\/lightweb.dev\/l\/svm-temp\/nyheter\/man-mellan-20-och-29-ar-drabbas-i-huvudsak-av-hiv\/#primaryimage"},"image":{"@id":"https:\/\/lightweb.dev\/l\/svm-temp\/nyheter\/man-mellan-20-och-29-ar-drabbas-i-huvudsak-av-hiv\/#primaryimage"},"thumbnailUrl":"https:\/\/lightweb.dev\/l\/svm-temp\/wp-content\/uploads\/2022\/06\/man-mellan-20-och-29-ar-drabbas-i-huvudsak-av-hiv.png","datePublished":"2015-12-01T23:00:00+00:00","breadcrumb":{"@id":"https:\/\/lightweb.dev\/l\/svm-temp\/nyheter\/man-mellan-20-och-29-ar-drabbas-i-huvudsak-av-hiv\/#breadcrumb"},"inLanguage":"sv-SE","potentialAction":[{"@type":"ReadAction","target":["https:\/\/lightweb.dev\/l\/svm-temp\/nyheter\/man-mellan-20-och-29-ar-drabbas-i-huvudsak-av-hiv\/"]}]},{"@type":"ImageObject","inLanguage":"sv-SE","@id":"https:\/\/lightweb.dev\/l\/svm-temp\/nyheter\/man-mellan-20-och-29-ar-drabbas-i-huvudsak-av-hiv\/#primaryimage","url":"https:\/\/lightweb.dev\/l\/svm-temp\/wp-content\/uploads\/2022\/06\/man-mellan-20-och-29-ar-drabbas-i-huvudsak-av-hiv.png","contentUrl":"https:\/\/lightweb.dev\/l\/svm-temp\/wp-content\/uploads\/2022\/06\/man-mellan-20-och-29-ar-drabbas-i-huvudsak-av-hiv.png","width":300,"height":200},{"@type":"BreadcrumbList","@id":"https:\/\/lightweb.dev\/l\/svm-temp\/nyheter\/man-mellan-20-och-29-ar-drabbas-i-huvudsak-av-hiv\/#breadcrumb","itemListElement":[{"@type":"ListItem","position":1,"name":"Hem","item":"https:\/\/lightweb.dev\/l\/svm-temp\/"},{"@type":"ListItem","position":2,"name":"M\u00e4n mellan 20 och 29 \u00e5r drabbas i huvudsak av hiv"}]},{"@type":"WebSite","@id":"https:\/\/lightweb.dev\/l\/svm-temp\/#website","url":"https:\/\/lightweb.dev\/l\/svm-temp\/","name":"Svenska Magasinet","description":"Dina Spanska nyheter p&aring; Svenska","publisher":{"@id":"https:\/\/lightweb.dev\/l\/svm-temp\/#organization"},"potentialAction":[{"@type":"SearchAction","target":{"@type":"EntryPoint","urlTemplate":"https:\/\/lightweb.dev\/l\/svm-temp\/?s={search_term_string}"},"query-input":{"@type":"PropertyValueSpecification","valueRequired":true,"valueName":"search_term_string"}}],"inLanguage":"sv-SE"},{"@type":"Organization","@id":"https:\/\/lightweb.dev\/l\/svm-temp\/#organization","name":"Melkerson y Nott SL","alternateName":"Svenska Magasinet","url":"https:\/\/lightweb.dev\/l\/svm-temp\/","logo":{"@type":"ImageObject","inLanguage":"sv-SE","@id":"https:\/\/lightweb.dev\/l\/svm-temp\/#\/schema\/logo\/image\/","url":"https:\/\/lightweb.dev\/l\/svm-temp\/wp-content\/uploads\/2025\/02\/SvM-logo-Xtra-Centrerad-SVART.png","contentUrl":"https:\/\/lightweb.dev\/l\/svm-temp\/wp-content\/uploads\/2025\/02\/SvM-logo-Xtra-Centrerad-SVART.png","width":300,"height":99,"caption":"Melkerson y Nott SL"},"image":{"@id":"https:\/\/lightweb.dev\/l\/svm-temp\/#\/schema\/logo\/image\/"},"sameAs":["https:\/\/www.facebook.com\/svenskamagasinet","https:\/\/x.com\/SvenskaMagasine"]},{"@type":"Person","@id":"https:\/\/lightweb.dev\/l\/svm-temp\/#\/schema\/person\/206a3bda5b607b0c25e1749191e4d837","name":"Redaktionen SvM","description":"Redaktionen","sameAs":["https:\/\/lightweb.dev\/l\/svm-temp"],"url":"https:\/\/lightweb.dev\/l\/svm-temp\/reporter\/redaktionen\/"}]}},"_links":{"self":[{"href":"https:\/\/lightweb.dev\/l\/svm-temp\/wp-json\/wp\/v2\/posts\/23121","targetHints":{"allow":["GET"]}}],"collection":[{"href":"https:\/\/lightweb.dev\/l\/svm-temp\/wp-json\/wp\/v2\/posts"}],"about":[{"href":"https:\/\/lightweb.dev\/l\/svm-temp\/wp-json\/wp\/v2\/types\/post"}],"author":[{"embeddable":true,"href":"https:\/\/lightweb.dev\/l\/svm-temp\/wp-json\/wp\/v2\/users\/8"}],"replies":[{"embeddable":true,"href":"https:\/\/lightweb.dev\/l\/svm-temp\/wp-json\/wp\/v2\/comments?post=23121"}],"version-history":[{"count":0,"href":"https:\/\/lightweb.dev\/l\/svm-temp\/wp-json\/wp\/v2\/posts\/23121\/revisions"}],"wp:featuredmedia":[{"embeddable":true,"href":"https:\/\/lightweb.dev\/l\/svm-temp\/wp-json\/wp\/v2\/media\/23122"}],"wp:attachment":[{"href":"https:\/\/lightweb.dev\/l\/svm-temp\/wp-json\/wp\/v2\/media?parent=23121"}],"wp:term":[{"taxonomy":"category","embeddable":true,"href":"https:\/\/lightweb.dev\/l\/svm-temp\/wp-json\/wp\/v2\/categories?post=23121"},{"taxonomy":"post_tag","embeddable":true,"href":"https:\/\/lightweb.dev\/l\/svm-temp\/wp-json\/wp\/v2\/tags?post=23121"}],"curies":[{"name":"wp","href":"https:\/\/api.w.org\/{rel}","templated":true}]}}