{"id":23127,"date":"2015-12-02T00:00:00","date_gmt":"2015-12-01T23:00:00","guid":{"rendered":"https:\/\/lightweb.dev\/l\/svm-temp\/nyheter\/fran-21-000-till-42-000-pa-tva-ar-svenska-magasinet-okar-dubbelt-pa-natet\/"},"modified":"2015-12-02T00:00:00","modified_gmt":"2015-12-01T23:00:00","slug":"fran-21-000-till-42-000-pa-tva-ar-svenska-magasinet-okar-dubbelt-pa-natet","status":"publish","type":"post","link":"https:\/\/lightweb.dev\/l\/svm-temp\/nyheter\/fran-21-000-till-42-000-pa-tva-ar-svenska-magasinet-okar-dubbelt-pa-natet\/","title":{"rendered":"Fr\u00e5n 21.000 till 42.000 p\u00e5 tv\u00e5 \u00e5r \u2013 Svenska Magasinet \u00f6kar dubbelt p\u00e5 n\u00e4tet"},"content":{"rendered":"<p> Fr\u00e5n 21.474 unika bes\u00f6kare till 42.912 unika bes\u00f6kare p\u00e5 tv\u00e5 \u00e5r. Svenska Magasinets webbplats som \u00e4r den fr\u00e4msta informationsk\u00e4llan bland nordiska medier i Spanien har \u00f6kat dubbelt sedan november 2013 till november 2015. Det visar siffror fr\u00e5n Google Analytics.<\/p>\n<p>Det \u00e4r otroligt gl\u00e4djande siffror och ett erk\u00e4nnande fr\u00e5n en v\u00e4xande l\u00e4sekrets. Svenska Magasinet p\u00e5 n\u00e4tet s\u00e4tter rekord p\u00e5 l\u00f6pande band m\u00e5nad efter m\u00e5nad och \u00e4r troligtvis den fr\u00e4msta informationsk\u00e4llan bland nordiska medier i Spanien n\u00e4r man s\u00f6ker nyheter, utflyktstips, vintips, restaurangtips och artiklar. De flesta nordiska medier i Spanien visar inte officiella siffror \u00f6ver unika bes\u00f6kare m\u00e5nad efter m\u00e5nad.<\/p>\n<p>Under november m\u00e5nad hade Svenska Magasinets webbplats 42.912 unika bes\u00f6kare eller anv\u00e4ndare. Det \u00e4r en \u00f6kning med hela 14.104 unika bes\u00f6kare j\u00e4mf\u00f6rt med november m\u00e5nad ifjol som hade 28.808.<\/p>\n<p>Det \u00e4r de vardagliga uppdateringarna av spanska nyheter p\u00e5 svenska som lockar mest.  Men \u00e4ven all annan service som Svenska Magasinet ger i form av radannonser, information fr\u00e5n annons\u00f6rerna via sektionen P\u00e5 stan drar tusentals l\u00e4sare liksom spalter som ekonomi, Fr\u00e5ga m\u00e4klaren och advokaten. <\/p>\n","protected":false},"excerpt":{"rendered":"<p>Fr\u00e5n 21.474 unika bes\u00f6kare till 42.912 unika bes\u00f6kare p\u00e5 tv\u00e5 \u00e5r. Svenska Magasinets webbplats som \u00e4r den fr\u00e4msta informationsk\u00e4llan bland nordiska medier i Spanien har \u00f6kat dubbelt sedan november 2013 till november 2015. Det visar siffror fr\u00e5n Google Analytics. Det \u00e4r otroligt gl\u00e4djande siffror och ett erk\u00e4nnande fr\u00e5n en v\u00e4xande l\u00e4sekrets. Svenska Magasinet p\u00e5 n\u00e4tet [&hellip;]<\/p>\n","protected":false},"author":8,"featured_media":23128,"comment_status":"open","ping_status":"open","sticky":false,"template":"","format":"standard","meta":{"_et_pb_use_builder":"","_et_pb_old_content":"","_et_gb_content_width":"","footnotes":""},"categories":[395,3],"tags":[],"class_list":["post-23127","post","type-post","status-publish","format-standard","has-post-thumbnail","hentry","category-arkiv-nyheter","category-nyheter"],"yoast_head":"<!-- This site is optimized with the Yoast SEO Premium plugin v26.2 (Yoast SEO v27.5) - https:\/\/yoast.com\/product\/yoast-seo-premium-wordpress\/ -->\n<title>Fr\u00e5n 21.000 till 42.000 p\u00e5 tv\u00e5 \u00e5r \u2013 Svenska Magasinet \u00f6kar dubbelt p\u00e5 n\u00e4tet - Svenska Magasinet<\/title>\n<meta name=\"robots\" content=\"noindex, follow, max-snippet:-1, max-image-preview:large, max-video-preview:-1\" \/>\n<meta property=\"og:locale\" content=\"sv_SE\" \/>\n<meta property=\"og:type\" content=\"article\" \/>\n<meta property=\"og:title\" content=\"Fr\u00e5n 21.000 till 42.000 p\u00e5 tv\u00e5 \u00e5r \u2013 Svenska Magasinet \u00f6kar dubbelt p\u00e5 n\u00e4tet\" \/>\n<meta property=\"og:description\" content=\"Fr\u00e5n 21.474 unika bes\u00f6kare till 42.912 unika bes\u00f6kare p\u00e5 tv\u00e5 \u00e5r. Svenska Magasinets webbplats som \u00e4r den fr\u00e4msta informationsk\u00e4llan bland nordiska medier i Spanien har \u00f6kat dubbelt sedan november 2013 till november 2015. Det visar siffror fr\u00e5n Google Analytics. Det \u00e4r otroligt gl\u00e4djande siffror och ett erk\u00e4nnande fr\u00e5n en v\u00e4xande l\u00e4sekrets. Svenska Magasinet p\u00e5 n\u00e4tet [&hellip;]\" \/>\n<meta property=\"og:url\" content=\"https:\/\/lightweb.dev\/l\/svm-temp\/nyheter\/fran-21-000-till-42-000-pa-tva-ar-svenska-magasinet-okar-dubbelt-pa-natet\/\" \/>\n<meta property=\"og:site_name\" content=\"Svenska Magasinet\" \/>\n<meta property=\"article:publisher\" content=\"https:\/\/www.facebook.com\/svenskamagasinet\" \/>\n<meta property=\"article:published_time\" content=\"2015-12-01T23:00:00+00:00\" \/>\n<meta property=\"og:image\" content=\"https:\/\/lightweb.dev\/l\/svm-temp\/wp-content\/uploads\/2022\/06\/fran-21000-till-42000-pa-tva-ar-svenska-magasinet-okar-dubbelt-pa-natet.png\" \/>\n\t<meta property=\"og:image:width\" content=\"280\" \/>\n\t<meta property=\"og:image:height\" content=\"272\" \/>\n\t<meta property=\"og:image:type\" content=\"image\/png\" \/>\n<meta name=\"author\" content=\"Redaktionen SvM\" \/>\n<meta name=\"twitter:card\" content=\"summary_large_image\" \/>\n<meta name=\"twitter:creator\" content=\"@SvenskaMagasine\" \/>\n<meta name=\"twitter:site\" content=\"@SvenskaMagasine\" \/>\n<script type=\"application\/ld+json\" class=\"yoast-schema-graph\">{\"@context\":\"https:\\\/\\\/schema.org\",\"@graph\":[{\"@type\":\"Article\",\"@id\":\"https:\\\/\\\/lightweb.dev\\\/l\\\/svm-temp\\\/nyheter\\\/fran-21-000-till-42-000-pa-tva-ar-svenska-magasinet-okar-dubbelt-pa-natet\\\/#article\",\"isPartOf\":{\"@id\":\"https:\\\/\\\/lightweb.dev\\\/l\\\/svm-temp\\\/nyheter\\\/fran-21-000-till-42-000-pa-tva-ar-svenska-magasinet-okar-dubbelt-pa-natet\\\/\"},\"author\":{\"name\":\"Redaktionen SvM\",\"@id\":\"https:\\\/\\\/lightweb.dev\\\/l\\\/svm-temp\\\/#\\\/schema\\\/person\\\/206a3bda5b607b0c25e1749191e4d837\"},\"headline\":\"Fr\u00e5n 21.000 till 42.000 p\u00e5 tv\u00e5 \u00e5r \u2013 Svenska Magasinet \u00f6kar dubbelt p\u00e5 n\u00e4tet\",\"datePublished\":\"2015-12-01T23:00:00+00:00\",\"mainEntityOfPage\":{\"@id\":\"https:\\\/\\\/lightweb.dev\\\/l\\\/svm-temp\\\/nyheter\\\/fran-21-000-till-42-000-pa-tva-ar-svenska-magasinet-okar-dubbelt-pa-natet\\\/\"},\"wordCount\":213,\"commentCount\":0,\"publisher\":{\"@id\":\"https:\\\/\\\/lightweb.dev\\\/l\\\/svm-temp\\\/#organization\"},\"image\":{\"@id\":\"https:\\\/\\\/lightweb.dev\\\/l\\\/svm-temp\\\/nyheter\\\/fran-21-000-till-42-000-pa-tva-ar-svenska-magasinet-okar-dubbelt-pa-natet\\\/#primaryimage\"},\"thumbnailUrl\":\"https:\\\/\\\/lightweb.dev\\\/l\\\/svm-temp\\\/wp-content\\\/uploads\\\/2022\\\/06\\\/fran-21000-till-42000-pa-tva-ar-svenska-magasinet-okar-dubbelt-pa-natet.png\",\"articleSection\":[\"Arkiv\",\"Nyheter\"],\"inLanguage\":\"sv-SE\"},{\"@type\":\"WebPage\",\"@id\":\"https:\\\/\\\/lightweb.dev\\\/l\\\/svm-temp\\\/nyheter\\\/fran-21-000-till-42-000-pa-tva-ar-svenska-magasinet-okar-dubbelt-pa-natet\\\/\",\"url\":\"https:\\\/\\\/lightweb.dev\\\/l\\\/svm-temp\\\/nyheter\\\/fran-21-000-till-42-000-pa-tva-ar-svenska-magasinet-okar-dubbelt-pa-natet\\\/\",\"name\":\"Fr\u00e5n 21.000 till 42.000 p\u00e5 tv\u00e5 \u00e5r \u2013 Svenska Magasinet \u00f6kar dubbelt p\u00e5 n\u00e4tet - Svenska Magasinet\",\"isPartOf\":{\"@id\":\"https:\\\/\\\/lightweb.dev\\\/l\\\/svm-temp\\\/#website\"},\"primaryImageOfPage\":{\"@id\":\"https:\\\/\\\/lightweb.dev\\\/l\\\/svm-temp\\\/nyheter\\\/fran-21-000-till-42-000-pa-tva-ar-svenska-magasinet-okar-dubbelt-pa-natet\\\/#primaryimage\"},\"image\":{\"@id\":\"https:\\\/\\\/lightweb.dev\\\/l\\\/svm-temp\\\/nyheter\\\/fran-21-000-till-42-000-pa-tva-ar-svenska-magasinet-okar-dubbelt-pa-natet\\\/#primaryimage\"},\"thumbnailUrl\":\"https:\\\/\\\/lightweb.dev\\\/l\\\/svm-temp\\\/wp-content\\\/uploads\\\/2022\\\/06\\\/fran-21000-till-42000-pa-tva-ar-svenska-magasinet-okar-dubbelt-pa-natet.png\",\"datePublished\":\"2015-12-01T23:00:00+00:00\",\"breadcrumb\":{\"@id\":\"https:\\\/\\\/lightweb.dev\\\/l\\\/svm-temp\\\/nyheter\\\/fran-21-000-till-42-000-pa-tva-ar-svenska-magasinet-okar-dubbelt-pa-natet\\\/#breadcrumb\"},\"inLanguage\":\"sv-SE\",\"potentialAction\":[{\"@type\":\"ReadAction\",\"target\":[\"https:\\\/\\\/lightweb.dev\\\/l\\\/svm-temp\\\/nyheter\\\/fran-21-000-till-42-000-pa-tva-ar-svenska-magasinet-okar-dubbelt-pa-natet\\\/\"]}]},{\"@type\":\"ImageObject\",\"inLanguage\":\"sv-SE\",\"@id\":\"https:\\\/\\\/lightweb.dev\\\/l\\\/svm-temp\\\/nyheter\\\/fran-21-000-till-42-000-pa-tva-ar-svenska-magasinet-okar-dubbelt-pa-natet\\\/#primaryimage\",\"url\":\"https:\\\/\\\/lightweb.dev\\\/l\\\/svm-temp\\\/wp-content\\\/uploads\\\/2022\\\/06\\\/fran-21000-till-42000-pa-tva-ar-svenska-magasinet-okar-dubbelt-pa-natet.png\",\"contentUrl\":\"https:\\\/\\\/lightweb.dev\\\/l\\\/svm-temp\\\/wp-content\\\/uploads\\\/2022\\\/06\\\/fran-21000-till-42000-pa-tva-ar-svenska-magasinet-okar-dubbelt-pa-natet.png\",\"width\":280,\"height\":272},{\"@type\":\"BreadcrumbList\",\"@id\":\"https:\\\/\\\/lightweb.dev\\\/l\\\/svm-temp\\\/nyheter\\\/fran-21-000-till-42-000-pa-tva-ar-svenska-magasinet-okar-dubbelt-pa-natet\\\/#breadcrumb\",\"itemListElement\":[{\"@type\":\"ListItem\",\"position\":1,\"name\":\"Hem\",\"item\":\"https:\\\/\\\/lightweb.dev\\\/l\\\/svm-temp\\\/\"},{\"@type\":\"ListItem\",\"position\":2,\"name\":\"Fr\u00e5n 21.000 till 42.000 p\u00e5 tv\u00e5 \u00e5r \u2013 Svenska Magasinet \u00f6kar dubbelt p\u00e5 n\u00e4tet\"}]},{\"@type\":\"WebSite\",\"@id\":\"https:\\\/\\\/lightweb.dev\\\/l\\\/svm-temp\\\/#website\",\"url\":\"https:\\\/\\\/lightweb.dev\\\/l\\\/svm-temp\\\/\",\"name\":\"Svenska Magasinet\",\"description\":\"Dina Spanska nyheter p&aring; Svenska\",\"publisher\":{\"@id\":\"https:\\\/\\\/lightweb.dev\\\/l\\\/svm-temp\\\/#organization\"},\"potentialAction\":[{\"@type\":\"SearchAction\",\"target\":{\"@type\":\"EntryPoint\",\"urlTemplate\":\"https:\\\/\\\/lightweb.dev\\\/l\\\/svm-temp\\\/?s={search_term_string}\"},\"query-input\":{\"@type\":\"PropertyValueSpecification\",\"valueRequired\":true,\"valueName\":\"search_term_string\"}}],\"inLanguage\":\"sv-SE\"},{\"@type\":\"Organization\",\"@id\":\"https:\\\/\\\/lightweb.dev\\\/l\\\/svm-temp\\\/#organization\",\"name\":\"Melkerson y Nott SL\",\"alternateName\":\"Svenska Magasinet\",\"url\":\"https:\\\/\\\/lightweb.dev\\\/l\\\/svm-temp\\\/\",\"logo\":{\"@type\":\"ImageObject\",\"inLanguage\":\"sv-SE\",\"@id\":\"https:\\\/\\\/lightweb.dev\\\/l\\\/svm-temp\\\/#\\\/schema\\\/logo\\\/image\\\/\",\"url\":\"https:\\\/\\\/lightweb.dev\\\/l\\\/svm-temp\\\/wp-content\\\/uploads\\\/2025\\\/02\\\/SvM-logo-Xtra-Centrerad-SVART.png\",\"contentUrl\":\"https:\\\/\\\/lightweb.dev\\\/l\\\/svm-temp\\\/wp-content\\\/uploads\\\/2025\\\/02\\\/SvM-logo-Xtra-Centrerad-SVART.png\",\"width\":300,\"height\":99,\"caption\":\"Melkerson y Nott SL\"},\"image\":{\"@id\":\"https:\\\/\\\/lightweb.dev\\\/l\\\/svm-temp\\\/#\\\/schema\\\/logo\\\/image\\\/\"},\"sameAs\":[\"https:\\\/\\\/www.facebook.com\\\/svenskamagasinet\",\"https:\\\/\\\/x.com\\\/SvenskaMagasine\"]},{\"@type\":\"Person\",\"@id\":\"https:\\\/\\\/lightweb.dev\\\/l\\\/svm-temp\\\/#\\\/schema\\\/person\\\/206a3bda5b607b0c25e1749191e4d837\",\"name\":\"Redaktionen SvM\",\"description\":\"Redaktionen\",\"sameAs\":[\"https:\\\/\\\/lightweb.dev\\\/l\\\/svm-temp\"],\"url\":\"https:\\\/\\\/lightweb.dev\\\/l\\\/svm-temp\\\/reporter\\\/redaktionen\\\/\"}]}<\/script>\n<!-- \/ Yoast SEO Premium plugin. -->","yoast_head_json":{"title":"Fr\u00e5n 21.000 till 42.000 p\u00e5 tv\u00e5 \u00e5r \u2013 Svenska Magasinet \u00f6kar dubbelt p\u00e5 n\u00e4tet - Svenska Magasinet","robots":{"index":"noindex","follow":"follow","max-snippet":"max-snippet:-1","max-image-preview":"max-image-preview:large","max-video-preview":"max-video-preview:-1"},"og_locale":"sv_SE","og_type":"article","og_title":"Fr\u00e5n 21.000 till 42.000 p\u00e5 tv\u00e5 \u00e5r \u2013 Svenska Magasinet \u00f6kar dubbelt p\u00e5 n\u00e4tet","og_description":"Fr\u00e5n 21.474 unika bes\u00f6kare till 42.912 unika bes\u00f6kare p\u00e5 tv\u00e5 \u00e5r. Svenska Magasinets webbplats som \u00e4r den fr\u00e4msta informationsk\u00e4llan bland nordiska medier i Spanien har \u00f6kat dubbelt sedan november 2013 till november 2015. Det visar siffror fr\u00e5n Google Analytics. Det \u00e4r otroligt gl\u00e4djande siffror och ett erk\u00e4nnande fr\u00e5n en v\u00e4xande l\u00e4sekrets. Svenska Magasinet p\u00e5 n\u00e4tet [&hellip;]","og_url":"https:\/\/lightweb.dev\/l\/svm-temp\/nyheter\/fran-21-000-till-42-000-pa-tva-ar-svenska-magasinet-okar-dubbelt-pa-natet\/","og_site_name":"Svenska Magasinet","article_publisher":"https:\/\/www.facebook.com\/svenskamagasinet","article_published_time":"2015-12-01T23:00:00+00:00","og_image":[{"width":280,"height":272,"url":"https:\/\/lightweb.dev\/l\/svm-temp\/wp-content\/uploads\/2022\/06\/fran-21000-till-42000-pa-tva-ar-svenska-magasinet-okar-dubbelt-pa-natet.png","type":"image\/png"}],"author":"Redaktionen SvM","twitter_card":"summary_large_image","twitter_creator":"@SvenskaMagasine","twitter_site":"@SvenskaMagasine","schema":{"@context":"https:\/\/schema.org","@graph":[{"@type":"Article","@id":"https:\/\/lightweb.dev\/l\/svm-temp\/nyheter\/fran-21-000-till-42-000-pa-tva-ar-svenska-magasinet-okar-dubbelt-pa-natet\/#article","isPartOf":{"@id":"https:\/\/lightweb.dev\/l\/svm-temp\/nyheter\/fran-21-000-till-42-000-pa-tva-ar-svenska-magasinet-okar-dubbelt-pa-natet\/"},"author":{"name":"Redaktionen SvM","@id":"https:\/\/lightweb.dev\/l\/svm-temp\/#\/schema\/person\/206a3bda5b607b0c25e1749191e4d837"},"headline":"Fr\u00e5n 21.000 till 42.000 p\u00e5 tv\u00e5 \u00e5r \u2013 Svenska Magasinet \u00f6kar dubbelt p\u00e5 n\u00e4tet","datePublished":"2015-12-01T23:00:00+00:00","mainEntityOfPage":{"@id":"https:\/\/lightweb.dev\/l\/svm-temp\/nyheter\/fran-21-000-till-42-000-pa-tva-ar-svenska-magasinet-okar-dubbelt-pa-natet\/"},"wordCount":213,"commentCount":0,"publisher":{"@id":"https:\/\/lightweb.dev\/l\/svm-temp\/#organization"},"image":{"@id":"https:\/\/lightweb.dev\/l\/svm-temp\/nyheter\/fran-21-000-till-42-000-pa-tva-ar-svenska-magasinet-okar-dubbelt-pa-natet\/#primaryimage"},"thumbnailUrl":"https:\/\/lightweb.dev\/l\/svm-temp\/wp-content\/uploads\/2022\/06\/fran-21000-till-42000-pa-tva-ar-svenska-magasinet-okar-dubbelt-pa-natet.png","articleSection":["Arkiv","Nyheter"],"inLanguage":"sv-SE"},{"@type":"WebPage","@id":"https:\/\/lightweb.dev\/l\/svm-temp\/nyheter\/fran-21-000-till-42-000-pa-tva-ar-svenska-magasinet-okar-dubbelt-pa-natet\/","url":"https:\/\/lightweb.dev\/l\/svm-temp\/nyheter\/fran-21-000-till-42-000-pa-tva-ar-svenska-magasinet-okar-dubbelt-pa-natet\/","name":"Fr\u00e5n 21.000 till 42.000 p\u00e5 tv\u00e5 \u00e5r \u2013 Svenska Magasinet \u00f6kar dubbelt p\u00e5 n\u00e4tet - Svenska Magasinet","isPartOf":{"@id":"https:\/\/lightweb.dev\/l\/svm-temp\/#website"},"primaryImageOfPage":{"@id":"https:\/\/lightweb.dev\/l\/svm-temp\/nyheter\/fran-21-000-till-42-000-pa-tva-ar-svenska-magasinet-okar-dubbelt-pa-natet\/#primaryimage"},"image":{"@id":"https:\/\/lightweb.dev\/l\/svm-temp\/nyheter\/fran-21-000-till-42-000-pa-tva-ar-svenska-magasinet-okar-dubbelt-pa-natet\/#primaryimage"},"thumbnailUrl":"https:\/\/lightweb.dev\/l\/svm-temp\/wp-content\/uploads\/2022\/06\/fran-21000-till-42000-pa-tva-ar-svenska-magasinet-okar-dubbelt-pa-natet.png","datePublished":"2015-12-01T23:00:00+00:00","breadcrumb":{"@id":"https:\/\/lightweb.dev\/l\/svm-temp\/nyheter\/fran-21-000-till-42-000-pa-tva-ar-svenska-magasinet-okar-dubbelt-pa-natet\/#breadcrumb"},"inLanguage":"sv-SE","potentialAction":[{"@type":"ReadAction","target":["https:\/\/lightweb.dev\/l\/svm-temp\/nyheter\/fran-21-000-till-42-000-pa-tva-ar-svenska-magasinet-okar-dubbelt-pa-natet\/"]}]},{"@type":"ImageObject","inLanguage":"sv-SE","@id":"https:\/\/lightweb.dev\/l\/svm-temp\/nyheter\/fran-21-000-till-42-000-pa-tva-ar-svenska-magasinet-okar-dubbelt-pa-natet\/#primaryimage","url":"https:\/\/lightweb.dev\/l\/svm-temp\/wp-content\/uploads\/2022\/06\/fran-21000-till-42000-pa-tva-ar-svenska-magasinet-okar-dubbelt-pa-natet.png","contentUrl":"https:\/\/lightweb.dev\/l\/svm-temp\/wp-content\/uploads\/2022\/06\/fran-21000-till-42000-pa-tva-ar-svenska-magasinet-okar-dubbelt-pa-natet.png","width":280,"height":272},{"@type":"BreadcrumbList","@id":"https:\/\/lightweb.dev\/l\/svm-temp\/nyheter\/fran-21-000-till-42-000-pa-tva-ar-svenska-magasinet-okar-dubbelt-pa-natet\/#breadcrumb","itemListElement":[{"@type":"ListItem","position":1,"name":"Hem","item":"https:\/\/lightweb.dev\/l\/svm-temp\/"},{"@type":"ListItem","position":2,"name":"Fr\u00e5n 21.000 till 42.000 p\u00e5 tv\u00e5 \u00e5r \u2013 Svenska Magasinet \u00f6kar dubbelt p\u00e5 n\u00e4tet"}]},{"@type":"WebSite","@id":"https:\/\/lightweb.dev\/l\/svm-temp\/#website","url":"https:\/\/lightweb.dev\/l\/svm-temp\/","name":"Svenska Magasinet","description":"Dina Spanska nyheter p&aring; Svenska","publisher":{"@id":"https:\/\/lightweb.dev\/l\/svm-temp\/#organization"},"potentialAction":[{"@type":"SearchAction","target":{"@type":"EntryPoint","urlTemplate":"https:\/\/lightweb.dev\/l\/svm-temp\/?s={search_term_string}"},"query-input":{"@type":"PropertyValueSpecification","valueRequired":true,"valueName":"search_term_string"}}],"inLanguage":"sv-SE"},{"@type":"Organization","@id":"https:\/\/lightweb.dev\/l\/svm-temp\/#organization","name":"Melkerson y Nott SL","alternateName":"Svenska Magasinet","url":"https:\/\/lightweb.dev\/l\/svm-temp\/","logo":{"@type":"ImageObject","inLanguage":"sv-SE","@id":"https:\/\/lightweb.dev\/l\/svm-temp\/#\/schema\/logo\/image\/","url":"https:\/\/lightweb.dev\/l\/svm-temp\/wp-content\/uploads\/2025\/02\/SvM-logo-Xtra-Centrerad-SVART.png","contentUrl":"https:\/\/lightweb.dev\/l\/svm-temp\/wp-content\/uploads\/2025\/02\/SvM-logo-Xtra-Centrerad-SVART.png","width":300,"height":99,"caption":"Melkerson y Nott SL"},"image":{"@id":"https:\/\/lightweb.dev\/l\/svm-temp\/#\/schema\/logo\/image\/"},"sameAs":["https:\/\/www.facebook.com\/svenskamagasinet","https:\/\/x.com\/SvenskaMagasine"]},{"@type":"Person","@id":"https:\/\/lightweb.dev\/l\/svm-temp\/#\/schema\/person\/206a3bda5b607b0c25e1749191e4d837","name":"Redaktionen SvM","description":"Redaktionen","sameAs":["https:\/\/lightweb.dev\/l\/svm-temp"],"url":"https:\/\/lightweb.dev\/l\/svm-temp\/reporter\/redaktionen\/"}]}},"_links":{"self":[{"href":"https:\/\/lightweb.dev\/l\/svm-temp\/wp-json\/wp\/v2\/posts\/23127","targetHints":{"allow":["GET"]}}],"collection":[{"href":"https:\/\/lightweb.dev\/l\/svm-temp\/wp-json\/wp\/v2\/posts"}],"about":[{"href":"https:\/\/lightweb.dev\/l\/svm-temp\/wp-json\/wp\/v2\/types\/post"}],"author":[{"embeddable":true,"href":"https:\/\/lightweb.dev\/l\/svm-temp\/wp-json\/wp\/v2\/users\/8"}],"replies":[{"embeddable":true,"href":"https:\/\/lightweb.dev\/l\/svm-temp\/wp-json\/wp\/v2\/comments?post=23127"}],"version-history":[{"count":0,"href":"https:\/\/lightweb.dev\/l\/svm-temp\/wp-json\/wp\/v2\/posts\/23127\/revisions"}],"wp:featuredmedia":[{"embeddable":true,"href":"https:\/\/lightweb.dev\/l\/svm-temp\/wp-json\/wp\/v2\/media\/23128"}],"wp:attachment":[{"href":"https:\/\/lightweb.dev\/l\/svm-temp\/wp-json\/wp\/v2\/media?parent=23127"}],"wp:term":[{"taxonomy":"category","embeddable":true,"href":"https:\/\/lightweb.dev\/l\/svm-temp\/wp-json\/wp\/v2\/categories?post=23127"},{"taxonomy":"post_tag","embeddable":true,"href":"https:\/\/lightweb.dev\/l\/svm-temp\/wp-json\/wp\/v2\/tags?post=23127"}],"curies":[{"name":"wp","href":"https:\/\/api.w.org\/{rel}","templated":true}]}}