{"id":23133,"date":"2015-12-01T00:00:00","date_gmt":"2015-11-30T23:00:00","guid":{"rendered":"https:\/\/lightweb.dev\/l\/svm-temp\/nyheter\/kungen-halsar-anhoriga-till-utvisade-sefardiska-judar-valkomna\/"},"modified":"2015-12-01T00:00:00","modified_gmt":"2015-11-30T23:00:00","slug":"kungen-halsar-anhoriga-till-utvisade-sefardiska-judar-valkomna","status":"publish","type":"post","link":"https:\/\/lightweb.dev\/l\/svm-temp\/nyheter\/kungen-halsar-anhoriga-till-utvisade-sefardiska-judar-valkomna\/","title":{"rendered":"Kungen h\u00e4lsar anh\u00f6riga till utvisade sefardiska judar v\u00e4lkomna"},"content":{"rendered":"<p> Kung Felipe VI h\u00e4lsade p\u00e5 m\u00e5ndagen en delegation av anh\u00f6riga till sefardiska judar v\u00e4lkomna tillbaka till Spanien efter 523 \u00e5r. De utvisades fr\u00e5n Spanien av de katolska monarkerna och nu har anh\u00f6riga m\u00f6jlighet att beviljas spanskt medborgarskap.<\/p>\n<p>Den spanske monarken Felipe VI h\u00f6ll under m\u00e5ndagen ett m\u00f6te p\u00e5 Kungliga slottet i Madrid dit sefardiska judar fr\u00e5n olika delar av Europa hade kommit. M\u00f6tet kom till efter att ministerr\u00e5det beviljat 4.302 \u00e4ttlingar till sefardiska judar spanskt medborgarskap.<\/p>\n<p>Det var efter en lag\u00e4ndring i juni ifjol som det nu blir m\u00f6jligt f\u00f6r \u00e4ttlingar till de sefardiska judar som utvisades fr\u00e5n Spanien att f\u00e5 spanskt medborgarskap. Tidigare kunde de f\u00e5 spanskt medborgarskap efter att ha varit bosatta i Spanien i tv\u00e5 \u00e5r eller efter beslut av ministerr\u00e5det. I de flesta fall var de s\u00f6kande tvungna att avs\u00e4ga sig sitt andra medborgarskap.<\/p>\n<p>Under sitt tal ber\u00f6mde kung Felipe VI det sefardiska samfundet \u201doch den lojalitet de visat mot Spanien. I st\u00e4llet f\u00f6r att k\u00e4nna f\u00f6rbittring har ni l\u00e4rt era barn att \u00e4lska Spanien som land\u201d.<\/p>\n<p>Enligt den spanska justitieministern Rafael Catal\u00e1 har ytterligare 500 bett om spanskt medborgarskap medan runt 10.000 har beg\u00e4rt information f\u00f6r att p\u00e5b\u00f6rja processen.<\/p>\n<p>(Foto: Spanska kungahuset \u00a9 Casa de S.M. el Rey) Franco en v\u00e4n till judarna<\/p>\n","protected":false},"excerpt":{"rendered":"<p>Kung Felipe VI h\u00e4lsade p\u00e5 m\u00e5ndagen en delegation av anh\u00f6riga till sefardiska judar v\u00e4lkomna tillbaka till Spanien efter 523 \u00e5r. De utvisades fr\u00e5n Spanien av de katolska monarkerna och nu har anh\u00f6riga m\u00f6jlighet att beviljas spanskt medborgarskap. Den spanske monarken Felipe VI h\u00f6ll under m\u00e5ndagen ett m\u00f6te p\u00e5 Kungliga slottet i Madrid dit sefardiska judar [&hellip;]<\/p>\n","protected":false},"author":8,"featured_media":23134,"comment_status":"open","ping_status":"open","sticky":false,"template":"","format":"standard","meta":{"_et_pb_use_builder":"","_et_pb_old_content":"","_et_gb_content_width":"","footnotes":""},"categories":[395,3],"tags":[],"class_list":["post-23133","post","type-post","status-publish","format-standard","has-post-thumbnail","hentry","category-arkiv-nyheter","category-nyheter"],"yoast_head":"<!-- This site is optimized with the Yoast SEO Premium plugin v26.2 (Yoast SEO v27.4) - https:\/\/yoast.com\/product\/yoast-seo-premium-wordpress\/ -->\n<title>Kungen h\u00e4lsar anh\u00f6riga till utvisade sefardiska judar v\u00e4lkomna - Svenska Magasinet<\/title>\n<meta name=\"robots\" content=\"noindex, follow, max-snippet:-1, max-image-preview:large, max-video-preview:-1\" \/>\n<meta property=\"og:locale\" content=\"sv_SE\" \/>\n<meta property=\"og:type\" content=\"article\" \/>\n<meta property=\"og:title\" content=\"Kungen h\u00e4lsar anh\u00f6riga till utvisade sefardiska judar v\u00e4lkomna\" \/>\n<meta property=\"og:description\" content=\"Kung Felipe VI h\u00e4lsade p\u00e5 m\u00e5ndagen en delegation av anh\u00f6riga till sefardiska judar v\u00e4lkomna tillbaka till Spanien efter 523 \u00e5r. De utvisades fr\u00e5n Spanien av de katolska monarkerna och nu har anh\u00f6riga m\u00f6jlighet att beviljas spanskt medborgarskap. Den spanske monarken Felipe VI h\u00f6ll under m\u00e5ndagen ett m\u00f6te p\u00e5 Kungliga slottet i Madrid dit sefardiska judar [&hellip;]\" \/>\n<meta property=\"og:url\" content=\"https:\/\/lightweb.dev\/l\/svm-temp\/nyheter\/kungen-halsar-anhoriga-till-utvisade-sefardiska-judar-valkomna\/\" \/>\n<meta property=\"og:site_name\" content=\"Svenska Magasinet\" \/>\n<meta property=\"article:publisher\" content=\"https:\/\/www.facebook.com\/svenskamagasinet\" \/>\n<meta property=\"article:published_time\" content=\"2015-11-30T23:00:00+00:00\" \/>\n<meta property=\"og:image\" content=\"https:\/\/lightweb.dev\/l\/svm-temp\/wp-content\/uploads\/2022\/06\/kungen-halsar-anhoriga-till-utvisade-sefardiska-judar-valkomna.png\" \/>\n\t<meta property=\"og:image:width\" content=\"300\" \/>\n\t<meta property=\"og:image:height\" content=\"200\" \/>\n\t<meta property=\"og:image:type\" content=\"image\/png\" \/>\n<meta name=\"author\" content=\"Redaktionen SvM\" \/>\n<meta name=\"twitter:card\" content=\"summary_large_image\" \/>\n<meta name=\"twitter:creator\" content=\"@SvenskaMagasine\" \/>\n<meta name=\"twitter:site\" content=\"@SvenskaMagasine\" \/>\n<script type=\"application\/ld+json\" class=\"yoast-schema-graph\">{\"@context\":\"https:\\\/\\\/schema.org\",\"@graph\":[{\"@type\":\"Article\",\"@id\":\"https:\\\/\\\/lightweb.dev\\\/l\\\/svm-temp\\\/nyheter\\\/kungen-halsar-anhoriga-till-utvisade-sefardiska-judar-valkomna\\\/#article\",\"isPartOf\":{\"@id\":\"https:\\\/\\\/lightweb.dev\\\/l\\\/svm-temp\\\/nyheter\\\/kungen-halsar-anhoriga-till-utvisade-sefardiska-judar-valkomna\\\/\"},\"author\":{\"name\":\"Redaktionen SvM\",\"@id\":\"https:\\\/\\\/lightweb.dev\\\/l\\\/svm-temp\\\/#\\\/schema\\\/person\\\/206a3bda5b607b0c25e1749191e4d837\"},\"headline\":\"Kungen h\u00e4lsar anh\u00f6riga till utvisade sefardiska judar v\u00e4lkomna\",\"datePublished\":\"2015-11-30T23:00:00+00:00\",\"mainEntityOfPage\":{\"@id\":\"https:\\\/\\\/lightweb.dev\\\/l\\\/svm-temp\\\/nyheter\\\/kungen-halsar-anhoriga-till-utvisade-sefardiska-judar-valkomna\\\/\"},\"wordCount\":246,\"commentCount\":0,\"publisher\":{\"@id\":\"https:\\\/\\\/lightweb.dev\\\/l\\\/svm-temp\\\/#organization\"},\"image\":{\"@id\":\"https:\\\/\\\/lightweb.dev\\\/l\\\/svm-temp\\\/nyheter\\\/kungen-halsar-anhoriga-till-utvisade-sefardiska-judar-valkomna\\\/#primaryimage\"},\"thumbnailUrl\":\"https:\\\/\\\/lightweb.dev\\\/l\\\/svm-temp\\\/wp-content\\\/uploads\\\/2022\\\/06\\\/kungen-halsar-anhoriga-till-utvisade-sefardiska-judar-valkomna.png\",\"articleSection\":[\"Arkiv\",\"Nyheter\"],\"inLanguage\":\"sv-SE\"},{\"@type\":\"WebPage\",\"@id\":\"https:\\\/\\\/lightweb.dev\\\/l\\\/svm-temp\\\/nyheter\\\/kungen-halsar-anhoriga-till-utvisade-sefardiska-judar-valkomna\\\/\",\"url\":\"https:\\\/\\\/lightweb.dev\\\/l\\\/svm-temp\\\/nyheter\\\/kungen-halsar-anhoriga-till-utvisade-sefardiska-judar-valkomna\\\/\",\"name\":\"Kungen h\u00e4lsar anh\u00f6riga till utvisade sefardiska judar v\u00e4lkomna - Svenska Magasinet\",\"isPartOf\":{\"@id\":\"https:\\\/\\\/lightweb.dev\\\/l\\\/svm-temp\\\/#website\"},\"primaryImageOfPage\":{\"@id\":\"https:\\\/\\\/lightweb.dev\\\/l\\\/svm-temp\\\/nyheter\\\/kungen-halsar-anhoriga-till-utvisade-sefardiska-judar-valkomna\\\/#primaryimage\"},\"image\":{\"@id\":\"https:\\\/\\\/lightweb.dev\\\/l\\\/svm-temp\\\/nyheter\\\/kungen-halsar-anhoriga-till-utvisade-sefardiska-judar-valkomna\\\/#primaryimage\"},\"thumbnailUrl\":\"https:\\\/\\\/lightweb.dev\\\/l\\\/svm-temp\\\/wp-content\\\/uploads\\\/2022\\\/06\\\/kungen-halsar-anhoriga-till-utvisade-sefardiska-judar-valkomna.png\",\"datePublished\":\"2015-11-30T23:00:00+00:00\",\"breadcrumb\":{\"@id\":\"https:\\\/\\\/lightweb.dev\\\/l\\\/svm-temp\\\/nyheter\\\/kungen-halsar-anhoriga-till-utvisade-sefardiska-judar-valkomna\\\/#breadcrumb\"},\"inLanguage\":\"sv-SE\",\"potentialAction\":[{\"@type\":\"ReadAction\",\"target\":[\"https:\\\/\\\/lightweb.dev\\\/l\\\/svm-temp\\\/nyheter\\\/kungen-halsar-anhoriga-till-utvisade-sefardiska-judar-valkomna\\\/\"]}]},{\"@type\":\"ImageObject\",\"inLanguage\":\"sv-SE\",\"@id\":\"https:\\\/\\\/lightweb.dev\\\/l\\\/svm-temp\\\/nyheter\\\/kungen-halsar-anhoriga-till-utvisade-sefardiska-judar-valkomna\\\/#primaryimage\",\"url\":\"https:\\\/\\\/lightweb.dev\\\/l\\\/svm-temp\\\/wp-content\\\/uploads\\\/2022\\\/06\\\/kungen-halsar-anhoriga-till-utvisade-sefardiska-judar-valkomna.png\",\"contentUrl\":\"https:\\\/\\\/lightweb.dev\\\/l\\\/svm-temp\\\/wp-content\\\/uploads\\\/2022\\\/06\\\/kungen-halsar-anhoriga-till-utvisade-sefardiska-judar-valkomna.png\",\"width\":300,\"height\":200},{\"@type\":\"BreadcrumbList\",\"@id\":\"https:\\\/\\\/lightweb.dev\\\/l\\\/svm-temp\\\/nyheter\\\/kungen-halsar-anhoriga-till-utvisade-sefardiska-judar-valkomna\\\/#breadcrumb\",\"itemListElement\":[{\"@type\":\"ListItem\",\"position\":1,\"name\":\"Hem\",\"item\":\"https:\\\/\\\/lightweb.dev\\\/l\\\/svm-temp\\\/\"},{\"@type\":\"ListItem\",\"position\":2,\"name\":\"Kungen h\u00e4lsar anh\u00f6riga till utvisade sefardiska judar v\u00e4lkomna\"}]},{\"@type\":\"WebSite\",\"@id\":\"https:\\\/\\\/lightweb.dev\\\/l\\\/svm-temp\\\/#website\",\"url\":\"https:\\\/\\\/lightweb.dev\\\/l\\\/svm-temp\\\/\",\"name\":\"Svenska Magasinet\",\"description\":\"Dina Spanska nyheter p&aring; Svenska\",\"publisher\":{\"@id\":\"https:\\\/\\\/lightweb.dev\\\/l\\\/svm-temp\\\/#organization\"},\"potentialAction\":[{\"@type\":\"SearchAction\",\"target\":{\"@type\":\"EntryPoint\",\"urlTemplate\":\"https:\\\/\\\/lightweb.dev\\\/l\\\/svm-temp\\\/?s={search_term_string}\"},\"query-input\":{\"@type\":\"PropertyValueSpecification\",\"valueRequired\":true,\"valueName\":\"search_term_string\"}}],\"inLanguage\":\"sv-SE\"},{\"@type\":\"Organization\",\"@id\":\"https:\\\/\\\/lightweb.dev\\\/l\\\/svm-temp\\\/#organization\",\"name\":\"Melkerson y Nott SL\",\"alternateName\":\"Svenska Magasinet\",\"url\":\"https:\\\/\\\/lightweb.dev\\\/l\\\/svm-temp\\\/\",\"logo\":{\"@type\":\"ImageObject\",\"inLanguage\":\"sv-SE\",\"@id\":\"https:\\\/\\\/lightweb.dev\\\/l\\\/svm-temp\\\/#\\\/schema\\\/logo\\\/image\\\/\",\"url\":\"https:\\\/\\\/lightweb.dev\\\/l\\\/svm-temp\\\/wp-content\\\/uploads\\\/2025\\\/02\\\/SvM-logo-Xtra-Centrerad-SVART.png\",\"contentUrl\":\"https:\\\/\\\/lightweb.dev\\\/l\\\/svm-temp\\\/wp-content\\\/uploads\\\/2025\\\/02\\\/SvM-logo-Xtra-Centrerad-SVART.png\",\"width\":300,\"height\":99,\"caption\":\"Melkerson y Nott SL\"},\"image\":{\"@id\":\"https:\\\/\\\/lightweb.dev\\\/l\\\/svm-temp\\\/#\\\/schema\\\/logo\\\/image\\\/\"},\"sameAs\":[\"https:\\\/\\\/www.facebook.com\\\/svenskamagasinet\",\"https:\\\/\\\/x.com\\\/SvenskaMagasine\"]},{\"@type\":\"Person\",\"@id\":\"https:\\\/\\\/lightweb.dev\\\/l\\\/svm-temp\\\/#\\\/schema\\\/person\\\/206a3bda5b607b0c25e1749191e4d837\",\"name\":\"Redaktionen SvM\",\"description\":\"Redaktionen\",\"sameAs\":[\"https:\\\/\\\/lightweb.dev\\\/l\\\/svm-temp\"],\"url\":\"https:\\\/\\\/lightweb.dev\\\/l\\\/svm-temp\\\/reporter\\\/redaktionen\\\/\"}]}<\/script>\n<!-- \/ Yoast SEO Premium plugin. -->","yoast_head_json":{"title":"Kungen h\u00e4lsar anh\u00f6riga till utvisade sefardiska judar v\u00e4lkomna - Svenska Magasinet","robots":{"index":"noindex","follow":"follow","max-snippet":"max-snippet:-1","max-image-preview":"max-image-preview:large","max-video-preview":"max-video-preview:-1"},"og_locale":"sv_SE","og_type":"article","og_title":"Kungen h\u00e4lsar anh\u00f6riga till utvisade sefardiska judar v\u00e4lkomna","og_description":"Kung Felipe VI h\u00e4lsade p\u00e5 m\u00e5ndagen en delegation av anh\u00f6riga till sefardiska judar v\u00e4lkomna tillbaka till Spanien efter 523 \u00e5r. De utvisades fr\u00e5n Spanien av de katolska monarkerna och nu har anh\u00f6riga m\u00f6jlighet att beviljas spanskt medborgarskap. Den spanske monarken Felipe VI h\u00f6ll under m\u00e5ndagen ett m\u00f6te p\u00e5 Kungliga slottet i Madrid dit sefardiska judar [&hellip;]","og_url":"https:\/\/lightweb.dev\/l\/svm-temp\/nyheter\/kungen-halsar-anhoriga-till-utvisade-sefardiska-judar-valkomna\/","og_site_name":"Svenska Magasinet","article_publisher":"https:\/\/www.facebook.com\/svenskamagasinet","article_published_time":"2015-11-30T23:00:00+00:00","og_image":[{"width":300,"height":200,"url":"https:\/\/lightweb.dev\/l\/svm-temp\/wp-content\/uploads\/2022\/06\/kungen-halsar-anhoriga-till-utvisade-sefardiska-judar-valkomna.png","type":"image\/png"}],"author":"Redaktionen SvM","twitter_card":"summary_large_image","twitter_creator":"@SvenskaMagasine","twitter_site":"@SvenskaMagasine","schema":{"@context":"https:\/\/schema.org","@graph":[{"@type":"Article","@id":"https:\/\/lightweb.dev\/l\/svm-temp\/nyheter\/kungen-halsar-anhoriga-till-utvisade-sefardiska-judar-valkomna\/#article","isPartOf":{"@id":"https:\/\/lightweb.dev\/l\/svm-temp\/nyheter\/kungen-halsar-anhoriga-till-utvisade-sefardiska-judar-valkomna\/"},"author":{"name":"Redaktionen SvM","@id":"https:\/\/lightweb.dev\/l\/svm-temp\/#\/schema\/person\/206a3bda5b607b0c25e1749191e4d837"},"headline":"Kungen h\u00e4lsar anh\u00f6riga till utvisade sefardiska judar v\u00e4lkomna","datePublished":"2015-11-30T23:00:00+00:00","mainEntityOfPage":{"@id":"https:\/\/lightweb.dev\/l\/svm-temp\/nyheter\/kungen-halsar-anhoriga-till-utvisade-sefardiska-judar-valkomna\/"},"wordCount":246,"commentCount":0,"publisher":{"@id":"https:\/\/lightweb.dev\/l\/svm-temp\/#organization"},"image":{"@id":"https:\/\/lightweb.dev\/l\/svm-temp\/nyheter\/kungen-halsar-anhoriga-till-utvisade-sefardiska-judar-valkomna\/#primaryimage"},"thumbnailUrl":"https:\/\/lightweb.dev\/l\/svm-temp\/wp-content\/uploads\/2022\/06\/kungen-halsar-anhoriga-till-utvisade-sefardiska-judar-valkomna.png","articleSection":["Arkiv","Nyheter"],"inLanguage":"sv-SE"},{"@type":"WebPage","@id":"https:\/\/lightweb.dev\/l\/svm-temp\/nyheter\/kungen-halsar-anhoriga-till-utvisade-sefardiska-judar-valkomna\/","url":"https:\/\/lightweb.dev\/l\/svm-temp\/nyheter\/kungen-halsar-anhoriga-till-utvisade-sefardiska-judar-valkomna\/","name":"Kungen h\u00e4lsar anh\u00f6riga till utvisade sefardiska judar v\u00e4lkomna - Svenska Magasinet","isPartOf":{"@id":"https:\/\/lightweb.dev\/l\/svm-temp\/#website"},"primaryImageOfPage":{"@id":"https:\/\/lightweb.dev\/l\/svm-temp\/nyheter\/kungen-halsar-anhoriga-till-utvisade-sefardiska-judar-valkomna\/#primaryimage"},"image":{"@id":"https:\/\/lightweb.dev\/l\/svm-temp\/nyheter\/kungen-halsar-anhoriga-till-utvisade-sefardiska-judar-valkomna\/#primaryimage"},"thumbnailUrl":"https:\/\/lightweb.dev\/l\/svm-temp\/wp-content\/uploads\/2022\/06\/kungen-halsar-anhoriga-till-utvisade-sefardiska-judar-valkomna.png","datePublished":"2015-11-30T23:00:00+00:00","breadcrumb":{"@id":"https:\/\/lightweb.dev\/l\/svm-temp\/nyheter\/kungen-halsar-anhoriga-till-utvisade-sefardiska-judar-valkomna\/#breadcrumb"},"inLanguage":"sv-SE","potentialAction":[{"@type":"ReadAction","target":["https:\/\/lightweb.dev\/l\/svm-temp\/nyheter\/kungen-halsar-anhoriga-till-utvisade-sefardiska-judar-valkomna\/"]}]},{"@type":"ImageObject","inLanguage":"sv-SE","@id":"https:\/\/lightweb.dev\/l\/svm-temp\/nyheter\/kungen-halsar-anhoriga-till-utvisade-sefardiska-judar-valkomna\/#primaryimage","url":"https:\/\/lightweb.dev\/l\/svm-temp\/wp-content\/uploads\/2022\/06\/kungen-halsar-anhoriga-till-utvisade-sefardiska-judar-valkomna.png","contentUrl":"https:\/\/lightweb.dev\/l\/svm-temp\/wp-content\/uploads\/2022\/06\/kungen-halsar-anhoriga-till-utvisade-sefardiska-judar-valkomna.png","width":300,"height":200},{"@type":"BreadcrumbList","@id":"https:\/\/lightweb.dev\/l\/svm-temp\/nyheter\/kungen-halsar-anhoriga-till-utvisade-sefardiska-judar-valkomna\/#breadcrumb","itemListElement":[{"@type":"ListItem","position":1,"name":"Hem","item":"https:\/\/lightweb.dev\/l\/svm-temp\/"},{"@type":"ListItem","position":2,"name":"Kungen h\u00e4lsar anh\u00f6riga till utvisade sefardiska judar v\u00e4lkomna"}]},{"@type":"WebSite","@id":"https:\/\/lightweb.dev\/l\/svm-temp\/#website","url":"https:\/\/lightweb.dev\/l\/svm-temp\/","name":"Svenska Magasinet","description":"Dina Spanska nyheter p&aring; Svenska","publisher":{"@id":"https:\/\/lightweb.dev\/l\/svm-temp\/#organization"},"potentialAction":[{"@type":"SearchAction","target":{"@type":"EntryPoint","urlTemplate":"https:\/\/lightweb.dev\/l\/svm-temp\/?s={search_term_string}"},"query-input":{"@type":"PropertyValueSpecification","valueRequired":true,"valueName":"search_term_string"}}],"inLanguage":"sv-SE"},{"@type":"Organization","@id":"https:\/\/lightweb.dev\/l\/svm-temp\/#organization","name":"Melkerson y Nott SL","alternateName":"Svenska Magasinet","url":"https:\/\/lightweb.dev\/l\/svm-temp\/","logo":{"@type":"ImageObject","inLanguage":"sv-SE","@id":"https:\/\/lightweb.dev\/l\/svm-temp\/#\/schema\/logo\/image\/","url":"https:\/\/lightweb.dev\/l\/svm-temp\/wp-content\/uploads\/2025\/02\/SvM-logo-Xtra-Centrerad-SVART.png","contentUrl":"https:\/\/lightweb.dev\/l\/svm-temp\/wp-content\/uploads\/2025\/02\/SvM-logo-Xtra-Centrerad-SVART.png","width":300,"height":99,"caption":"Melkerson y Nott SL"},"image":{"@id":"https:\/\/lightweb.dev\/l\/svm-temp\/#\/schema\/logo\/image\/"},"sameAs":["https:\/\/www.facebook.com\/svenskamagasinet","https:\/\/x.com\/SvenskaMagasine"]},{"@type":"Person","@id":"https:\/\/lightweb.dev\/l\/svm-temp\/#\/schema\/person\/206a3bda5b607b0c25e1749191e4d837","name":"Redaktionen SvM","description":"Redaktionen","sameAs":["https:\/\/lightweb.dev\/l\/svm-temp"],"url":"https:\/\/lightweb.dev\/l\/svm-temp\/reporter\/redaktionen\/"}]}},"_links":{"self":[{"href":"https:\/\/lightweb.dev\/l\/svm-temp\/wp-json\/wp\/v2\/posts\/23133","targetHints":{"allow":["GET"]}}],"collection":[{"href":"https:\/\/lightweb.dev\/l\/svm-temp\/wp-json\/wp\/v2\/posts"}],"about":[{"href":"https:\/\/lightweb.dev\/l\/svm-temp\/wp-json\/wp\/v2\/types\/post"}],"author":[{"embeddable":true,"href":"https:\/\/lightweb.dev\/l\/svm-temp\/wp-json\/wp\/v2\/users\/8"}],"replies":[{"embeddable":true,"href":"https:\/\/lightweb.dev\/l\/svm-temp\/wp-json\/wp\/v2\/comments?post=23133"}],"version-history":[{"count":0,"href":"https:\/\/lightweb.dev\/l\/svm-temp\/wp-json\/wp\/v2\/posts\/23133\/revisions"}],"wp:featuredmedia":[{"embeddable":true,"href":"https:\/\/lightweb.dev\/l\/svm-temp\/wp-json\/wp\/v2\/media\/23134"}],"wp:attachment":[{"href":"https:\/\/lightweb.dev\/l\/svm-temp\/wp-json\/wp\/v2\/media?parent=23133"}],"wp:term":[{"taxonomy":"category","embeddable":true,"href":"https:\/\/lightweb.dev\/l\/svm-temp\/wp-json\/wp\/v2\/categories?post=23133"},{"taxonomy":"post_tag","embeddable":true,"href":"https:\/\/lightweb.dev\/l\/svm-temp\/wp-json\/wp\/v2\/tags?post=23133"}],"curies":[{"name":"wp","href":"https:\/\/api.w.org\/{rel}","templated":true}]}}