{"id":23139,"date":"2015-11-30T00:00:00","date_gmt":"2015-11-29T23:00:00","guid":{"rendered":"https:\/\/lightweb.dev\/l\/svm-temp\/nyheter\/nu-fortsatter-rattegangen-mot-den-forrymde-rachid-fran-norrtalje\/"},"modified":"2015-11-30T00:00:00","modified_gmt":"2015-11-29T23:00:00","slug":"nu-fortsatter-rattegangen-mot-den-forrymde-rachid-fran-norrtalje","status":"publish","type":"post","link":"https:\/\/lightweb.dev\/l\/svm-temp\/nyheter\/nu-fortsatter-rattegangen-mot-den-forrymde-rachid-fran-norrtalje\/","title":{"rendered":"Nu forts\u00e4tter r\u00e4tteg\u00e5ngen mot den f\u00f6rrymde \u201dRachid\u201d fr\u00e5n Norrt\u00e4lje"},"content":{"rendered":"<p> Saoud Rezgani, 39, som under vapenhot fritogs vid ett sjukhusbes\u00f6k i Norrt\u00e4lje den 4 juli 2004, riskerar att d\u00f6mas till 13 \u00e5rs f\u00e4ngelse f\u00f6r narkotikasmuggling. Mannen som ursprungligen \u00e4r marockansk medborgare och som g\u00e5r under smeknamnet \u201dRachid\u201d var en de mest efterlysta tills han greps i ett underjordiskt garage i M\u00e1laga den 25 juli 2012.<\/p>\n<p>En \u00e5klagare i Granada har beg\u00e4rt upp till 13 \u00e5r och nio m\u00e5naders f\u00e4ngelse samt en b\u00f6ter p\u00e5 sex miljoner euro f\u00f6r de elva som st\u00e5r \u00e5talade f\u00f6r narkotikasmuggling. Bland de \u00e5talade finns en tidigare anst\u00e4lld vid Guardia Civil och nationalpolisen.<\/p>\n<p>En r\u00e4tteg\u00e5ng inleddes sommaren 2014 men blev uppskjuten. Den 14 december inleds r\u00e4tteg\u00e5ngen p\u00e5 nytt skriver den spanska nyhetsbyr\u00e5n EFE.<\/p>\n<p>Vid ett polistillslag den 8 och 9 maj 2012 kom polisen \u00f6ver 1.522 kilo hasch p\u00e5 stranden La caga\u00edlla i Salobre\u00f1a (Granada). Ligan misst\u00e4nks ha smugglat in stora m\u00e4ngder narkotika via str\u00e4nder i provinserna Granada och M\u00e1laga.<\/p>\n<p>Enligt \u00e5klagaren \u00e4r Saoud Rezgani huvudman i ligan. Han anses vara en av de st\u00f6rsta narkotikahandlarna i Europa.<\/p>\n<p>Saoud Rezgani d\u00f6mdes till sex \u00e5rs f\u00e4ngelse 2003, ocks\u00e5 den g\u00e5ngen f\u00f6r att ha f\u00f6rs\u00f6kt smuggla cannabis, men rymde med hj\u00e4lp av bev\u00e4pnade kumpaner vid ett sjukhusbes\u00f6k i Norrt\u00e4lje den 4 juli 2004 skrev Svenska Magasinet den 14 augusti 2012. Enligt spansk \u00e5klagare ska den marockanske medborgaren vara ledare f\u00f6r narkotikaligan som har haft sin bas i provinsen Granada. Fritogs fr\u00e5n Norrt\u00e4ljef\u00e4ngelset \u2013 nu st\u00e4lls \u201dRachid\u201d inf\u00f6r r\u00e4tta i Granada<\/p>\n","protected":false},"excerpt":{"rendered":"<p>Saoud Rezgani, 39, som under vapenhot fritogs vid ett sjukhusbes\u00f6k i Norrt\u00e4lje den 4 juli 2004, riskerar att d\u00f6mas till 13 \u00e5rs f\u00e4ngelse f\u00f6r narkotikasmuggling. Mannen som ursprungligen \u00e4r marockansk medborgare och som g\u00e5r under smeknamnet \u201dRachid\u201d var en de mest efterlysta tills han greps i ett underjordiskt garage i M\u00e1laga den 25 juli 2012. [&hellip;]<\/p>\n","protected":false},"author":8,"featured_media":23140,"comment_status":"open","ping_status":"open","sticky":false,"template":"","format":"standard","meta":{"_et_pb_use_builder":"","_et_pb_old_content":"","_et_gb_content_width":"","footnotes":""},"categories":[395,3],"tags":[],"class_list":["post-23139","post","type-post","status-publish","format-standard","has-post-thumbnail","hentry","category-arkiv-nyheter","category-nyheter"],"yoast_head":"<!-- This site is optimized with the Yoast SEO Premium plugin v26.2 (Yoast SEO v27.4) - https:\/\/yoast.com\/product\/yoast-seo-premium-wordpress\/ -->\n<title>Nu forts\u00e4tter r\u00e4tteg\u00e5ngen mot den f\u00f6rrymde \u201dRachid\u201d fr\u00e5n Norrt\u00e4lje - Svenska Magasinet<\/title>\n<meta name=\"robots\" content=\"noindex, follow, max-snippet:-1, max-image-preview:large, max-video-preview:-1\" \/>\n<meta property=\"og:locale\" content=\"sv_SE\" \/>\n<meta property=\"og:type\" content=\"article\" \/>\n<meta property=\"og:title\" content=\"Nu forts\u00e4tter r\u00e4tteg\u00e5ngen mot den f\u00f6rrymde \u201dRachid\u201d fr\u00e5n Norrt\u00e4lje\" \/>\n<meta property=\"og:description\" content=\"Saoud Rezgani, 39, som under vapenhot fritogs vid ett sjukhusbes\u00f6k i Norrt\u00e4lje den 4 juli 2004, riskerar att d\u00f6mas till 13 \u00e5rs f\u00e4ngelse f\u00f6r narkotikasmuggling. Mannen som ursprungligen \u00e4r marockansk medborgare och som g\u00e5r under smeknamnet \u201dRachid\u201d var en de mest efterlysta tills han greps i ett underjordiskt garage i M\u00e1laga den 25 juli 2012. [&hellip;]\" \/>\n<meta property=\"og:url\" content=\"https:\/\/lightweb.dev\/l\/svm-temp\/nyheter\/nu-fortsatter-rattegangen-mot-den-forrymde-rachid-fran-norrtalje\/\" \/>\n<meta property=\"og:site_name\" content=\"Svenska Magasinet\" \/>\n<meta property=\"article:publisher\" content=\"https:\/\/www.facebook.com\/svenskamagasinet\" \/>\n<meta property=\"article:published_time\" content=\"2015-11-29T23:00:00+00:00\" \/>\n<meta property=\"og:image\" content=\"https:\/\/lightweb.dev\/l\/svm-temp\/wp-content\/uploads\/2022\/06\/nu-fortsatter-rattegangen-mot-den-forrymde-rachid-fran-norrtalje.png\" \/>\n\t<meta property=\"og:image:width\" content=\"356\" \/>\n\t<meta property=\"og:image:height\" content=\"200\" \/>\n\t<meta property=\"og:image:type\" content=\"image\/png\" \/>\n<meta name=\"author\" content=\"Redaktionen SvM\" \/>\n<meta name=\"twitter:card\" content=\"summary_large_image\" \/>\n<meta name=\"twitter:creator\" content=\"@SvenskaMagasine\" \/>\n<meta name=\"twitter:site\" content=\"@SvenskaMagasine\" \/>\n<script type=\"application\/ld+json\" class=\"yoast-schema-graph\">{\"@context\":\"https:\\\/\\\/schema.org\",\"@graph\":[{\"@type\":\"Article\",\"@id\":\"https:\\\/\\\/lightweb.dev\\\/l\\\/svm-temp\\\/nyheter\\\/nu-fortsatter-rattegangen-mot-den-forrymde-rachid-fran-norrtalje\\\/#article\",\"isPartOf\":{\"@id\":\"https:\\\/\\\/lightweb.dev\\\/l\\\/svm-temp\\\/nyheter\\\/nu-fortsatter-rattegangen-mot-den-forrymde-rachid-fran-norrtalje\\\/\"},\"author\":{\"name\":\"Redaktionen SvM\",\"@id\":\"https:\\\/\\\/lightweb.dev\\\/l\\\/svm-temp\\\/#\\\/schema\\\/person\\\/206a3bda5b607b0c25e1749191e4d837\"},\"headline\":\"Nu forts\u00e4tter r\u00e4tteg\u00e5ngen mot den f\u00f6rrymde \u201dRachid\u201d fr\u00e5n Norrt\u00e4lje\",\"datePublished\":\"2015-11-29T23:00:00+00:00\",\"mainEntityOfPage\":{\"@id\":\"https:\\\/\\\/lightweb.dev\\\/l\\\/svm-temp\\\/nyheter\\\/nu-fortsatter-rattegangen-mot-den-forrymde-rachid-fran-norrtalje\\\/\"},\"wordCount\":281,\"commentCount\":0,\"publisher\":{\"@id\":\"https:\\\/\\\/lightweb.dev\\\/l\\\/svm-temp\\\/#organization\"},\"image\":{\"@id\":\"https:\\\/\\\/lightweb.dev\\\/l\\\/svm-temp\\\/nyheter\\\/nu-fortsatter-rattegangen-mot-den-forrymde-rachid-fran-norrtalje\\\/#primaryimage\"},\"thumbnailUrl\":\"https:\\\/\\\/lightweb.dev\\\/l\\\/svm-temp\\\/wp-content\\\/uploads\\\/2022\\\/06\\\/nu-fortsatter-rattegangen-mot-den-forrymde-rachid-fran-norrtalje.png\",\"articleSection\":[\"Arkiv\",\"Nyheter\"],\"inLanguage\":\"sv-SE\"},{\"@type\":\"WebPage\",\"@id\":\"https:\\\/\\\/lightweb.dev\\\/l\\\/svm-temp\\\/nyheter\\\/nu-fortsatter-rattegangen-mot-den-forrymde-rachid-fran-norrtalje\\\/\",\"url\":\"https:\\\/\\\/lightweb.dev\\\/l\\\/svm-temp\\\/nyheter\\\/nu-fortsatter-rattegangen-mot-den-forrymde-rachid-fran-norrtalje\\\/\",\"name\":\"Nu forts\u00e4tter r\u00e4tteg\u00e5ngen mot den f\u00f6rrymde \u201dRachid\u201d fr\u00e5n Norrt\u00e4lje - Svenska Magasinet\",\"isPartOf\":{\"@id\":\"https:\\\/\\\/lightweb.dev\\\/l\\\/svm-temp\\\/#website\"},\"primaryImageOfPage\":{\"@id\":\"https:\\\/\\\/lightweb.dev\\\/l\\\/svm-temp\\\/nyheter\\\/nu-fortsatter-rattegangen-mot-den-forrymde-rachid-fran-norrtalje\\\/#primaryimage\"},\"image\":{\"@id\":\"https:\\\/\\\/lightweb.dev\\\/l\\\/svm-temp\\\/nyheter\\\/nu-fortsatter-rattegangen-mot-den-forrymde-rachid-fran-norrtalje\\\/#primaryimage\"},\"thumbnailUrl\":\"https:\\\/\\\/lightweb.dev\\\/l\\\/svm-temp\\\/wp-content\\\/uploads\\\/2022\\\/06\\\/nu-fortsatter-rattegangen-mot-den-forrymde-rachid-fran-norrtalje.png\",\"datePublished\":\"2015-11-29T23:00:00+00:00\",\"breadcrumb\":{\"@id\":\"https:\\\/\\\/lightweb.dev\\\/l\\\/svm-temp\\\/nyheter\\\/nu-fortsatter-rattegangen-mot-den-forrymde-rachid-fran-norrtalje\\\/#breadcrumb\"},\"inLanguage\":\"sv-SE\",\"potentialAction\":[{\"@type\":\"ReadAction\",\"target\":[\"https:\\\/\\\/lightweb.dev\\\/l\\\/svm-temp\\\/nyheter\\\/nu-fortsatter-rattegangen-mot-den-forrymde-rachid-fran-norrtalje\\\/\"]}]},{\"@type\":\"ImageObject\",\"inLanguage\":\"sv-SE\",\"@id\":\"https:\\\/\\\/lightweb.dev\\\/l\\\/svm-temp\\\/nyheter\\\/nu-fortsatter-rattegangen-mot-den-forrymde-rachid-fran-norrtalje\\\/#primaryimage\",\"url\":\"https:\\\/\\\/lightweb.dev\\\/l\\\/svm-temp\\\/wp-content\\\/uploads\\\/2022\\\/06\\\/nu-fortsatter-rattegangen-mot-den-forrymde-rachid-fran-norrtalje.png\",\"contentUrl\":\"https:\\\/\\\/lightweb.dev\\\/l\\\/svm-temp\\\/wp-content\\\/uploads\\\/2022\\\/06\\\/nu-fortsatter-rattegangen-mot-den-forrymde-rachid-fran-norrtalje.png\",\"width\":356,\"height\":200},{\"@type\":\"BreadcrumbList\",\"@id\":\"https:\\\/\\\/lightweb.dev\\\/l\\\/svm-temp\\\/nyheter\\\/nu-fortsatter-rattegangen-mot-den-forrymde-rachid-fran-norrtalje\\\/#breadcrumb\",\"itemListElement\":[{\"@type\":\"ListItem\",\"position\":1,\"name\":\"Hem\",\"item\":\"https:\\\/\\\/lightweb.dev\\\/l\\\/svm-temp\\\/\"},{\"@type\":\"ListItem\",\"position\":2,\"name\":\"Nu forts\u00e4tter r\u00e4tteg\u00e5ngen mot den f\u00f6rrymde \u201dRachid\u201d fr\u00e5n Norrt\u00e4lje\"}]},{\"@type\":\"WebSite\",\"@id\":\"https:\\\/\\\/lightweb.dev\\\/l\\\/svm-temp\\\/#website\",\"url\":\"https:\\\/\\\/lightweb.dev\\\/l\\\/svm-temp\\\/\",\"name\":\"Svenska Magasinet\",\"description\":\"Dina Spanska nyheter p&aring; Svenska\",\"publisher\":{\"@id\":\"https:\\\/\\\/lightweb.dev\\\/l\\\/svm-temp\\\/#organization\"},\"potentialAction\":[{\"@type\":\"SearchAction\",\"target\":{\"@type\":\"EntryPoint\",\"urlTemplate\":\"https:\\\/\\\/lightweb.dev\\\/l\\\/svm-temp\\\/?s={search_term_string}\"},\"query-input\":{\"@type\":\"PropertyValueSpecification\",\"valueRequired\":true,\"valueName\":\"search_term_string\"}}],\"inLanguage\":\"sv-SE\"},{\"@type\":\"Organization\",\"@id\":\"https:\\\/\\\/lightweb.dev\\\/l\\\/svm-temp\\\/#organization\",\"name\":\"Melkerson y Nott SL\",\"alternateName\":\"Svenska Magasinet\",\"url\":\"https:\\\/\\\/lightweb.dev\\\/l\\\/svm-temp\\\/\",\"logo\":{\"@type\":\"ImageObject\",\"inLanguage\":\"sv-SE\",\"@id\":\"https:\\\/\\\/lightweb.dev\\\/l\\\/svm-temp\\\/#\\\/schema\\\/logo\\\/image\\\/\",\"url\":\"https:\\\/\\\/lightweb.dev\\\/l\\\/svm-temp\\\/wp-content\\\/uploads\\\/2025\\\/02\\\/SvM-logo-Xtra-Centrerad-SVART.png\",\"contentUrl\":\"https:\\\/\\\/lightweb.dev\\\/l\\\/svm-temp\\\/wp-content\\\/uploads\\\/2025\\\/02\\\/SvM-logo-Xtra-Centrerad-SVART.png\",\"width\":300,\"height\":99,\"caption\":\"Melkerson y Nott SL\"},\"image\":{\"@id\":\"https:\\\/\\\/lightweb.dev\\\/l\\\/svm-temp\\\/#\\\/schema\\\/logo\\\/image\\\/\"},\"sameAs\":[\"https:\\\/\\\/www.facebook.com\\\/svenskamagasinet\",\"https:\\\/\\\/x.com\\\/SvenskaMagasine\"]},{\"@type\":\"Person\",\"@id\":\"https:\\\/\\\/lightweb.dev\\\/l\\\/svm-temp\\\/#\\\/schema\\\/person\\\/206a3bda5b607b0c25e1749191e4d837\",\"name\":\"Redaktionen SvM\",\"description\":\"Redaktionen\",\"sameAs\":[\"https:\\\/\\\/lightweb.dev\\\/l\\\/svm-temp\"],\"url\":\"https:\\\/\\\/lightweb.dev\\\/l\\\/svm-temp\\\/reporter\\\/redaktionen\\\/\"}]}<\/script>\n<!-- \/ Yoast SEO Premium plugin. -->","yoast_head_json":{"title":"Nu forts\u00e4tter r\u00e4tteg\u00e5ngen mot den f\u00f6rrymde \u201dRachid\u201d fr\u00e5n Norrt\u00e4lje - Svenska Magasinet","robots":{"index":"noindex","follow":"follow","max-snippet":"max-snippet:-1","max-image-preview":"max-image-preview:large","max-video-preview":"max-video-preview:-1"},"og_locale":"sv_SE","og_type":"article","og_title":"Nu forts\u00e4tter r\u00e4tteg\u00e5ngen mot den f\u00f6rrymde \u201dRachid\u201d fr\u00e5n Norrt\u00e4lje","og_description":"Saoud Rezgani, 39, som under vapenhot fritogs vid ett sjukhusbes\u00f6k i Norrt\u00e4lje den 4 juli 2004, riskerar att d\u00f6mas till 13 \u00e5rs f\u00e4ngelse f\u00f6r narkotikasmuggling. Mannen som ursprungligen \u00e4r marockansk medborgare och som g\u00e5r under smeknamnet \u201dRachid\u201d var en de mest efterlysta tills han greps i ett underjordiskt garage i M\u00e1laga den 25 juli 2012. [&hellip;]","og_url":"https:\/\/lightweb.dev\/l\/svm-temp\/nyheter\/nu-fortsatter-rattegangen-mot-den-forrymde-rachid-fran-norrtalje\/","og_site_name":"Svenska Magasinet","article_publisher":"https:\/\/www.facebook.com\/svenskamagasinet","article_published_time":"2015-11-29T23:00:00+00:00","og_image":[{"width":356,"height":200,"url":"https:\/\/lightweb.dev\/l\/svm-temp\/wp-content\/uploads\/2022\/06\/nu-fortsatter-rattegangen-mot-den-forrymde-rachid-fran-norrtalje.png","type":"image\/png"}],"author":"Redaktionen SvM","twitter_card":"summary_large_image","twitter_creator":"@SvenskaMagasine","twitter_site":"@SvenskaMagasine","schema":{"@context":"https:\/\/schema.org","@graph":[{"@type":"Article","@id":"https:\/\/lightweb.dev\/l\/svm-temp\/nyheter\/nu-fortsatter-rattegangen-mot-den-forrymde-rachid-fran-norrtalje\/#article","isPartOf":{"@id":"https:\/\/lightweb.dev\/l\/svm-temp\/nyheter\/nu-fortsatter-rattegangen-mot-den-forrymde-rachid-fran-norrtalje\/"},"author":{"name":"Redaktionen SvM","@id":"https:\/\/lightweb.dev\/l\/svm-temp\/#\/schema\/person\/206a3bda5b607b0c25e1749191e4d837"},"headline":"Nu forts\u00e4tter r\u00e4tteg\u00e5ngen mot den f\u00f6rrymde \u201dRachid\u201d fr\u00e5n Norrt\u00e4lje","datePublished":"2015-11-29T23:00:00+00:00","mainEntityOfPage":{"@id":"https:\/\/lightweb.dev\/l\/svm-temp\/nyheter\/nu-fortsatter-rattegangen-mot-den-forrymde-rachid-fran-norrtalje\/"},"wordCount":281,"commentCount":0,"publisher":{"@id":"https:\/\/lightweb.dev\/l\/svm-temp\/#organization"},"image":{"@id":"https:\/\/lightweb.dev\/l\/svm-temp\/nyheter\/nu-fortsatter-rattegangen-mot-den-forrymde-rachid-fran-norrtalje\/#primaryimage"},"thumbnailUrl":"https:\/\/lightweb.dev\/l\/svm-temp\/wp-content\/uploads\/2022\/06\/nu-fortsatter-rattegangen-mot-den-forrymde-rachid-fran-norrtalje.png","articleSection":["Arkiv","Nyheter"],"inLanguage":"sv-SE"},{"@type":"WebPage","@id":"https:\/\/lightweb.dev\/l\/svm-temp\/nyheter\/nu-fortsatter-rattegangen-mot-den-forrymde-rachid-fran-norrtalje\/","url":"https:\/\/lightweb.dev\/l\/svm-temp\/nyheter\/nu-fortsatter-rattegangen-mot-den-forrymde-rachid-fran-norrtalje\/","name":"Nu forts\u00e4tter r\u00e4tteg\u00e5ngen mot den f\u00f6rrymde \u201dRachid\u201d fr\u00e5n Norrt\u00e4lje - Svenska Magasinet","isPartOf":{"@id":"https:\/\/lightweb.dev\/l\/svm-temp\/#website"},"primaryImageOfPage":{"@id":"https:\/\/lightweb.dev\/l\/svm-temp\/nyheter\/nu-fortsatter-rattegangen-mot-den-forrymde-rachid-fran-norrtalje\/#primaryimage"},"image":{"@id":"https:\/\/lightweb.dev\/l\/svm-temp\/nyheter\/nu-fortsatter-rattegangen-mot-den-forrymde-rachid-fran-norrtalje\/#primaryimage"},"thumbnailUrl":"https:\/\/lightweb.dev\/l\/svm-temp\/wp-content\/uploads\/2022\/06\/nu-fortsatter-rattegangen-mot-den-forrymde-rachid-fran-norrtalje.png","datePublished":"2015-11-29T23:00:00+00:00","breadcrumb":{"@id":"https:\/\/lightweb.dev\/l\/svm-temp\/nyheter\/nu-fortsatter-rattegangen-mot-den-forrymde-rachid-fran-norrtalje\/#breadcrumb"},"inLanguage":"sv-SE","potentialAction":[{"@type":"ReadAction","target":["https:\/\/lightweb.dev\/l\/svm-temp\/nyheter\/nu-fortsatter-rattegangen-mot-den-forrymde-rachid-fran-norrtalje\/"]}]},{"@type":"ImageObject","inLanguage":"sv-SE","@id":"https:\/\/lightweb.dev\/l\/svm-temp\/nyheter\/nu-fortsatter-rattegangen-mot-den-forrymde-rachid-fran-norrtalje\/#primaryimage","url":"https:\/\/lightweb.dev\/l\/svm-temp\/wp-content\/uploads\/2022\/06\/nu-fortsatter-rattegangen-mot-den-forrymde-rachid-fran-norrtalje.png","contentUrl":"https:\/\/lightweb.dev\/l\/svm-temp\/wp-content\/uploads\/2022\/06\/nu-fortsatter-rattegangen-mot-den-forrymde-rachid-fran-norrtalje.png","width":356,"height":200},{"@type":"BreadcrumbList","@id":"https:\/\/lightweb.dev\/l\/svm-temp\/nyheter\/nu-fortsatter-rattegangen-mot-den-forrymde-rachid-fran-norrtalje\/#breadcrumb","itemListElement":[{"@type":"ListItem","position":1,"name":"Hem","item":"https:\/\/lightweb.dev\/l\/svm-temp\/"},{"@type":"ListItem","position":2,"name":"Nu forts\u00e4tter r\u00e4tteg\u00e5ngen mot den f\u00f6rrymde \u201dRachid\u201d fr\u00e5n Norrt\u00e4lje"}]},{"@type":"WebSite","@id":"https:\/\/lightweb.dev\/l\/svm-temp\/#website","url":"https:\/\/lightweb.dev\/l\/svm-temp\/","name":"Svenska Magasinet","description":"Dina Spanska nyheter p&aring; Svenska","publisher":{"@id":"https:\/\/lightweb.dev\/l\/svm-temp\/#organization"},"potentialAction":[{"@type":"SearchAction","target":{"@type":"EntryPoint","urlTemplate":"https:\/\/lightweb.dev\/l\/svm-temp\/?s={search_term_string}"},"query-input":{"@type":"PropertyValueSpecification","valueRequired":true,"valueName":"search_term_string"}}],"inLanguage":"sv-SE"},{"@type":"Organization","@id":"https:\/\/lightweb.dev\/l\/svm-temp\/#organization","name":"Melkerson y Nott SL","alternateName":"Svenska Magasinet","url":"https:\/\/lightweb.dev\/l\/svm-temp\/","logo":{"@type":"ImageObject","inLanguage":"sv-SE","@id":"https:\/\/lightweb.dev\/l\/svm-temp\/#\/schema\/logo\/image\/","url":"https:\/\/lightweb.dev\/l\/svm-temp\/wp-content\/uploads\/2025\/02\/SvM-logo-Xtra-Centrerad-SVART.png","contentUrl":"https:\/\/lightweb.dev\/l\/svm-temp\/wp-content\/uploads\/2025\/02\/SvM-logo-Xtra-Centrerad-SVART.png","width":300,"height":99,"caption":"Melkerson y Nott SL"},"image":{"@id":"https:\/\/lightweb.dev\/l\/svm-temp\/#\/schema\/logo\/image\/"},"sameAs":["https:\/\/www.facebook.com\/svenskamagasinet","https:\/\/x.com\/SvenskaMagasine"]},{"@type":"Person","@id":"https:\/\/lightweb.dev\/l\/svm-temp\/#\/schema\/person\/206a3bda5b607b0c25e1749191e4d837","name":"Redaktionen SvM","description":"Redaktionen","sameAs":["https:\/\/lightweb.dev\/l\/svm-temp"],"url":"https:\/\/lightweb.dev\/l\/svm-temp\/reporter\/redaktionen\/"}]}},"_links":{"self":[{"href":"https:\/\/lightweb.dev\/l\/svm-temp\/wp-json\/wp\/v2\/posts\/23139","targetHints":{"allow":["GET"]}}],"collection":[{"href":"https:\/\/lightweb.dev\/l\/svm-temp\/wp-json\/wp\/v2\/posts"}],"about":[{"href":"https:\/\/lightweb.dev\/l\/svm-temp\/wp-json\/wp\/v2\/types\/post"}],"author":[{"embeddable":true,"href":"https:\/\/lightweb.dev\/l\/svm-temp\/wp-json\/wp\/v2\/users\/8"}],"replies":[{"embeddable":true,"href":"https:\/\/lightweb.dev\/l\/svm-temp\/wp-json\/wp\/v2\/comments?post=23139"}],"version-history":[{"count":0,"href":"https:\/\/lightweb.dev\/l\/svm-temp\/wp-json\/wp\/v2\/posts\/23139\/revisions"}],"wp:featuredmedia":[{"embeddable":true,"href":"https:\/\/lightweb.dev\/l\/svm-temp\/wp-json\/wp\/v2\/media\/23140"}],"wp:attachment":[{"href":"https:\/\/lightweb.dev\/l\/svm-temp\/wp-json\/wp\/v2\/media?parent=23139"}],"wp:term":[{"taxonomy":"category","embeddable":true,"href":"https:\/\/lightweb.dev\/l\/svm-temp\/wp-json\/wp\/v2\/categories?post=23139"},{"taxonomy":"post_tag","embeddable":true,"href":"https:\/\/lightweb.dev\/l\/svm-temp\/wp-json\/wp\/v2\/tags?post=23139"}],"curies":[{"name":"wp","href":"https:\/\/api.w.org\/{rel}","templated":true}]}}