{"id":23151,"date":"2015-11-27T00:00:00","date_gmt":"2015-11-26T23:00:00","guid":{"rendered":"https:\/\/lightweb.dev\/l\/svm-temp\/nyheter\/fortsatt-tillvaxt-pa-nara-35-procent-i-provinsen-2016\/"},"modified":"2015-11-27T00:00:00","modified_gmt":"2015-11-26T23:00:00","slug":"fortsatt-tillvaxt-pa-nara-35-procent-i-provinsen-2016","status":"publish","type":"post","link":"https:\/\/lightweb.dev\/l\/svm-temp\/nyheter\/fortsatt-tillvaxt-pa-nara-35-procent-i-provinsen-2016\/","title":{"rendered":"Fortsatt tillv\u00e4xt p\u00e5 n\u00e4ra 3,5 procent i provinsen 2016"},"content":{"rendered":"<p> M\u00e1lagas ekonomer r\u00e4knar med en m\u00e5ttlig tillv\u00e4xt i provinsen M\u00e1laga och att arbetsl\u00f6sheten minskar till 25 procent n\u00e4sta \u00e5r. Det ber\u00e4ttade Juan Carlos Robles, president vid ekonomikollegiet i M\u00e1laga, p\u00e5 torsdagen n\u00e4r den ekonomiska barometern presenterades.<\/p>\n<p>Juan Carlos Robles tror att ekonomin kommer att forts\u00e4tta i samma takt under n\u00e4sta \u00e5r precis som under 2015. I provinsen v\u00e4ntas BNP-tillv\u00e4xten hamna p\u00e5 3,3 procent f\u00f6r 2015 f\u00f6r att n\u00e4sta \u00e5r ligga p\u00e5 3,4 eller 3,5 procent. Det \u00e4r framf\u00f6r allt servicesektorn och byggsektorn som v\u00e4ntas \u00e5terh\u00e4mta sig 2016.<\/p>\n<p>D\u00e4remot \u00e4r arbetsl\u00f6sheten ett stort bekymmer i provinsen. I slutet p\u00e5 september var den \u00f6ppna arbetsl\u00f6sheten 28,8 procent. Under 2016 v\u00e4ntas den sjunka till 25 procent.<\/p>\n<p>Ekonomikollegiet hoppas p\u00e5 tv\u00e5 positiva saker till n\u00e4sta \u00e5r. Dels att banker \u00f6ppnar kreditkranen och det blir l\u00e4ttare att l\u00e5na vilket kommer att stimulera ekonomin. Samtidigt \u00e4r det viktigt att Spanien efter det allm\u00e4nna valet f\u00e5r en stark och stabil regering.<\/p>\n<p>J\u00e4mf\u00f6rt med f\u00f6r ett \u00e5r sedan har arbetsl\u00f6sheten sjunkit fr\u00e5n 30 procent och antalet inskrivna i det allm\u00e4nna sociala f\u00f6rs\u00e4kringssystemet Seguridad Social har \u00f6kat dubbelt i provinsen M\u00e1laga j\u00e4mf\u00f6rt med de \u00f6vriga provinserna i Andalusien.<\/p>\n<p>Robles uttrycker \u00e5 andra sidan stor oro f\u00f6r att juridiska myndigheter har ogiltigf\u00f6rklarat Marbellas nya stadsplan PGOU. Fallet Marbella har en negativ inverkan i hela provinsen eftersom det handlar om illegala byggen som g\u00f6r att den nya byggplanen stoppas. <\/p>\n","protected":false},"excerpt":{"rendered":"<p>M\u00e1lagas ekonomer r\u00e4knar med en m\u00e5ttlig tillv\u00e4xt i provinsen M\u00e1laga och att arbetsl\u00f6sheten minskar till 25 procent n\u00e4sta \u00e5r. Det ber\u00e4ttade Juan Carlos Robles, president vid ekonomikollegiet i M\u00e1laga, p\u00e5 torsdagen n\u00e4r den ekonomiska barometern presenterades. Juan Carlos Robles tror att ekonomin kommer att forts\u00e4tta i samma takt under n\u00e4sta \u00e5r precis som under 2015. [&hellip;]<\/p>\n","protected":false},"author":8,"featured_media":23152,"comment_status":"open","ping_status":"open","sticky":false,"template":"","format":"standard","meta":{"_et_pb_use_builder":"","_et_pb_old_content":"","_et_gb_content_width":"","footnotes":""},"categories":[395,3],"tags":[],"class_list":["post-23151","post","type-post","status-publish","format-standard","has-post-thumbnail","hentry","category-arkiv-nyheter","category-nyheter"],"yoast_head":"<!-- This site is optimized with the Yoast SEO Premium plugin v26.2 (Yoast SEO v27.4) - https:\/\/yoast.com\/product\/yoast-seo-premium-wordpress\/ -->\n<title>Fortsatt tillv\u00e4xt p\u00e5 n\u00e4ra 3,5 procent i provinsen 2016 - Svenska Magasinet<\/title>\n<meta name=\"robots\" content=\"noindex, follow, max-snippet:-1, max-image-preview:large, max-video-preview:-1\" \/>\n<meta property=\"og:locale\" content=\"sv_SE\" \/>\n<meta property=\"og:type\" content=\"article\" \/>\n<meta property=\"og:title\" content=\"Fortsatt tillv\u00e4xt p\u00e5 n\u00e4ra 3,5 procent i provinsen 2016\" \/>\n<meta property=\"og:description\" content=\"M\u00e1lagas ekonomer r\u00e4knar med en m\u00e5ttlig tillv\u00e4xt i provinsen M\u00e1laga och att arbetsl\u00f6sheten minskar till 25 procent n\u00e4sta \u00e5r. Det ber\u00e4ttade Juan Carlos Robles, president vid ekonomikollegiet i M\u00e1laga, p\u00e5 torsdagen n\u00e4r den ekonomiska barometern presenterades. Juan Carlos Robles tror att ekonomin kommer att forts\u00e4tta i samma takt under n\u00e4sta \u00e5r precis som under 2015. [&hellip;]\" \/>\n<meta property=\"og:url\" content=\"https:\/\/lightweb.dev\/l\/svm-temp\/nyheter\/fortsatt-tillvaxt-pa-nara-35-procent-i-provinsen-2016\/\" \/>\n<meta property=\"og:site_name\" content=\"Svenska Magasinet\" \/>\n<meta property=\"article:publisher\" content=\"https:\/\/www.facebook.com\/svenskamagasinet\" \/>\n<meta property=\"article:published_time\" content=\"2015-11-26T23:00:00+00:00\" \/>\n<meta property=\"og:image\" content=\"https:\/\/lightweb.dev\/l\/svm-temp\/wp-content\/uploads\/2022\/06\/fortsatt-tillvaxt-pa-nara-35-procent-i-provinsen-2016.png\" \/>\n\t<meta property=\"og:image:width\" content=\"412\" \/>\n\t<meta property=\"og:image:height\" content=\"200\" \/>\n\t<meta property=\"og:image:type\" content=\"image\/png\" \/>\n<meta name=\"author\" content=\"Redaktionen SvM\" \/>\n<meta name=\"twitter:card\" content=\"summary_large_image\" \/>\n<meta name=\"twitter:creator\" content=\"@SvenskaMagasine\" \/>\n<meta name=\"twitter:site\" content=\"@SvenskaMagasine\" \/>\n<script type=\"application\/ld+json\" class=\"yoast-schema-graph\">{\"@context\":\"https:\\\/\\\/schema.org\",\"@graph\":[{\"@type\":\"Article\",\"@id\":\"https:\\\/\\\/lightweb.dev\\\/l\\\/svm-temp\\\/nyheter\\\/fortsatt-tillvaxt-pa-nara-35-procent-i-provinsen-2016\\\/#article\",\"isPartOf\":{\"@id\":\"https:\\\/\\\/lightweb.dev\\\/l\\\/svm-temp\\\/nyheter\\\/fortsatt-tillvaxt-pa-nara-35-procent-i-provinsen-2016\\\/\"},\"author\":{\"name\":\"Redaktionen SvM\",\"@id\":\"https:\\\/\\\/lightweb.dev\\\/l\\\/svm-temp\\\/#\\\/schema\\\/person\\\/206a3bda5b607b0c25e1749191e4d837\"},\"headline\":\"Fortsatt tillv\u00e4xt p\u00e5 n\u00e4ra 3,5 procent i provinsen 2016\",\"datePublished\":\"2015-11-26T23:00:00+00:00\",\"mainEntityOfPage\":{\"@id\":\"https:\\\/\\\/lightweb.dev\\\/l\\\/svm-temp\\\/nyheter\\\/fortsatt-tillvaxt-pa-nara-35-procent-i-provinsen-2016\\\/\"},\"wordCount\":268,\"commentCount\":0,\"publisher\":{\"@id\":\"https:\\\/\\\/lightweb.dev\\\/l\\\/svm-temp\\\/#organization\"},\"image\":{\"@id\":\"https:\\\/\\\/lightweb.dev\\\/l\\\/svm-temp\\\/nyheter\\\/fortsatt-tillvaxt-pa-nara-35-procent-i-provinsen-2016\\\/#primaryimage\"},\"thumbnailUrl\":\"https:\\\/\\\/lightweb.dev\\\/l\\\/svm-temp\\\/wp-content\\\/uploads\\\/2022\\\/06\\\/fortsatt-tillvaxt-pa-nara-35-procent-i-provinsen-2016.png\",\"articleSection\":[\"Arkiv\",\"Nyheter\"],\"inLanguage\":\"sv-SE\"},{\"@type\":\"WebPage\",\"@id\":\"https:\\\/\\\/lightweb.dev\\\/l\\\/svm-temp\\\/nyheter\\\/fortsatt-tillvaxt-pa-nara-35-procent-i-provinsen-2016\\\/\",\"url\":\"https:\\\/\\\/lightweb.dev\\\/l\\\/svm-temp\\\/nyheter\\\/fortsatt-tillvaxt-pa-nara-35-procent-i-provinsen-2016\\\/\",\"name\":\"Fortsatt tillv\u00e4xt p\u00e5 n\u00e4ra 3,5 procent i provinsen 2016 - Svenska Magasinet\",\"isPartOf\":{\"@id\":\"https:\\\/\\\/lightweb.dev\\\/l\\\/svm-temp\\\/#website\"},\"primaryImageOfPage\":{\"@id\":\"https:\\\/\\\/lightweb.dev\\\/l\\\/svm-temp\\\/nyheter\\\/fortsatt-tillvaxt-pa-nara-35-procent-i-provinsen-2016\\\/#primaryimage\"},\"image\":{\"@id\":\"https:\\\/\\\/lightweb.dev\\\/l\\\/svm-temp\\\/nyheter\\\/fortsatt-tillvaxt-pa-nara-35-procent-i-provinsen-2016\\\/#primaryimage\"},\"thumbnailUrl\":\"https:\\\/\\\/lightweb.dev\\\/l\\\/svm-temp\\\/wp-content\\\/uploads\\\/2022\\\/06\\\/fortsatt-tillvaxt-pa-nara-35-procent-i-provinsen-2016.png\",\"datePublished\":\"2015-11-26T23:00:00+00:00\",\"breadcrumb\":{\"@id\":\"https:\\\/\\\/lightweb.dev\\\/l\\\/svm-temp\\\/nyheter\\\/fortsatt-tillvaxt-pa-nara-35-procent-i-provinsen-2016\\\/#breadcrumb\"},\"inLanguage\":\"sv-SE\",\"potentialAction\":[{\"@type\":\"ReadAction\",\"target\":[\"https:\\\/\\\/lightweb.dev\\\/l\\\/svm-temp\\\/nyheter\\\/fortsatt-tillvaxt-pa-nara-35-procent-i-provinsen-2016\\\/\"]}]},{\"@type\":\"ImageObject\",\"inLanguage\":\"sv-SE\",\"@id\":\"https:\\\/\\\/lightweb.dev\\\/l\\\/svm-temp\\\/nyheter\\\/fortsatt-tillvaxt-pa-nara-35-procent-i-provinsen-2016\\\/#primaryimage\",\"url\":\"https:\\\/\\\/lightweb.dev\\\/l\\\/svm-temp\\\/wp-content\\\/uploads\\\/2022\\\/06\\\/fortsatt-tillvaxt-pa-nara-35-procent-i-provinsen-2016.png\",\"contentUrl\":\"https:\\\/\\\/lightweb.dev\\\/l\\\/svm-temp\\\/wp-content\\\/uploads\\\/2022\\\/06\\\/fortsatt-tillvaxt-pa-nara-35-procent-i-provinsen-2016.png\",\"width\":412,\"height\":200},{\"@type\":\"BreadcrumbList\",\"@id\":\"https:\\\/\\\/lightweb.dev\\\/l\\\/svm-temp\\\/nyheter\\\/fortsatt-tillvaxt-pa-nara-35-procent-i-provinsen-2016\\\/#breadcrumb\",\"itemListElement\":[{\"@type\":\"ListItem\",\"position\":1,\"name\":\"Hem\",\"item\":\"https:\\\/\\\/lightweb.dev\\\/l\\\/svm-temp\\\/\"},{\"@type\":\"ListItem\",\"position\":2,\"name\":\"Fortsatt tillv\u00e4xt p\u00e5 n\u00e4ra 3,5 procent i provinsen 2016\"}]},{\"@type\":\"WebSite\",\"@id\":\"https:\\\/\\\/lightweb.dev\\\/l\\\/svm-temp\\\/#website\",\"url\":\"https:\\\/\\\/lightweb.dev\\\/l\\\/svm-temp\\\/\",\"name\":\"Svenska Magasinet\",\"description\":\"Dina Spanska nyheter p&aring; Svenska\",\"publisher\":{\"@id\":\"https:\\\/\\\/lightweb.dev\\\/l\\\/svm-temp\\\/#organization\"},\"potentialAction\":[{\"@type\":\"SearchAction\",\"target\":{\"@type\":\"EntryPoint\",\"urlTemplate\":\"https:\\\/\\\/lightweb.dev\\\/l\\\/svm-temp\\\/?s={search_term_string}\"},\"query-input\":{\"@type\":\"PropertyValueSpecification\",\"valueRequired\":true,\"valueName\":\"search_term_string\"}}],\"inLanguage\":\"sv-SE\"},{\"@type\":\"Organization\",\"@id\":\"https:\\\/\\\/lightweb.dev\\\/l\\\/svm-temp\\\/#organization\",\"name\":\"Melkerson y Nott SL\",\"alternateName\":\"Svenska Magasinet\",\"url\":\"https:\\\/\\\/lightweb.dev\\\/l\\\/svm-temp\\\/\",\"logo\":{\"@type\":\"ImageObject\",\"inLanguage\":\"sv-SE\",\"@id\":\"https:\\\/\\\/lightweb.dev\\\/l\\\/svm-temp\\\/#\\\/schema\\\/logo\\\/image\\\/\",\"url\":\"https:\\\/\\\/lightweb.dev\\\/l\\\/svm-temp\\\/wp-content\\\/uploads\\\/2025\\\/02\\\/SvM-logo-Xtra-Centrerad-SVART.png\",\"contentUrl\":\"https:\\\/\\\/lightweb.dev\\\/l\\\/svm-temp\\\/wp-content\\\/uploads\\\/2025\\\/02\\\/SvM-logo-Xtra-Centrerad-SVART.png\",\"width\":300,\"height\":99,\"caption\":\"Melkerson y Nott SL\"},\"image\":{\"@id\":\"https:\\\/\\\/lightweb.dev\\\/l\\\/svm-temp\\\/#\\\/schema\\\/logo\\\/image\\\/\"},\"sameAs\":[\"https:\\\/\\\/www.facebook.com\\\/svenskamagasinet\",\"https:\\\/\\\/x.com\\\/SvenskaMagasine\"]},{\"@type\":\"Person\",\"@id\":\"https:\\\/\\\/lightweb.dev\\\/l\\\/svm-temp\\\/#\\\/schema\\\/person\\\/206a3bda5b607b0c25e1749191e4d837\",\"name\":\"Redaktionen SvM\",\"description\":\"Redaktionen\",\"sameAs\":[\"https:\\\/\\\/lightweb.dev\\\/l\\\/svm-temp\"],\"url\":\"https:\\\/\\\/lightweb.dev\\\/l\\\/svm-temp\\\/reporter\\\/redaktionen\\\/\"}]}<\/script>\n<!-- \/ Yoast SEO Premium plugin. -->","yoast_head_json":{"title":"Fortsatt tillv\u00e4xt p\u00e5 n\u00e4ra 3,5 procent i provinsen 2016 - Svenska Magasinet","robots":{"index":"noindex","follow":"follow","max-snippet":"max-snippet:-1","max-image-preview":"max-image-preview:large","max-video-preview":"max-video-preview:-1"},"og_locale":"sv_SE","og_type":"article","og_title":"Fortsatt tillv\u00e4xt p\u00e5 n\u00e4ra 3,5 procent i provinsen 2016","og_description":"M\u00e1lagas ekonomer r\u00e4knar med en m\u00e5ttlig tillv\u00e4xt i provinsen M\u00e1laga och att arbetsl\u00f6sheten minskar till 25 procent n\u00e4sta \u00e5r. Det ber\u00e4ttade Juan Carlos Robles, president vid ekonomikollegiet i M\u00e1laga, p\u00e5 torsdagen n\u00e4r den ekonomiska barometern presenterades. Juan Carlos Robles tror att ekonomin kommer att forts\u00e4tta i samma takt under n\u00e4sta \u00e5r precis som under 2015. [&hellip;]","og_url":"https:\/\/lightweb.dev\/l\/svm-temp\/nyheter\/fortsatt-tillvaxt-pa-nara-35-procent-i-provinsen-2016\/","og_site_name":"Svenska Magasinet","article_publisher":"https:\/\/www.facebook.com\/svenskamagasinet","article_published_time":"2015-11-26T23:00:00+00:00","og_image":[{"width":412,"height":200,"url":"https:\/\/lightweb.dev\/l\/svm-temp\/wp-content\/uploads\/2022\/06\/fortsatt-tillvaxt-pa-nara-35-procent-i-provinsen-2016.png","type":"image\/png"}],"author":"Redaktionen SvM","twitter_card":"summary_large_image","twitter_creator":"@SvenskaMagasine","twitter_site":"@SvenskaMagasine","schema":{"@context":"https:\/\/schema.org","@graph":[{"@type":"Article","@id":"https:\/\/lightweb.dev\/l\/svm-temp\/nyheter\/fortsatt-tillvaxt-pa-nara-35-procent-i-provinsen-2016\/#article","isPartOf":{"@id":"https:\/\/lightweb.dev\/l\/svm-temp\/nyheter\/fortsatt-tillvaxt-pa-nara-35-procent-i-provinsen-2016\/"},"author":{"name":"Redaktionen SvM","@id":"https:\/\/lightweb.dev\/l\/svm-temp\/#\/schema\/person\/206a3bda5b607b0c25e1749191e4d837"},"headline":"Fortsatt tillv\u00e4xt p\u00e5 n\u00e4ra 3,5 procent i provinsen 2016","datePublished":"2015-11-26T23:00:00+00:00","mainEntityOfPage":{"@id":"https:\/\/lightweb.dev\/l\/svm-temp\/nyheter\/fortsatt-tillvaxt-pa-nara-35-procent-i-provinsen-2016\/"},"wordCount":268,"commentCount":0,"publisher":{"@id":"https:\/\/lightweb.dev\/l\/svm-temp\/#organization"},"image":{"@id":"https:\/\/lightweb.dev\/l\/svm-temp\/nyheter\/fortsatt-tillvaxt-pa-nara-35-procent-i-provinsen-2016\/#primaryimage"},"thumbnailUrl":"https:\/\/lightweb.dev\/l\/svm-temp\/wp-content\/uploads\/2022\/06\/fortsatt-tillvaxt-pa-nara-35-procent-i-provinsen-2016.png","articleSection":["Arkiv","Nyheter"],"inLanguage":"sv-SE"},{"@type":"WebPage","@id":"https:\/\/lightweb.dev\/l\/svm-temp\/nyheter\/fortsatt-tillvaxt-pa-nara-35-procent-i-provinsen-2016\/","url":"https:\/\/lightweb.dev\/l\/svm-temp\/nyheter\/fortsatt-tillvaxt-pa-nara-35-procent-i-provinsen-2016\/","name":"Fortsatt tillv\u00e4xt p\u00e5 n\u00e4ra 3,5 procent i provinsen 2016 - Svenska Magasinet","isPartOf":{"@id":"https:\/\/lightweb.dev\/l\/svm-temp\/#website"},"primaryImageOfPage":{"@id":"https:\/\/lightweb.dev\/l\/svm-temp\/nyheter\/fortsatt-tillvaxt-pa-nara-35-procent-i-provinsen-2016\/#primaryimage"},"image":{"@id":"https:\/\/lightweb.dev\/l\/svm-temp\/nyheter\/fortsatt-tillvaxt-pa-nara-35-procent-i-provinsen-2016\/#primaryimage"},"thumbnailUrl":"https:\/\/lightweb.dev\/l\/svm-temp\/wp-content\/uploads\/2022\/06\/fortsatt-tillvaxt-pa-nara-35-procent-i-provinsen-2016.png","datePublished":"2015-11-26T23:00:00+00:00","breadcrumb":{"@id":"https:\/\/lightweb.dev\/l\/svm-temp\/nyheter\/fortsatt-tillvaxt-pa-nara-35-procent-i-provinsen-2016\/#breadcrumb"},"inLanguage":"sv-SE","potentialAction":[{"@type":"ReadAction","target":["https:\/\/lightweb.dev\/l\/svm-temp\/nyheter\/fortsatt-tillvaxt-pa-nara-35-procent-i-provinsen-2016\/"]}]},{"@type":"ImageObject","inLanguage":"sv-SE","@id":"https:\/\/lightweb.dev\/l\/svm-temp\/nyheter\/fortsatt-tillvaxt-pa-nara-35-procent-i-provinsen-2016\/#primaryimage","url":"https:\/\/lightweb.dev\/l\/svm-temp\/wp-content\/uploads\/2022\/06\/fortsatt-tillvaxt-pa-nara-35-procent-i-provinsen-2016.png","contentUrl":"https:\/\/lightweb.dev\/l\/svm-temp\/wp-content\/uploads\/2022\/06\/fortsatt-tillvaxt-pa-nara-35-procent-i-provinsen-2016.png","width":412,"height":200},{"@type":"BreadcrumbList","@id":"https:\/\/lightweb.dev\/l\/svm-temp\/nyheter\/fortsatt-tillvaxt-pa-nara-35-procent-i-provinsen-2016\/#breadcrumb","itemListElement":[{"@type":"ListItem","position":1,"name":"Hem","item":"https:\/\/lightweb.dev\/l\/svm-temp\/"},{"@type":"ListItem","position":2,"name":"Fortsatt tillv\u00e4xt p\u00e5 n\u00e4ra 3,5 procent i provinsen 2016"}]},{"@type":"WebSite","@id":"https:\/\/lightweb.dev\/l\/svm-temp\/#website","url":"https:\/\/lightweb.dev\/l\/svm-temp\/","name":"Svenska Magasinet","description":"Dina Spanska nyheter p&aring; Svenska","publisher":{"@id":"https:\/\/lightweb.dev\/l\/svm-temp\/#organization"},"potentialAction":[{"@type":"SearchAction","target":{"@type":"EntryPoint","urlTemplate":"https:\/\/lightweb.dev\/l\/svm-temp\/?s={search_term_string}"},"query-input":{"@type":"PropertyValueSpecification","valueRequired":true,"valueName":"search_term_string"}}],"inLanguage":"sv-SE"},{"@type":"Organization","@id":"https:\/\/lightweb.dev\/l\/svm-temp\/#organization","name":"Melkerson y Nott SL","alternateName":"Svenska Magasinet","url":"https:\/\/lightweb.dev\/l\/svm-temp\/","logo":{"@type":"ImageObject","inLanguage":"sv-SE","@id":"https:\/\/lightweb.dev\/l\/svm-temp\/#\/schema\/logo\/image\/","url":"https:\/\/lightweb.dev\/l\/svm-temp\/wp-content\/uploads\/2025\/02\/SvM-logo-Xtra-Centrerad-SVART.png","contentUrl":"https:\/\/lightweb.dev\/l\/svm-temp\/wp-content\/uploads\/2025\/02\/SvM-logo-Xtra-Centrerad-SVART.png","width":300,"height":99,"caption":"Melkerson y Nott SL"},"image":{"@id":"https:\/\/lightweb.dev\/l\/svm-temp\/#\/schema\/logo\/image\/"},"sameAs":["https:\/\/www.facebook.com\/svenskamagasinet","https:\/\/x.com\/SvenskaMagasine"]},{"@type":"Person","@id":"https:\/\/lightweb.dev\/l\/svm-temp\/#\/schema\/person\/206a3bda5b607b0c25e1749191e4d837","name":"Redaktionen SvM","description":"Redaktionen","sameAs":["https:\/\/lightweb.dev\/l\/svm-temp"],"url":"https:\/\/lightweb.dev\/l\/svm-temp\/reporter\/redaktionen\/"}]}},"_links":{"self":[{"href":"https:\/\/lightweb.dev\/l\/svm-temp\/wp-json\/wp\/v2\/posts\/23151","targetHints":{"allow":["GET"]}}],"collection":[{"href":"https:\/\/lightweb.dev\/l\/svm-temp\/wp-json\/wp\/v2\/posts"}],"about":[{"href":"https:\/\/lightweb.dev\/l\/svm-temp\/wp-json\/wp\/v2\/types\/post"}],"author":[{"embeddable":true,"href":"https:\/\/lightweb.dev\/l\/svm-temp\/wp-json\/wp\/v2\/users\/8"}],"replies":[{"embeddable":true,"href":"https:\/\/lightweb.dev\/l\/svm-temp\/wp-json\/wp\/v2\/comments?post=23151"}],"version-history":[{"count":0,"href":"https:\/\/lightweb.dev\/l\/svm-temp\/wp-json\/wp\/v2\/posts\/23151\/revisions"}],"wp:featuredmedia":[{"embeddable":true,"href":"https:\/\/lightweb.dev\/l\/svm-temp\/wp-json\/wp\/v2\/media\/23152"}],"wp:attachment":[{"href":"https:\/\/lightweb.dev\/l\/svm-temp\/wp-json\/wp\/v2\/media?parent=23151"}],"wp:term":[{"taxonomy":"category","embeddable":true,"href":"https:\/\/lightweb.dev\/l\/svm-temp\/wp-json\/wp\/v2\/categories?post=23151"},{"taxonomy":"post_tag","embeddable":true,"href":"https:\/\/lightweb.dev\/l\/svm-temp\/wp-json\/wp\/v2\/tags?post=23151"}],"curies":[{"name":"wp","href":"https:\/\/api.w.org\/{rel}","templated":true}]}}