{"id":23159,"date":"2015-11-26T00:00:00","date_gmt":"2015-11-25T23:00:00","guid":{"rendered":"https:\/\/lightweb.dev\/l\/svm-temp\/nyheter\/storforetagen-okar-sina-vinster-nya-fasta-anstallningar-uteblir\/"},"modified":"2015-11-26T00:00:00","modified_gmt":"2015-11-25T23:00:00","slug":"storforetagen-okar-sina-vinster-nya-fasta-anstallningar-uteblir","status":"publish","type":"post","link":"https:\/\/lightweb.dev\/l\/svm-temp\/nyheter\/storforetagen-okar-sina-vinster-nya-fasta-anstallningar-uteblir\/","title":{"rendered":"Storf\u00f6retagen \u00f6kar sina vinster \u2013 nya fasta anst\u00e4llningar uteblir"},"content":{"rendered":"<p> Fram till september hade de spanska storf\u00f6retagen \u00f6kat sina vinster med 28,6 procent. Trots det skapas endast tillf\u00e4lliga arbeten. Tempor\u00e4ra kontrakt \u00f6kade under motsvarande tid med 13 procent medan kontrakt med fast anst\u00e4llning sj\u00f6nk med 0,4 procent.<\/p>\n<p>Den spanska ekonomin g\u00e5r f\u00f6r h\u00f6gtryck och landet ligger i EU-topp n\u00e4r det g\u00e4ller tillv\u00e4xt. Trots det skapas inga nya fasta arbetstillf\u00e4llen. Det visar balansrapporten fr\u00e5n spanska riksbanken Banco de Espa\u00f1a som har granskat landets 811 st\u00f6rre f\u00f6retag.<\/p>\n<p>Syssels\u00e4ttningen har under vissa perioder i \u00e5r \u00f6kat men bara tillf\u00e4llig. <\/p>\n<p>Hos sm\u00e5 och medelstora f\u00f6retag m\u00e4rktes under fjol\u00e5ret 2014 en svag men positiv \u00f6kning n\u00e4r det g\u00e4ller fast anst\u00e4llning med 0,3 procent.<\/p>\n<p>Generaldirekt\u00f6ren f\u00f6r ekonomi och statistik vid riksbanken, Pablo Hern\u00e1ndez de Cos, s\u00e4ger att reformerna p\u00e5 arbetsmarknaden har misslyckats och det \u00e4r ett problem som den regering som v\u00e4ljs vid det allm\u00e4nna valet m\u00e5ste ta tag i. <\/p>\n","protected":false},"excerpt":{"rendered":"<p>Fram till september hade de spanska storf\u00f6retagen \u00f6kat sina vinster med 28,6 procent. Trots det skapas endast tillf\u00e4lliga arbeten. Tempor\u00e4ra kontrakt \u00f6kade under motsvarande tid med 13 procent medan kontrakt med fast anst\u00e4llning sj\u00f6nk med 0,4 procent. Den spanska ekonomin g\u00e5r f\u00f6r h\u00f6gtryck och landet ligger i EU-topp n\u00e4r det g\u00e4ller tillv\u00e4xt. Trots det skapas [&hellip;]<\/p>\n","protected":false},"author":8,"featured_media":23160,"comment_status":"open","ping_status":"open","sticky":false,"template":"","format":"standard","meta":{"_et_pb_use_builder":"","_et_pb_old_content":"","_et_gb_content_width":"","footnotes":""},"categories":[395,3],"tags":[],"class_list":["post-23159","post","type-post","status-publish","format-standard","has-post-thumbnail","hentry","category-arkiv-nyheter","category-nyheter"],"yoast_head":"<!-- This site is optimized with the Yoast SEO Premium plugin v26.2 (Yoast SEO v27.4) - https:\/\/yoast.com\/product\/yoast-seo-premium-wordpress\/ -->\n<title>Storf\u00f6retagen \u00f6kar sina vinster \u2013 nya fasta anst\u00e4llningar uteblir - Svenska Magasinet<\/title>\n<meta name=\"robots\" content=\"noindex, follow, max-snippet:-1, max-image-preview:large, max-video-preview:-1\" \/>\n<meta property=\"og:locale\" content=\"sv_SE\" \/>\n<meta property=\"og:type\" content=\"article\" \/>\n<meta property=\"og:title\" content=\"Storf\u00f6retagen \u00f6kar sina vinster \u2013 nya fasta anst\u00e4llningar uteblir\" \/>\n<meta property=\"og:description\" content=\"Fram till september hade de spanska storf\u00f6retagen \u00f6kat sina vinster med 28,6 procent. Trots det skapas endast tillf\u00e4lliga arbeten. Tempor\u00e4ra kontrakt \u00f6kade under motsvarande tid med 13 procent medan kontrakt med fast anst\u00e4llning sj\u00f6nk med 0,4 procent. Den spanska ekonomin g\u00e5r f\u00f6r h\u00f6gtryck och landet ligger i EU-topp n\u00e4r det g\u00e4ller tillv\u00e4xt. Trots det skapas [&hellip;]\" \/>\n<meta property=\"og:url\" content=\"https:\/\/lightweb.dev\/l\/svm-temp\/nyheter\/storforetagen-okar-sina-vinster-nya-fasta-anstallningar-uteblir\/\" \/>\n<meta property=\"og:site_name\" content=\"Svenska Magasinet\" \/>\n<meta property=\"article:publisher\" content=\"https:\/\/www.facebook.com\/svenskamagasinet\" \/>\n<meta property=\"article:published_time\" content=\"2015-11-25T23:00:00+00:00\" \/>\n<meta property=\"og:image\" content=\"https:\/\/lightweb.dev\/l\/svm-temp\/wp-content\/uploads\/2022\/06\/storforetagen-okar-sina-vinster-nya-fasta-anstallningar-uteblir.png\" \/>\n\t<meta property=\"og:image:width\" content=\"480\" \/>\n\t<meta property=\"og:image:height\" content=\"200\" \/>\n\t<meta property=\"og:image:type\" content=\"image\/png\" \/>\n<meta name=\"author\" content=\"Redaktionen SvM\" \/>\n<meta name=\"twitter:card\" content=\"summary_large_image\" \/>\n<meta name=\"twitter:creator\" content=\"@SvenskaMagasine\" \/>\n<meta name=\"twitter:site\" content=\"@SvenskaMagasine\" \/>\n<script type=\"application\/ld+json\" class=\"yoast-schema-graph\">{\"@context\":\"https:\\\/\\\/schema.org\",\"@graph\":[{\"@type\":\"Article\",\"@id\":\"https:\\\/\\\/lightweb.dev\\\/l\\\/svm-temp\\\/nyheter\\\/storforetagen-okar-sina-vinster-nya-fasta-anstallningar-uteblir\\\/#article\",\"isPartOf\":{\"@id\":\"https:\\\/\\\/lightweb.dev\\\/l\\\/svm-temp\\\/nyheter\\\/storforetagen-okar-sina-vinster-nya-fasta-anstallningar-uteblir\\\/\"},\"author\":{\"name\":\"Redaktionen SvM\",\"@id\":\"https:\\\/\\\/lightweb.dev\\\/l\\\/svm-temp\\\/#\\\/schema\\\/person\\\/206a3bda5b607b0c25e1749191e4d837\"},\"headline\":\"Storf\u00f6retagen \u00f6kar sina vinster \u2013 nya fasta anst\u00e4llningar uteblir\",\"datePublished\":\"2015-11-25T23:00:00+00:00\",\"mainEntityOfPage\":{\"@id\":\"https:\\\/\\\/lightweb.dev\\\/l\\\/svm-temp\\\/nyheter\\\/storforetagen-okar-sina-vinster-nya-fasta-anstallningar-uteblir\\\/\"},\"wordCount\":179,\"commentCount\":0,\"publisher\":{\"@id\":\"https:\\\/\\\/lightweb.dev\\\/l\\\/svm-temp\\\/#organization\"},\"image\":{\"@id\":\"https:\\\/\\\/lightweb.dev\\\/l\\\/svm-temp\\\/nyheter\\\/storforetagen-okar-sina-vinster-nya-fasta-anstallningar-uteblir\\\/#primaryimage\"},\"thumbnailUrl\":\"https:\\\/\\\/lightweb.dev\\\/l\\\/svm-temp\\\/wp-content\\\/uploads\\\/2022\\\/06\\\/storforetagen-okar-sina-vinster-nya-fasta-anstallningar-uteblir.png\",\"articleSection\":[\"Arkiv\",\"Nyheter\"],\"inLanguage\":\"sv-SE\"},{\"@type\":\"WebPage\",\"@id\":\"https:\\\/\\\/lightweb.dev\\\/l\\\/svm-temp\\\/nyheter\\\/storforetagen-okar-sina-vinster-nya-fasta-anstallningar-uteblir\\\/\",\"url\":\"https:\\\/\\\/lightweb.dev\\\/l\\\/svm-temp\\\/nyheter\\\/storforetagen-okar-sina-vinster-nya-fasta-anstallningar-uteblir\\\/\",\"name\":\"Storf\u00f6retagen \u00f6kar sina vinster \u2013 nya fasta anst\u00e4llningar uteblir - Svenska Magasinet\",\"isPartOf\":{\"@id\":\"https:\\\/\\\/lightweb.dev\\\/l\\\/svm-temp\\\/#website\"},\"primaryImageOfPage\":{\"@id\":\"https:\\\/\\\/lightweb.dev\\\/l\\\/svm-temp\\\/nyheter\\\/storforetagen-okar-sina-vinster-nya-fasta-anstallningar-uteblir\\\/#primaryimage\"},\"image\":{\"@id\":\"https:\\\/\\\/lightweb.dev\\\/l\\\/svm-temp\\\/nyheter\\\/storforetagen-okar-sina-vinster-nya-fasta-anstallningar-uteblir\\\/#primaryimage\"},\"thumbnailUrl\":\"https:\\\/\\\/lightweb.dev\\\/l\\\/svm-temp\\\/wp-content\\\/uploads\\\/2022\\\/06\\\/storforetagen-okar-sina-vinster-nya-fasta-anstallningar-uteblir.png\",\"datePublished\":\"2015-11-25T23:00:00+00:00\",\"breadcrumb\":{\"@id\":\"https:\\\/\\\/lightweb.dev\\\/l\\\/svm-temp\\\/nyheter\\\/storforetagen-okar-sina-vinster-nya-fasta-anstallningar-uteblir\\\/#breadcrumb\"},\"inLanguage\":\"sv-SE\",\"potentialAction\":[{\"@type\":\"ReadAction\",\"target\":[\"https:\\\/\\\/lightweb.dev\\\/l\\\/svm-temp\\\/nyheter\\\/storforetagen-okar-sina-vinster-nya-fasta-anstallningar-uteblir\\\/\"]}]},{\"@type\":\"ImageObject\",\"inLanguage\":\"sv-SE\",\"@id\":\"https:\\\/\\\/lightweb.dev\\\/l\\\/svm-temp\\\/nyheter\\\/storforetagen-okar-sina-vinster-nya-fasta-anstallningar-uteblir\\\/#primaryimage\",\"url\":\"https:\\\/\\\/lightweb.dev\\\/l\\\/svm-temp\\\/wp-content\\\/uploads\\\/2022\\\/06\\\/storforetagen-okar-sina-vinster-nya-fasta-anstallningar-uteblir.png\",\"contentUrl\":\"https:\\\/\\\/lightweb.dev\\\/l\\\/svm-temp\\\/wp-content\\\/uploads\\\/2022\\\/06\\\/storforetagen-okar-sina-vinster-nya-fasta-anstallningar-uteblir.png\",\"width\":480,\"height\":200},{\"@type\":\"BreadcrumbList\",\"@id\":\"https:\\\/\\\/lightweb.dev\\\/l\\\/svm-temp\\\/nyheter\\\/storforetagen-okar-sina-vinster-nya-fasta-anstallningar-uteblir\\\/#breadcrumb\",\"itemListElement\":[{\"@type\":\"ListItem\",\"position\":1,\"name\":\"Hem\",\"item\":\"https:\\\/\\\/lightweb.dev\\\/l\\\/svm-temp\\\/\"},{\"@type\":\"ListItem\",\"position\":2,\"name\":\"Storf\u00f6retagen \u00f6kar sina vinster \u2013 nya fasta anst\u00e4llningar uteblir\"}]},{\"@type\":\"WebSite\",\"@id\":\"https:\\\/\\\/lightweb.dev\\\/l\\\/svm-temp\\\/#website\",\"url\":\"https:\\\/\\\/lightweb.dev\\\/l\\\/svm-temp\\\/\",\"name\":\"Svenska Magasinet\",\"description\":\"Dina Spanska nyheter p&aring; Svenska\",\"publisher\":{\"@id\":\"https:\\\/\\\/lightweb.dev\\\/l\\\/svm-temp\\\/#organization\"},\"potentialAction\":[{\"@type\":\"SearchAction\",\"target\":{\"@type\":\"EntryPoint\",\"urlTemplate\":\"https:\\\/\\\/lightweb.dev\\\/l\\\/svm-temp\\\/?s={search_term_string}\"},\"query-input\":{\"@type\":\"PropertyValueSpecification\",\"valueRequired\":true,\"valueName\":\"search_term_string\"}}],\"inLanguage\":\"sv-SE\"},{\"@type\":\"Organization\",\"@id\":\"https:\\\/\\\/lightweb.dev\\\/l\\\/svm-temp\\\/#organization\",\"name\":\"Melkerson y Nott SL\",\"alternateName\":\"Svenska Magasinet\",\"url\":\"https:\\\/\\\/lightweb.dev\\\/l\\\/svm-temp\\\/\",\"logo\":{\"@type\":\"ImageObject\",\"inLanguage\":\"sv-SE\",\"@id\":\"https:\\\/\\\/lightweb.dev\\\/l\\\/svm-temp\\\/#\\\/schema\\\/logo\\\/image\\\/\",\"url\":\"https:\\\/\\\/lightweb.dev\\\/l\\\/svm-temp\\\/wp-content\\\/uploads\\\/2025\\\/02\\\/SvM-logo-Xtra-Centrerad-SVART.png\",\"contentUrl\":\"https:\\\/\\\/lightweb.dev\\\/l\\\/svm-temp\\\/wp-content\\\/uploads\\\/2025\\\/02\\\/SvM-logo-Xtra-Centrerad-SVART.png\",\"width\":300,\"height\":99,\"caption\":\"Melkerson y Nott SL\"},\"image\":{\"@id\":\"https:\\\/\\\/lightweb.dev\\\/l\\\/svm-temp\\\/#\\\/schema\\\/logo\\\/image\\\/\"},\"sameAs\":[\"https:\\\/\\\/www.facebook.com\\\/svenskamagasinet\",\"https:\\\/\\\/x.com\\\/SvenskaMagasine\"]},{\"@type\":\"Person\",\"@id\":\"https:\\\/\\\/lightweb.dev\\\/l\\\/svm-temp\\\/#\\\/schema\\\/person\\\/206a3bda5b607b0c25e1749191e4d837\",\"name\":\"Redaktionen SvM\",\"description\":\"Redaktionen\",\"sameAs\":[\"https:\\\/\\\/lightweb.dev\\\/l\\\/svm-temp\"],\"url\":\"https:\\\/\\\/lightweb.dev\\\/l\\\/svm-temp\\\/reporter\\\/redaktionen\\\/\"}]}<\/script>\n<!-- \/ Yoast SEO Premium plugin. -->","yoast_head_json":{"title":"Storf\u00f6retagen \u00f6kar sina vinster \u2013 nya fasta anst\u00e4llningar uteblir - Svenska Magasinet","robots":{"index":"noindex","follow":"follow","max-snippet":"max-snippet:-1","max-image-preview":"max-image-preview:large","max-video-preview":"max-video-preview:-1"},"og_locale":"sv_SE","og_type":"article","og_title":"Storf\u00f6retagen \u00f6kar sina vinster \u2013 nya fasta anst\u00e4llningar uteblir","og_description":"Fram till september hade de spanska storf\u00f6retagen \u00f6kat sina vinster med 28,6 procent. Trots det skapas endast tillf\u00e4lliga arbeten. Tempor\u00e4ra kontrakt \u00f6kade under motsvarande tid med 13 procent medan kontrakt med fast anst\u00e4llning sj\u00f6nk med 0,4 procent. Den spanska ekonomin g\u00e5r f\u00f6r h\u00f6gtryck och landet ligger i EU-topp n\u00e4r det g\u00e4ller tillv\u00e4xt. Trots det skapas [&hellip;]","og_url":"https:\/\/lightweb.dev\/l\/svm-temp\/nyheter\/storforetagen-okar-sina-vinster-nya-fasta-anstallningar-uteblir\/","og_site_name":"Svenska Magasinet","article_publisher":"https:\/\/www.facebook.com\/svenskamagasinet","article_published_time":"2015-11-25T23:00:00+00:00","og_image":[{"width":480,"height":200,"url":"https:\/\/lightweb.dev\/l\/svm-temp\/wp-content\/uploads\/2022\/06\/storforetagen-okar-sina-vinster-nya-fasta-anstallningar-uteblir.png","type":"image\/png"}],"author":"Redaktionen SvM","twitter_card":"summary_large_image","twitter_creator":"@SvenskaMagasine","twitter_site":"@SvenskaMagasine","schema":{"@context":"https:\/\/schema.org","@graph":[{"@type":"Article","@id":"https:\/\/lightweb.dev\/l\/svm-temp\/nyheter\/storforetagen-okar-sina-vinster-nya-fasta-anstallningar-uteblir\/#article","isPartOf":{"@id":"https:\/\/lightweb.dev\/l\/svm-temp\/nyheter\/storforetagen-okar-sina-vinster-nya-fasta-anstallningar-uteblir\/"},"author":{"name":"Redaktionen SvM","@id":"https:\/\/lightweb.dev\/l\/svm-temp\/#\/schema\/person\/206a3bda5b607b0c25e1749191e4d837"},"headline":"Storf\u00f6retagen \u00f6kar sina vinster \u2013 nya fasta anst\u00e4llningar uteblir","datePublished":"2015-11-25T23:00:00+00:00","mainEntityOfPage":{"@id":"https:\/\/lightweb.dev\/l\/svm-temp\/nyheter\/storforetagen-okar-sina-vinster-nya-fasta-anstallningar-uteblir\/"},"wordCount":179,"commentCount":0,"publisher":{"@id":"https:\/\/lightweb.dev\/l\/svm-temp\/#organization"},"image":{"@id":"https:\/\/lightweb.dev\/l\/svm-temp\/nyheter\/storforetagen-okar-sina-vinster-nya-fasta-anstallningar-uteblir\/#primaryimage"},"thumbnailUrl":"https:\/\/lightweb.dev\/l\/svm-temp\/wp-content\/uploads\/2022\/06\/storforetagen-okar-sina-vinster-nya-fasta-anstallningar-uteblir.png","articleSection":["Arkiv","Nyheter"],"inLanguage":"sv-SE"},{"@type":"WebPage","@id":"https:\/\/lightweb.dev\/l\/svm-temp\/nyheter\/storforetagen-okar-sina-vinster-nya-fasta-anstallningar-uteblir\/","url":"https:\/\/lightweb.dev\/l\/svm-temp\/nyheter\/storforetagen-okar-sina-vinster-nya-fasta-anstallningar-uteblir\/","name":"Storf\u00f6retagen \u00f6kar sina vinster \u2013 nya fasta anst\u00e4llningar uteblir - Svenska Magasinet","isPartOf":{"@id":"https:\/\/lightweb.dev\/l\/svm-temp\/#website"},"primaryImageOfPage":{"@id":"https:\/\/lightweb.dev\/l\/svm-temp\/nyheter\/storforetagen-okar-sina-vinster-nya-fasta-anstallningar-uteblir\/#primaryimage"},"image":{"@id":"https:\/\/lightweb.dev\/l\/svm-temp\/nyheter\/storforetagen-okar-sina-vinster-nya-fasta-anstallningar-uteblir\/#primaryimage"},"thumbnailUrl":"https:\/\/lightweb.dev\/l\/svm-temp\/wp-content\/uploads\/2022\/06\/storforetagen-okar-sina-vinster-nya-fasta-anstallningar-uteblir.png","datePublished":"2015-11-25T23:00:00+00:00","breadcrumb":{"@id":"https:\/\/lightweb.dev\/l\/svm-temp\/nyheter\/storforetagen-okar-sina-vinster-nya-fasta-anstallningar-uteblir\/#breadcrumb"},"inLanguage":"sv-SE","potentialAction":[{"@type":"ReadAction","target":["https:\/\/lightweb.dev\/l\/svm-temp\/nyheter\/storforetagen-okar-sina-vinster-nya-fasta-anstallningar-uteblir\/"]}]},{"@type":"ImageObject","inLanguage":"sv-SE","@id":"https:\/\/lightweb.dev\/l\/svm-temp\/nyheter\/storforetagen-okar-sina-vinster-nya-fasta-anstallningar-uteblir\/#primaryimage","url":"https:\/\/lightweb.dev\/l\/svm-temp\/wp-content\/uploads\/2022\/06\/storforetagen-okar-sina-vinster-nya-fasta-anstallningar-uteblir.png","contentUrl":"https:\/\/lightweb.dev\/l\/svm-temp\/wp-content\/uploads\/2022\/06\/storforetagen-okar-sina-vinster-nya-fasta-anstallningar-uteblir.png","width":480,"height":200},{"@type":"BreadcrumbList","@id":"https:\/\/lightweb.dev\/l\/svm-temp\/nyheter\/storforetagen-okar-sina-vinster-nya-fasta-anstallningar-uteblir\/#breadcrumb","itemListElement":[{"@type":"ListItem","position":1,"name":"Hem","item":"https:\/\/lightweb.dev\/l\/svm-temp\/"},{"@type":"ListItem","position":2,"name":"Storf\u00f6retagen \u00f6kar sina vinster \u2013 nya fasta anst\u00e4llningar uteblir"}]},{"@type":"WebSite","@id":"https:\/\/lightweb.dev\/l\/svm-temp\/#website","url":"https:\/\/lightweb.dev\/l\/svm-temp\/","name":"Svenska Magasinet","description":"Dina Spanska nyheter p&aring; Svenska","publisher":{"@id":"https:\/\/lightweb.dev\/l\/svm-temp\/#organization"},"potentialAction":[{"@type":"SearchAction","target":{"@type":"EntryPoint","urlTemplate":"https:\/\/lightweb.dev\/l\/svm-temp\/?s={search_term_string}"},"query-input":{"@type":"PropertyValueSpecification","valueRequired":true,"valueName":"search_term_string"}}],"inLanguage":"sv-SE"},{"@type":"Organization","@id":"https:\/\/lightweb.dev\/l\/svm-temp\/#organization","name":"Melkerson y Nott SL","alternateName":"Svenska Magasinet","url":"https:\/\/lightweb.dev\/l\/svm-temp\/","logo":{"@type":"ImageObject","inLanguage":"sv-SE","@id":"https:\/\/lightweb.dev\/l\/svm-temp\/#\/schema\/logo\/image\/","url":"https:\/\/lightweb.dev\/l\/svm-temp\/wp-content\/uploads\/2025\/02\/SvM-logo-Xtra-Centrerad-SVART.png","contentUrl":"https:\/\/lightweb.dev\/l\/svm-temp\/wp-content\/uploads\/2025\/02\/SvM-logo-Xtra-Centrerad-SVART.png","width":300,"height":99,"caption":"Melkerson y Nott SL"},"image":{"@id":"https:\/\/lightweb.dev\/l\/svm-temp\/#\/schema\/logo\/image\/"},"sameAs":["https:\/\/www.facebook.com\/svenskamagasinet","https:\/\/x.com\/SvenskaMagasine"]},{"@type":"Person","@id":"https:\/\/lightweb.dev\/l\/svm-temp\/#\/schema\/person\/206a3bda5b607b0c25e1749191e4d837","name":"Redaktionen SvM","description":"Redaktionen","sameAs":["https:\/\/lightweb.dev\/l\/svm-temp"],"url":"https:\/\/lightweb.dev\/l\/svm-temp\/reporter\/redaktionen\/"}]}},"_links":{"self":[{"href":"https:\/\/lightweb.dev\/l\/svm-temp\/wp-json\/wp\/v2\/posts\/23159","targetHints":{"allow":["GET"]}}],"collection":[{"href":"https:\/\/lightweb.dev\/l\/svm-temp\/wp-json\/wp\/v2\/posts"}],"about":[{"href":"https:\/\/lightweb.dev\/l\/svm-temp\/wp-json\/wp\/v2\/types\/post"}],"author":[{"embeddable":true,"href":"https:\/\/lightweb.dev\/l\/svm-temp\/wp-json\/wp\/v2\/users\/8"}],"replies":[{"embeddable":true,"href":"https:\/\/lightweb.dev\/l\/svm-temp\/wp-json\/wp\/v2\/comments?post=23159"}],"version-history":[{"count":0,"href":"https:\/\/lightweb.dev\/l\/svm-temp\/wp-json\/wp\/v2\/posts\/23159\/revisions"}],"wp:featuredmedia":[{"embeddable":true,"href":"https:\/\/lightweb.dev\/l\/svm-temp\/wp-json\/wp\/v2\/media\/23160"}],"wp:attachment":[{"href":"https:\/\/lightweb.dev\/l\/svm-temp\/wp-json\/wp\/v2\/media?parent=23159"}],"wp:term":[{"taxonomy":"category","embeddable":true,"href":"https:\/\/lightweb.dev\/l\/svm-temp\/wp-json\/wp\/v2\/categories?post=23159"},{"taxonomy":"post_tag","embeddable":true,"href":"https:\/\/lightweb.dev\/l\/svm-temp\/wp-json\/wp\/v2\/tags?post=23159"}],"curies":[{"name":"wp","href":"https:\/\/api.w.org\/{rel}","templated":true}]}}