{"id":23163,"date":"2015-11-26T00:00:00","date_gmt":"2015-11-25T23:00:00","guid":{"rendered":"https:\/\/lightweb.dev\/l\/svm-temp\/nyheter\/gloggparty-med-vernissage-pa-gallery-art-club\/"},"modified":"2015-11-26T00:00:00","modified_gmt":"2015-11-25T23:00:00","slug":"gloggparty-med-vernissage-pa-gallery-art-club","status":"publish","type":"post","link":"https:\/\/lightweb.dev\/l\/svm-temp\/nyheter\/gloggparty-med-vernissage-pa-gallery-art-club\/","title":{"rendered":"Gl\u00f6ggparty med vernissage p\u00e5 Gallery Art Club"},"content":{"rendered":"<p> P\u00e5 l\u00f6rdag mellan klockan 13 och 16 \u00e4r det dags f\u00f6r det st\u00f6rsta \u00e5rliga \u00e5terkommande svenska gl\u00f6ggpartyt p\u00e5 Solkusten. Ett evenemang som arrangeras av Svenska Magasinet p\u00e5 calle Quemada 10 i Fuengirola.<\/p>\n<p>Sedan i somras har delar av redaktionens lokaler renoverats och f\u00e5tt en rej\u00e4l ansiktslyftning. I samband med gl\u00f6ggpartyt blir det vernissage d\u00e5 konstgalleriet \u00f6ppnar som \u00e4r ett \u00f6nskem\u00e5l fr\u00e5n verksamma konstn\u00e4rer p\u00e5 kusten.<\/p>\n<p>&#8211; Det har varit mycket jobb med renoveringen av den stora lokalen samt entr\u00e9. Och vi kommer att forts\u00e4tta med de \u00f6vriga lokalerna plus innerg\u00e5rd senare, s\u00e4ger Christer Melkerson, ansvarig utgivare till Spaniens \u00e4ldsta magasin p\u00e5 svenska.<\/p>\n<p>Konstgalleriet \u00f6ppnar med vernissage i samband med gl\u00f6ggpartyt. Den f\u00f6rsta utst\u00e4llningen har inriktning p\u00e5 skandinaviska konstn\u00e4rer i Spanien. Den v\u00e4rldsber\u00f6mda skulpt\u00f6ren Anna-Maija Rees medverkar liksom Ronny Rodhammar fr\u00e5n Sitges. \u00c4ven Klas Blomstrand, Grus Lindgren, Harry Lange och Marta-Lena Malmstr\u00f6m finns med bland utst\u00e4llarna.<\/p>\n<p>&#8211; Efterfr\u00e5gan p\u00e5 ett galleri har varit stor i Fuengirola, s\u00e4ger Haze Westerlund, konstn\u00e4r och samordnare f\u00f6r utst\u00e4llningen. Efter att konstn\u00e4rerna skickat in en f\u00f6rfr\u00e5gan om att f\u00e5 vara med har vi gjort ett urval.<br \/>\n&#8211; Som en kul grej har vi bjudit in en ung tjej p\u00e5 13 \u00e5r fr\u00e5n Svenska skolan som var modig nog att skicka in ans\u00f6kan om att f\u00e5 vara med. <\/p>\n<p>Den tempor\u00e4ra konstutst\u00e4llningen med artister verksamma i Spanien p\u00e5g\u00e5r mellan den 28 november till 28 december p\u00e5 Gallery Art Club som ligger p\u00e5 calle Quemada 10 i Fuengirola. L\u00e4s mer h\u00e4r<\/p>\n","protected":false},"excerpt":{"rendered":"<p>P\u00e5 l\u00f6rdag mellan klockan 13 och 16 \u00e4r det dags f\u00f6r det st\u00f6rsta \u00e5rliga \u00e5terkommande svenska gl\u00f6ggpartyt p\u00e5 Solkusten. Ett evenemang som arrangeras av Svenska Magasinet p\u00e5 calle Quemada 10 i Fuengirola. Sedan i somras har delar av redaktionens lokaler renoverats och f\u00e5tt en rej\u00e4l ansiktslyftning. I samband med gl\u00f6ggpartyt blir det vernissage d\u00e5 konstgalleriet [&hellip;]<\/p>\n","protected":false},"author":8,"featured_media":23164,"comment_status":"open","ping_status":"open","sticky":false,"template":"","format":"standard","meta":{"_et_pb_use_builder":"","_et_pb_old_content":"","_et_gb_content_width":"","footnotes":""},"categories":[395,3],"tags":[],"class_list":["post-23163","post","type-post","status-publish","format-standard","has-post-thumbnail","hentry","category-arkiv-nyheter","category-nyheter"],"yoast_head":"<!-- This site is optimized with the Yoast SEO Premium plugin v26.2 (Yoast SEO v27.4) - https:\/\/yoast.com\/product\/yoast-seo-premium-wordpress\/ -->\n<title>Gl\u00f6ggparty med vernissage p\u00e5 Gallery Art Club - Svenska Magasinet<\/title>\n<meta name=\"robots\" content=\"noindex, follow, max-snippet:-1, max-image-preview:large, max-video-preview:-1\" \/>\n<meta property=\"og:locale\" content=\"sv_SE\" \/>\n<meta property=\"og:type\" content=\"article\" \/>\n<meta property=\"og:title\" content=\"Gl\u00f6ggparty med vernissage p\u00e5 Gallery Art Club\" \/>\n<meta property=\"og:description\" content=\"P\u00e5 l\u00f6rdag mellan klockan 13 och 16 \u00e4r det dags f\u00f6r det st\u00f6rsta \u00e5rliga \u00e5terkommande svenska gl\u00f6ggpartyt p\u00e5 Solkusten. Ett evenemang som arrangeras av Svenska Magasinet p\u00e5 calle Quemada 10 i Fuengirola. Sedan i somras har delar av redaktionens lokaler renoverats och f\u00e5tt en rej\u00e4l ansiktslyftning. I samband med gl\u00f6ggpartyt blir det vernissage d\u00e5 konstgalleriet [&hellip;]\" \/>\n<meta property=\"og:url\" content=\"https:\/\/lightweb.dev\/l\/svm-temp\/nyheter\/gloggparty-med-vernissage-pa-gallery-art-club\/\" \/>\n<meta property=\"og:site_name\" content=\"Svenska Magasinet\" \/>\n<meta property=\"article:publisher\" content=\"https:\/\/www.facebook.com\/svenskamagasinet\" \/>\n<meta property=\"article:published_time\" content=\"2015-11-25T23:00:00+00:00\" \/>\n<meta property=\"og:image\" content=\"https:\/\/lightweb.dev\/l\/svm-temp\/wp-content\/uploads\/2022\/06\/gloggparty-med-vernissage-pa-gallery-art-club.png\" \/>\n\t<meta property=\"og:image:width\" content=\"299\" \/>\n\t<meta property=\"og:image:height\" content=\"200\" \/>\n\t<meta property=\"og:image:type\" content=\"image\/png\" \/>\n<meta name=\"author\" content=\"Redaktionen SvM\" \/>\n<meta name=\"twitter:card\" content=\"summary_large_image\" \/>\n<meta name=\"twitter:creator\" content=\"@SvenskaMagasine\" \/>\n<meta name=\"twitter:site\" content=\"@SvenskaMagasine\" \/>\n<script type=\"application\/ld+json\" class=\"yoast-schema-graph\">{\"@context\":\"https:\\\/\\\/schema.org\",\"@graph\":[{\"@type\":\"Article\",\"@id\":\"https:\\\/\\\/lightweb.dev\\\/l\\\/svm-temp\\\/nyheter\\\/gloggparty-med-vernissage-pa-gallery-art-club\\\/#article\",\"isPartOf\":{\"@id\":\"https:\\\/\\\/lightweb.dev\\\/l\\\/svm-temp\\\/nyheter\\\/gloggparty-med-vernissage-pa-gallery-art-club\\\/\"},\"author\":{\"name\":\"Redaktionen SvM\",\"@id\":\"https:\\\/\\\/lightweb.dev\\\/l\\\/svm-temp\\\/#\\\/schema\\\/person\\\/206a3bda5b607b0c25e1749191e4d837\"},\"headline\":\"Gl\u00f6ggparty med vernissage p\u00e5 Gallery Art Club\",\"datePublished\":\"2015-11-25T23:00:00+00:00\",\"mainEntityOfPage\":{\"@id\":\"https:\\\/\\\/lightweb.dev\\\/l\\\/svm-temp\\\/nyheter\\\/gloggparty-med-vernissage-pa-gallery-art-club\\\/\"},\"wordCount\":282,\"commentCount\":0,\"publisher\":{\"@id\":\"https:\\\/\\\/lightweb.dev\\\/l\\\/svm-temp\\\/#organization\"},\"image\":{\"@id\":\"https:\\\/\\\/lightweb.dev\\\/l\\\/svm-temp\\\/nyheter\\\/gloggparty-med-vernissage-pa-gallery-art-club\\\/#primaryimage\"},\"thumbnailUrl\":\"https:\\\/\\\/lightweb.dev\\\/l\\\/svm-temp\\\/wp-content\\\/uploads\\\/2022\\\/06\\\/gloggparty-med-vernissage-pa-gallery-art-club.png\",\"articleSection\":[\"Arkiv\",\"Nyheter\"],\"inLanguage\":\"sv-SE\"},{\"@type\":\"WebPage\",\"@id\":\"https:\\\/\\\/lightweb.dev\\\/l\\\/svm-temp\\\/nyheter\\\/gloggparty-med-vernissage-pa-gallery-art-club\\\/\",\"url\":\"https:\\\/\\\/lightweb.dev\\\/l\\\/svm-temp\\\/nyheter\\\/gloggparty-med-vernissage-pa-gallery-art-club\\\/\",\"name\":\"Gl\u00f6ggparty med vernissage p\u00e5 Gallery Art Club - Svenska Magasinet\",\"isPartOf\":{\"@id\":\"https:\\\/\\\/lightweb.dev\\\/l\\\/svm-temp\\\/#website\"},\"primaryImageOfPage\":{\"@id\":\"https:\\\/\\\/lightweb.dev\\\/l\\\/svm-temp\\\/nyheter\\\/gloggparty-med-vernissage-pa-gallery-art-club\\\/#primaryimage\"},\"image\":{\"@id\":\"https:\\\/\\\/lightweb.dev\\\/l\\\/svm-temp\\\/nyheter\\\/gloggparty-med-vernissage-pa-gallery-art-club\\\/#primaryimage\"},\"thumbnailUrl\":\"https:\\\/\\\/lightweb.dev\\\/l\\\/svm-temp\\\/wp-content\\\/uploads\\\/2022\\\/06\\\/gloggparty-med-vernissage-pa-gallery-art-club.png\",\"datePublished\":\"2015-11-25T23:00:00+00:00\",\"breadcrumb\":{\"@id\":\"https:\\\/\\\/lightweb.dev\\\/l\\\/svm-temp\\\/nyheter\\\/gloggparty-med-vernissage-pa-gallery-art-club\\\/#breadcrumb\"},\"inLanguage\":\"sv-SE\",\"potentialAction\":[{\"@type\":\"ReadAction\",\"target\":[\"https:\\\/\\\/lightweb.dev\\\/l\\\/svm-temp\\\/nyheter\\\/gloggparty-med-vernissage-pa-gallery-art-club\\\/\"]}]},{\"@type\":\"ImageObject\",\"inLanguage\":\"sv-SE\",\"@id\":\"https:\\\/\\\/lightweb.dev\\\/l\\\/svm-temp\\\/nyheter\\\/gloggparty-med-vernissage-pa-gallery-art-club\\\/#primaryimage\",\"url\":\"https:\\\/\\\/lightweb.dev\\\/l\\\/svm-temp\\\/wp-content\\\/uploads\\\/2022\\\/06\\\/gloggparty-med-vernissage-pa-gallery-art-club.png\",\"contentUrl\":\"https:\\\/\\\/lightweb.dev\\\/l\\\/svm-temp\\\/wp-content\\\/uploads\\\/2022\\\/06\\\/gloggparty-med-vernissage-pa-gallery-art-club.png\",\"width\":299,\"height\":200},{\"@type\":\"BreadcrumbList\",\"@id\":\"https:\\\/\\\/lightweb.dev\\\/l\\\/svm-temp\\\/nyheter\\\/gloggparty-med-vernissage-pa-gallery-art-club\\\/#breadcrumb\",\"itemListElement\":[{\"@type\":\"ListItem\",\"position\":1,\"name\":\"Hem\",\"item\":\"https:\\\/\\\/lightweb.dev\\\/l\\\/svm-temp\\\/\"},{\"@type\":\"ListItem\",\"position\":2,\"name\":\"Gl\u00f6ggparty med vernissage p\u00e5 Gallery Art Club\"}]},{\"@type\":\"WebSite\",\"@id\":\"https:\\\/\\\/lightweb.dev\\\/l\\\/svm-temp\\\/#website\",\"url\":\"https:\\\/\\\/lightweb.dev\\\/l\\\/svm-temp\\\/\",\"name\":\"Svenska Magasinet\",\"description\":\"Dina Spanska nyheter p&aring; Svenska\",\"publisher\":{\"@id\":\"https:\\\/\\\/lightweb.dev\\\/l\\\/svm-temp\\\/#organization\"},\"potentialAction\":[{\"@type\":\"SearchAction\",\"target\":{\"@type\":\"EntryPoint\",\"urlTemplate\":\"https:\\\/\\\/lightweb.dev\\\/l\\\/svm-temp\\\/?s={search_term_string}\"},\"query-input\":{\"@type\":\"PropertyValueSpecification\",\"valueRequired\":true,\"valueName\":\"search_term_string\"}}],\"inLanguage\":\"sv-SE\"},{\"@type\":\"Organization\",\"@id\":\"https:\\\/\\\/lightweb.dev\\\/l\\\/svm-temp\\\/#organization\",\"name\":\"Melkerson y Nott SL\",\"alternateName\":\"Svenska Magasinet\",\"url\":\"https:\\\/\\\/lightweb.dev\\\/l\\\/svm-temp\\\/\",\"logo\":{\"@type\":\"ImageObject\",\"inLanguage\":\"sv-SE\",\"@id\":\"https:\\\/\\\/lightweb.dev\\\/l\\\/svm-temp\\\/#\\\/schema\\\/logo\\\/image\\\/\",\"url\":\"https:\\\/\\\/lightweb.dev\\\/l\\\/svm-temp\\\/wp-content\\\/uploads\\\/2025\\\/02\\\/SvM-logo-Xtra-Centrerad-SVART.png\",\"contentUrl\":\"https:\\\/\\\/lightweb.dev\\\/l\\\/svm-temp\\\/wp-content\\\/uploads\\\/2025\\\/02\\\/SvM-logo-Xtra-Centrerad-SVART.png\",\"width\":300,\"height\":99,\"caption\":\"Melkerson y Nott SL\"},\"image\":{\"@id\":\"https:\\\/\\\/lightweb.dev\\\/l\\\/svm-temp\\\/#\\\/schema\\\/logo\\\/image\\\/\"},\"sameAs\":[\"https:\\\/\\\/www.facebook.com\\\/svenskamagasinet\",\"https:\\\/\\\/x.com\\\/SvenskaMagasine\"]},{\"@type\":\"Person\",\"@id\":\"https:\\\/\\\/lightweb.dev\\\/l\\\/svm-temp\\\/#\\\/schema\\\/person\\\/206a3bda5b607b0c25e1749191e4d837\",\"name\":\"Redaktionen SvM\",\"description\":\"Redaktionen\",\"sameAs\":[\"https:\\\/\\\/lightweb.dev\\\/l\\\/svm-temp\"],\"url\":\"https:\\\/\\\/lightweb.dev\\\/l\\\/svm-temp\\\/reporter\\\/redaktionen\\\/\"}]}<\/script>\n<!-- \/ Yoast SEO Premium plugin. -->","yoast_head_json":{"title":"Gl\u00f6ggparty med vernissage p\u00e5 Gallery Art Club - Svenska Magasinet","robots":{"index":"noindex","follow":"follow","max-snippet":"max-snippet:-1","max-image-preview":"max-image-preview:large","max-video-preview":"max-video-preview:-1"},"og_locale":"sv_SE","og_type":"article","og_title":"Gl\u00f6ggparty med vernissage p\u00e5 Gallery Art Club","og_description":"P\u00e5 l\u00f6rdag mellan klockan 13 och 16 \u00e4r det dags f\u00f6r det st\u00f6rsta \u00e5rliga \u00e5terkommande svenska gl\u00f6ggpartyt p\u00e5 Solkusten. Ett evenemang som arrangeras av Svenska Magasinet p\u00e5 calle Quemada 10 i Fuengirola. Sedan i somras har delar av redaktionens lokaler renoverats och f\u00e5tt en rej\u00e4l ansiktslyftning. I samband med gl\u00f6ggpartyt blir det vernissage d\u00e5 konstgalleriet [&hellip;]","og_url":"https:\/\/lightweb.dev\/l\/svm-temp\/nyheter\/gloggparty-med-vernissage-pa-gallery-art-club\/","og_site_name":"Svenska Magasinet","article_publisher":"https:\/\/www.facebook.com\/svenskamagasinet","article_published_time":"2015-11-25T23:00:00+00:00","og_image":[{"width":299,"height":200,"url":"https:\/\/lightweb.dev\/l\/svm-temp\/wp-content\/uploads\/2022\/06\/gloggparty-med-vernissage-pa-gallery-art-club.png","type":"image\/png"}],"author":"Redaktionen SvM","twitter_card":"summary_large_image","twitter_creator":"@SvenskaMagasine","twitter_site":"@SvenskaMagasine","schema":{"@context":"https:\/\/schema.org","@graph":[{"@type":"Article","@id":"https:\/\/lightweb.dev\/l\/svm-temp\/nyheter\/gloggparty-med-vernissage-pa-gallery-art-club\/#article","isPartOf":{"@id":"https:\/\/lightweb.dev\/l\/svm-temp\/nyheter\/gloggparty-med-vernissage-pa-gallery-art-club\/"},"author":{"name":"Redaktionen SvM","@id":"https:\/\/lightweb.dev\/l\/svm-temp\/#\/schema\/person\/206a3bda5b607b0c25e1749191e4d837"},"headline":"Gl\u00f6ggparty med vernissage p\u00e5 Gallery Art Club","datePublished":"2015-11-25T23:00:00+00:00","mainEntityOfPage":{"@id":"https:\/\/lightweb.dev\/l\/svm-temp\/nyheter\/gloggparty-med-vernissage-pa-gallery-art-club\/"},"wordCount":282,"commentCount":0,"publisher":{"@id":"https:\/\/lightweb.dev\/l\/svm-temp\/#organization"},"image":{"@id":"https:\/\/lightweb.dev\/l\/svm-temp\/nyheter\/gloggparty-med-vernissage-pa-gallery-art-club\/#primaryimage"},"thumbnailUrl":"https:\/\/lightweb.dev\/l\/svm-temp\/wp-content\/uploads\/2022\/06\/gloggparty-med-vernissage-pa-gallery-art-club.png","articleSection":["Arkiv","Nyheter"],"inLanguage":"sv-SE"},{"@type":"WebPage","@id":"https:\/\/lightweb.dev\/l\/svm-temp\/nyheter\/gloggparty-med-vernissage-pa-gallery-art-club\/","url":"https:\/\/lightweb.dev\/l\/svm-temp\/nyheter\/gloggparty-med-vernissage-pa-gallery-art-club\/","name":"Gl\u00f6ggparty med vernissage p\u00e5 Gallery Art Club - Svenska Magasinet","isPartOf":{"@id":"https:\/\/lightweb.dev\/l\/svm-temp\/#website"},"primaryImageOfPage":{"@id":"https:\/\/lightweb.dev\/l\/svm-temp\/nyheter\/gloggparty-med-vernissage-pa-gallery-art-club\/#primaryimage"},"image":{"@id":"https:\/\/lightweb.dev\/l\/svm-temp\/nyheter\/gloggparty-med-vernissage-pa-gallery-art-club\/#primaryimage"},"thumbnailUrl":"https:\/\/lightweb.dev\/l\/svm-temp\/wp-content\/uploads\/2022\/06\/gloggparty-med-vernissage-pa-gallery-art-club.png","datePublished":"2015-11-25T23:00:00+00:00","breadcrumb":{"@id":"https:\/\/lightweb.dev\/l\/svm-temp\/nyheter\/gloggparty-med-vernissage-pa-gallery-art-club\/#breadcrumb"},"inLanguage":"sv-SE","potentialAction":[{"@type":"ReadAction","target":["https:\/\/lightweb.dev\/l\/svm-temp\/nyheter\/gloggparty-med-vernissage-pa-gallery-art-club\/"]}]},{"@type":"ImageObject","inLanguage":"sv-SE","@id":"https:\/\/lightweb.dev\/l\/svm-temp\/nyheter\/gloggparty-med-vernissage-pa-gallery-art-club\/#primaryimage","url":"https:\/\/lightweb.dev\/l\/svm-temp\/wp-content\/uploads\/2022\/06\/gloggparty-med-vernissage-pa-gallery-art-club.png","contentUrl":"https:\/\/lightweb.dev\/l\/svm-temp\/wp-content\/uploads\/2022\/06\/gloggparty-med-vernissage-pa-gallery-art-club.png","width":299,"height":200},{"@type":"BreadcrumbList","@id":"https:\/\/lightweb.dev\/l\/svm-temp\/nyheter\/gloggparty-med-vernissage-pa-gallery-art-club\/#breadcrumb","itemListElement":[{"@type":"ListItem","position":1,"name":"Hem","item":"https:\/\/lightweb.dev\/l\/svm-temp\/"},{"@type":"ListItem","position":2,"name":"Gl\u00f6ggparty med vernissage p\u00e5 Gallery Art Club"}]},{"@type":"WebSite","@id":"https:\/\/lightweb.dev\/l\/svm-temp\/#website","url":"https:\/\/lightweb.dev\/l\/svm-temp\/","name":"Svenska Magasinet","description":"Dina Spanska nyheter p&aring; Svenska","publisher":{"@id":"https:\/\/lightweb.dev\/l\/svm-temp\/#organization"},"potentialAction":[{"@type":"SearchAction","target":{"@type":"EntryPoint","urlTemplate":"https:\/\/lightweb.dev\/l\/svm-temp\/?s={search_term_string}"},"query-input":{"@type":"PropertyValueSpecification","valueRequired":true,"valueName":"search_term_string"}}],"inLanguage":"sv-SE"},{"@type":"Organization","@id":"https:\/\/lightweb.dev\/l\/svm-temp\/#organization","name":"Melkerson y Nott SL","alternateName":"Svenska Magasinet","url":"https:\/\/lightweb.dev\/l\/svm-temp\/","logo":{"@type":"ImageObject","inLanguage":"sv-SE","@id":"https:\/\/lightweb.dev\/l\/svm-temp\/#\/schema\/logo\/image\/","url":"https:\/\/lightweb.dev\/l\/svm-temp\/wp-content\/uploads\/2025\/02\/SvM-logo-Xtra-Centrerad-SVART.png","contentUrl":"https:\/\/lightweb.dev\/l\/svm-temp\/wp-content\/uploads\/2025\/02\/SvM-logo-Xtra-Centrerad-SVART.png","width":300,"height":99,"caption":"Melkerson y Nott SL"},"image":{"@id":"https:\/\/lightweb.dev\/l\/svm-temp\/#\/schema\/logo\/image\/"},"sameAs":["https:\/\/www.facebook.com\/svenskamagasinet","https:\/\/x.com\/SvenskaMagasine"]},{"@type":"Person","@id":"https:\/\/lightweb.dev\/l\/svm-temp\/#\/schema\/person\/206a3bda5b607b0c25e1749191e4d837","name":"Redaktionen SvM","description":"Redaktionen","sameAs":["https:\/\/lightweb.dev\/l\/svm-temp"],"url":"https:\/\/lightweb.dev\/l\/svm-temp\/reporter\/redaktionen\/"}]}},"_links":{"self":[{"href":"https:\/\/lightweb.dev\/l\/svm-temp\/wp-json\/wp\/v2\/posts\/23163","targetHints":{"allow":["GET"]}}],"collection":[{"href":"https:\/\/lightweb.dev\/l\/svm-temp\/wp-json\/wp\/v2\/posts"}],"about":[{"href":"https:\/\/lightweb.dev\/l\/svm-temp\/wp-json\/wp\/v2\/types\/post"}],"author":[{"embeddable":true,"href":"https:\/\/lightweb.dev\/l\/svm-temp\/wp-json\/wp\/v2\/users\/8"}],"replies":[{"embeddable":true,"href":"https:\/\/lightweb.dev\/l\/svm-temp\/wp-json\/wp\/v2\/comments?post=23163"}],"version-history":[{"count":0,"href":"https:\/\/lightweb.dev\/l\/svm-temp\/wp-json\/wp\/v2\/posts\/23163\/revisions"}],"wp:featuredmedia":[{"embeddable":true,"href":"https:\/\/lightweb.dev\/l\/svm-temp\/wp-json\/wp\/v2\/media\/23164"}],"wp:attachment":[{"href":"https:\/\/lightweb.dev\/l\/svm-temp\/wp-json\/wp\/v2\/media?parent=23163"}],"wp:term":[{"taxonomy":"category","embeddable":true,"href":"https:\/\/lightweb.dev\/l\/svm-temp\/wp-json\/wp\/v2\/categories?post=23163"},{"taxonomy":"post_tag","embeddable":true,"href":"https:\/\/lightweb.dev\/l\/svm-temp\/wp-json\/wp\/v2\/tags?post=23163"}],"curies":[{"name":"wp","href":"https:\/\/api.w.org\/{rel}","templated":true}]}}