{"id":23173,"date":"2015-11-24T00:00:00","date_gmt":"2015-11-23T23:00:00","guid":{"rendered":"https:\/\/lightweb.dev\/l\/svm-temp\/nyheter\/fangelseintern-domd-for-hustrumisshandel-har-forsokt-rekrytera-is-krigare\/"},"modified":"2015-11-24T00:00:00","modified_gmt":"2015-11-23T23:00:00","slug":"fangelseintern-domd-for-hustrumisshandel-har-forsokt-rekrytera-is-krigare","status":"publish","type":"post","link":"https:\/\/lightweb.dev\/l\/svm-temp\/nyheter\/fangelseintern-domd-for-hustrumisshandel-har-forsokt-rekrytera-is-krigare\/","title":{"rendered":"F\u00e4ngelseintern d\u00f6md f\u00f6r hustrumisshandel har f\u00f6rs\u00f6kt rekrytera IS-krigare"},"content":{"rendered":"<p> Den 42-\u00e5rige marockanske medborgaren Chiakhi som d\u00f6mdes till f\u00e4ngelse efter att ha misshandlat sin fru f\u00e5r r\u00e4kna med p\u00e5f\u00f6ljd d\u00e5 spansk polis har avsl\u00f6jat att mannen f\u00f6rs\u00f6kt rekrytera f\u00e4ngelseinterner till att utf\u00f6ra attentat i Madrids och Barcelonas tunnelbana. Det skriver spanska medier p\u00e5 tisdagen.<\/p>\n<p>Mannen som d\u00f6mdes efter att ha misshandlat sin hustru avtj\u00e4nar straffet i f\u00e5ngv\u00e5rdsanstalten i Segovia, nordv\u00e4st om Madrid. P\u00e5 m\u00e5ndagen h\u00e4mtade spansk polis mannen i anstalten efter uppgifter att han har f\u00f6rs\u00f6kt rekrytera interner p\u00e5 anstalten till att ansluta sig till Islamiska staten IS.<\/p>\n<p>Mannen ska \u00e4ven ligga bakom hotbrev som skickades till den spanska regeringschefen Mariano Rajoy och Esperanza Aguirre och som inneh\u00f6ll uppgifter om kommande attentat i Madrid och Barcelona. Han utgav sig vara imam i en salafistisk grupp.<\/p>\n<p>Enligt spanska inrikesdepartementet bed\u00f6ms 42-\u00e5rige Chiakhi vara en radikaliserad person som f\u00f6rs\u00f6kt rekrytera medf\u00e5ngar. M\u00e5len var rotl\u00f6sa unga f\u00e5ngar, mestadels muslimer som avtj\u00e4nade narkotikabrott. Minst tio interner i anstalten ska Chiakhi f\u00f6rs\u00f6kt rekrytera. I handskrivna brev har hot riktats mot Madrids och Barcelonas tunnelbana.<\/p>\n<p>I juli 2014 sj\u00f6satte Spanien en ny handlingsplan f\u00f6r att lokalisera och \u00f6vervaka interner p\u00e5 anstalter som misst\u00e4nktes rekrytera frivilliga till IS. Handlingsplanen g\u00e5r under namnet \u201dPrograma de Intervenci\u00f3n con los Internos Islamistas en los centros penitenciarios\u201d och totalt finns 180 personer p\u00e5 listan som \u00e4r under strikt kontroll. <\/p>\n","protected":false},"excerpt":{"rendered":"<p>Den 42-\u00e5rige marockanske medborgaren Chiakhi som d\u00f6mdes till f\u00e4ngelse efter att ha misshandlat sin fru f\u00e5r r\u00e4kna med p\u00e5f\u00f6ljd d\u00e5 spansk polis har avsl\u00f6jat att mannen f\u00f6rs\u00f6kt rekrytera f\u00e4ngelseinterner till att utf\u00f6ra attentat i Madrids och Barcelonas tunnelbana. Det skriver spanska medier p\u00e5 tisdagen. Mannen som d\u00f6mdes efter att ha misshandlat sin hustru avtj\u00e4nar straffet [&hellip;]<\/p>\n","protected":false},"author":8,"featured_media":23174,"comment_status":"open","ping_status":"open","sticky":false,"template":"","format":"standard","meta":{"_et_pb_use_builder":"","_et_pb_old_content":"","_et_gb_content_width":"","footnotes":""},"categories":[395,3],"tags":[],"class_list":["post-23173","post","type-post","status-publish","format-standard","has-post-thumbnail","hentry","category-arkiv-nyheter","category-nyheter"],"yoast_head":"<!-- This site is optimized with the Yoast SEO Premium plugin v26.2 (Yoast SEO v27.4) - https:\/\/yoast.com\/product\/yoast-seo-premium-wordpress\/ -->\n<title>F\u00e4ngelseintern d\u00f6md f\u00f6r hustrumisshandel har f\u00f6rs\u00f6kt rekrytera IS-krigare - Svenska Magasinet<\/title>\n<meta name=\"robots\" content=\"noindex, follow, max-snippet:-1, max-image-preview:large, max-video-preview:-1\" \/>\n<meta property=\"og:locale\" content=\"sv_SE\" \/>\n<meta property=\"og:type\" content=\"article\" \/>\n<meta property=\"og:title\" content=\"F\u00e4ngelseintern d\u00f6md f\u00f6r hustrumisshandel har f\u00f6rs\u00f6kt rekrytera IS-krigare\" \/>\n<meta property=\"og:description\" content=\"Den 42-\u00e5rige marockanske medborgaren Chiakhi som d\u00f6mdes till f\u00e4ngelse efter att ha misshandlat sin fru f\u00e5r r\u00e4kna med p\u00e5f\u00f6ljd d\u00e5 spansk polis har avsl\u00f6jat att mannen f\u00f6rs\u00f6kt rekrytera f\u00e4ngelseinterner till att utf\u00f6ra attentat i Madrids och Barcelonas tunnelbana. Det skriver spanska medier p\u00e5 tisdagen. Mannen som d\u00f6mdes efter att ha misshandlat sin hustru avtj\u00e4nar straffet [&hellip;]\" \/>\n<meta property=\"og:url\" content=\"https:\/\/lightweb.dev\/l\/svm-temp\/nyheter\/fangelseintern-domd-for-hustrumisshandel-har-forsokt-rekrytera-is-krigare\/\" \/>\n<meta property=\"og:site_name\" content=\"Svenska Magasinet\" \/>\n<meta property=\"article:publisher\" content=\"https:\/\/www.facebook.com\/svenskamagasinet\" \/>\n<meta property=\"article:published_time\" content=\"2015-11-23T23:00:00+00:00\" \/>\n<meta property=\"og:image\" content=\"https:\/\/lightweb.dev\/l\/svm-temp\/wp-content\/uploads\/2022\/06\/fangelseintern-domd-for-hustrumisshandel-har-forsokt-rekrytera-iskrigare.png\" \/>\n\t<meta property=\"og:image:width\" content=\"284\" \/>\n\t<meta property=\"og:image:height\" content=\"200\" \/>\n\t<meta property=\"og:image:type\" content=\"image\/png\" \/>\n<meta name=\"author\" content=\"Redaktionen SvM\" \/>\n<meta name=\"twitter:card\" content=\"summary_large_image\" \/>\n<meta name=\"twitter:creator\" content=\"@SvenskaMagasine\" \/>\n<meta name=\"twitter:site\" content=\"@SvenskaMagasine\" \/>\n<script type=\"application\/ld+json\" class=\"yoast-schema-graph\">{\"@context\":\"https:\\\/\\\/schema.org\",\"@graph\":[{\"@type\":\"Article\",\"@id\":\"https:\\\/\\\/lightweb.dev\\\/l\\\/svm-temp\\\/nyheter\\\/fangelseintern-domd-for-hustrumisshandel-har-forsokt-rekrytera-is-krigare\\\/#article\",\"isPartOf\":{\"@id\":\"https:\\\/\\\/lightweb.dev\\\/l\\\/svm-temp\\\/nyheter\\\/fangelseintern-domd-for-hustrumisshandel-har-forsokt-rekrytera-is-krigare\\\/\"},\"author\":{\"name\":\"Redaktionen SvM\",\"@id\":\"https:\\\/\\\/lightweb.dev\\\/l\\\/svm-temp\\\/#\\\/schema\\\/person\\\/206a3bda5b607b0c25e1749191e4d837\"},\"headline\":\"F\u00e4ngelseintern d\u00f6md f\u00f6r hustrumisshandel har f\u00f6rs\u00f6kt rekrytera IS-krigare\",\"datePublished\":\"2015-11-23T23:00:00+00:00\",\"mainEntityOfPage\":{\"@id\":\"https:\\\/\\\/lightweb.dev\\\/l\\\/svm-temp\\\/nyheter\\\/fangelseintern-domd-for-hustrumisshandel-har-forsokt-rekrytera-is-krigare\\\/\"},\"wordCount\":267,\"commentCount\":0,\"publisher\":{\"@id\":\"https:\\\/\\\/lightweb.dev\\\/l\\\/svm-temp\\\/#organization\"},\"image\":{\"@id\":\"https:\\\/\\\/lightweb.dev\\\/l\\\/svm-temp\\\/nyheter\\\/fangelseintern-domd-for-hustrumisshandel-har-forsokt-rekrytera-is-krigare\\\/#primaryimage\"},\"thumbnailUrl\":\"https:\\\/\\\/lightweb.dev\\\/l\\\/svm-temp\\\/wp-content\\\/uploads\\\/2022\\\/06\\\/fangelseintern-domd-for-hustrumisshandel-har-forsokt-rekrytera-iskrigare.png\",\"articleSection\":[\"Arkiv\",\"Nyheter\"],\"inLanguage\":\"sv-SE\"},{\"@type\":\"WebPage\",\"@id\":\"https:\\\/\\\/lightweb.dev\\\/l\\\/svm-temp\\\/nyheter\\\/fangelseintern-domd-for-hustrumisshandel-har-forsokt-rekrytera-is-krigare\\\/\",\"url\":\"https:\\\/\\\/lightweb.dev\\\/l\\\/svm-temp\\\/nyheter\\\/fangelseintern-domd-for-hustrumisshandel-har-forsokt-rekrytera-is-krigare\\\/\",\"name\":\"F\u00e4ngelseintern d\u00f6md f\u00f6r hustrumisshandel har f\u00f6rs\u00f6kt rekrytera IS-krigare - Svenska Magasinet\",\"isPartOf\":{\"@id\":\"https:\\\/\\\/lightweb.dev\\\/l\\\/svm-temp\\\/#website\"},\"primaryImageOfPage\":{\"@id\":\"https:\\\/\\\/lightweb.dev\\\/l\\\/svm-temp\\\/nyheter\\\/fangelseintern-domd-for-hustrumisshandel-har-forsokt-rekrytera-is-krigare\\\/#primaryimage\"},\"image\":{\"@id\":\"https:\\\/\\\/lightweb.dev\\\/l\\\/svm-temp\\\/nyheter\\\/fangelseintern-domd-for-hustrumisshandel-har-forsokt-rekrytera-is-krigare\\\/#primaryimage\"},\"thumbnailUrl\":\"https:\\\/\\\/lightweb.dev\\\/l\\\/svm-temp\\\/wp-content\\\/uploads\\\/2022\\\/06\\\/fangelseintern-domd-for-hustrumisshandel-har-forsokt-rekrytera-iskrigare.png\",\"datePublished\":\"2015-11-23T23:00:00+00:00\",\"breadcrumb\":{\"@id\":\"https:\\\/\\\/lightweb.dev\\\/l\\\/svm-temp\\\/nyheter\\\/fangelseintern-domd-for-hustrumisshandel-har-forsokt-rekrytera-is-krigare\\\/#breadcrumb\"},\"inLanguage\":\"sv-SE\",\"potentialAction\":[{\"@type\":\"ReadAction\",\"target\":[\"https:\\\/\\\/lightweb.dev\\\/l\\\/svm-temp\\\/nyheter\\\/fangelseintern-domd-for-hustrumisshandel-har-forsokt-rekrytera-is-krigare\\\/\"]}]},{\"@type\":\"ImageObject\",\"inLanguage\":\"sv-SE\",\"@id\":\"https:\\\/\\\/lightweb.dev\\\/l\\\/svm-temp\\\/nyheter\\\/fangelseintern-domd-for-hustrumisshandel-har-forsokt-rekrytera-is-krigare\\\/#primaryimage\",\"url\":\"https:\\\/\\\/lightweb.dev\\\/l\\\/svm-temp\\\/wp-content\\\/uploads\\\/2022\\\/06\\\/fangelseintern-domd-for-hustrumisshandel-har-forsokt-rekrytera-iskrigare.png\",\"contentUrl\":\"https:\\\/\\\/lightweb.dev\\\/l\\\/svm-temp\\\/wp-content\\\/uploads\\\/2022\\\/06\\\/fangelseintern-domd-for-hustrumisshandel-har-forsokt-rekrytera-iskrigare.png\",\"width\":284,\"height\":200},{\"@type\":\"BreadcrumbList\",\"@id\":\"https:\\\/\\\/lightweb.dev\\\/l\\\/svm-temp\\\/nyheter\\\/fangelseintern-domd-for-hustrumisshandel-har-forsokt-rekrytera-is-krigare\\\/#breadcrumb\",\"itemListElement\":[{\"@type\":\"ListItem\",\"position\":1,\"name\":\"Hem\",\"item\":\"https:\\\/\\\/lightweb.dev\\\/l\\\/svm-temp\\\/\"},{\"@type\":\"ListItem\",\"position\":2,\"name\":\"F\u00e4ngelseintern d\u00f6md f\u00f6r hustrumisshandel har f\u00f6rs\u00f6kt rekrytera IS-krigare\"}]},{\"@type\":\"WebSite\",\"@id\":\"https:\\\/\\\/lightweb.dev\\\/l\\\/svm-temp\\\/#website\",\"url\":\"https:\\\/\\\/lightweb.dev\\\/l\\\/svm-temp\\\/\",\"name\":\"Svenska Magasinet\",\"description\":\"Dina Spanska nyheter p&aring; Svenska\",\"publisher\":{\"@id\":\"https:\\\/\\\/lightweb.dev\\\/l\\\/svm-temp\\\/#organization\"},\"potentialAction\":[{\"@type\":\"SearchAction\",\"target\":{\"@type\":\"EntryPoint\",\"urlTemplate\":\"https:\\\/\\\/lightweb.dev\\\/l\\\/svm-temp\\\/?s={search_term_string}\"},\"query-input\":{\"@type\":\"PropertyValueSpecification\",\"valueRequired\":true,\"valueName\":\"search_term_string\"}}],\"inLanguage\":\"sv-SE\"},{\"@type\":\"Organization\",\"@id\":\"https:\\\/\\\/lightweb.dev\\\/l\\\/svm-temp\\\/#organization\",\"name\":\"Melkerson y Nott SL\",\"alternateName\":\"Svenska Magasinet\",\"url\":\"https:\\\/\\\/lightweb.dev\\\/l\\\/svm-temp\\\/\",\"logo\":{\"@type\":\"ImageObject\",\"inLanguage\":\"sv-SE\",\"@id\":\"https:\\\/\\\/lightweb.dev\\\/l\\\/svm-temp\\\/#\\\/schema\\\/logo\\\/image\\\/\",\"url\":\"https:\\\/\\\/lightweb.dev\\\/l\\\/svm-temp\\\/wp-content\\\/uploads\\\/2025\\\/02\\\/SvM-logo-Xtra-Centrerad-SVART.png\",\"contentUrl\":\"https:\\\/\\\/lightweb.dev\\\/l\\\/svm-temp\\\/wp-content\\\/uploads\\\/2025\\\/02\\\/SvM-logo-Xtra-Centrerad-SVART.png\",\"width\":300,\"height\":99,\"caption\":\"Melkerson y Nott SL\"},\"image\":{\"@id\":\"https:\\\/\\\/lightweb.dev\\\/l\\\/svm-temp\\\/#\\\/schema\\\/logo\\\/image\\\/\"},\"sameAs\":[\"https:\\\/\\\/www.facebook.com\\\/svenskamagasinet\",\"https:\\\/\\\/x.com\\\/SvenskaMagasine\"]},{\"@type\":\"Person\",\"@id\":\"https:\\\/\\\/lightweb.dev\\\/l\\\/svm-temp\\\/#\\\/schema\\\/person\\\/206a3bda5b607b0c25e1749191e4d837\",\"name\":\"Redaktionen SvM\",\"description\":\"Redaktionen\",\"sameAs\":[\"https:\\\/\\\/lightweb.dev\\\/l\\\/svm-temp\"],\"url\":\"https:\\\/\\\/lightweb.dev\\\/l\\\/svm-temp\\\/reporter\\\/redaktionen\\\/\"}]}<\/script>\n<!-- \/ Yoast SEO Premium plugin. -->","yoast_head_json":{"title":"F\u00e4ngelseintern d\u00f6md f\u00f6r hustrumisshandel har f\u00f6rs\u00f6kt rekrytera IS-krigare - Svenska Magasinet","robots":{"index":"noindex","follow":"follow","max-snippet":"max-snippet:-1","max-image-preview":"max-image-preview:large","max-video-preview":"max-video-preview:-1"},"og_locale":"sv_SE","og_type":"article","og_title":"F\u00e4ngelseintern d\u00f6md f\u00f6r hustrumisshandel har f\u00f6rs\u00f6kt rekrytera IS-krigare","og_description":"Den 42-\u00e5rige marockanske medborgaren Chiakhi som d\u00f6mdes till f\u00e4ngelse efter att ha misshandlat sin fru f\u00e5r r\u00e4kna med p\u00e5f\u00f6ljd d\u00e5 spansk polis har avsl\u00f6jat att mannen f\u00f6rs\u00f6kt rekrytera f\u00e4ngelseinterner till att utf\u00f6ra attentat i Madrids och Barcelonas tunnelbana. Det skriver spanska medier p\u00e5 tisdagen. Mannen som d\u00f6mdes efter att ha misshandlat sin hustru avtj\u00e4nar straffet [&hellip;]","og_url":"https:\/\/lightweb.dev\/l\/svm-temp\/nyheter\/fangelseintern-domd-for-hustrumisshandel-har-forsokt-rekrytera-is-krigare\/","og_site_name":"Svenska Magasinet","article_publisher":"https:\/\/www.facebook.com\/svenskamagasinet","article_published_time":"2015-11-23T23:00:00+00:00","og_image":[{"width":284,"height":200,"url":"https:\/\/lightweb.dev\/l\/svm-temp\/wp-content\/uploads\/2022\/06\/fangelseintern-domd-for-hustrumisshandel-har-forsokt-rekrytera-iskrigare.png","type":"image\/png"}],"author":"Redaktionen SvM","twitter_card":"summary_large_image","twitter_creator":"@SvenskaMagasine","twitter_site":"@SvenskaMagasine","schema":{"@context":"https:\/\/schema.org","@graph":[{"@type":"Article","@id":"https:\/\/lightweb.dev\/l\/svm-temp\/nyheter\/fangelseintern-domd-for-hustrumisshandel-har-forsokt-rekrytera-is-krigare\/#article","isPartOf":{"@id":"https:\/\/lightweb.dev\/l\/svm-temp\/nyheter\/fangelseintern-domd-for-hustrumisshandel-har-forsokt-rekrytera-is-krigare\/"},"author":{"name":"Redaktionen SvM","@id":"https:\/\/lightweb.dev\/l\/svm-temp\/#\/schema\/person\/206a3bda5b607b0c25e1749191e4d837"},"headline":"F\u00e4ngelseintern d\u00f6md f\u00f6r hustrumisshandel har f\u00f6rs\u00f6kt rekrytera IS-krigare","datePublished":"2015-11-23T23:00:00+00:00","mainEntityOfPage":{"@id":"https:\/\/lightweb.dev\/l\/svm-temp\/nyheter\/fangelseintern-domd-for-hustrumisshandel-har-forsokt-rekrytera-is-krigare\/"},"wordCount":267,"commentCount":0,"publisher":{"@id":"https:\/\/lightweb.dev\/l\/svm-temp\/#organization"},"image":{"@id":"https:\/\/lightweb.dev\/l\/svm-temp\/nyheter\/fangelseintern-domd-for-hustrumisshandel-har-forsokt-rekrytera-is-krigare\/#primaryimage"},"thumbnailUrl":"https:\/\/lightweb.dev\/l\/svm-temp\/wp-content\/uploads\/2022\/06\/fangelseintern-domd-for-hustrumisshandel-har-forsokt-rekrytera-iskrigare.png","articleSection":["Arkiv","Nyheter"],"inLanguage":"sv-SE"},{"@type":"WebPage","@id":"https:\/\/lightweb.dev\/l\/svm-temp\/nyheter\/fangelseintern-domd-for-hustrumisshandel-har-forsokt-rekrytera-is-krigare\/","url":"https:\/\/lightweb.dev\/l\/svm-temp\/nyheter\/fangelseintern-domd-for-hustrumisshandel-har-forsokt-rekrytera-is-krigare\/","name":"F\u00e4ngelseintern d\u00f6md f\u00f6r hustrumisshandel har f\u00f6rs\u00f6kt rekrytera IS-krigare - Svenska Magasinet","isPartOf":{"@id":"https:\/\/lightweb.dev\/l\/svm-temp\/#website"},"primaryImageOfPage":{"@id":"https:\/\/lightweb.dev\/l\/svm-temp\/nyheter\/fangelseintern-domd-for-hustrumisshandel-har-forsokt-rekrytera-is-krigare\/#primaryimage"},"image":{"@id":"https:\/\/lightweb.dev\/l\/svm-temp\/nyheter\/fangelseintern-domd-for-hustrumisshandel-har-forsokt-rekrytera-is-krigare\/#primaryimage"},"thumbnailUrl":"https:\/\/lightweb.dev\/l\/svm-temp\/wp-content\/uploads\/2022\/06\/fangelseintern-domd-for-hustrumisshandel-har-forsokt-rekrytera-iskrigare.png","datePublished":"2015-11-23T23:00:00+00:00","breadcrumb":{"@id":"https:\/\/lightweb.dev\/l\/svm-temp\/nyheter\/fangelseintern-domd-for-hustrumisshandel-har-forsokt-rekrytera-is-krigare\/#breadcrumb"},"inLanguage":"sv-SE","potentialAction":[{"@type":"ReadAction","target":["https:\/\/lightweb.dev\/l\/svm-temp\/nyheter\/fangelseintern-domd-for-hustrumisshandel-har-forsokt-rekrytera-is-krigare\/"]}]},{"@type":"ImageObject","inLanguage":"sv-SE","@id":"https:\/\/lightweb.dev\/l\/svm-temp\/nyheter\/fangelseintern-domd-for-hustrumisshandel-har-forsokt-rekrytera-is-krigare\/#primaryimage","url":"https:\/\/lightweb.dev\/l\/svm-temp\/wp-content\/uploads\/2022\/06\/fangelseintern-domd-for-hustrumisshandel-har-forsokt-rekrytera-iskrigare.png","contentUrl":"https:\/\/lightweb.dev\/l\/svm-temp\/wp-content\/uploads\/2022\/06\/fangelseintern-domd-for-hustrumisshandel-har-forsokt-rekrytera-iskrigare.png","width":284,"height":200},{"@type":"BreadcrumbList","@id":"https:\/\/lightweb.dev\/l\/svm-temp\/nyheter\/fangelseintern-domd-for-hustrumisshandel-har-forsokt-rekrytera-is-krigare\/#breadcrumb","itemListElement":[{"@type":"ListItem","position":1,"name":"Hem","item":"https:\/\/lightweb.dev\/l\/svm-temp\/"},{"@type":"ListItem","position":2,"name":"F\u00e4ngelseintern d\u00f6md f\u00f6r hustrumisshandel har f\u00f6rs\u00f6kt rekrytera IS-krigare"}]},{"@type":"WebSite","@id":"https:\/\/lightweb.dev\/l\/svm-temp\/#website","url":"https:\/\/lightweb.dev\/l\/svm-temp\/","name":"Svenska Magasinet","description":"Dina Spanska nyheter p&aring; Svenska","publisher":{"@id":"https:\/\/lightweb.dev\/l\/svm-temp\/#organization"},"potentialAction":[{"@type":"SearchAction","target":{"@type":"EntryPoint","urlTemplate":"https:\/\/lightweb.dev\/l\/svm-temp\/?s={search_term_string}"},"query-input":{"@type":"PropertyValueSpecification","valueRequired":true,"valueName":"search_term_string"}}],"inLanguage":"sv-SE"},{"@type":"Organization","@id":"https:\/\/lightweb.dev\/l\/svm-temp\/#organization","name":"Melkerson y Nott SL","alternateName":"Svenska Magasinet","url":"https:\/\/lightweb.dev\/l\/svm-temp\/","logo":{"@type":"ImageObject","inLanguage":"sv-SE","@id":"https:\/\/lightweb.dev\/l\/svm-temp\/#\/schema\/logo\/image\/","url":"https:\/\/lightweb.dev\/l\/svm-temp\/wp-content\/uploads\/2025\/02\/SvM-logo-Xtra-Centrerad-SVART.png","contentUrl":"https:\/\/lightweb.dev\/l\/svm-temp\/wp-content\/uploads\/2025\/02\/SvM-logo-Xtra-Centrerad-SVART.png","width":300,"height":99,"caption":"Melkerson y Nott SL"},"image":{"@id":"https:\/\/lightweb.dev\/l\/svm-temp\/#\/schema\/logo\/image\/"},"sameAs":["https:\/\/www.facebook.com\/svenskamagasinet","https:\/\/x.com\/SvenskaMagasine"]},{"@type":"Person","@id":"https:\/\/lightweb.dev\/l\/svm-temp\/#\/schema\/person\/206a3bda5b607b0c25e1749191e4d837","name":"Redaktionen SvM","description":"Redaktionen","sameAs":["https:\/\/lightweb.dev\/l\/svm-temp"],"url":"https:\/\/lightweb.dev\/l\/svm-temp\/reporter\/redaktionen\/"}]}},"_links":{"self":[{"href":"https:\/\/lightweb.dev\/l\/svm-temp\/wp-json\/wp\/v2\/posts\/23173","targetHints":{"allow":["GET"]}}],"collection":[{"href":"https:\/\/lightweb.dev\/l\/svm-temp\/wp-json\/wp\/v2\/posts"}],"about":[{"href":"https:\/\/lightweb.dev\/l\/svm-temp\/wp-json\/wp\/v2\/types\/post"}],"author":[{"embeddable":true,"href":"https:\/\/lightweb.dev\/l\/svm-temp\/wp-json\/wp\/v2\/users\/8"}],"replies":[{"embeddable":true,"href":"https:\/\/lightweb.dev\/l\/svm-temp\/wp-json\/wp\/v2\/comments?post=23173"}],"version-history":[{"count":0,"href":"https:\/\/lightweb.dev\/l\/svm-temp\/wp-json\/wp\/v2\/posts\/23173\/revisions"}],"wp:featuredmedia":[{"embeddable":true,"href":"https:\/\/lightweb.dev\/l\/svm-temp\/wp-json\/wp\/v2\/media\/23174"}],"wp:attachment":[{"href":"https:\/\/lightweb.dev\/l\/svm-temp\/wp-json\/wp\/v2\/media?parent=23173"}],"wp:term":[{"taxonomy":"category","embeddable":true,"href":"https:\/\/lightweb.dev\/l\/svm-temp\/wp-json\/wp\/v2\/categories?post=23173"},{"taxonomy":"post_tag","embeddable":true,"href":"https:\/\/lightweb.dev\/l\/svm-temp\/wp-json\/wp\/v2\/tags?post=23173"}],"curies":[{"name":"wp","href":"https:\/\/api.w.org\/{rel}","templated":true}]}}