{"id":23179,"date":"2015-11-24T00:00:00","date_gmt":"2015-11-23T23:00:00","guid":{"rendered":"https:\/\/lightweb.dev\/l\/svm-temp\/nyheter\/gigantisk-matinsamling-mobiliserar-4-500-frivilliga-fredag-och-lordag\/"},"modified":"2015-11-24T00:00:00","modified_gmt":"2015-11-23T23:00:00","slug":"gigantisk-matinsamling-mobiliserar-4-500-frivilliga-fredag-och-lordag","status":"publish","type":"post","link":"https:\/\/lightweb.dev\/l\/svm-temp\/nyheter\/gigantisk-matinsamling-mobiliserar-4-500-frivilliga-fredag-och-lordag\/","title":{"rendered":"Gigantisk matinsamling mobiliserar 4.500 frivilliga fredag och l\u00f6rdag"},"content":{"rendered":"<p> \u201dGran Recogida\u201d \u00e4r en matinsamling och manifestation f\u00f6r det civila samh\u00e4llet som arrangeras p\u00e5 fredag och l\u00f6rdag f\u00f6r fj\u00e4rde \u00e5ret av Banco de Alimentos Bancosol som hoppas p\u00e5 750 ton baslivsmedel. Ifjol samlade man in 688 ton livsmedel.<\/p>\n<p>Det \u00e4r fj\u00e4rde \u00e5ret i rad som bes\u00f6kare vid livsmedelsbutiker och kvartersbutiker kan fylla matkassar f\u00f6r att l\u00e4mna dem i kundvagnar. En imponerande v\u00e4lg\u00f6renhetsgala utan motstycke i att samla in f\u00f6rn\u00f6denheter till beh\u00f6vande m\u00e4nniskor d\u00e4r 4.500 frivilliga medverkar i att samla in mat och dela ut den till beh\u00f6vande och d\u00e4r vi alla kan hj\u00e4lpa till p\u00e5 olika s\u00e4tt.<\/p>\n<p>Varorna kommer att distribueras till familjer som drabbats av den ekonomiska krisen och som k\u00e4mpar f\u00f6r att f\u00e5 mat p\u00e5 bordet varje dag. <\/p>\n<p>Totalt finns det 2.100 insamlingsplatser i matvarukedjor som Alcampo, Aldi, Baly, Carrefour, El Corte Ingl\u00e9s, Eroski, Lidl, Maskom och m\u00e5nga andra. <\/p>\n","protected":false},"excerpt":{"rendered":"<p>\u201dGran Recogida\u201d \u00e4r en matinsamling och manifestation f\u00f6r det civila samh\u00e4llet som arrangeras p\u00e5 fredag och l\u00f6rdag f\u00f6r fj\u00e4rde \u00e5ret av Banco de Alimentos Bancosol som hoppas p\u00e5 750 ton baslivsmedel. Ifjol samlade man in 688 ton livsmedel. Det \u00e4r fj\u00e4rde \u00e5ret i rad som bes\u00f6kare vid livsmedelsbutiker och kvartersbutiker kan fylla matkassar f\u00f6r att [&hellip;]<\/p>\n","protected":false},"author":8,"featured_media":23180,"comment_status":"open","ping_status":"open","sticky":false,"template":"","format":"standard","meta":{"_et_pb_use_builder":"","_et_pb_old_content":"","_et_gb_content_width":"","footnotes":""},"categories":[395,3],"tags":[],"class_list":["post-23179","post","type-post","status-publish","format-standard","has-post-thumbnail","hentry","category-arkiv-nyheter","category-nyheter"],"yoast_head":"<!-- This site is optimized with the Yoast SEO Premium plugin v26.2 (Yoast SEO v27.4) - https:\/\/yoast.com\/product\/yoast-seo-premium-wordpress\/ -->\n<title>Gigantisk matinsamling mobiliserar 4.500 frivilliga fredag och l\u00f6rdag - Svenska Magasinet<\/title>\n<meta name=\"robots\" content=\"noindex, follow, max-snippet:-1, max-image-preview:large, max-video-preview:-1\" \/>\n<meta property=\"og:locale\" content=\"sv_SE\" \/>\n<meta property=\"og:type\" content=\"article\" \/>\n<meta property=\"og:title\" content=\"Gigantisk matinsamling mobiliserar 4.500 frivilliga fredag och l\u00f6rdag\" \/>\n<meta property=\"og:description\" content=\"\u201dGran Recogida\u201d \u00e4r en matinsamling och manifestation f\u00f6r det civila samh\u00e4llet som arrangeras p\u00e5 fredag och l\u00f6rdag f\u00f6r fj\u00e4rde \u00e5ret av Banco de Alimentos Bancosol som hoppas p\u00e5 750 ton baslivsmedel. Ifjol samlade man in 688 ton livsmedel. Det \u00e4r fj\u00e4rde \u00e5ret i rad som bes\u00f6kare vid livsmedelsbutiker och kvartersbutiker kan fylla matkassar f\u00f6r att [&hellip;]\" \/>\n<meta property=\"og:url\" content=\"https:\/\/lightweb.dev\/l\/svm-temp\/nyheter\/gigantisk-matinsamling-mobiliserar-4-500-frivilliga-fredag-och-lordag\/\" \/>\n<meta property=\"og:site_name\" content=\"Svenska Magasinet\" \/>\n<meta property=\"article:publisher\" content=\"https:\/\/www.facebook.com\/svenskamagasinet\" \/>\n<meta property=\"article:published_time\" content=\"2015-11-23T23:00:00+00:00\" \/>\n<meta property=\"og:image\" content=\"https:\/\/lightweb.dev\/l\/svm-temp\/wp-content\/uploads\/2022\/06\/gigantisk-matinsamling-mobiliserar-4500-frivilliga-fredag-och-lordag.png\" \/>\n\t<meta property=\"og:image:width\" content=\"530\" \/>\n\t<meta property=\"og:image:height\" content=\"200\" \/>\n\t<meta property=\"og:image:type\" content=\"image\/png\" \/>\n<meta name=\"author\" content=\"Redaktionen SvM\" \/>\n<meta name=\"twitter:card\" content=\"summary_large_image\" \/>\n<meta name=\"twitter:creator\" content=\"@SvenskaMagasine\" \/>\n<meta name=\"twitter:site\" content=\"@SvenskaMagasine\" \/>\n<script type=\"application\/ld+json\" class=\"yoast-schema-graph\">{\"@context\":\"https:\\\/\\\/schema.org\",\"@graph\":[{\"@type\":\"Article\",\"@id\":\"https:\\\/\\\/lightweb.dev\\\/l\\\/svm-temp\\\/nyheter\\\/gigantisk-matinsamling-mobiliserar-4-500-frivilliga-fredag-och-lordag\\\/#article\",\"isPartOf\":{\"@id\":\"https:\\\/\\\/lightweb.dev\\\/l\\\/svm-temp\\\/nyheter\\\/gigantisk-matinsamling-mobiliserar-4-500-frivilliga-fredag-och-lordag\\\/\"},\"author\":{\"name\":\"Redaktionen SvM\",\"@id\":\"https:\\\/\\\/lightweb.dev\\\/l\\\/svm-temp\\\/#\\\/schema\\\/person\\\/206a3bda5b607b0c25e1749191e4d837\"},\"headline\":\"Gigantisk matinsamling mobiliserar 4.500 frivilliga fredag och l\u00f6rdag\",\"datePublished\":\"2015-11-23T23:00:00+00:00\",\"mainEntityOfPage\":{\"@id\":\"https:\\\/\\\/lightweb.dev\\\/l\\\/svm-temp\\\/nyheter\\\/gigantisk-matinsamling-mobiliserar-4-500-frivilliga-fredag-och-lordag\\\/\"},\"wordCount\":169,\"commentCount\":0,\"publisher\":{\"@id\":\"https:\\\/\\\/lightweb.dev\\\/l\\\/svm-temp\\\/#organization\"},\"image\":{\"@id\":\"https:\\\/\\\/lightweb.dev\\\/l\\\/svm-temp\\\/nyheter\\\/gigantisk-matinsamling-mobiliserar-4-500-frivilliga-fredag-och-lordag\\\/#primaryimage\"},\"thumbnailUrl\":\"https:\\\/\\\/lightweb.dev\\\/l\\\/svm-temp\\\/wp-content\\\/uploads\\\/2022\\\/06\\\/gigantisk-matinsamling-mobiliserar-4500-frivilliga-fredag-och-lordag.png\",\"articleSection\":[\"Arkiv\",\"Nyheter\"],\"inLanguage\":\"sv-SE\"},{\"@type\":\"WebPage\",\"@id\":\"https:\\\/\\\/lightweb.dev\\\/l\\\/svm-temp\\\/nyheter\\\/gigantisk-matinsamling-mobiliserar-4-500-frivilliga-fredag-och-lordag\\\/\",\"url\":\"https:\\\/\\\/lightweb.dev\\\/l\\\/svm-temp\\\/nyheter\\\/gigantisk-matinsamling-mobiliserar-4-500-frivilliga-fredag-och-lordag\\\/\",\"name\":\"Gigantisk matinsamling mobiliserar 4.500 frivilliga fredag och l\u00f6rdag - Svenska Magasinet\",\"isPartOf\":{\"@id\":\"https:\\\/\\\/lightweb.dev\\\/l\\\/svm-temp\\\/#website\"},\"primaryImageOfPage\":{\"@id\":\"https:\\\/\\\/lightweb.dev\\\/l\\\/svm-temp\\\/nyheter\\\/gigantisk-matinsamling-mobiliserar-4-500-frivilliga-fredag-och-lordag\\\/#primaryimage\"},\"image\":{\"@id\":\"https:\\\/\\\/lightweb.dev\\\/l\\\/svm-temp\\\/nyheter\\\/gigantisk-matinsamling-mobiliserar-4-500-frivilliga-fredag-och-lordag\\\/#primaryimage\"},\"thumbnailUrl\":\"https:\\\/\\\/lightweb.dev\\\/l\\\/svm-temp\\\/wp-content\\\/uploads\\\/2022\\\/06\\\/gigantisk-matinsamling-mobiliserar-4500-frivilliga-fredag-och-lordag.png\",\"datePublished\":\"2015-11-23T23:00:00+00:00\",\"breadcrumb\":{\"@id\":\"https:\\\/\\\/lightweb.dev\\\/l\\\/svm-temp\\\/nyheter\\\/gigantisk-matinsamling-mobiliserar-4-500-frivilliga-fredag-och-lordag\\\/#breadcrumb\"},\"inLanguage\":\"sv-SE\",\"potentialAction\":[{\"@type\":\"ReadAction\",\"target\":[\"https:\\\/\\\/lightweb.dev\\\/l\\\/svm-temp\\\/nyheter\\\/gigantisk-matinsamling-mobiliserar-4-500-frivilliga-fredag-och-lordag\\\/\"]}]},{\"@type\":\"ImageObject\",\"inLanguage\":\"sv-SE\",\"@id\":\"https:\\\/\\\/lightweb.dev\\\/l\\\/svm-temp\\\/nyheter\\\/gigantisk-matinsamling-mobiliserar-4-500-frivilliga-fredag-och-lordag\\\/#primaryimage\",\"url\":\"https:\\\/\\\/lightweb.dev\\\/l\\\/svm-temp\\\/wp-content\\\/uploads\\\/2022\\\/06\\\/gigantisk-matinsamling-mobiliserar-4500-frivilliga-fredag-och-lordag.png\",\"contentUrl\":\"https:\\\/\\\/lightweb.dev\\\/l\\\/svm-temp\\\/wp-content\\\/uploads\\\/2022\\\/06\\\/gigantisk-matinsamling-mobiliserar-4500-frivilliga-fredag-och-lordag.png\",\"width\":530,\"height\":200},{\"@type\":\"BreadcrumbList\",\"@id\":\"https:\\\/\\\/lightweb.dev\\\/l\\\/svm-temp\\\/nyheter\\\/gigantisk-matinsamling-mobiliserar-4-500-frivilliga-fredag-och-lordag\\\/#breadcrumb\",\"itemListElement\":[{\"@type\":\"ListItem\",\"position\":1,\"name\":\"Hem\",\"item\":\"https:\\\/\\\/lightweb.dev\\\/l\\\/svm-temp\\\/\"},{\"@type\":\"ListItem\",\"position\":2,\"name\":\"Gigantisk matinsamling mobiliserar 4.500 frivilliga fredag och l\u00f6rdag\"}]},{\"@type\":\"WebSite\",\"@id\":\"https:\\\/\\\/lightweb.dev\\\/l\\\/svm-temp\\\/#website\",\"url\":\"https:\\\/\\\/lightweb.dev\\\/l\\\/svm-temp\\\/\",\"name\":\"Svenska Magasinet\",\"description\":\"Dina Spanska nyheter p&aring; Svenska\",\"publisher\":{\"@id\":\"https:\\\/\\\/lightweb.dev\\\/l\\\/svm-temp\\\/#organization\"},\"potentialAction\":[{\"@type\":\"SearchAction\",\"target\":{\"@type\":\"EntryPoint\",\"urlTemplate\":\"https:\\\/\\\/lightweb.dev\\\/l\\\/svm-temp\\\/?s={search_term_string}\"},\"query-input\":{\"@type\":\"PropertyValueSpecification\",\"valueRequired\":true,\"valueName\":\"search_term_string\"}}],\"inLanguage\":\"sv-SE\"},{\"@type\":\"Organization\",\"@id\":\"https:\\\/\\\/lightweb.dev\\\/l\\\/svm-temp\\\/#organization\",\"name\":\"Melkerson y Nott SL\",\"alternateName\":\"Svenska Magasinet\",\"url\":\"https:\\\/\\\/lightweb.dev\\\/l\\\/svm-temp\\\/\",\"logo\":{\"@type\":\"ImageObject\",\"inLanguage\":\"sv-SE\",\"@id\":\"https:\\\/\\\/lightweb.dev\\\/l\\\/svm-temp\\\/#\\\/schema\\\/logo\\\/image\\\/\",\"url\":\"https:\\\/\\\/lightweb.dev\\\/l\\\/svm-temp\\\/wp-content\\\/uploads\\\/2025\\\/02\\\/SvM-logo-Xtra-Centrerad-SVART.png\",\"contentUrl\":\"https:\\\/\\\/lightweb.dev\\\/l\\\/svm-temp\\\/wp-content\\\/uploads\\\/2025\\\/02\\\/SvM-logo-Xtra-Centrerad-SVART.png\",\"width\":300,\"height\":99,\"caption\":\"Melkerson y Nott SL\"},\"image\":{\"@id\":\"https:\\\/\\\/lightweb.dev\\\/l\\\/svm-temp\\\/#\\\/schema\\\/logo\\\/image\\\/\"},\"sameAs\":[\"https:\\\/\\\/www.facebook.com\\\/svenskamagasinet\",\"https:\\\/\\\/x.com\\\/SvenskaMagasine\"]},{\"@type\":\"Person\",\"@id\":\"https:\\\/\\\/lightweb.dev\\\/l\\\/svm-temp\\\/#\\\/schema\\\/person\\\/206a3bda5b607b0c25e1749191e4d837\",\"name\":\"Redaktionen SvM\",\"description\":\"Redaktionen\",\"sameAs\":[\"https:\\\/\\\/lightweb.dev\\\/l\\\/svm-temp\"],\"url\":\"https:\\\/\\\/lightweb.dev\\\/l\\\/svm-temp\\\/reporter\\\/redaktionen\\\/\"}]}<\/script>\n<!-- \/ Yoast SEO Premium plugin. -->","yoast_head_json":{"title":"Gigantisk matinsamling mobiliserar 4.500 frivilliga fredag och l\u00f6rdag - Svenska Magasinet","robots":{"index":"noindex","follow":"follow","max-snippet":"max-snippet:-1","max-image-preview":"max-image-preview:large","max-video-preview":"max-video-preview:-1"},"og_locale":"sv_SE","og_type":"article","og_title":"Gigantisk matinsamling mobiliserar 4.500 frivilliga fredag och l\u00f6rdag","og_description":"\u201dGran Recogida\u201d \u00e4r en matinsamling och manifestation f\u00f6r det civila samh\u00e4llet som arrangeras p\u00e5 fredag och l\u00f6rdag f\u00f6r fj\u00e4rde \u00e5ret av Banco de Alimentos Bancosol som hoppas p\u00e5 750 ton baslivsmedel. Ifjol samlade man in 688 ton livsmedel. Det \u00e4r fj\u00e4rde \u00e5ret i rad som bes\u00f6kare vid livsmedelsbutiker och kvartersbutiker kan fylla matkassar f\u00f6r att [&hellip;]","og_url":"https:\/\/lightweb.dev\/l\/svm-temp\/nyheter\/gigantisk-matinsamling-mobiliserar-4-500-frivilliga-fredag-och-lordag\/","og_site_name":"Svenska Magasinet","article_publisher":"https:\/\/www.facebook.com\/svenskamagasinet","article_published_time":"2015-11-23T23:00:00+00:00","og_image":[{"width":530,"height":200,"url":"https:\/\/lightweb.dev\/l\/svm-temp\/wp-content\/uploads\/2022\/06\/gigantisk-matinsamling-mobiliserar-4500-frivilliga-fredag-och-lordag.png","type":"image\/png"}],"author":"Redaktionen SvM","twitter_card":"summary_large_image","twitter_creator":"@SvenskaMagasine","twitter_site":"@SvenskaMagasine","schema":{"@context":"https:\/\/schema.org","@graph":[{"@type":"Article","@id":"https:\/\/lightweb.dev\/l\/svm-temp\/nyheter\/gigantisk-matinsamling-mobiliserar-4-500-frivilliga-fredag-och-lordag\/#article","isPartOf":{"@id":"https:\/\/lightweb.dev\/l\/svm-temp\/nyheter\/gigantisk-matinsamling-mobiliserar-4-500-frivilliga-fredag-och-lordag\/"},"author":{"name":"Redaktionen SvM","@id":"https:\/\/lightweb.dev\/l\/svm-temp\/#\/schema\/person\/206a3bda5b607b0c25e1749191e4d837"},"headline":"Gigantisk matinsamling mobiliserar 4.500 frivilliga fredag och l\u00f6rdag","datePublished":"2015-11-23T23:00:00+00:00","mainEntityOfPage":{"@id":"https:\/\/lightweb.dev\/l\/svm-temp\/nyheter\/gigantisk-matinsamling-mobiliserar-4-500-frivilliga-fredag-och-lordag\/"},"wordCount":169,"commentCount":0,"publisher":{"@id":"https:\/\/lightweb.dev\/l\/svm-temp\/#organization"},"image":{"@id":"https:\/\/lightweb.dev\/l\/svm-temp\/nyheter\/gigantisk-matinsamling-mobiliserar-4-500-frivilliga-fredag-och-lordag\/#primaryimage"},"thumbnailUrl":"https:\/\/lightweb.dev\/l\/svm-temp\/wp-content\/uploads\/2022\/06\/gigantisk-matinsamling-mobiliserar-4500-frivilliga-fredag-och-lordag.png","articleSection":["Arkiv","Nyheter"],"inLanguage":"sv-SE"},{"@type":"WebPage","@id":"https:\/\/lightweb.dev\/l\/svm-temp\/nyheter\/gigantisk-matinsamling-mobiliserar-4-500-frivilliga-fredag-och-lordag\/","url":"https:\/\/lightweb.dev\/l\/svm-temp\/nyheter\/gigantisk-matinsamling-mobiliserar-4-500-frivilliga-fredag-och-lordag\/","name":"Gigantisk matinsamling mobiliserar 4.500 frivilliga fredag och l\u00f6rdag - Svenska Magasinet","isPartOf":{"@id":"https:\/\/lightweb.dev\/l\/svm-temp\/#website"},"primaryImageOfPage":{"@id":"https:\/\/lightweb.dev\/l\/svm-temp\/nyheter\/gigantisk-matinsamling-mobiliserar-4-500-frivilliga-fredag-och-lordag\/#primaryimage"},"image":{"@id":"https:\/\/lightweb.dev\/l\/svm-temp\/nyheter\/gigantisk-matinsamling-mobiliserar-4-500-frivilliga-fredag-och-lordag\/#primaryimage"},"thumbnailUrl":"https:\/\/lightweb.dev\/l\/svm-temp\/wp-content\/uploads\/2022\/06\/gigantisk-matinsamling-mobiliserar-4500-frivilliga-fredag-och-lordag.png","datePublished":"2015-11-23T23:00:00+00:00","breadcrumb":{"@id":"https:\/\/lightweb.dev\/l\/svm-temp\/nyheter\/gigantisk-matinsamling-mobiliserar-4-500-frivilliga-fredag-och-lordag\/#breadcrumb"},"inLanguage":"sv-SE","potentialAction":[{"@type":"ReadAction","target":["https:\/\/lightweb.dev\/l\/svm-temp\/nyheter\/gigantisk-matinsamling-mobiliserar-4-500-frivilliga-fredag-och-lordag\/"]}]},{"@type":"ImageObject","inLanguage":"sv-SE","@id":"https:\/\/lightweb.dev\/l\/svm-temp\/nyheter\/gigantisk-matinsamling-mobiliserar-4-500-frivilliga-fredag-och-lordag\/#primaryimage","url":"https:\/\/lightweb.dev\/l\/svm-temp\/wp-content\/uploads\/2022\/06\/gigantisk-matinsamling-mobiliserar-4500-frivilliga-fredag-och-lordag.png","contentUrl":"https:\/\/lightweb.dev\/l\/svm-temp\/wp-content\/uploads\/2022\/06\/gigantisk-matinsamling-mobiliserar-4500-frivilliga-fredag-och-lordag.png","width":530,"height":200},{"@type":"BreadcrumbList","@id":"https:\/\/lightweb.dev\/l\/svm-temp\/nyheter\/gigantisk-matinsamling-mobiliserar-4-500-frivilliga-fredag-och-lordag\/#breadcrumb","itemListElement":[{"@type":"ListItem","position":1,"name":"Hem","item":"https:\/\/lightweb.dev\/l\/svm-temp\/"},{"@type":"ListItem","position":2,"name":"Gigantisk matinsamling mobiliserar 4.500 frivilliga fredag och l\u00f6rdag"}]},{"@type":"WebSite","@id":"https:\/\/lightweb.dev\/l\/svm-temp\/#website","url":"https:\/\/lightweb.dev\/l\/svm-temp\/","name":"Svenska Magasinet","description":"Dina Spanska nyheter p&aring; Svenska","publisher":{"@id":"https:\/\/lightweb.dev\/l\/svm-temp\/#organization"},"potentialAction":[{"@type":"SearchAction","target":{"@type":"EntryPoint","urlTemplate":"https:\/\/lightweb.dev\/l\/svm-temp\/?s={search_term_string}"},"query-input":{"@type":"PropertyValueSpecification","valueRequired":true,"valueName":"search_term_string"}}],"inLanguage":"sv-SE"},{"@type":"Organization","@id":"https:\/\/lightweb.dev\/l\/svm-temp\/#organization","name":"Melkerson y Nott SL","alternateName":"Svenska Magasinet","url":"https:\/\/lightweb.dev\/l\/svm-temp\/","logo":{"@type":"ImageObject","inLanguage":"sv-SE","@id":"https:\/\/lightweb.dev\/l\/svm-temp\/#\/schema\/logo\/image\/","url":"https:\/\/lightweb.dev\/l\/svm-temp\/wp-content\/uploads\/2025\/02\/SvM-logo-Xtra-Centrerad-SVART.png","contentUrl":"https:\/\/lightweb.dev\/l\/svm-temp\/wp-content\/uploads\/2025\/02\/SvM-logo-Xtra-Centrerad-SVART.png","width":300,"height":99,"caption":"Melkerson y Nott SL"},"image":{"@id":"https:\/\/lightweb.dev\/l\/svm-temp\/#\/schema\/logo\/image\/"},"sameAs":["https:\/\/www.facebook.com\/svenskamagasinet","https:\/\/x.com\/SvenskaMagasine"]},{"@type":"Person","@id":"https:\/\/lightweb.dev\/l\/svm-temp\/#\/schema\/person\/206a3bda5b607b0c25e1749191e4d837","name":"Redaktionen SvM","description":"Redaktionen","sameAs":["https:\/\/lightweb.dev\/l\/svm-temp"],"url":"https:\/\/lightweb.dev\/l\/svm-temp\/reporter\/redaktionen\/"}]}},"_links":{"self":[{"href":"https:\/\/lightweb.dev\/l\/svm-temp\/wp-json\/wp\/v2\/posts\/23179","targetHints":{"allow":["GET"]}}],"collection":[{"href":"https:\/\/lightweb.dev\/l\/svm-temp\/wp-json\/wp\/v2\/posts"}],"about":[{"href":"https:\/\/lightweb.dev\/l\/svm-temp\/wp-json\/wp\/v2\/types\/post"}],"author":[{"embeddable":true,"href":"https:\/\/lightweb.dev\/l\/svm-temp\/wp-json\/wp\/v2\/users\/8"}],"replies":[{"embeddable":true,"href":"https:\/\/lightweb.dev\/l\/svm-temp\/wp-json\/wp\/v2\/comments?post=23179"}],"version-history":[{"count":0,"href":"https:\/\/lightweb.dev\/l\/svm-temp\/wp-json\/wp\/v2\/posts\/23179\/revisions"}],"wp:featuredmedia":[{"embeddable":true,"href":"https:\/\/lightweb.dev\/l\/svm-temp\/wp-json\/wp\/v2\/media\/23180"}],"wp:attachment":[{"href":"https:\/\/lightweb.dev\/l\/svm-temp\/wp-json\/wp\/v2\/media?parent=23179"}],"wp:term":[{"taxonomy":"category","embeddable":true,"href":"https:\/\/lightweb.dev\/l\/svm-temp\/wp-json\/wp\/v2\/categories?post=23179"},{"taxonomy":"post_tag","embeddable":true,"href":"https:\/\/lightweb.dev\/l\/svm-temp\/wp-json\/wp\/v2\/tags?post=23179"}],"curies":[{"name":"wp","href":"https:\/\/api.w.org\/{rel}","templated":true}]}}