{"id":2318,"date":"2008-02-06T00:00:00","date_gmt":"2008-02-05T23:00:00","guid":{"rendered":"https:\/\/lightweb.dev\/l\/svm-temp\/fns-klimatpanel-ipcc-manniskans-utslapp-av-koldioxid-leder-till-klimatforandringar\/"},"modified":"2008-02-06T00:00:00","modified_gmt":"2008-02-05T23:00:00","slug":"fns-klimatpanel-ipcc-manniskans-utslapp-av-koldioxid-leder-till-klimatforandringar","status":"publish","type":"post","link":"https:\/\/lightweb.dev\/l\/svm-temp\/artiklar\/fns-klimatpanel-ipcc-manniskans-utslapp-av-koldioxid-leder-till-klimatforandringar\/","title":{"rendered":"FN:s klimatpanel IPCC: \u201dM\u00e4nniskans utsl\u00e4pp av koldioxid leder till klimatf\u00f6r\u00e4ndringar\u201d"},"content":{"rendered":"<p> Klimatf\u00f6r\u00e4ndringen \u00e4r en realitet och det \u00e4r m\u00e4nniskan som b\u00e4r ansvaret.  Resultatet blir \u00f6versv\u00e4mmade kuster, eldh\u00e4rjade naturparker och uttorkade glaci\u00e4rtoppar. Men det handlar \u00e4ven om \u00f6kade kostnader, sjukdomar och infektioner orsakade av insekter p\u00e5 nya breddgrader Av Ola Josefsson<\/p>\n<p>Klimatf\u00f6r\u00e4ndringen har kommit smygande och pl\u00f6tsligt blivit ett hot. Vi m\u00e5ste b\u00f6rja med oss sj\u00e4lva. Det s\u00e4ger Pancho Campo, president of the Wine Academy och medlem av Al Gores klimatprojekt.<br \/>\nSpanjoren Pancho Campo \u00e4r en av v\u00e4rldens ledande pionj\u00e4rer i unders\u00f6kningen av hur klimatf\u00f6r\u00e4ndringen p\u00e5verkar vinindustrin. Han talade i samband med en klimatkonferens som h\u00f6lls i Marbellas Palacio de Congresos.<br \/>\nInl\u00e4ggen h\u00f6lls p\u00e5 engelska och spanska och r\u00f6nte stor uppm\u00e4rksamhet. Den spansktalande delen av symposiet var fullsatt.<\/p>\n<p>Individuellt ansvar<br \/>\n-Jag vill visa vad experterna sj\u00e4lva s\u00e4ger, vi vill skapa opinion, inledde Pancho Campo sitt anf\u00f6rande. Vi m\u00e5ste b\u00f6rja med oss sj\u00e4lva och ta v\u00e5rt individuella ansvar.<br \/>\nPancho Campo drar j\u00e4mf\u00f6relsen med Kennedys uttalande 1961:<br \/>\n-Fr\u00e5ga inte vad ditt land kan g\u00f6ra f\u00f6r dig, utan vad du kan g\u00f6ra f\u00f6r ditt land. Vi kan \u00f6verf\u00f6ra detta p\u00e5 klimatsituationen. Fr\u00e5ga inte vad ditt land kan g\u00f6ra i klimatfr\u00e5gan utan vad du sj\u00e4lv kan g\u00f6ra \u00e5t klimatfr\u00e5gan.<\/p>\n<p>Koldioxid<br \/>\nDet \u00e4r framf\u00f6r allt tv\u00e5 punkter p\u00e5 dagordningen som forskarna \u00e4r \u00f6vertygade om. F\u00f6r det f\u00f6rsta har vi en existerande klimatf\u00f6r\u00e4ndring. Och f\u00f6r det andra \u00e4r klimatf\u00f6r\u00e4ndringen ett resultat av m\u00e4nniskans livsf\u00f6ring, sa en allvarlig Pancho Campo.<br \/>\nDet \u00e4r m\u00e4nniskans utsl\u00e4pp av koldioxid som leder till stigande halter av koldioxid i atmosf\u00e4ren som leder till klimatf\u00f6r\u00e4ndringar. M\u00e4nniskans anv\u00e4ndning av kol, olja och gas orsakar sm\u00e4ltande glaci\u00e4rer, torka, \u00f6versv\u00e4mningar och stormar.<br \/>\nBilder och illustrationer \u00f6ver hur sn\u00f6t\u00e4cket drar sig tillbaka, glaci\u00e4rer minskar till ytan, naturkatastroferna \u00f6kar i antalet, genomsnittstemperaturen stiger p\u00e5 Moder jord och s\u00e5 mycket mer. Larmrapporterna avl\u00f6ser varandra. Aldrig har vi dr\u00e4nkts av s\u00e5 mycket statistik som har att g\u00f6ra med klimatf\u00f6r\u00e4ndringen som just nu.<\/p>\n<p>\u00d6versv\u00e4mmade kuster<br \/>\nI decembernumret av Svenska Magasinet publicerades bildmontage fr\u00e5n Greenpeace hur Spanien kan komma att se ut 2070 med \u00f6versv\u00e4mmade kuster, eldh\u00e4rjade naturparker och uttorkade glaci\u00e4rtoppar. Det var i samband med IPCC:s m\u00f6te i Valencia som organisationen gav ut en bok med bilder p\u00e5 hur klimatf\u00f6r\u00e4ndringarna p\u00e5verkar s\u00f6dra Europa.<br \/>\nGreenpeace spanska chef Juan L\u00f3pez de Uralde s\u00e4ger till The Guardian att han \u00e4r starkt kritisk till hur klimatdebatten i Spanien f\u00f6rs och tycker att klimatf\u00f6r\u00e4ndringarna behandlas nonchalant av spanska regeringen.<br \/>\nDet \u00e4r inte alla som accepterar att vi har klimatf\u00f6r\u00e4ndringen h\u00e4r, f\u00f6rorsakad av m\u00e4nniskan.<br \/>\n-Det \u00e4r som med r\u00f6kning, vi vet att det \u00e4r farligt. Men m\u00e5nga r\u00f6ker \u00e4nd\u00e5\u2026<\/p>\n<p>Trend &#8211; fler katastrofer<br \/>\nPancho Campo vill inte g\u00f6ra n\u00e5gon politisk sak av klimatf\u00f6r\u00e4ndringen. I st\u00e4llet handlar det om att v\u00e4cka opinion och vad vi som individer kan g\u00f6ra.<br \/>\n-Vad g\u00f6r du n\u00e4r det blir f\u00f6r varmt, fr\u00e5gar Pancho Campo den f\u00f6rsamlade skaran. S\u00e4tter du p\u00e5 ac:n eller tar du av dig jackan eller tr\u00f6jan?<br \/>\nAntalet naturkatastrofer \u00f6kade kolossalt mellan 2004 och 2006. 2006 registrerades 427 naturkatastrofer, en \u00f6kning med 70 procent p\u00e5 tv\u00e5 \u00e5r. Antalet naturkatastrofer under de g\u00e5ngna tio \u00e5ren (1997-2006) uppgick till 6.806. Det \u00e4r en \u00f6kning med 60 procent j\u00e4mf\u00f6rt med tio\u00e5rsperioden f\u00f6re, d\u00e5 4.241 katastrofer \u00e4gde rum.<br \/>\nB\u00e4ttre rapportering \u00e4r en f\u00f6rklaring. Men utvecklingen ligger \u00e4ven i linje med trenden mot fler katastrofer relaterade till klimatf\u00f6r\u00e4ndringar, enligt Internationella r\u00f6dakors- och r\u00f6dahalvm\u00e5nefederationen (IFRC).<\/p>\n<p>Varmaste \u00e5ren<br \/>\n-Klimatf\u00f6r\u00e4ndringen har kommit smygande, s\u00e4ger Pancho Campo och illustrerar det med en groda som sitter i en kastrull som v\u00e4rms upp. N\u00e4r vattnet blir f\u00f6r varmt reagerar grodan och hoppar ur kastrullen. P\u00e5 liknande s\u00e4tt har vi m\u00e4nniskor reagerat. Pl\u00f6tsligt n\u00e4r det b\u00f6rjar h\u00e4nda rej\u00e4la allvarliga saker reagerar vi.<br \/>\nFN:s klimatpanel IPCC, Intergovernmental Panel of Climate Change, har aldrig formulerat sig tydligare som under 2007:<br \/>\n\u201dElva av de varmaste \u00e5ren sedan 1850 har intr\u00e4ffat under de senaste 12 \u00e5ren, eller 13 \u00e5ren om \u00e4ven 2007 r\u00e4knas in\u201d.<br \/>\nMen klimatf\u00f6r\u00e4ndringarna f\u00e5r inte bara konsekvenser som \u00f6versv\u00e4mmade kuster, eldh\u00e4rjade naturparker och uttorkade glaci\u00e4rtoppar. Det handlar \u00e4ven om stora kostnader i f\u00f6rs\u00e4kringar, sjukdomar, infektioner f\u00f6rorsakade av flygf\u00e4n<br \/>\nDen 15 och 16 februari arrangeras en stor klimatkonferens i Barcelona. En av de inbjudna \u00e4r USA:s f\u00f6re vicepresident och nobelpristagaren Al Gore. Konferensen i Barcelona kommer att ta sikte p\u00e5 klimathotets inverkan p\u00e5 jordbruket och vinindustrin.<\/p>\n<p>S\u00e5 kan du bli klimatsmart!<br \/>\nMat:<br \/>\nV\u00e4lj bort varor som transporterats l\u00e5ng v\u00e4g, v\u00e4lj ekologiskt, och g\u00e4rna r\u00e4ttvisem\u00e4rkt. Minska p\u00e5 k\u00f6ttkonsumtionen till n\u00e5gon g\u00e5ng i veckan. Se \u00f6ver dina konsumtionsvanor. Var noga med vad du handlar. K\u00f6p f\u00e4rre, men mer genomt\u00e4nkta saker av bra kvalitet.<br \/>\nTransporter:<br \/>\nG\u00e5 och cykla mer, b\u00e5de f\u00f6r milj\u00f6ns och h\u00e4lsans skull. N\u00e4r du k\u00f6per ny bil n\u00e4sta g\u00e5ng \u2013 v\u00e4lj ett milj\u00f6v\u00e4nligt alternativ. Utnyttja lokaltrafiken och du f\u00e5r tid \u00f6ver till att l\u00e4sa exempelvis. Semestra p\u00e5 hemmaplan i Spanien eller Sverige. Kolla s\u00e5 att du har r\u00e4tt lufttryck i d\u00e4cken. Du kan spara 140 kilo koldioxid per \u00e5r. K\u00f6r smartare. L\u00e4gg i en h\u00f6gre v\u00e4xel och undvik snabba inbromsningar och fart\u00f6kning. Du kan spara \u00f6ver 330 kilo koldioxid per \u00e5r. Cykla kortare str\u00e4ckor i st\u00e4llet f\u00f6r att k\u00f6ra bil. Du kan spara 240 kilo koldioxid per \u00e5r.<br \/>\nBostad:<br \/>\nSe \u00f6ver uppv\u00e4rmningen av ditt hem och v\u00e4lj det mest milj\u00f6v\u00e4nliga alternativet. Ers\u00e4tt fem vanliga gl\u00f6dlampor med l\u00e5genergi-lampor. Du kan spara 250 kilo koldioxid per \u00e5r.<br \/>\nEngagemang:<br \/>\nEngagera dig. G\u00e5 med i V\u00e4rldsnaturfonden, Naturskyddsf\u00f6reningen eller vad som passar dig.<br \/>\nSparande:<br \/>\nH\u00e5ll dig till etiska fonder helt och h\u00e5llet.<br \/>\nYrkeslivet<br \/>\nJobba n\u00e4ra bostaden, vilket underl\u00e4ttar n\u00e4r man ska leva milj\u00f6v\u00e4nligt.<br \/>\nKonsumtion:<br \/>\nSe \u00f6ver din livsstil och kom bort fr\u00e5n slit-och-sl\u00e4ng-t\u00e4nket. Handla inte i \u00f6verfl\u00f6d. Prylar f\u00f6r stora koldioxidutsl\u00e4pp med sig. Barnen har f\u00e5 leksaker \u2013 de flesta gjorda av tr\u00e4. Barnen \u00e4rver n\u00e4stan alla kl\u00e4der av grannfamiljen, och familjen handlar g\u00e4rna sportutrustning begagnat. Sortera sopor.<br \/>\nK\u00e4lla: V\u00e4rldsnaturfonden<\/p>\n<p>Testa dig sj\u00e4lv \u2013 \u00c4r du klimatsmart?<br \/>\nwww.miljomataren.konsumentverket.se <\/p>\n","protected":false},"excerpt":{"rendered":"<p>Klimatf\u00f6r\u00e4ndringen \u00e4r en realitet och det \u00e4r m\u00e4nniskan som b\u00e4r ansvaret. Resultatet blir \u00f6versv\u00e4mmade kuster, eldh\u00e4rjade naturparker och uttorkade glaci\u00e4rtoppar. Men det handlar \u00e4ven om \u00f6kade kostnader, sjukdomar och infektioner orsakade av insekter p\u00e5 nya breddgrader Av Ola Josefsson Klimatf\u00f6r\u00e4ndringen har kommit smygande och pl\u00f6tsligt blivit ett hot. Vi m\u00e5ste b\u00f6rja med oss sj\u00e4lva. Det [&hellip;]<\/p>\n","protected":false},"author":8,"featured_media":2319,"comment_status":"open","ping_status":"open","sticky":false,"template":"","format":"standard","meta":{"_et_pb_use_builder":"","_et_pb_old_content":"","_et_gb_content_width":"","footnotes":""},"categories":[396,4],"tags":[],"class_list":["post-2318","post","type-post","status-publish","format-standard","has-post-thumbnail","hentry","category-arkiv-artiklar","category-artiklar"],"yoast_head":"<!-- This site is optimized with the Yoast SEO Premium plugin v26.2 (Yoast SEO v28.2) - https:\/\/yoast.com\/product\/yoast-seo-premium-wordpress\/ -->\n<title>FN:s klimatpanel IPCC: \u201dM\u00e4nniskans utsl\u00e4pp av koldioxid leder till klimatf\u00f6r\u00e4ndringar\u201d - Svenska Magasinet<\/title>\n<meta name=\"robots\" content=\"noindex, follow, max-snippet:-1, max-image-preview:large, max-video-preview:-1\" \/>\n<meta property=\"og:locale\" content=\"sv_SE\" \/>\n<meta property=\"og:type\" content=\"article\" \/>\n<meta property=\"og:title\" content=\"FN:s klimatpanel IPCC: \u201dM\u00e4nniskans utsl\u00e4pp av koldioxid leder till klimatf\u00f6r\u00e4ndringar\u201d\" \/>\n<meta property=\"og:description\" content=\"Klimatf\u00f6r\u00e4ndringen \u00e4r en realitet och det \u00e4r m\u00e4nniskan som b\u00e4r ansvaret. Resultatet blir \u00f6versv\u00e4mmade kuster, eldh\u00e4rjade naturparker och uttorkade glaci\u00e4rtoppar. Men det handlar \u00e4ven om \u00f6kade kostnader, sjukdomar och infektioner orsakade av insekter p\u00e5 nya breddgrader Av Ola Josefsson Klimatf\u00f6r\u00e4ndringen har kommit smygande och pl\u00f6tsligt blivit ett hot. Vi m\u00e5ste b\u00f6rja med oss sj\u00e4lva. Det [&hellip;]\" \/>\n<meta property=\"og:url\" content=\"https:\/\/lightweb.dev\/l\/svm-temp\/artiklar\/fns-klimatpanel-ipcc-manniskans-utslapp-av-koldioxid-leder-till-klimatforandringar\/\" \/>\n<meta property=\"og:site_name\" content=\"Svenska Magasinet\" \/>\n<meta property=\"article:publisher\" content=\"https:\/\/www.facebook.com\/svenskamagasinet\" \/>\n<meta property=\"article:published_time\" content=\"2008-02-05T23:00:00+00:00\" \/>\n<meta property=\"og:image\" content=\"https:\/\/lightweb.dev\/l\/svm-temp\/wp-content\/uploads\/2022\/04\/fn-s-klimatpanel-ipcc-mnniskans-utslpp-av-koldioxid-leder-till-klimatfrndringar.png\" \/>\n\t<meta property=\"og:image:width\" content=\"299\" \/>\n\t<meta property=\"og:image:height\" content=\"200\" \/>\n\t<meta property=\"og:image:type\" content=\"image\/png\" \/>\n<meta name=\"author\" content=\"Redaktionen SvM\" \/>\n<meta name=\"twitter:card\" content=\"summary_large_image\" \/>\n<meta name=\"twitter:creator\" content=\"@SvenskaMagasine\" \/>\n<meta name=\"twitter:site\" content=\"@SvenskaMagasine\" \/>\n<script type=\"application\/ld+json\" class=\"yoast-schema-graph\">{\"@context\":\"https:\\\/\\\/schema.org\",\"@graph\":[{\"@type\":\"Article\",\"@id\":\"https:\\\/\\\/lightweb.dev\\\/l\\\/svm-temp\\\/artiklar\\\/fns-klimatpanel-ipcc-manniskans-utslapp-av-koldioxid-leder-till-klimatforandringar\\\/#article\",\"isPartOf\":{\"@id\":\"https:\\\/\\\/lightweb.dev\\\/l\\\/svm-temp\\\/artiklar\\\/fns-klimatpanel-ipcc-manniskans-utslapp-av-koldioxid-leder-till-klimatforandringar\\\/\"},\"author\":{\"name\":\"Redaktionen SvM\",\"@id\":\"https:\\\/\\\/lightweb.dev\\\/l\\\/svm-temp\\\/#\\\/schema\\\/person\\\/206a3bda5b607b0c25e1749191e4d837\"},\"headline\":\"FN:s klimatpanel IPCC: \u201dM\u00e4nniskans utsl\u00e4pp av koldioxid leder till klimatf\u00f6r\u00e4ndringar\u201d\",\"datePublished\":\"2008-02-05T23:00:00+00:00\",\"mainEntityOfPage\":{\"@id\":\"https:\\\/\\\/lightweb.dev\\\/l\\\/svm-temp\\\/artiklar\\\/fns-klimatpanel-ipcc-manniskans-utslapp-av-koldioxid-leder-till-klimatforandringar\\\/\"},\"wordCount\":1169,\"commentCount\":0,\"publisher\":{\"@id\":\"https:\\\/\\\/lightweb.dev\\\/l\\\/svm-temp\\\/#organization\"},\"image\":{\"@id\":\"https:\\\/\\\/lightweb.dev\\\/l\\\/svm-temp\\\/artiklar\\\/fns-klimatpanel-ipcc-manniskans-utslapp-av-koldioxid-leder-till-klimatforandringar\\\/#primaryimage\"},\"thumbnailUrl\":\"https:\\\/\\\/lightweb.dev\\\/l\\\/svm-temp\\\/wp-content\\\/uploads\\\/2022\\\/04\\\/fn-s-klimatpanel-ipcc-mnniskans-utslpp-av-koldioxid-leder-till-klimatfrndringar.png\",\"articleSection\":[\"Arkiv\",\"Artiklar\"],\"inLanguage\":\"sv-SE\"},{\"@type\":\"WebPage\",\"@id\":\"https:\\\/\\\/lightweb.dev\\\/l\\\/svm-temp\\\/artiklar\\\/fns-klimatpanel-ipcc-manniskans-utslapp-av-koldioxid-leder-till-klimatforandringar\\\/\",\"url\":\"https:\\\/\\\/lightweb.dev\\\/l\\\/svm-temp\\\/artiklar\\\/fns-klimatpanel-ipcc-manniskans-utslapp-av-koldioxid-leder-till-klimatforandringar\\\/\",\"name\":\"FN:s klimatpanel IPCC: \u201dM\u00e4nniskans utsl\u00e4pp av koldioxid leder till klimatf\u00f6r\u00e4ndringar\u201d - Svenska Magasinet\",\"isPartOf\":{\"@id\":\"https:\\\/\\\/lightweb.dev\\\/l\\\/svm-temp\\\/#website\"},\"primaryImageOfPage\":{\"@id\":\"https:\\\/\\\/lightweb.dev\\\/l\\\/svm-temp\\\/artiklar\\\/fns-klimatpanel-ipcc-manniskans-utslapp-av-koldioxid-leder-till-klimatforandringar\\\/#primaryimage\"},\"image\":{\"@id\":\"https:\\\/\\\/lightweb.dev\\\/l\\\/svm-temp\\\/artiklar\\\/fns-klimatpanel-ipcc-manniskans-utslapp-av-koldioxid-leder-till-klimatforandringar\\\/#primaryimage\"},\"thumbnailUrl\":\"https:\\\/\\\/lightweb.dev\\\/l\\\/svm-temp\\\/wp-content\\\/uploads\\\/2022\\\/04\\\/fn-s-klimatpanel-ipcc-mnniskans-utslpp-av-koldioxid-leder-till-klimatfrndringar.png\",\"datePublished\":\"2008-02-05T23:00:00+00:00\",\"breadcrumb\":{\"@id\":\"https:\\\/\\\/lightweb.dev\\\/l\\\/svm-temp\\\/artiklar\\\/fns-klimatpanel-ipcc-manniskans-utslapp-av-koldioxid-leder-till-klimatforandringar\\\/#breadcrumb\"},\"inLanguage\":\"sv-SE\",\"potentialAction\":[{\"@type\":\"ReadAction\",\"target\":[\"https:\\\/\\\/lightweb.dev\\\/l\\\/svm-temp\\\/artiklar\\\/fns-klimatpanel-ipcc-manniskans-utslapp-av-koldioxid-leder-till-klimatforandringar\\\/\"]}]},{\"@type\":\"ImageObject\",\"inLanguage\":\"sv-SE\",\"@id\":\"https:\\\/\\\/lightweb.dev\\\/l\\\/svm-temp\\\/artiklar\\\/fns-klimatpanel-ipcc-manniskans-utslapp-av-koldioxid-leder-till-klimatforandringar\\\/#primaryimage\",\"url\":\"https:\\\/\\\/lightweb.dev\\\/l\\\/svm-temp\\\/wp-content\\\/uploads\\\/2022\\\/04\\\/fn-s-klimatpanel-ipcc-mnniskans-utslpp-av-koldioxid-leder-till-klimatfrndringar.png\",\"contentUrl\":\"https:\\\/\\\/lightweb.dev\\\/l\\\/svm-temp\\\/wp-content\\\/uploads\\\/2022\\\/04\\\/fn-s-klimatpanel-ipcc-mnniskans-utslpp-av-koldioxid-leder-till-klimatfrndringar.png\",\"width\":299,\"height\":200},{\"@type\":\"BreadcrumbList\",\"@id\":\"https:\\\/\\\/lightweb.dev\\\/l\\\/svm-temp\\\/artiklar\\\/fns-klimatpanel-ipcc-manniskans-utslapp-av-koldioxid-leder-till-klimatforandringar\\\/#breadcrumb\",\"itemListElement\":[{\"@type\":\"ListItem\",\"position\":1,\"name\":\"Hem\",\"item\":\"https:\\\/\\\/lightweb.dev\\\/l\\\/svm-temp\\\/\"},{\"@type\":\"ListItem\",\"position\":2,\"name\":\"FN:s klimatpanel IPCC: \u201dM\u00e4nniskans utsl\u00e4pp av koldioxid leder till klimatf\u00f6r\u00e4ndringar\u201d\"}]},{\"@type\":\"WebSite\",\"@id\":\"https:\\\/\\\/lightweb.dev\\\/l\\\/svm-temp\\\/#website\",\"url\":\"https:\\\/\\\/lightweb.dev\\\/l\\\/svm-temp\\\/\",\"name\":\"Svenska Magasinet\",\"description\":\"Dina Spanska nyheter p&aring; Svenska\",\"publisher\":{\"@id\":\"https:\\\/\\\/lightweb.dev\\\/l\\\/svm-temp\\\/#organization\"},\"potentialAction\":[{\"@type\":\"SearchAction\",\"target\":{\"@type\":\"EntryPoint\",\"urlTemplate\":\"https:\\\/\\\/lightweb.dev\\\/l\\\/svm-temp\\\/?s={search_term_string}\"},\"query-input\":{\"@type\":\"PropertyValueSpecification\",\"valueRequired\":true,\"valueName\":\"search_term_string\"}}],\"inLanguage\":\"sv-SE\"},{\"@type\":\"Organization\",\"@id\":\"https:\\\/\\\/lightweb.dev\\\/l\\\/svm-temp\\\/#organization\",\"name\":\"Melkerson y Nott SL\",\"alternateName\":\"Svenska Magasinet\",\"url\":\"https:\\\/\\\/lightweb.dev\\\/l\\\/svm-temp\\\/\",\"logo\":{\"@type\":\"ImageObject\",\"inLanguage\":\"sv-SE\",\"@id\":\"https:\\\/\\\/lightweb.dev\\\/l\\\/svm-temp\\\/#\\\/schema\\\/logo\\\/image\\\/\",\"url\":\"https:\\\/\\\/lightweb.dev\\\/l\\\/svm-temp\\\/wp-content\\\/uploads\\\/2025\\\/02\\\/SvM-logo-Xtra-Centrerad-SVART.png\",\"contentUrl\":\"https:\\\/\\\/lightweb.dev\\\/l\\\/svm-temp\\\/wp-content\\\/uploads\\\/2025\\\/02\\\/SvM-logo-Xtra-Centrerad-SVART.png\",\"width\":300,\"height\":99,\"caption\":\"Melkerson y Nott SL\"},\"image\":{\"@id\":\"https:\\\/\\\/lightweb.dev\\\/l\\\/svm-temp\\\/#\\\/schema\\\/logo\\\/image\\\/\"},\"sameAs\":[\"https:\\\/\\\/www.facebook.com\\\/svenskamagasinet\",\"https:\\\/\\\/x.com\\\/SvenskaMagasine\"]},{\"@type\":\"Person\",\"@id\":\"https:\\\/\\\/lightweb.dev\\\/l\\\/svm-temp\\\/#\\\/schema\\\/person\\\/206a3bda5b607b0c25e1749191e4d837\",\"name\":\"Redaktionen SvM\",\"description\":\"Redaktionen\",\"sameAs\":[\"https:\\\/\\\/lightweb.dev\\\/l\\\/svm-temp\"],\"url\":\"https:\\\/\\\/lightweb.dev\\\/l\\\/svm-temp\\\/reporter\\\/redaktionen\\\/\"}]}<\/script>\n<!-- \/ Yoast SEO Premium plugin. -->","yoast_head_json":{"title":"FN:s klimatpanel IPCC: \u201dM\u00e4nniskans utsl\u00e4pp av koldioxid leder till klimatf\u00f6r\u00e4ndringar\u201d - Svenska Magasinet","robots":{"index":"noindex","follow":"follow","max-snippet":"max-snippet:-1","max-image-preview":"max-image-preview:large","max-video-preview":"max-video-preview:-1"},"og_locale":"sv_SE","og_type":"article","og_title":"FN:s klimatpanel IPCC: \u201dM\u00e4nniskans utsl\u00e4pp av koldioxid leder till klimatf\u00f6r\u00e4ndringar\u201d","og_description":"Klimatf\u00f6r\u00e4ndringen \u00e4r en realitet och det \u00e4r m\u00e4nniskan som b\u00e4r ansvaret. Resultatet blir \u00f6versv\u00e4mmade kuster, eldh\u00e4rjade naturparker och uttorkade glaci\u00e4rtoppar. Men det handlar \u00e4ven om \u00f6kade kostnader, sjukdomar och infektioner orsakade av insekter p\u00e5 nya breddgrader Av Ola Josefsson Klimatf\u00f6r\u00e4ndringen har kommit smygande och pl\u00f6tsligt blivit ett hot. Vi m\u00e5ste b\u00f6rja med oss sj\u00e4lva. Det [&hellip;]","og_url":"https:\/\/lightweb.dev\/l\/svm-temp\/artiklar\/fns-klimatpanel-ipcc-manniskans-utslapp-av-koldioxid-leder-till-klimatforandringar\/","og_site_name":"Svenska Magasinet","article_publisher":"https:\/\/www.facebook.com\/svenskamagasinet","article_published_time":"2008-02-05T23:00:00+00:00","og_image":[{"width":299,"height":200,"url":"https:\/\/lightweb.dev\/l\/svm-temp\/wp-content\/uploads\/2022\/04\/fn-s-klimatpanel-ipcc-mnniskans-utslpp-av-koldioxid-leder-till-klimatfrndringar.png","type":"image\/png"}],"author":"Redaktionen SvM","twitter_card":"summary_large_image","twitter_creator":"@SvenskaMagasine","twitter_site":"@SvenskaMagasine","schema":{"@context":"https:\/\/schema.org","@graph":[{"@type":"Article","@id":"https:\/\/lightweb.dev\/l\/svm-temp\/artiklar\/fns-klimatpanel-ipcc-manniskans-utslapp-av-koldioxid-leder-till-klimatforandringar\/#article","isPartOf":{"@id":"https:\/\/lightweb.dev\/l\/svm-temp\/artiklar\/fns-klimatpanel-ipcc-manniskans-utslapp-av-koldioxid-leder-till-klimatforandringar\/"},"author":{"name":"Redaktionen SvM","@id":"https:\/\/lightweb.dev\/l\/svm-temp\/#\/schema\/person\/206a3bda5b607b0c25e1749191e4d837"},"headline":"FN:s klimatpanel IPCC: \u201dM\u00e4nniskans utsl\u00e4pp av koldioxid leder till klimatf\u00f6r\u00e4ndringar\u201d","datePublished":"2008-02-05T23:00:00+00:00","mainEntityOfPage":{"@id":"https:\/\/lightweb.dev\/l\/svm-temp\/artiklar\/fns-klimatpanel-ipcc-manniskans-utslapp-av-koldioxid-leder-till-klimatforandringar\/"},"wordCount":1169,"commentCount":0,"publisher":{"@id":"https:\/\/lightweb.dev\/l\/svm-temp\/#organization"},"image":{"@id":"https:\/\/lightweb.dev\/l\/svm-temp\/artiklar\/fns-klimatpanel-ipcc-manniskans-utslapp-av-koldioxid-leder-till-klimatforandringar\/#primaryimage"},"thumbnailUrl":"https:\/\/lightweb.dev\/l\/svm-temp\/wp-content\/uploads\/2022\/04\/fn-s-klimatpanel-ipcc-mnniskans-utslpp-av-koldioxid-leder-till-klimatfrndringar.png","articleSection":["Arkiv","Artiklar"],"inLanguage":"sv-SE"},{"@type":"WebPage","@id":"https:\/\/lightweb.dev\/l\/svm-temp\/artiklar\/fns-klimatpanel-ipcc-manniskans-utslapp-av-koldioxid-leder-till-klimatforandringar\/","url":"https:\/\/lightweb.dev\/l\/svm-temp\/artiklar\/fns-klimatpanel-ipcc-manniskans-utslapp-av-koldioxid-leder-till-klimatforandringar\/","name":"FN:s klimatpanel IPCC: \u201dM\u00e4nniskans utsl\u00e4pp av koldioxid leder till klimatf\u00f6r\u00e4ndringar\u201d - Svenska Magasinet","isPartOf":{"@id":"https:\/\/lightweb.dev\/l\/svm-temp\/#website"},"primaryImageOfPage":{"@id":"https:\/\/lightweb.dev\/l\/svm-temp\/artiklar\/fns-klimatpanel-ipcc-manniskans-utslapp-av-koldioxid-leder-till-klimatforandringar\/#primaryimage"},"image":{"@id":"https:\/\/lightweb.dev\/l\/svm-temp\/artiklar\/fns-klimatpanel-ipcc-manniskans-utslapp-av-koldioxid-leder-till-klimatforandringar\/#primaryimage"},"thumbnailUrl":"https:\/\/lightweb.dev\/l\/svm-temp\/wp-content\/uploads\/2022\/04\/fn-s-klimatpanel-ipcc-mnniskans-utslpp-av-koldioxid-leder-till-klimatfrndringar.png","datePublished":"2008-02-05T23:00:00+00:00","breadcrumb":{"@id":"https:\/\/lightweb.dev\/l\/svm-temp\/artiklar\/fns-klimatpanel-ipcc-manniskans-utslapp-av-koldioxid-leder-till-klimatforandringar\/#breadcrumb"},"inLanguage":"sv-SE","potentialAction":[{"@type":"ReadAction","target":["https:\/\/lightweb.dev\/l\/svm-temp\/artiklar\/fns-klimatpanel-ipcc-manniskans-utslapp-av-koldioxid-leder-till-klimatforandringar\/"]}]},{"@type":"ImageObject","inLanguage":"sv-SE","@id":"https:\/\/lightweb.dev\/l\/svm-temp\/artiklar\/fns-klimatpanel-ipcc-manniskans-utslapp-av-koldioxid-leder-till-klimatforandringar\/#primaryimage","url":"https:\/\/lightweb.dev\/l\/svm-temp\/wp-content\/uploads\/2022\/04\/fn-s-klimatpanel-ipcc-mnniskans-utslpp-av-koldioxid-leder-till-klimatfrndringar.png","contentUrl":"https:\/\/lightweb.dev\/l\/svm-temp\/wp-content\/uploads\/2022\/04\/fn-s-klimatpanel-ipcc-mnniskans-utslpp-av-koldioxid-leder-till-klimatfrndringar.png","width":299,"height":200},{"@type":"BreadcrumbList","@id":"https:\/\/lightweb.dev\/l\/svm-temp\/artiklar\/fns-klimatpanel-ipcc-manniskans-utslapp-av-koldioxid-leder-till-klimatforandringar\/#breadcrumb","itemListElement":[{"@type":"ListItem","position":1,"name":"Hem","item":"https:\/\/lightweb.dev\/l\/svm-temp\/"},{"@type":"ListItem","position":2,"name":"FN:s klimatpanel IPCC: \u201dM\u00e4nniskans utsl\u00e4pp av koldioxid leder till klimatf\u00f6r\u00e4ndringar\u201d"}]},{"@type":"WebSite","@id":"https:\/\/lightweb.dev\/l\/svm-temp\/#website","url":"https:\/\/lightweb.dev\/l\/svm-temp\/","name":"Svenska Magasinet","description":"Dina Spanska nyheter p&aring; Svenska","publisher":{"@id":"https:\/\/lightweb.dev\/l\/svm-temp\/#organization"},"potentialAction":[{"@type":"SearchAction","target":{"@type":"EntryPoint","urlTemplate":"https:\/\/lightweb.dev\/l\/svm-temp\/?s={search_term_string}"},"query-input":{"@type":"PropertyValueSpecification","valueRequired":true,"valueName":"search_term_string"}}],"inLanguage":"sv-SE"},{"@type":"Organization","@id":"https:\/\/lightweb.dev\/l\/svm-temp\/#organization","name":"Melkerson y Nott SL","alternateName":"Svenska Magasinet","url":"https:\/\/lightweb.dev\/l\/svm-temp\/","logo":{"@type":"ImageObject","inLanguage":"sv-SE","@id":"https:\/\/lightweb.dev\/l\/svm-temp\/#\/schema\/logo\/image\/","url":"https:\/\/lightweb.dev\/l\/svm-temp\/wp-content\/uploads\/2025\/02\/SvM-logo-Xtra-Centrerad-SVART.png","contentUrl":"https:\/\/lightweb.dev\/l\/svm-temp\/wp-content\/uploads\/2025\/02\/SvM-logo-Xtra-Centrerad-SVART.png","width":300,"height":99,"caption":"Melkerson y Nott SL"},"image":{"@id":"https:\/\/lightweb.dev\/l\/svm-temp\/#\/schema\/logo\/image\/"},"sameAs":["https:\/\/www.facebook.com\/svenskamagasinet","https:\/\/x.com\/SvenskaMagasine"]},{"@type":"Person","@id":"https:\/\/lightweb.dev\/l\/svm-temp\/#\/schema\/person\/206a3bda5b607b0c25e1749191e4d837","name":"Redaktionen SvM","description":"Redaktionen","sameAs":["https:\/\/lightweb.dev\/l\/svm-temp"],"url":"https:\/\/lightweb.dev\/l\/svm-temp\/reporter\/redaktionen\/"}]}},"_links":{"self":[{"href":"https:\/\/lightweb.dev\/l\/svm-temp\/wp-json\/wp\/v2\/posts\/2318","targetHints":{"allow":["GET"]}}],"collection":[{"href":"https:\/\/lightweb.dev\/l\/svm-temp\/wp-json\/wp\/v2\/posts"}],"about":[{"href":"https:\/\/lightweb.dev\/l\/svm-temp\/wp-json\/wp\/v2\/types\/post"}],"author":[{"embeddable":true,"href":"https:\/\/lightweb.dev\/l\/svm-temp\/wp-json\/wp\/v2\/users\/8"}],"replies":[{"embeddable":true,"href":"https:\/\/lightweb.dev\/l\/svm-temp\/wp-json\/wp\/v2\/comments?post=2318"}],"version-history":[{"count":0,"href":"https:\/\/lightweb.dev\/l\/svm-temp\/wp-json\/wp\/v2\/posts\/2318\/revisions"}],"wp:featuredmedia":[{"embeddable":true,"href":"https:\/\/lightweb.dev\/l\/svm-temp\/wp-json\/wp\/v2\/media\/2319"}],"wp:attachment":[{"href":"https:\/\/lightweb.dev\/l\/svm-temp\/wp-json\/wp\/v2\/media?parent=2318"}],"wp:term":[{"taxonomy":"category","embeddable":true,"href":"https:\/\/lightweb.dev\/l\/svm-temp\/wp-json\/wp\/v2\/categories?post=2318"},{"taxonomy":"post_tag","embeddable":true,"href":"https:\/\/lightweb.dev\/l\/svm-temp\/wp-json\/wp\/v2\/tags?post=2318"}],"curies":[{"name":"wp","href":"https:\/\/api.w.org\/{rel}","templated":true}]}}