{"id":23185,"date":"2015-11-22T00:00:00","date_gmt":"2015-11-21T23:00:00","guid":{"rendered":"https:\/\/lightweb.dev\/l\/svm-temp\/nyheter\/brevbarare-brande-upp-post-i-sin-bostad\/"},"modified":"2015-11-22T00:00:00","modified_gmt":"2015-11-21T23:00:00","slug":"brevbarare-brande-upp-post-i-sin-bostad","status":"publish","type":"post","link":"https:\/\/lightweb.dev\/l\/svm-temp\/nyheter\/brevbarare-brande-upp-post-i-sin-bostad\/","title":{"rendered":"Brevb\u00e4rare br\u00e4nde upp post i sin bostad"},"content":{"rendered":"<p> En brevb\u00e4rare i Marbella riskerar att d\u00f6mas till fyra \u00e5rs f\u00e4ngelse efter att ha f\u00f6rs\u00f6kt br\u00e4nna upp brev och postf\u00f6rs\u00e4ndelser. Polisen kom brevb\u00e4raren p\u00e5 sp\u00e5ren n\u00e4r denne h\u00f6ll p\u00e5 att br\u00e4nna upp brev &#8211; f\u00f6r att inte bli avsl\u00f6jad&#8230;<\/p>\n<p>P\u00e5 torsdag h\u00e5lls r\u00e4tteg\u00e5ngen och f\u00f6rutom ett f\u00e4ngelsestraff p\u00e5 fyra \u00e5r riskerar brevb\u00e4raren yrkesf\u00f6rbud i sex \u00e5r. Det \u00e5talade arbetade vid Sociedad Estatal de Correos y Tel\u00e9grafos S.A. med att sortera och dela ut post i Marbella.<\/p>\n<p>Under perioden augusti 2013 till januari 2014 misst\u00e4nks brevb\u00e4raren ha f\u00f6rvarat och br\u00e4nt post som skulle ha delats ut. Den 24 januari 2014 kom polisen brevb\u00e4raren p\u00e5 sp\u00e5ren n\u00e4r denne br\u00e4nde postf\u00f6rs\u00e4ndelser i sin bostad klockan 18.30.<\/p>\n<p>Polisen kunde vid tillslaget i bostaden komma \u00f6ver 3.583 brev. Hur m\u00e5nga som br\u00e4nts totalt \u00e4r oklart skriver nyhetsbyr\u00e5n EFE. <\/p>\n","protected":false},"excerpt":{"rendered":"<p>En brevb\u00e4rare i Marbella riskerar att d\u00f6mas till fyra \u00e5rs f\u00e4ngelse efter att ha f\u00f6rs\u00f6kt br\u00e4nna upp brev och postf\u00f6rs\u00e4ndelser. Polisen kom brevb\u00e4raren p\u00e5 sp\u00e5ren n\u00e4r denne h\u00f6ll p\u00e5 att br\u00e4nna upp brev &#8211; f\u00f6r att inte bli avsl\u00f6jad&#8230; P\u00e5 torsdag h\u00e5lls r\u00e4tteg\u00e5ngen och f\u00f6rutom ett f\u00e4ngelsestraff p\u00e5 fyra \u00e5r riskerar brevb\u00e4raren yrkesf\u00f6rbud i sex [&hellip;]<\/p>\n","protected":false},"author":8,"featured_media":23186,"comment_status":"open","ping_status":"open","sticky":false,"template":"","format":"standard","meta":{"_et_pb_use_builder":"","_et_pb_old_content":"","_et_gb_content_width":"","footnotes":""},"categories":[395,3],"tags":[],"class_list":["post-23185","post","type-post","status-publish","format-standard","has-post-thumbnail","hentry","category-arkiv-nyheter","category-nyheter"],"yoast_head":"<!-- This site is optimized with the Yoast SEO Premium plugin v26.2 (Yoast SEO v27.4) - https:\/\/yoast.com\/product\/yoast-seo-premium-wordpress\/ -->\n<title>Brevb\u00e4rare br\u00e4nde upp post i sin bostad - Svenska Magasinet<\/title>\n<meta name=\"robots\" content=\"noindex, follow, max-snippet:-1, max-image-preview:large, max-video-preview:-1\" \/>\n<meta property=\"og:locale\" content=\"sv_SE\" \/>\n<meta property=\"og:type\" content=\"article\" \/>\n<meta property=\"og:title\" content=\"Brevb\u00e4rare br\u00e4nde upp post i sin bostad\" \/>\n<meta property=\"og:description\" content=\"En brevb\u00e4rare i Marbella riskerar att d\u00f6mas till fyra \u00e5rs f\u00e4ngelse efter att ha f\u00f6rs\u00f6kt br\u00e4nna upp brev och postf\u00f6rs\u00e4ndelser. Polisen kom brevb\u00e4raren p\u00e5 sp\u00e5ren n\u00e4r denne h\u00f6ll p\u00e5 att br\u00e4nna upp brev &#8211; f\u00f6r att inte bli avsl\u00f6jad&#8230; P\u00e5 torsdag h\u00e5lls r\u00e4tteg\u00e5ngen och f\u00f6rutom ett f\u00e4ngelsestraff p\u00e5 fyra \u00e5r riskerar brevb\u00e4raren yrkesf\u00f6rbud i sex [&hellip;]\" \/>\n<meta property=\"og:url\" content=\"https:\/\/lightweb.dev\/l\/svm-temp\/nyheter\/brevbarare-brande-upp-post-i-sin-bostad\/\" \/>\n<meta property=\"og:site_name\" content=\"Svenska Magasinet\" \/>\n<meta property=\"article:publisher\" content=\"https:\/\/www.facebook.com\/svenskamagasinet\" \/>\n<meta property=\"article:published_time\" content=\"2015-11-21T23:00:00+00:00\" \/>\n<meta property=\"og:image\" content=\"https:\/\/lightweb.dev\/l\/svm-temp\/wp-content\/uploads\/2022\/06\/brevbarare-brande-upp-post-i-sin-bostad.png\" \/>\n\t<meta property=\"og:image:width\" content=\"280\" \/>\n\t<meta property=\"og:image:height\" content=\"210\" \/>\n\t<meta property=\"og:image:type\" content=\"image\/png\" \/>\n<meta name=\"author\" content=\"Redaktionen SvM\" \/>\n<meta name=\"twitter:card\" content=\"summary_large_image\" \/>\n<meta name=\"twitter:creator\" content=\"@SvenskaMagasine\" \/>\n<meta name=\"twitter:site\" content=\"@SvenskaMagasine\" \/>\n<script type=\"application\/ld+json\" class=\"yoast-schema-graph\">{\"@context\":\"https:\\\/\\\/schema.org\",\"@graph\":[{\"@type\":\"Article\",\"@id\":\"https:\\\/\\\/lightweb.dev\\\/l\\\/svm-temp\\\/nyheter\\\/brevbarare-brande-upp-post-i-sin-bostad\\\/#article\",\"isPartOf\":{\"@id\":\"https:\\\/\\\/lightweb.dev\\\/l\\\/svm-temp\\\/nyheter\\\/brevbarare-brande-upp-post-i-sin-bostad\\\/\"},\"author\":{\"name\":\"Redaktionen SvM\",\"@id\":\"https:\\\/\\\/lightweb.dev\\\/l\\\/svm-temp\\\/#\\\/schema\\\/person\\\/206a3bda5b607b0c25e1749191e4d837\"},\"headline\":\"Brevb\u00e4rare br\u00e4nde upp post i sin bostad\",\"datePublished\":\"2015-11-21T23:00:00+00:00\",\"mainEntityOfPage\":{\"@id\":\"https:\\\/\\\/lightweb.dev\\\/l\\\/svm-temp\\\/nyheter\\\/brevbarare-brande-upp-post-i-sin-bostad\\\/\"},\"wordCount\":173,\"commentCount\":0,\"publisher\":{\"@id\":\"https:\\\/\\\/lightweb.dev\\\/l\\\/svm-temp\\\/#organization\"},\"image\":{\"@id\":\"https:\\\/\\\/lightweb.dev\\\/l\\\/svm-temp\\\/nyheter\\\/brevbarare-brande-upp-post-i-sin-bostad\\\/#primaryimage\"},\"thumbnailUrl\":\"https:\\\/\\\/lightweb.dev\\\/l\\\/svm-temp\\\/wp-content\\\/uploads\\\/2022\\\/06\\\/brevbarare-brande-upp-post-i-sin-bostad.png\",\"articleSection\":[\"Arkiv\",\"Nyheter\"],\"inLanguage\":\"sv-SE\"},{\"@type\":\"WebPage\",\"@id\":\"https:\\\/\\\/lightweb.dev\\\/l\\\/svm-temp\\\/nyheter\\\/brevbarare-brande-upp-post-i-sin-bostad\\\/\",\"url\":\"https:\\\/\\\/lightweb.dev\\\/l\\\/svm-temp\\\/nyheter\\\/brevbarare-brande-upp-post-i-sin-bostad\\\/\",\"name\":\"Brevb\u00e4rare br\u00e4nde upp post i sin bostad - Svenska Magasinet\",\"isPartOf\":{\"@id\":\"https:\\\/\\\/lightweb.dev\\\/l\\\/svm-temp\\\/#website\"},\"primaryImageOfPage\":{\"@id\":\"https:\\\/\\\/lightweb.dev\\\/l\\\/svm-temp\\\/nyheter\\\/brevbarare-brande-upp-post-i-sin-bostad\\\/#primaryimage\"},\"image\":{\"@id\":\"https:\\\/\\\/lightweb.dev\\\/l\\\/svm-temp\\\/nyheter\\\/brevbarare-brande-upp-post-i-sin-bostad\\\/#primaryimage\"},\"thumbnailUrl\":\"https:\\\/\\\/lightweb.dev\\\/l\\\/svm-temp\\\/wp-content\\\/uploads\\\/2022\\\/06\\\/brevbarare-brande-upp-post-i-sin-bostad.png\",\"datePublished\":\"2015-11-21T23:00:00+00:00\",\"breadcrumb\":{\"@id\":\"https:\\\/\\\/lightweb.dev\\\/l\\\/svm-temp\\\/nyheter\\\/brevbarare-brande-upp-post-i-sin-bostad\\\/#breadcrumb\"},\"inLanguage\":\"sv-SE\",\"potentialAction\":[{\"@type\":\"ReadAction\",\"target\":[\"https:\\\/\\\/lightweb.dev\\\/l\\\/svm-temp\\\/nyheter\\\/brevbarare-brande-upp-post-i-sin-bostad\\\/\"]}]},{\"@type\":\"ImageObject\",\"inLanguage\":\"sv-SE\",\"@id\":\"https:\\\/\\\/lightweb.dev\\\/l\\\/svm-temp\\\/nyheter\\\/brevbarare-brande-upp-post-i-sin-bostad\\\/#primaryimage\",\"url\":\"https:\\\/\\\/lightweb.dev\\\/l\\\/svm-temp\\\/wp-content\\\/uploads\\\/2022\\\/06\\\/brevbarare-brande-upp-post-i-sin-bostad.png\",\"contentUrl\":\"https:\\\/\\\/lightweb.dev\\\/l\\\/svm-temp\\\/wp-content\\\/uploads\\\/2022\\\/06\\\/brevbarare-brande-upp-post-i-sin-bostad.png\",\"width\":280,\"height\":210},{\"@type\":\"BreadcrumbList\",\"@id\":\"https:\\\/\\\/lightweb.dev\\\/l\\\/svm-temp\\\/nyheter\\\/brevbarare-brande-upp-post-i-sin-bostad\\\/#breadcrumb\",\"itemListElement\":[{\"@type\":\"ListItem\",\"position\":1,\"name\":\"Hem\",\"item\":\"https:\\\/\\\/lightweb.dev\\\/l\\\/svm-temp\\\/\"},{\"@type\":\"ListItem\",\"position\":2,\"name\":\"Brevb\u00e4rare br\u00e4nde upp post i sin bostad\"}]},{\"@type\":\"WebSite\",\"@id\":\"https:\\\/\\\/lightweb.dev\\\/l\\\/svm-temp\\\/#website\",\"url\":\"https:\\\/\\\/lightweb.dev\\\/l\\\/svm-temp\\\/\",\"name\":\"Svenska Magasinet\",\"description\":\"Dina Spanska nyheter p&aring; Svenska\",\"publisher\":{\"@id\":\"https:\\\/\\\/lightweb.dev\\\/l\\\/svm-temp\\\/#organization\"},\"potentialAction\":[{\"@type\":\"SearchAction\",\"target\":{\"@type\":\"EntryPoint\",\"urlTemplate\":\"https:\\\/\\\/lightweb.dev\\\/l\\\/svm-temp\\\/?s={search_term_string}\"},\"query-input\":{\"@type\":\"PropertyValueSpecification\",\"valueRequired\":true,\"valueName\":\"search_term_string\"}}],\"inLanguage\":\"sv-SE\"},{\"@type\":\"Organization\",\"@id\":\"https:\\\/\\\/lightweb.dev\\\/l\\\/svm-temp\\\/#organization\",\"name\":\"Melkerson y Nott SL\",\"alternateName\":\"Svenska Magasinet\",\"url\":\"https:\\\/\\\/lightweb.dev\\\/l\\\/svm-temp\\\/\",\"logo\":{\"@type\":\"ImageObject\",\"inLanguage\":\"sv-SE\",\"@id\":\"https:\\\/\\\/lightweb.dev\\\/l\\\/svm-temp\\\/#\\\/schema\\\/logo\\\/image\\\/\",\"url\":\"https:\\\/\\\/lightweb.dev\\\/l\\\/svm-temp\\\/wp-content\\\/uploads\\\/2025\\\/02\\\/SvM-logo-Xtra-Centrerad-SVART.png\",\"contentUrl\":\"https:\\\/\\\/lightweb.dev\\\/l\\\/svm-temp\\\/wp-content\\\/uploads\\\/2025\\\/02\\\/SvM-logo-Xtra-Centrerad-SVART.png\",\"width\":300,\"height\":99,\"caption\":\"Melkerson y Nott SL\"},\"image\":{\"@id\":\"https:\\\/\\\/lightweb.dev\\\/l\\\/svm-temp\\\/#\\\/schema\\\/logo\\\/image\\\/\"},\"sameAs\":[\"https:\\\/\\\/www.facebook.com\\\/svenskamagasinet\",\"https:\\\/\\\/x.com\\\/SvenskaMagasine\"]},{\"@type\":\"Person\",\"@id\":\"https:\\\/\\\/lightweb.dev\\\/l\\\/svm-temp\\\/#\\\/schema\\\/person\\\/206a3bda5b607b0c25e1749191e4d837\",\"name\":\"Redaktionen SvM\",\"description\":\"Redaktionen\",\"sameAs\":[\"https:\\\/\\\/lightweb.dev\\\/l\\\/svm-temp\"],\"url\":\"https:\\\/\\\/lightweb.dev\\\/l\\\/svm-temp\\\/reporter\\\/redaktionen\\\/\"}]}<\/script>\n<!-- \/ Yoast SEO Premium plugin. -->","yoast_head_json":{"title":"Brevb\u00e4rare br\u00e4nde upp post i sin bostad - Svenska Magasinet","robots":{"index":"noindex","follow":"follow","max-snippet":"max-snippet:-1","max-image-preview":"max-image-preview:large","max-video-preview":"max-video-preview:-1"},"og_locale":"sv_SE","og_type":"article","og_title":"Brevb\u00e4rare br\u00e4nde upp post i sin bostad","og_description":"En brevb\u00e4rare i Marbella riskerar att d\u00f6mas till fyra \u00e5rs f\u00e4ngelse efter att ha f\u00f6rs\u00f6kt br\u00e4nna upp brev och postf\u00f6rs\u00e4ndelser. Polisen kom brevb\u00e4raren p\u00e5 sp\u00e5ren n\u00e4r denne h\u00f6ll p\u00e5 att br\u00e4nna upp brev &#8211; f\u00f6r att inte bli avsl\u00f6jad&#8230; P\u00e5 torsdag h\u00e5lls r\u00e4tteg\u00e5ngen och f\u00f6rutom ett f\u00e4ngelsestraff p\u00e5 fyra \u00e5r riskerar brevb\u00e4raren yrkesf\u00f6rbud i sex [&hellip;]","og_url":"https:\/\/lightweb.dev\/l\/svm-temp\/nyheter\/brevbarare-brande-upp-post-i-sin-bostad\/","og_site_name":"Svenska Magasinet","article_publisher":"https:\/\/www.facebook.com\/svenskamagasinet","article_published_time":"2015-11-21T23:00:00+00:00","og_image":[{"width":280,"height":210,"url":"https:\/\/lightweb.dev\/l\/svm-temp\/wp-content\/uploads\/2022\/06\/brevbarare-brande-upp-post-i-sin-bostad.png","type":"image\/png"}],"author":"Redaktionen SvM","twitter_card":"summary_large_image","twitter_creator":"@SvenskaMagasine","twitter_site":"@SvenskaMagasine","schema":{"@context":"https:\/\/schema.org","@graph":[{"@type":"Article","@id":"https:\/\/lightweb.dev\/l\/svm-temp\/nyheter\/brevbarare-brande-upp-post-i-sin-bostad\/#article","isPartOf":{"@id":"https:\/\/lightweb.dev\/l\/svm-temp\/nyheter\/brevbarare-brande-upp-post-i-sin-bostad\/"},"author":{"name":"Redaktionen SvM","@id":"https:\/\/lightweb.dev\/l\/svm-temp\/#\/schema\/person\/206a3bda5b607b0c25e1749191e4d837"},"headline":"Brevb\u00e4rare br\u00e4nde upp post i sin bostad","datePublished":"2015-11-21T23:00:00+00:00","mainEntityOfPage":{"@id":"https:\/\/lightweb.dev\/l\/svm-temp\/nyheter\/brevbarare-brande-upp-post-i-sin-bostad\/"},"wordCount":173,"commentCount":0,"publisher":{"@id":"https:\/\/lightweb.dev\/l\/svm-temp\/#organization"},"image":{"@id":"https:\/\/lightweb.dev\/l\/svm-temp\/nyheter\/brevbarare-brande-upp-post-i-sin-bostad\/#primaryimage"},"thumbnailUrl":"https:\/\/lightweb.dev\/l\/svm-temp\/wp-content\/uploads\/2022\/06\/brevbarare-brande-upp-post-i-sin-bostad.png","articleSection":["Arkiv","Nyheter"],"inLanguage":"sv-SE"},{"@type":"WebPage","@id":"https:\/\/lightweb.dev\/l\/svm-temp\/nyheter\/brevbarare-brande-upp-post-i-sin-bostad\/","url":"https:\/\/lightweb.dev\/l\/svm-temp\/nyheter\/brevbarare-brande-upp-post-i-sin-bostad\/","name":"Brevb\u00e4rare br\u00e4nde upp post i sin bostad - Svenska Magasinet","isPartOf":{"@id":"https:\/\/lightweb.dev\/l\/svm-temp\/#website"},"primaryImageOfPage":{"@id":"https:\/\/lightweb.dev\/l\/svm-temp\/nyheter\/brevbarare-brande-upp-post-i-sin-bostad\/#primaryimage"},"image":{"@id":"https:\/\/lightweb.dev\/l\/svm-temp\/nyheter\/brevbarare-brande-upp-post-i-sin-bostad\/#primaryimage"},"thumbnailUrl":"https:\/\/lightweb.dev\/l\/svm-temp\/wp-content\/uploads\/2022\/06\/brevbarare-brande-upp-post-i-sin-bostad.png","datePublished":"2015-11-21T23:00:00+00:00","breadcrumb":{"@id":"https:\/\/lightweb.dev\/l\/svm-temp\/nyheter\/brevbarare-brande-upp-post-i-sin-bostad\/#breadcrumb"},"inLanguage":"sv-SE","potentialAction":[{"@type":"ReadAction","target":["https:\/\/lightweb.dev\/l\/svm-temp\/nyheter\/brevbarare-brande-upp-post-i-sin-bostad\/"]}]},{"@type":"ImageObject","inLanguage":"sv-SE","@id":"https:\/\/lightweb.dev\/l\/svm-temp\/nyheter\/brevbarare-brande-upp-post-i-sin-bostad\/#primaryimage","url":"https:\/\/lightweb.dev\/l\/svm-temp\/wp-content\/uploads\/2022\/06\/brevbarare-brande-upp-post-i-sin-bostad.png","contentUrl":"https:\/\/lightweb.dev\/l\/svm-temp\/wp-content\/uploads\/2022\/06\/brevbarare-brande-upp-post-i-sin-bostad.png","width":280,"height":210},{"@type":"BreadcrumbList","@id":"https:\/\/lightweb.dev\/l\/svm-temp\/nyheter\/brevbarare-brande-upp-post-i-sin-bostad\/#breadcrumb","itemListElement":[{"@type":"ListItem","position":1,"name":"Hem","item":"https:\/\/lightweb.dev\/l\/svm-temp\/"},{"@type":"ListItem","position":2,"name":"Brevb\u00e4rare br\u00e4nde upp post i sin bostad"}]},{"@type":"WebSite","@id":"https:\/\/lightweb.dev\/l\/svm-temp\/#website","url":"https:\/\/lightweb.dev\/l\/svm-temp\/","name":"Svenska Magasinet","description":"Dina Spanska nyheter p&aring; Svenska","publisher":{"@id":"https:\/\/lightweb.dev\/l\/svm-temp\/#organization"},"potentialAction":[{"@type":"SearchAction","target":{"@type":"EntryPoint","urlTemplate":"https:\/\/lightweb.dev\/l\/svm-temp\/?s={search_term_string}"},"query-input":{"@type":"PropertyValueSpecification","valueRequired":true,"valueName":"search_term_string"}}],"inLanguage":"sv-SE"},{"@type":"Organization","@id":"https:\/\/lightweb.dev\/l\/svm-temp\/#organization","name":"Melkerson y Nott SL","alternateName":"Svenska Magasinet","url":"https:\/\/lightweb.dev\/l\/svm-temp\/","logo":{"@type":"ImageObject","inLanguage":"sv-SE","@id":"https:\/\/lightweb.dev\/l\/svm-temp\/#\/schema\/logo\/image\/","url":"https:\/\/lightweb.dev\/l\/svm-temp\/wp-content\/uploads\/2025\/02\/SvM-logo-Xtra-Centrerad-SVART.png","contentUrl":"https:\/\/lightweb.dev\/l\/svm-temp\/wp-content\/uploads\/2025\/02\/SvM-logo-Xtra-Centrerad-SVART.png","width":300,"height":99,"caption":"Melkerson y Nott SL"},"image":{"@id":"https:\/\/lightweb.dev\/l\/svm-temp\/#\/schema\/logo\/image\/"},"sameAs":["https:\/\/www.facebook.com\/svenskamagasinet","https:\/\/x.com\/SvenskaMagasine"]},{"@type":"Person","@id":"https:\/\/lightweb.dev\/l\/svm-temp\/#\/schema\/person\/206a3bda5b607b0c25e1749191e4d837","name":"Redaktionen SvM","description":"Redaktionen","sameAs":["https:\/\/lightweb.dev\/l\/svm-temp"],"url":"https:\/\/lightweb.dev\/l\/svm-temp\/reporter\/redaktionen\/"}]}},"_links":{"self":[{"href":"https:\/\/lightweb.dev\/l\/svm-temp\/wp-json\/wp\/v2\/posts\/23185","targetHints":{"allow":["GET"]}}],"collection":[{"href":"https:\/\/lightweb.dev\/l\/svm-temp\/wp-json\/wp\/v2\/posts"}],"about":[{"href":"https:\/\/lightweb.dev\/l\/svm-temp\/wp-json\/wp\/v2\/types\/post"}],"author":[{"embeddable":true,"href":"https:\/\/lightweb.dev\/l\/svm-temp\/wp-json\/wp\/v2\/users\/8"}],"replies":[{"embeddable":true,"href":"https:\/\/lightweb.dev\/l\/svm-temp\/wp-json\/wp\/v2\/comments?post=23185"}],"version-history":[{"count":0,"href":"https:\/\/lightweb.dev\/l\/svm-temp\/wp-json\/wp\/v2\/posts\/23185\/revisions"}],"wp:featuredmedia":[{"embeddable":true,"href":"https:\/\/lightweb.dev\/l\/svm-temp\/wp-json\/wp\/v2\/media\/23186"}],"wp:attachment":[{"href":"https:\/\/lightweb.dev\/l\/svm-temp\/wp-json\/wp\/v2\/media?parent=23185"}],"wp:term":[{"taxonomy":"category","embeddable":true,"href":"https:\/\/lightweb.dev\/l\/svm-temp\/wp-json\/wp\/v2\/categories?post=23185"},{"taxonomy":"post_tag","embeddable":true,"href":"https:\/\/lightweb.dev\/l\/svm-temp\/wp-json\/wp\/v2\/tags?post=23185"}],"curies":[{"name":"wp","href":"https:\/\/api.w.org\/{rel}","templated":true}]}}