{"id":23189,"date":"2015-11-20T00:00:00","date_gmt":"2015-11-19T23:00:00","guid":{"rendered":"https:\/\/lightweb.dev\/l\/svm-temp\/nyheter\/gjorde-fotomontage-om-pastadd-bevapnad-jihadist-i-malaga\/"},"modified":"2015-11-20T00:00:00","modified_gmt":"2015-11-19T23:00:00","slug":"gjorde-fotomontage-om-pastadd-bevapnad-jihadist-i-malaga","status":"publish","type":"post","link":"https:\/\/lightweb.dev\/l\/svm-temp\/nyheter\/gjorde-fotomontage-om-pastadd-bevapnad-jihadist-i-malaga\/","title":{"rendered":"Gjorde fotomontage om p\u00e5st\u00e5dd bev\u00e4pnad jihadist i M\u00e1laga"},"content":{"rendered":"<p> En ung student p\u00e5 18 \u00e5r har avsl\u00f6jats av spansk nationalpolis efter att ha gjort ett fotomontage av en digital sida av El Pais och p\u00e5st\u00e5tt att en bev\u00e4pnad jihadist hade tillf\u00e5ngatagits i k\u00f6pcentret Vialia i M\u00e1laga centrum. Meddelandet spred 18-\u00e5ringen p\u00e5 sociala n\u00e4tverk skriver Diario SUR och La Opini\u00f3n de M\u00e1laga.<\/p>\n<p>Mannen riskerar nu att d\u00f6mas f\u00f6r att ha st\u00f6rt den allm\u00e4nna ordningen och skapat oro i samh\u00e4llet. Det var i tisdags som \u201dnyheten\u201d spreds i olika sociala n\u00e4tverk om en bev\u00e4pnad terrorist i ett k\u00f6pcentrum i M\u00e0laga. Nationalpolisen inledde en unders\u00f6kning f\u00f6r att sp\u00e5ra den ansvarige.<\/p>\n<p>Polisen g\u00e5r nu ut med information till befolkningen att inte medverka till att sprida eller vidarebefordra oriktiga uppgifter som e-post eller p\u00e5 sociala n\u00e4tverk om det inte kommer fr\u00e5n officiella k\u00e4llor.<\/p>\n<p>Spridning av falska uppgifter \u00e4r brottsligt och bidrar till ett tillst\u00e5nd av os\u00e4kerhet. Spred falska uppgifter om terroristattentat i Estepona<\/p>\n","protected":false},"excerpt":{"rendered":"<p>En ung student p\u00e5 18 \u00e5r har avsl\u00f6jats av spansk nationalpolis efter att ha gjort ett fotomontage av en digital sida av El Pais och p\u00e5st\u00e5tt att en bev\u00e4pnad jihadist hade tillf\u00e5ngatagits i k\u00f6pcentret Vialia i M\u00e1laga centrum. Meddelandet spred 18-\u00e5ringen p\u00e5 sociala n\u00e4tverk skriver Diario SUR och La Opini\u00f3n de M\u00e1laga. Mannen riskerar nu [&hellip;]<\/p>\n","protected":false},"author":8,"featured_media":23190,"comment_status":"open","ping_status":"open","sticky":false,"template":"","format":"standard","meta":{"_et_pb_use_builder":"","_et_pb_old_content":"","_et_gb_content_width":"","footnotes":""},"categories":[395,3],"tags":[],"class_list":["post-23189","post","type-post","status-publish","format-standard","has-post-thumbnail","hentry","category-arkiv-nyheter","category-nyheter"],"yoast_head":"<!-- This site is optimized with the Yoast SEO Premium plugin v26.2 (Yoast SEO v27.4) - https:\/\/yoast.com\/product\/yoast-seo-premium-wordpress\/ -->\n<title>Gjorde fotomontage om p\u00e5st\u00e5dd bev\u00e4pnad jihadist i M\u00e1laga - Svenska Magasinet<\/title>\n<meta name=\"robots\" content=\"noindex, follow, max-snippet:-1, max-image-preview:large, max-video-preview:-1\" \/>\n<meta property=\"og:locale\" content=\"sv_SE\" \/>\n<meta property=\"og:type\" content=\"article\" \/>\n<meta property=\"og:title\" content=\"Gjorde fotomontage om p\u00e5st\u00e5dd bev\u00e4pnad jihadist i M\u00e1laga\" \/>\n<meta property=\"og:description\" content=\"En ung student p\u00e5 18 \u00e5r har avsl\u00f6jats av spansk nationalpolis efter att ha gjort ett fotomontage av en digital sida av El Pais och p\u00e5st\u00e5tt att en bev\u00e4pnad jihadist hade tillf\u00e5ngatagits i k\u00f6pcentret Vialia i M\u00e1laga centrum. Meddelandet spred 18-\u00e5ringen p\u00e5 sociala n\u00e4tverk skriver Diario SUR och La Opini\u00f3n de M\u00e1laga. Mannen riskerar nu [&hellip;]\" \/>\n<meta property=\"og:url\" content=\"https:\/\/lightweb.dev\/l\/svm-temp\/nyheter\/gjorde-fotomontage-om-pastadd-bevapnad-jihadist-i-malaga\/\" \/>\n<meta property=\"og:site_name\" content=\"Svenska Magasinet\" \/>\n<meta property=\"article:publisher\" content=\"https:\/\/www.facebook.com\/svenskamagasinet\" \/>\n<meta property=\"article:published_time\" content=\"2015-11-19T23:00:00+00:00\" \/>\n<meta property=\"og:image\" content=\"https:\/\/lightweb.dev\/l\/svm-temp\/wp-content\/uploads\/2022\/06\/gjorde-fotomontage-om-pastadd-bevapnad-jihadist-i-malaga.png\" \/>\n\t<meta property=\"og:image:width\" content=\"321\" \/>\n\t<meta property=\"og:image:height\" content=\"200\" \/>\n\t<meta property=\"og:image:type\" content=\"image\/png\" \/>\n<meta name=\"author\" content=\"Redaktionen SvM\" \/>\n<meta name=\"twitter:card\" content=\"summary_large_image\" \/>\n<meta name=\"twitter:creator\" content=\"@SvenskaMagasine\" \/>\n<meta name=\"twitter:site\" content=\"@SvenskaMagasine\" \/>\n<script type=\"application\/ld+json\" class=\"yoast-schema-graph\">{\"@context\":\"https:\\\/\\\/schema.org\",\"@graph\":[{\"@type\":\"Article\",\"@id\":\"https:\\\/\\\/lightweb.dev\\\/l\\\/svm-temp\\\/nyheter\\\/gjorde-fotomontage-om-pastadd-bevapnad-jihadist-i-malaga\\\/#article\",\"isPartOf\":{\"@id\":\"https:\\\/\\\/lightweb.dev\\\/l\\\/svm-temp\\\/nyheter\\\/gjorde-fotomontage-om-pastadd-bevapnad-jihadist-i-malaga\\\/\"},\"author\":{\"name\":\"Redaktionen SvM\",\"@id\":\"https:\\\/\\\/lightweb.dev\\\/l\\\/svm-temp\\\/#\\\/schema\\\/person\\\/206a3bda5b607b0c25e1749191e4d837\"},\"headline\":\"Gjorde fotomontage om p\u00e5st\u00e5dd bev\u00e4pnad jihadist i M\u00e1laga\",\"datePublished\":\"2015-11-19T23:00:00+00:00\",\"mainEntityOfPage\":{\"@id\":\"https:\\\/\\\/lightweb.dev\\\/l\\\/svm-temp\\\/nyheter\\\/gjorde-fotomontage-om-pastadd-bevapnad-jihadist-i-malaga\\\/\"},\"wordCount\":189,\"commentCount\":0,\"publisher\":{\"@id\":\"https:\\\/\\\/lightweb.dev\\\/l\\\/svm-temp\\\/#organization\"},\"image\":{\"@id\":\"https:\\\/\\\/lightweb.dev\\\/l\\\/svm-temp\\\/nyheter\\\/gjorde-fotomontage-om-pastadd-bevapnad-jihadist-i-malaga\\\/#primaryimage\"},\"thumbnailUrl\":\"https:\\\/\\\/lightweb.dev\\\/l\\\/svm-temp\\\/wp-content\\\/uploads\\\/2022\\\/06\\\/gjorde-fotomontage-om-pastadd-bevapnad-jihadist-i-malaga.png\",\"articleSection\":[\"Arkiv\",\"Nyheter\"],\"inLanguage\":\"sv-SE\"},{\"@type\":\"WebPage\",\"@id\":\"https:\\\/\\\/lightweb.dev\\\/l\\\/svm-temp\\\/nyheter\\\/gjorde-fotomontage-om-pastadd-bevapnad-jihadist-i-malaga\\\/\",\"url\":\"https:\\\/\\\/lightweb.dev\\\/l\\\/svm-temp\\\/nyheter\\\/gjorde-fotomontage-om-pastadd-bevapnad-jihadist-i-malaga\\\/\",\"name\":\"Gjorde fotomontage om p\u00e5st\u00e5dd bev\u00e4pnad jihadist i M\u00e1laga - Svenska Magasinet\",\"isPartOf\":{\"@id\":\"https:\\\/\\\/lightweb.dev\\\/l\\\/svm-temp\\\/#website\"},\"primaryImageOfPage\":{\"@id\":\"https:\\\/\\\/lightweb.dev\\\/l\\\/svm-temp\\\/nyheter\\\/gjorde-fotomontage-om-pastadd-bevapnad-jihadist-i-malaga\\\/#primaryimage\"},\"image\":{\"@id\":\"https:\\\/\\\/lightweb.dev\\\/l\\\/svm-temp\\\/nyheter\\\/gjorde-fotomontage-om-pastadd-bevapnad-jihadist-i-malaga\\\/#primaryimage\"},\"thumbnailUrl\":\"https:\\\/\\\/lightweb.dev\\\/l\\\/svm-temp\\\/wp-content\\\/uploads\\\/2022\\\/06\\\/gjorde-fotomontage-om-pastadd-bevapnad-jihadist-i-malaga.png\",\"datePublished\":\"2015-11-19T23:00:00+00:00\",\"breadcrumb\":{\"@id\":\"https:\\\/\\\/lightweb.dev\\\/l\\\/svm-temp\\\/nyheter\\\/gjorde-fotomontage-om-pastadd-bevapnad-jihadist-i-malaga\\\/#breadcrumb\"},\"inLanguage\":\"sv-SE\",\"potentialAction\":[{\"@type\":\"ReadAction\",\"target\":[\"https:\\\/\\\/lightweb.dev\\\/l\\\/svm-temp\\\/nyheter\\\/gjorde-fotomontage-om-pastadd-bevapnad-jihadist-i-malaga\\\/\"]}]},{\"@type\":\"ImageObject\",\"inLanguage\":\"sv-SE\",\"@id\":\"https:\\\/\\\/lightweb.dev\\\/l\\\/svm-temp\\\/nyheter\\\/gjorde-fotomontage-om-pastadd-bevapnad-jihadist-i-malaga\\\/#primaryimage\",\"url\":\"https:\\\/\\\/lightweb.dev\\\/l\\\/svm-temp\\\/wp-content\\\/uploads\\\/2022\\\/06\\\/gjorde-fotomontage-om-pastadd-bevapnad-jihadist-i-malaga.png\",\"contentUrl\":\"https:\\\/\\\/lightweb.dev\\\/l\\\/svm-temp\\\/wp-content\\\/uploads\\\/2022\\\/06\\\/gjorde-fotomontage-om-pastadd-bevapnad-jihadist-i-malaga.png\",\"width\":321,\"height\":200},{\"@type\":\"BreadcrumbList\",\"@id\":\"https:\\\/\\\/lightweb.dev\\\/l\\\/svm-temp\\\/nyheter\\\/gjorde-fotomontage-om-pastadd-bevapnad-jihadist-i-malaga\\\/#breadcrumb\",\"itemListElement\":[{\"@type\":\"ListItem\",\"position\":1,\"name\":\"Hem\",\"item\":\"https:\\\/\\\/lightweb.dev\\\/l\\\/svm-temp\\\/\"},{\"@type\":\"ListItem\",\"position\":2,\"name\":\"Gjorde fotomontage om p\u00e5st\u00e5dd bev\u00e4pnad jihadist i M\u00e1laga\"}]},{\"@type\":\"WebSite\",\"@id\":\"https:\\\/\\\/lightweb.dev\\\/l\\\/svm-temp\\\/#website\",\"url\":\"https:\\\/\\\/lightweb.dev\\\/l\\\/svm-temp\\\/\",\"name\":\"Svenska Magasinet\",\"description\":\"Dina Spanska nyheter p&aring; Svenska\",\"publisher\":{\"@id\":\"https:\\\/\\\/lightweb.dev\\\/l\\\/svm-temp\\\/#organization\"},\"potentialAction\":[{\"@type\":\"SearchAction\",\"target\":{\"@type\":\"EntryPoint\",\"urlTemplate\":\"https:\\\/\\\/lightweb.dev\\\/l\\\/svm-temp\\\/?s={search_term_string}\"},\"query-input\":{\"@type\":\"PropertyValueSpecification\",\"valueRequired\":true,\"valueName\":\"search_term_string\"}}],\"inLanguage\":\"sv-SE\"},{\"@type\":\"Organization\",\"@id\":\"https:\\\/\\\/lightweb.dev\\\/l\\\/svm-temp\\\/#organization\",\"name\":\"Melkerson y Nott SL\",\"alternateName\":\"Svenska Magasinet\",\"url\":\"https:\\\/\\\/lightweb.dev\\\/l\\\/svm-temp\\\/\",\"logo\":{\"@type\":\"ImageObject\",\"inLanguage\":\"sv-SE\",\"@id\":\"https:\\\/\\\/lightweb.dev\\\/l\\\/svm-temp\\\/#\\\/schema\\\/logo\\\/image\\\/\",\"url\":\"https:\\\/\\\/lightweb.dev\\\/l\\\/svm-temp\\\/wp-content\\\/uploads\\\/2025\\\/02\\\/SvM-logo-Xtra-Centrerad-SVART.png\",\"contentUrl\":\"https:\\\/\\\/lightweb.dev\\\/l\\\/svm-temp\\\/wp-content\\\/uploads\\\/2025\\\/02\\\/SvM-logo-Xtra-Centrerad-SVART.png\",\"width\":300,\"height\":99,\"caption\":\"Melkerson y Nott SL\"},\"image\":{\"@id\":\"https:\\\/\\\/lightweb.dev\\\/l\\\/svm-temp\\\/#\\\/schema\\\/logo\\\/image\\\/\"},\"sameAs\":[\"https:\\\/\\\/www.facebook.com\\\/svenskamagasinet\",\"https:\\\/\\\/x.com\\\/SvenskaMagasine\"]},{\"@type\":\"Person\",\"@id\":\"https:\\\/\\\/lightweb.dev\\\/l\\\/svm-temp\\\/#\\\/schema\\\/person\\\/206a3bda5b607b0c25e1749191e4d837\",\"name\":\"Redaktionen SvM\",\"description\":\"Redaktionen\",\"sameAs\":[\"https:\\\/\\\/lightweb.dev\\\/l\\\/svm-temp\"],\"url\":\"https:\\\/\\\/lightweb.dev\\\/l\\\/svm-temp\\\/reporter\\\/redaktionen\\\/\"}]}<\/script>\n<!-- \/ Yoast SEO Premium plugin. -->","yoast_head_json":{"title":"Gjorde fotomontage om p\u00e5st\u00e5dd bev\u00e4pnad jihadist i M\u00e1laga - Svenska Magasinet","robots":{"index":"noindex","follow":"follow","max-snippet":"max-snippet:-1","max-image-preview":"max-image-preview:large","max-video-preview":"max-video-preview:-1"},"og_locale":"sv_SE","og_type":"article","og_title":"Gjorde fotomontage om p\u00e5st\u00e5dd bev\u00e4pnad jihadist i M\u00e1laga","og_description":"En ung student p\u00e5 18 \u00e5r har avsl\u00f6jats av spansk nationalpolis efter att ha gjort ett fotomontage av en digital sida av El Pais och p\u00e5st\u00e5tt att en bev\u00e4pnad jihadist hade tillf\u00e5ngatagits i k\u00f6pcentret Vialia i M\u00e1laga centrum. Meddelandet spred 18-\u00e5ringen p\u00e5 sociala n\u00e4tverk skriver Diario SUR och La Opini\u00f3n de M\u00e1laga. Mannen riskerar nu [&hellip;]","og_url":"https:\/\/lightweb.dev\/l\/svm-temp\/nyheter\/gjorde-fotomontage-om-pastadd-bevapnad-jihadist-i-malaga\/","og_site_name":"Svenska Magasinet","article_publisher":"https:\/\/www.facebook.com\/svenskamagasinet","article_published_time":"2015-11-19T23:00:00+00:00","og_image":[{"width":321,"height":200,"url":"https:\/\/lightweb.dev\/l\/svm-temp\/wp-content\/uploads\/2022\/06\/gjorde-fotomontage-om-pastadd-bevapnad-jihadist-i-malaga.png","type":"image\/png"}],"author":"Redaktionen SvM","twitter_card":"summary_large_image","twitter_creator":"@SvenskaMagasine","twitter_site":"@SvenskaMagasine","schema":{"@context":"https:\/\/schema.org","@graph":[{"@type":"Article","@id":"https:\/\/lightweb.dev\/l\/svm-temp\/nyheter\/gjorde-fotomontage-om-pastadd-bevapnad-jihadist-i-malaga\/#article","isPartOf":{"@id":"https:\/\/lightweb.dev\/l\/svm-temp\/nyheter\/gjorde-fotomontage-om-pastadd-bevapnad-jihadist-i-malaga\/"},"author":{"name":"Redaktionen SvM","@id":"https:\/\/lightweb.dev\/l\/svm-temp\/#\/schema\/person\/206a3bda5b607b0c25e1749191e4d837"},"headline":"Gjorde fotomontage om p\u00e5st\u00e5dd bev\u00e4pnad jihadist i M\u00e1laga","datePublished":"2015-11-19T23:00:00+00:00","mainEntityOfPage":{"@id":"https:\/\/lightweb.dev\/l\/svm-temp\/nyheter\/gjorde-fotomontage-om-pastadd-bevapnad-jihadist-i-malaga\/"},"wordCount":189,"commentCount":0,"publisher":{"@id":"https:\/\/lightweb.dev\/l\/svm-temp\/#organization"},"image":{"@id":"https:\/\/lightweb.dev\/l\/svm-temp\/nyheter\/gjorde-fotomontage-om-pastadd-bevapnad-jihadist-i-malaga\/#primaryimage"},"thumbnailUrl":"https:\/\/lightweb.dev\/l\/svm-temp\/wp-content\/uploads\/2022\/06\/gjorde-fotomontage-om-pastadd-bevapnad-jihadist-i-malaga.png","articleSection":["Arkiv","Nyheter"],"inLanguage":"sv-SE"},{"@type":"WebPage","@id":"https:\/\/lightweb.dev\/l\/svm-temp\/nyheter\/gjorde-fotomontage-om-pastadd-bevapnad-jihadist-i-malaga\/","url":"https:\/\/lightweb.dev\/l\/svm-temp\/nyheter\/gjorde-fotomontage-om-pastadd-bevapnad-jihadist-i-malaga\/","name":"Gjorde fotomontage om p\u00e5st\u00e5dd bev\u00e4pnad jihadist i M\u00e1laga - Svenska Magasinet","isPartOf":{"@id":"https:\/\/lightweb.dev\/l\/svm-temp\/#website"},"primaryImageOfPage":{"@id":"https:\/\/lightweb.dev\/l\/svm-temp\/nyheter\/gjorde-fotomontage-om-pastadd-bevapnad-jihadist-i-malaga\/#primaryimage"},"image":{"@id":"https:\/\/lightweb.dev\/l\/svm-temp\/nyheter\/gjorde-fotomontage-om-pastadd-bevapnad-jihadist-i-malaga\/#primaryimage"},"thumbnailUrl":"https:\/\/lightweb.dev\/l\/svm-temp\/wp-content\/uploads\/2022\/06\/gjorde-fotomontage-om-pastadd-bevapnad-jihadist-i-malaga.png","datePublished":"2015-11-19T23:00:00+00:00","breadcrumb":{"@id":"https:\/\/lightweb.dev\/l\/svm-temp\/nyheter\/gjorde-fotomontage-om-pastadd-bevapnad-jihadist-i-malaga\/#breadcrumb"},"inLanguage":"sv-SE","potentialAction":[{"@type":"ReadAction","target":["https:\/\/lightweb.dev\/l\/svm-temp\/nyheter\/gjorde-fotomontage-om-pastadd-bevapnad-jihadist-i-malaga\/"]}]},{"@type":"ImageObject","inLanguage":"sv-SE","@id":"https:\/\/lightweb.dev\/l\/svm-temp\/nyheter\/gjorde-fotomontage-om-pastadd-bevapnad-jihadist-i-malaga\/#primaryimage","url":"https:\/\/lightweb.dev\/l\/svm-temp\/wp-content\/uploads\/2022\/06\/gjorde-fotomontage-om-pastadd-bevapnad-jihadist-i-malaga.png","contentUrl":"https:\/\/lightweb.dev\/l\/svm-temp\/wp-content\/uploads\/2022\/06\/gjorde-fotomontage-om-pastadd-bevapnad-jihadist-i-malaga.png","width":321,"height":200},{"@type":"BreadcrumbList","@id":"https:\/\/lightweb.dev\/l\/svm-temp\/nyheter\/gjorde-fotomontage-om-pastadd-bevapnad-jihadist-i-malaga\/#breadcrumb","itemListElement":[{"@type":"ListItem","position":1,"name":"Hem","item":"https:\/\/lightweb.dev\/l\/svm-temp\/"},{"@type":"ListItem","position":2,"name":"Gjorde fotomontage om p\u00e5st\u00e5dd bev\u00e4pnad jihadist i M\u00e1laga"}]},{"@type":"WebSite","@id":"https:\/\/lightweb.dev\/l\/svm-temp\/#website","url":"https:\/\/lightweb.dev\/l\/svm-temp\/","name":"Svenska Magasinet","description":"Dina Spanska nyheter p&aring; Svenska","publisher":{"@id":"https:\/\/lightweb.dev\/l\/svm-temp\/#organization"},"potentialAction":[{"@type":"SearchAction","target":{"@type":"EntryPoint","urlTemplate":"https:\/\/lightweb.dev\/l\/svm-temp\/?s={search_term_string}"},"query-input":{"@type":"PropertyValueSpecification","valueRequired":true,"valueName":"search_term_string"}}],"inLanguage":"sv-SE"},{"@type":"Organization","@id":"https:\/\/lightweb.dev\/l\/svm-temp\/#organization","name":"Melkerson y Nott SL","alternateName":"Svenska Magasinet","url":"https:\/\/lightweb.dev\/l\/svm-temp\/","logo":{"@type":"ImageObject","inLanguage":"sv-SE","@id":"https:\/\/lightweb.dev\/l\/svm-temp\/#\/schema\/logo\/image\/","url":"https:\/\/lightweb.dev\/l\/svm-temp\/wp-content\/uploads\/2025\/02\/SvM-logo-Xtra-Centrerad-SVART.png","contentUrl":"https:\/\/lightweb.dev\/l\/svm-temp\/wp-content\/uploads\/2025\/02\/SvM-logo-Xtra-Centrerad-SVART.png","width":300,"height":99,"caption":"Melkerson y Nott SL"},"image":{"@id":"https:\/\/lightweb.dev\/l\/svm-temp\/#\/schema\/logo\/image\/"},"sameAs":["https:\/\/www.facebook.com\/svenskamagasinet","https:\/\/x.com\/SvenskaMagasine"]},{"@type":"Person","@id":"https:\/\/lightweb.dev\/l\/svm-temp\/#\/schema\/person\/206a3bda5b607b0c25e1749191e4d837","name":"Redaktionen SvM","description":"Redaktionen","sameAs":["https:\/\/lightweb.dev\/l\/svm-temp"],"url":"https:\/\/lightweb.dev\/l\/svm-temp\/reporter\/redaktionen\/"}]}},"_links":{"self":[{"href":"https:\/\/lightweb.dev\/l\/svm-temp\/wp-json\/wp\/v2\/posts\/23189","targetHints":{"allow":["GET"]}}],"collection":[{"href":"https:\/\/lightweb.dev\/l\/svm-temp\/wp-json\/wp\/v2\/posts"}],"about":[{"href":"https:\/\/lightweb.dev\/l\/svm-temp\/wp-json\/wp\/v2\/types\/post"}],"author":[{"embeddable":true,"href":"https:\/\/lightweb.dev\/l\/svm-temp\/wp-json\/wp\/v2\/users\/8"}],"replies":[{"embeddable":true,"href":"https:\/\/lightweb.dev\/l\/svm-temp\/wp-json\/wp\/v2\/comments?post=23189"}],"version-history":[{"count":0,"href":"https:\/\/lightweb.dev\/l\/svm-temp\/wp-json\/wp\/v2\/posts\/23189\/revisions"}],"wp:featuredmedia":[{"embeddable":true,"href":"https:\/\/lightweb.dev\/l\/svm-temp\/wp-json\/wp\/v2\/media\/23190"}],"wp:attachment":[{"href":"https:\/\/lightweb.dev\/l\/svm-temp\/wp-json\/wp\/v2\/media?parent=23189"}],"wp:term":[{"taxonomy":"category","embeddable":true,"href":"https:\/\/lightweb.dev\/l\/svm-temp\/wp-json\/wp\/v2\/categories?post=23189"},{"taxonomy":"post_tag","embeddable":true,"href":"https:\/\/lightweb.dev\/l\/svm-temp\/wp-json\/wp\/v2\/tags?post=23189"}],"curies":[{"name":"wp","href":"https:\/\/api.w.org\/{rel}","templated":true}]}}