{"id":23195,"date":"2015-11-19T00:00:00","date_gmt":"2015-11-18T23:00:00","guid":{"rendered":"https:\/\/lightweb.dev\/l\/svm-temp\/nyheter\/torremolinos-nya-kommunsstyrelse-lagger-ned-danstavling\/"},"modified":"2015-11-19T00:00:00","modified_gmt":"2015-11-18T23:00:00","slug":"torremolinos-nya-kommunsstyrelse-lagger-ned-danstavling","status":"publish","type":"post","link":"https:\/\/lightweb.dev\/l\/svm-temp\/nyheter\/torremolinos-nya-kommunsstyrelse-lagger-ned-danstavling\/","title":{"rendered":"Torremolinos nya kommunsstyrelse l\u00e4gger ned danst\u00e4vling"},"content":{"rendered":"<p> Sedan 1989 har det europeiska dansm\u00e4sterskapet varit en stor tilldragelse i Torremolinos. Nu har den nya kommunstyrelsen sagt upp avtalet och i st\u00e4llet vill man satsa p\u00e5 ett modernare inslag som ligger n\u00e4rmare den ungdomliga publiken. Det meddelar Javier Checa, politiker och f\u00f6retagare, i en e-post som Svenska Magasinet har mottagit.<\/p>\n<p>Checa \u00e4r mycket kritisk till att den nya kommunledningen s\u00e4tter stopp f\u00f6r danst\u00e4vlingen \u201dCampeonato de Europa de Baile\u201d som varit synonymt f\u00f6r Torremolinos sedan 1989. T\u00e4vlingen har setts som ett internationellt riktm\u00e4rke och Checa \u00e4r mycket kritisk till kommunens beslut.<\/p>\n<p>\u201dDet \u00e4r obegripligt att kommunledningen under Jos\u00e9 Ortiz har tagit detta beslut med tanke p\u00e5 att det \u00e4r ett av de st\u00f6rre evenemang som anordnats i Torremolinos under flera \u00e5r. Det har genererat betydande ekonomiska inkomster f\u00f6r f\u00f6retag och \u00e5rligen locka mer \u00e4n 1.500 danspar f\u00f6rutom publik\u201d.<\/p>\n<p>Vid den senaste t\u00e4vlingen deltog 3.000 dansare fr\u00e5n n\u00e4ra 20 l\u00e4nder.<\/p>\n<p>Torremolinos kommunalr\u00e5d i kulturn\u00e4mnden, A\u00edda Blanes, s\u00e4ger att mer information kommer att meddelas n\u00e4sta vecka.<\/p>\n<p>Det var den socialistiska borgm\u00e4staren Miguel Escalona som beslutade att starta t\u00e4vlingen som fr\u00e5n b\u00f6rjan hette \u201dBaile Retro\u201d med danspar \u00f6ver 50 \u00e5r. En t\u00e4vling som fortsatte med Pedro Fern\u00e1ndez Montes (Partido Popular) som borgm\u00e4stare. <\/p>\n","protected":false},"excerpt":{"rendered":"<p>Sedan 1989 har det europeiska dansm\u00e4sterskapet varit en stor tilldragelse i Torremolinos. Nu har den nya kommunstyrelsen sagt upp avtalet och i st\u00e4llet vill man satsa p\u00e5 ett modernare inslag som ligger n\u00e4rmare den ungdomliga publiken. Det meddelar Javier Checa, politiker och f\u00f6retagare, i en e-post som Svenska Magasinet har mottagit. Checa \u00e4r mycket kritisk [&hellip;]<\/p>\n","protected":false},"author":8,"featured_media":23196,"comment_status":"open","ping_status":"open","sticky":false,"template":"","format":"standard","meta":{"_et_pb_use_builder":"","_et_pb_old_content":"","_et_gb_content_width":"","footnotes":""},"categories":[395,3],"tags":[],"class_list":["post-23195","post","type-post","status-publish","format-standard","has-post-thumbnail","hentry","category-arkiv-nyheter","category-nyheter"],"yoast_head":"<!-- This site is optimized with the Yoast SEO Premium plugin v26.2 (Yoast SEO v27.4) - https:\/\/yoast.com\/product\/yoast-seo-premium-wordpress\/ -->\n<title>Torremolinos nya kommunsstyrelse l\u00e4gger ned danst\u00e4vling - Svenska Magasinet<\/title>\n<meta name=\"robots\" content=\"noindex, follow, max-snippet:-1, max-image-preview:large, max-video-preview:-1\" \/>\n<meta property=\"og:locale\" content=\"sv_SE\" \/>\n<meta property=\"og:type\" content=\"article\" \/>\n<meta property=\"og:title\" content=\"Torremolinos nya kommunsstyrelse l\u00e4gger ned danst\u00e4vling\" \/>\n<meta property=\"og:description\" content=\"Sedan 1989 har det europeiska dansm\u00e4sterskapet varit en stor tilldragelse i Torremolinos. Nu har den nya kommunstyrelsen sagt upp avtalet och i st\u00e4llet vill man satsa p\u00e5 ett modernare inslag som ligger n\u00e4rmare den ungdomliga publiken. Det meddelar Javier Checa, politiker och f\u00f6retagare, i en e-post som Svenska Magasinet har mottagit. Checa \u00e4r mycket kritisk [&hellip;]\" \/>\n<meta property=\"og:url\" content=\"https:\/\/lightweb.dev\/l\/svm-temp\/nyheter\/torremolinos-nya-kommunsstyrelse-lagger-ned-danstavling\/\" \/>\n<meta property=\"og:site_name\" content=\"Svenska Magasinet\" \/>\n<meta property=\"article:publisher\" content=\"https:\/\/www.facebook.com\/svenskamagasinet\" \/>\n<meta property=\"article:published_time\" content=\"2015-11-18T23:00:00+00:00\" \/>\n<meta property=\"og:image\" content=\"https:\/\/lightweb.dev\/l\/svm-temp\/wp-content\/uploads\/2022\/06\/torremolinos-nya-kommunsstyrelse-lagger-ned-danstavling.png\" \/>\n\t<meta property=\"og:image:width\" content=\"356\" \/>\n\t<meta property=\"og:image:height\" content=\"200\" \/>\n\t<meta property=\"og:image:type\" content=\"image\/png\" \/>\n<meta name=\"author\" content=\"Redaktionen SvM\" \/>\n<meta name=\"twitter:card\" content=\"summary_large_image\" \/>\n<meta name=\"twitter:creator\" content=\"@SvenskaMagasine\" \/>\n<meta name=\"twitter:site\" content=\"@SvenskaMagasine\" \/>\n<script type=\"application\/ld+json\" class=\"yoast-schema-graph\">{\"@context\":\"https:\\\/\\\/schema.org\",\"@graph\":[{\"@type\":\"Article\",\"@id\":\"https:\\\/\\\/lightweb.dev\\\/l\\\/svm-temp\\\/nyheter\\\/torremolinos-nya-kommunsstyrelse-lagger-ned-danstavling\\\/#article\",\"isPartOf\":{\"@id\":\"https:\\\/\\\/lightweb.dev\\\/l\\\/svm-temp\\\/nyheter\\\/torremolinos-nya-kommunsstyrelse-lagger-ned-danstavling\\\/\"},\"author\":{\"name\":\"Redaktionen SvM\",\"@id\":\"https:\\\/\\\/lightweb.dev\\\/l\\\/svm-temp\\\/#\\\/schema\\\/person\\\/206a3bda5b607b0c25e1749191e4d837\"},\"headline\":\"Torremolinos nya kommunsstyrelse l\u00e4gger ned danst\u00e4vling\",\"datePublished\":\"2015-11-18T23:00:00+00:00\",\"mainEntityOfPage\":{\"@id\":\"https:\\\/\\\/lightweb.dev\\\/l\\\/svm-temp\\\/nyheter\\\/torremolinos-nya-kommunsstyrelse-lagger-ned-danstavling\\\/\"},\"wordCount\":231,\"commentCount\":0,\"publisher\":{\"@id\":\"https:\\\/\\\/lightweb.dev\\\/l\\\/svm-temp\\\/#organization\"},\"image\":{\"@id\":\"https:\\\/\\\/lightweb.dev\\\/l\\\/svm-temp\\\/nyheter\\\/torremolinos-nya-kommunsstyrelse-lagger-ned-danstavling\\\/#primaryimage\"},\"thumbnailUrl\":\"https:\\\/\\\/lightweb.dev\\\/l\\\/svm-temp\\\/wp-content\\\/uploads\\\/2022\\\/06\\\/torremolinos-nya-kommunsstyrelse-lagger-ned-danstavling.png\",\"articleSection\":[\"Arkiv\",\"Nyheter\"],\"inLanguage\":\"sv-SE\"},{\"@type\":\"WebPage\",\"@id\":\"https:\\\/\\\/lightweb.dev\\\/l\\\/svm-temp\\\/nyheter\\\/torremolinos-nya-kommunsstyrelse-lagger-ned-danstavling\\\/\",\"url\":\"https:\\\/\\\/lightweb.dev\\\/l\\\/svm-temp\\\/nyheter\\\/torremolinos-nya-kommunsstyrelse-lagger-ned-danstavling\\\/\",\"name\":\"Torremolinos nya kommunsstyrelse l\u00e4gger ned danst\u00e4vling - Svenska Magasinet\",\"isPartOf\":{\"@id\":\"https:\\\/\\\/lightweb.dev\\\/l\\\/svm-temp\\\/#website\"},\"primaryImageOfPage\":{\"@id\":\"https:\\\/\\\/lightweb.dev\\\/l\\\/svm-temp\\\/nyheter\\\/torremolinos-nya-kommunsstyrelse-lagger-ned-danstavling\\\/#primaryimage\"},\"image\":{\"@id\":\"https:\\\/\\\/lightweb.dev\\\/l\\\/svm-temp\\\/nyheter\\\/torremolinos-nya-kommunsstyrelse-lagger-ned-danstavling\\\/#primaryimage\"},\"thumbnailUrl\":\"https:\\\/\\\/lightweb.dev\\\/l\\\/svm-temp\\\/wp-content\\\/uploads\\\/2022\\\/06\\\/torremolinos-nya-kommunsstyrelse-lagger-ned-danstavling.png\",\"datePublished\":\"2015-11-18T23:00:00+00:00\",\"breadcrumb\":{\"@id\":\"https:\\\/\\\/lightweb.dev\\\/l\\\/svm-temp\\\/nyheter\\\/torremolinos-nya-kommunsstyrelse-lagger-ned-danstavling\\\/#breadcrumb\"},\"inLanguage\":\"sv-SE\",\"potentialAction\":[{\"@type\":\"ReadAction\",\"target\":[\"https:\\\/\\\/lightweb.dev\\\/l\\\/svm-temp\\\/nyheter\\\/torremolinos-nya-kommunsstyrelse-lagger-ned-danstavling\\\/\"]}]},{\"@type\":\"ImageObject\",\"inLanguage\":\"sv-SE\",\"@id\":\"https:\\\/\\\/lightweb.dev\\\/l\\\/svm-temp\\\/nyheter\\\/torremolinos-nya-kommunsstyrelse-lagger-ned-danstavling\\\/#primaryimage\",\"url\":\"https:\\\/\\\/lightweb.dev\\\/l\\\/svm-temp\\\/wp-content\\\/uploads\\\/2022\\\/06\\\/torremolinos-nya-kommunsstyrelse-lagger-ned-danstavling.png\",\"contentUrl\":\"https:\\\/\\\/lightweb.dev\\\/l\\\/svm-temp\\\/wp-content\\\/uploads\\\/2022\\\/06\\\/torremolinos-nya-kommunsstyrelse-lagger-ned-danstavling.png\",\"width\":356,\"height\":200},{\"@type\":\"BreadcrumbList\",\"@id\":\"https:\\\/\\\/lightweb.dev\\\/l\\\/svm-temp\\\/nyheter\\\/torremolinos-nya-kommunsstyrelse-lagger-ned-danstavling\\\/#breadcrumb\",\"itemListElement\":[{\"@type\":\"ListItem\",\"position\":1,\"name\":\"Hem\",\"item\":\"https:\\\/\\\/lightweb.dev\\\/l\\\/svm-temp\\\/\"},{\"@type\":\"ListItem\",\"position\":2,\"name\":\"Torremolinos nya kommunsstyrelse l\u00e4gger ned danst\u00e4vling\"}]},{\"@type\":\"WebSite\",\"@id\":\"https:\\\/\\\/lightweb.dev\\\/l\\\/svm-temp\\\/#website\",\"url\":\"https:\\\/\\\/lightweb.dev\\\/l\\\/svm-temp\\\/\",\"name\":\"Svenska Magasinet\",\"description\":\"Dina Spanska nyheter p&aring; Svenska\",\"publisher\":{\"@id\":\"https:\\\/\\\/lightweb.dev\\\/l\\\/svm-temp\\\/#organization\"},\"potentialAction\":[{\"@type\":\"SearchAction\",\"target\":{\"@type\":\"EntryPoint\",\"urlTemplate\":\"https:\\\/\\\/lightweb.dev\\\/l\\\/svm-temp\\\/?s={search_term_string}\"},\"query-input\":{\"@type\":\"PropertyValueSpecification\",\"valueRequired\":true,\"valueName\":\"search_term_string\"}}],\"inLanguage\":\"sv-SE\"},{\"@type\":\"Organization\",\"@id\":\"https:\\\/\\\/lightweb.dev\\\/l\\\/svm-temp\\\/#organization\",\"name\":\"Melkerson y Nott SL\",\"alternateName\":\"Svenska Magasinet\",\"url\":\"https:\\\/\\\/lightweb.dev\\\/l\\\/svm-temp\\\/\",\"logo\":{\"@type\":\"ImageObject\",\"inLanguage\":\"sv-SE\",\"@id\":\"https:\\\/\\\/lightweb.dev\\\/l\\\/svm-temp\\\/#\\\/schema\\\/logo\\\/image\\\/\",\"url\":\"https:\\\/\\\/lightweb.dev\\\/l\\\/svm-temp\\\/wp-content\\\/uploads\\\/2025\\\/02\\\/SvM-logo-Xtra-Centrerad-SVART.png\",\"contentUrl\":\"https:\\\/\\\/lightweb.dev\\\/l\\\/svm-temp\\\/wp-content\\\/uploads\\\/2025\\\/02\\\/SvM-logo-Xtra-Centrerad-SVART.png\",\"width\":300,\"height\":99,\"caption\":\"Melkerson y Nott SL\"},\"image\":{\"@id\":\"https:\\\/\\\/lightweb.dev\\\/l\\\/svm-temp\\\/#\\\/schema\\\/logo\\\/image\\\/\"},\"sameAs\":[\"https:\\\/\\\/www.facebook.com\\\/svenskamagasinet\",\"https:\\\/\\\/x.com\\\/SvenskaMagasine\"]},{\"@type\":\"Person\",\"@id\":\"https:\\\/\\\/lightweb.dev\\\/l\\\/svm-temp\\\/#\\\/schema\\\/person\\\/206a3bda5b607b0c25e1749191e4d837\",\"name\":\"Redaktionen SvM\",\"description\":\"Redaktionen\",\"sameAs\":[\"https:\\\/\\\/lightweb.dev\\\/l\\\/svm-temp\"],\"url\":\"https:\\\/\\\/lightweb.dev\\\/l\\\/svm-temp\\\/reporter\\\/redaktionen\\\/\"}]}<\/script>\n<!-- \/ Yoast SEO Premium plugin. -->","yoast_head_json":{"title":"Torremolinos nya kommunsstyrelse l\u00e4gger ned danst\u00e4vling - Svenska Magasinet","robots":{"index":"noindex","follow":"follow","max-snippet":"max-snippet:-1","max-image-preview":"max-image-preview:large","max-video-preview":"max-video-preview:-1"},"og_locale":"sv_SE","og_type":"article","og_title":"Torremolinos nya kommunsstyrelse l\u00e4gger ned danst\u00e4vling","og_description":"Sedan 1989 har det europeiska dansm\u00e4sterskapet varit en stor tilldragelse i Torremolinos. Nu har den nya kommunstyrelsen sagt upp avtalet och i st\u00e4llet vill man satsa p\u00e5 ett modernare inslag som ligger n\u00e4rmare den ungdomliga publiken. Det meddelar Javier Checa, politiker och f\u00f6retagare, i en e-post som Svenska Magasinet har mottagit. Checa \u00e4r mycket kritisk [&hellip;]","og_url":"https:\/\/lightweb.dev\/l\/svm-temp\/nyheter\/torremolinos-nya-kommunsstyrelse-lagger-ned-danstavling\/","og_site_name":"Svenska Magasinet","article_publisher":"https:\/\/www.facebook.com\/svenskamagasinet","article_published_time":"2015-11-18T23:00:00+00:00","og_image":[{"width":356,"height":200,"url":"https:\/\/lightweb.dev\/l\/svm-temp\/wp-content\/uploads\/2022\/06\/torremolinos-nya-kommunsstyrelse-lagger-ned-danstavling.png","type":"image\/png"}],"author":"Redaktionen SvM","twitter_card":"summary_large_image","twitter_creator":"@SvenskaMagasine","twitter_site":"@SvenskaMagasine","schema":{"@context":"https:\/\/schema.org","@graph":[{"@type":"Article","@id":"https:\/\/lightweb.dev\/l\/svm-temp\/nyheter\/torremolinos-nya-kommunsstyrelse-lagger-ned-danstavling\/#article","isPartOf":{"@id":"https:\/\/lightweb.dev\/l\/svm-temp\/nyheter\/torremolinos-nya-kommunsstyrelse-lagger-ned-danstavling\/"},"author":{"name":"Redaktionen SvM","@id":"https:\/\/lightweb.dev\/l\/svm-temp\/#\/schema\/person\/206a3bda5b607b0c25e1749191e4d837"},"headline":"Torremolinos nya kommunsstyrelse l\u00e4gger ned danst\u00e4vling","datePublished":"2015-11-18T23:00:00+00:00","mainEntityOfPage":{"@id":"https:\/\/lightweb.dev\/l\/svm-temp\/nyheter\/torremolinos-nya-kommunsstyrelse-lagger-ned-danstavling\/"},"wordCount":231,"commentCount":0,"publisher":{"@id":"https:\/\/lightweb.dev\/l\/svm-temp\/#organization"},"image":{"@id":"https:\/\/lightweb.dev\/l\/svm-temp\/nyheter\/torremolinos-nya-kommunsstyrelse-lagger-ned-danstavling\/#primaryimage"},"thumbnailUrl":"https:\/\/lightweb.dev\/l\/svm-temp\/wp-content\/uploads\/2022\/06\/torremolinos-nya-kommunsstyrelse-lagger-ned-danstavling.png","articleSection":["Arkiv","Nyheter"],"inLanguage":"sv-SE"},{"@type":"WebPage","@id":"https:\/\/lightweb.dev\/l\/svm-temp\/nyheter\/torremolinos-nya-kommunsstyrelse-lagger-ned-danstavling\/","url":"https:\/\/lightweb.dev\/l\/svm-temp\/nyheter\/torremolinos-nya-kommunsstyrelse-lagger-ned-danstavling\/","name":"Torremolinos nya kommunsstyrelse l\u00e4gger ned danst\u00e4vling - Svenska Magasinet","isPartOf":{"@id":"https:\/\/lightweb.dev\/l\/svm-temp\/#website"},"primaryImageOfPage":{"@id":"https:\/\/lightweb.dev\/l\/svm-temp\/nyheter\/torremolinos-nya-kommunsstyrelse-lagger-ned-danstavling\/#primaryimage"},"image":{"@id":"https:\/\/lightweb.dev\/l\/svm-temp\/nyheter\/torremolinos-nya-kommunsstyrelse-lagger-ned-danstavling\/#primaryimage"},"thumbnailUrl":"https:\/\/lightweb.dev\/l\/svm-temp\/wp-content\/uploads\/2022\/06\/torremolinos-nya-kommunsstyrelse-lagger-ned-danstavling.png","datePublished":"2015-11-18T23:00:00+00:00","breadcrumb":{"@id":"https:\/\/lightweb.dev\/l\/svm-temp\/nyheter\/torremolinos-nya-kommunsstyrelse-lagger-ned-danstavling\/#breadcrumb"},"inLanguage":"sv-SE","potentialAction":[{"@type":"ReadAction","target":["https:\/\/lightweb.dev\/l\/svm-temp\/nyheter\/torremolinos-nya-kommunsstyrelse-lagger-ned-danstavling\/"]}]},{"@type":"ImageObject","inLanguage":"sv-SE","@id":"https:\/\/lightweb.dev\/l\/svm-temp\/nyheter\/torremolinos-nya-kommunsstyrelse-lagger-ned-danstavling\/#primaryimage","url":"https:\/\/lightweb.dev\/l\/svm-temp\/wp-content\/uploads\/2022\/06\/torremolinos-nya-kommunsstyrelse-lagger-ned-danstavling.png","contentUrl":"https:\/\/lightweb.dev\/l\/svm-temp\/wp-content\/uploads\/2022\/06\/torremolinos-nya-kommunsstyrelse-lagger-ned-danstavling.png","width":356,"height":200},{"@type":"BreadcrumbList","@id":"https:\/\/lightweb.dev\/l\/svm-temp\/nyheter\/torremolinos-nya-kommunsstyrelse-lagger-ned-danstavling\/#breadcrumb","itemListElement":[{"@type":"ListItem","position":1,"name":"Hem","item":"https:\/\/lightweb.dev\/l\/svm-temp\/"},{"@type":"ListItem","position":2,"name":"Torremolinos nya kommunsstyrelse l\u00e4gger ned danst\u00e4vling"}]},{"@type":"WebSite","@id":"https:\/\/lightweb.dev\/l\/svm-temp\/#website","url":"https:\/\/lightweb.dev\/l\/svm-temp\/","name":"Svenska Magasinet","description":"Dina Spanska nyheter p&aring; Svenska","publisher":{"@id":"https:\/\/lightweb.dev\/l\/svm-temp\/#organization"},"potentialAction":[{"@type":"SearchAction","target":{"@type":"EntryPoint","urlTemplate":"https:\/\/lightweb.dev\/l\/svm-temp\/?s={search_term_string}"},"query-input":{"@type":"PropertyValueSpecification","valueRequired":true,"valueName":"search_term_string"}}],"inLanguage":"sv-SE"},{"@type":"Organization","@id":"https:\/\/lightweb.dev\/l\/svm-temp\/#organization","name":"Melkerson y Nott SL","alternateName":"Svenska Magasinet","url":"https:\/\/lightweb.dev\/l\/svm-temp\/","logo":{"@type":"ImageObject","inLanguage":"sv-SE","@id":"https:\/\/lightweb.dev\/l\/svm-temp\/#\/schema\/logo\/image\/","url":"https:\/\/lightweb.dev\/l\/svm-temp\/wp-content\/uploads\/2025\/02\/SvM-logo-Xtra-Centrerad-SVART.png","contentUrl":"https:\/\/lightweb.dev\/l\/svm-temp\/wp-content\/uploads\/2025\/02\/SvM-logo-Xtra-Centrerad-SVART.png","width":300,"height":99,"caption":"Melkerson y Nott SL"},"image":{"@id":"https:\/\/lightweb.dev\/l\/svm-temp\/#\/schema\/logo\/image\/"},"sameAs":["https:\/\/www.facebook.com\/svenskamagasinet","https:\/\/x.com\/SvenskaMagasine"]},{"@type":"Person","@id":"https:\/\/lightweb.dev\/l\/svm-temp\/#\/schema\/person\/206a3bda5b607b0c25e1749191e4d837","name":"Redaktionen SvM","description":"Redaktionen","sameAs":["https:\/\/lightweb.dev\/l\/svm-temp"],"url":"https:\/\/lightweb.dev\/l\/svm-temp\/reporter\/redaktionen\/"}]}},"_links":{"self":[{"href":"https:\/\/lightweb.dev\/l\/svm-temp\/wp-json\/wp\/v2\/posts\/23195","targetHints":{"allow":["GET"]}}],"collection":[{"href":"https:\/\/lightweb.dev\/l\/svm-temp\/wp-json\/wp\/v2\/posts"}],"about":[{"href":"https:\/\/lightweb.dev\/l\/svm-temp\/wp-json\/wp\/v2\/types\/post"}],"author":[{"embeddable":true,"href":"https:\/\/lightweb.dev\/l\/svm-temp\/wp-json\/wp\/v2\/users\/8"}],"replies":[{"embeddable":true,"href":"https:\/\/lightweb.dev\/l\/svm-temp\/wp-json\/wp\/v2\/comments?post=23195"}],"version-history":[{"count":0,"href":"https:\/\/lightweb.dev\/l\/svm-temp\/wp-json\/wp\/v2\/posts\/23195\/revisions"}],"wp:featuredmedia":[{"embeddable":true,"href":"https:\/\/lightweb.dev\/l\/svm-temp\/wp-json\/wp\/v2\/media\/23196"}],"wp:attachment":[{"href":"https:\/\/lightweb.dev\/l\/svm-temp\/wp-json\/wp\/v2\/media?parent=23195"}],"wp:term":[{"taxonomy":"category","embeddable":true,"href":"https:\/\/lightweb.dev\/l\/svm-temp\/wp-json\/wp\/v2\/categories?post=23195"},{"taxonomy":"post_tag","embeddable":true,"href":"https:\/\/lightweb.dev\/l\/svm-temp\/wp-json\/wp\/v2\/tags?post=23195"}],"curies":[{"name":"wp","href":"https:\/\/api.w.org\/{rel}","templated":true}]}}