{"id":23203,"date":"2015-11-18T00:00:00","date_gmt":"2015-11-17T23:00:00","guid":{"rendered":"https:\/\/lightweb.dev\/l\/svm-temp\/nyheter\/forhojd-sakerhet-vid-el-clasico-pa-lordag\/"},"modified":"2015-11-18T00:00:00","modified_gmt":"2015-11-17T23:00:00","slug":"forhojd-sakerhet-vid-el-clasico-pa-lordag","status":"publish","type":"post","link":"https:\/\/lightweb.dev\/l\/svm-temp\/nyheter\/forhojd-sakerhet-vid-el-clasico-pa-lordag\/","title":{"rendered":"F\u00f6rh\u00f6jd s\u00e4kerhet vid El Cl\u00e1sico p\u00e5 l\u00f6rdag"},"content":{"rendered":"<p> R\u00e4kna med f\u00f6rh\u00f6jd s\u00e4kerhet vid El Cl\u00e1sico p\u00e5 l\u00f6rdag n\u00e4r Real Madrid och FC Barcelona drabbar samman p\u00e5 Santiago Bernab\u00e9u. Spaniens inrikesminister Jorge Fern\u00e1ndez D\u00edaz ser ingen anledning till att matchen st\u00e4lls in, d\u00e4remot blir det f\u00f6rh\u00f6jd s\u00e4kerhet\u00b4och omkring tusen poliser ber\u00e4knas vara p\u00e5 plats.<\/p>\n<p>Real Madrid-Barcelona tillh\u00f6r de st\u00f6rsta matcherna i v\u00e4rlden. Intresset \u00e4r enormt och m\u00f6tena mellan landets tv\u00e5 stora lag f\u00f6ljs av en hel v\u00e4rld. Det g\u00f6r att matchen bed\u00f6ms som en h\u00f6griskmatch.<\/p>\n<p>Det finns i nul\u00e4get inget uppenbart hot mot matchen och av den anledningen finns det inget sk\u00e4l att st\u00e4lla in evenemanget sa inrikesministern p\u00e5 tisdagen.<\/p>\n<p>Enligt Fern\u00e1ndez blir det inte bara f\u00f6rh\u00f6jd s\u00e4kerhet p\u00e5 stadion i Madrid utan \u00e4ven runt arenan, hit r\u00e4knas \u00e4ven lokaltrafik som tunnelbana och bussar. Ministern varnar ocks\u00e5 f\u00f6r masspsykos utan manar hellre till lugn s\u00e5 att allt kan g\u00e5 stilla till v\u00e4ga. <\/p>\n","protected":false},"excerpt":{"rendered":"<p>R\u00e4kna med f\u00f6rh\u00f6jd s\u00e4kerhet vid El Cl\u00e1sico p\u00e5 l\u00f6rdag n\u00e4r Real Madrid och FC Barcelona drabbar samman p\u00e5 Santiago Bernab\u00e9u. Spaniens inrikesminister Jorge Fern\u00e1ndez D\u00edaz ser ingen anledning till att matchen st\u00e4lls in, d\u00e4remot blir det f\u00f6rh\u00f6jd s\u00e4kerhet\u00b4och omkring tusen poliser ber\u00e4knas vara p\u00e5 plats. Real Madrid-Barcelona tillh\u00f6r de st\u00f6rsta matcherna i v\u00e4rlden. Intresset \u00e4r [&hellip;]<\/p>\n","protected":false},"author":8,"featured_media":23204,"comment_status":"open","ping_status":"open","sticky":false,"template":"","format":"standard","meta":{"_et_pb_use_builder":"","_et_pb_old_content":"","_et_gb_content_width":"","footnotes":""},"categories":[395,3],"tags":[],"class_list":["post-23203","post","type-post","status-publish","format-standard","has-post-thumbnail","hentry","category-arkiv-nyheter","category-nyheter"],"yoast_head":"<!-- This site is optimized with the Yoast SEO Premium plugin v26.2 (Yoast SEO v27.4) - https:\/\/yoast.com\/product\/yoast-seo-premium-wordpress\/ -->\n<title>F\u00f6rh\u00f6jd s\u00e4kerhet vid El Cl\u00e1sico p\u00e5 l\u00f6rdag - Svenska Magasinet<\/title>\n<meta name=\"robots\" content=\"noindex, follow, max-snippet:-1, max-image-preview:large, max-video-preview:-1\" \/>\n<meta property=\"og:locale\" content=\"sv_SE\" \/>\n<meta property=\"og:type\" content=\"article\" \/>\n<meta property=\"og:title\" content=\"F\u00f6rh\u00f6jd s\u00e4kerhet vid El Cl\u00e1sico p\u00e5 l\u00f6rdag\" \/>\n<meta property=\"og:description\" content=\"R\u00e4kna med f\u00f6rh\u00f6jd s\u00e4kerhet vid El Cl\u00e1sico p\u00e5 l\u00f6rdag n\u00e4r Real Madrid och FC Barcelona drabbar samman p\u00e5 Santiago Bernab\u00e9u. Spaniens inrikesminister Jorge Fern\u00e1ndez D\u00edaz ser ingen anledning till att matchen st\u00e4lls in, d\u00e4remot blir det f\u00f6rh\u00f6jd s\u00e4kerhet\u00b4och omkring tusen poliser ber\u00e4knas vara p\u00e5 plats. Real Madrid-Barcelona tillh\u00f6r de st\u00f6rsta matcherna i v\u00e4rlden. Intresset \u00e4r [&hellip;]\" \/>\n<meta property=\"og:url\" content=\"https:\/\/lightweb.dev\/l\/svm-temp\/nyheter\/forhojd-sakerhet-vid-el-clasico-pa-lordag\/\" \/>\n<meta property=\"og:site_name\" content=\"Svenska Magasinet\" \/>\n<meta property=\"article:publisher\" content=\"https:\/\/www.facebook.com\/svenskamagasinet\" \/>\n<meta property=\"article:published_time\" content=\"2015-11-17T23:00:00+00:00\" \/>\n<meta property=\"og:image\" content=\"https:\/\/lightweb.dev\/l\/svm-temp\/wp-content\/uploads\/2022\/06\/forhojd-sakerhet-vid-el-clasico-pa-lordag.png\" \/>\n\t<meta property=\"og:image:width\" content=\"394\" \/>\n\t<meta property=\"og:image:height\" content=\"200\" \/>\n\t<meta property=\"og:image:type\" content=\"image\/png\" \/>\n<meta name=\"author\" content=\"Redaktionen SvM\" \/>\n<meta name=\"twitter:card\" content=\"summary_large_image\" \/>\n<meta name=\"twitter:creator\" content=\"@SvenskaMagasine\" \/>\n<meta name=\"twitter:site\" content=\"@SvenskaMagasine\" \/>\n<script type=\"application\/ld+json\" class=\"yoast-schema-graph\">{\"@context\":\"https:\\\/\\\/schema.org\",\"@graph\":[{\"@type\":\"Article\",\"@id\":\"https:\\\/\\\/lightweb.dev\\\/l\\\/svm-temp\\\/nyheter\\\/forhojd-sakerhet-vid-el-clasico-pa-lordag\\\/#article\",\"isPartOf\":{\"@id\":\"https:\\\/\\\/lightweb.dev\\\/l\\\/svm-temp\\\/nyheter\\\/forhojd-sakerhet-vid-el-clasico-pa-lordag\\\/\"},\"author\":{\"name\":\"Redaktionen SvM\",\"@id\":\"https:\\\/\\\/lightweb.dev\\\/l\\\/svm-temp\\\/#\\\/schema\\\/person\\\/206a3bda5b607b0c25e1749191e4d837\"},\"headline\":\"F\u00f6rh\u00f6jd s\u00e4kerhet vid El Cl\u00e1sico p\u00e5 l\u00f6rdag\",\"datePublished\":\"2015-11-17T23:00:00+00:00\",\"mainEntityOfPage\":{\"@id\":\"https:\\\/\\\/lightweb.dev\\\/l\\\/svm-temp\\\/nyheter\\\/forhojd-sakerhet-vid-el-clasico-pa-lordag\\\/\"},\"wordCount\":191,\"commentCount\":0,\"publisher\":{\"@id\":\"https:\\\/\\\/lightweb.dev\\\/l\\\/svm-temp\\\/#organization\"},\"image\":{\"@id\":\"https:\\\/\\\/lightweb.dev\\\/l\\\/svm-temp\\\/nyheter\\\/forhojd-sakerhet-vid-el-clasico-pa-lordag\\\/#primaryimage\"},\"thumbnailUrl\":\"https:\\\/\\\/lightweb.dev\\\/l\\\/svm-temp\\\/wp-content\\\/uploads\\\/2022\\\/06\\\/forhojd-sakerhet-vid-el-clasico-pa-lordag.png\",\"articleSection\":[\"Arkiv\",\"Nyheter\"],\"inLanguage\":\"sv-SE\"},{\"@type\":\"WebPage\",\"@id\":\"https:\\\/\\\/lightweb.dev\\\/l\\\/svm-temp\\\/nyheter\\\/forhojd-sakerhet-vid-el-clasico-pa-lordag\\\/\",\"url\":\"https:\\\/\\\/lightweb.dev\\\/l\\\/svm-temp\\\/nyheter\\\/forhojd-sakerhet-vid-el-clasico-pa-lordag\\\/\",\"name\":\"F\u00f6rh\u00f6jd s\u00e4kerhet vid El Cl\u00e1sico p\u00e5 l\u00f6rdag - Svenska Magasinet\",\"isPartOf\":{\"@id\":\"https:\\\/\\\/lightweb.dev\\\/l\\\/svm-temp\\\/#website\"},\"primaryImageOfPage\":{\"@id\":\"https:\\\/\\\/lightweb.dev\\\/l\\\/svm-temp\\\/nyheter\\\/forhojd-sakerhet-vid-el-clasico-pa-lordag\\\/#primaryimage\"},\"image\":{\"@id\":\"https:\\\/\\\/lightweb.dev\\\/l\\\/svm-temp\\\/nyheter\\\/forhojd-sakerhet-vid-el-clasico-pa-lordag\\\/#primaryimage\"},\"thumbnailUrl\":\"https:\\\/\\\/lightweb.dev\\\/l\\\/svm-temp\\\/wp-content\\\/uploads\\\/2022\\\/06\\\/forhojd-sakerhet-vid-el-clasico-pa-lordag.png\",\"datePublished\":\"2015-11-17T23:00:00+00:00\",\"breadcrumb\":{\"@id\":\"https:\\\/\\\/lightweb.dev\\\/l\\\/svm-temp\\\/nyheter\\\/forhojd-sakerhet-vid-el-clasico-pa-lordag\\\/#breadcrumb\"},\"inLanguage\":\"sv-SE\",\"potentialAction\":[{\"@type\":\"ReadAction\",\"target\":[\"https:\\\/\\\/lightweb.dev\\\/l\\\/svm-temp\\\/nyheter\\\/forhojd-sakerhet-vid-el-clasico-pa-lordag\\\/\"]}]},{\"@type\":\"ImageObject\",\"inLanguage\":\"sv-SE\",\"@id\":\"https:\\\/\\\/lightweb.dev\\\/l\\\/svm-temp\\\/nyheter\\\/forhojd-sakerhet-vid-el-clasico-pa-lordag\\\/#primaryimage\",\"url\":\"https:\\\/\\\/lightweb.dev\\\/l\\\/svm-temp\\\/wp-content\\\/uploads\\\/2022\\\/06\\\/forhojd-sakerhet-vid-el-clasico-pa-lordag.png\",\"contentUrl\":\"https:\\\/\\\/lightweb.dev\\\/l\\\/svm-temp\\\/wp-content\\\/uploads\\\/2022\\\/06\\\/forhojd-sakerhet-vid-el-clasico-pa-lordag.png\",\"width\":394,\"height\":200},{\"@type\":\"BreadcrumbList\",\"@id\":\"https:\\\/\\\/lightweb.dev\\\/l\\\/svm-temp\\\/nyheter\\\/forhojd-sakerhet-vid-el-clasico-pa-lordag\\\/#breadcrumb\",\"itemListElement\":[{\"@type\":\"ListItem\",\"position\":1,\"name\":\"Hem\",\"item\":\"https:\\\/\\\/lightweb.dev\\\/l\\\/svm-temp\\\/\"},{\"@type\":\"ListItem\",\"position\":2,\"name\":\"F\u00f6rh\u00f6jd s\u00e4kerhet vid El Cl\u00e1sico p\u00e5 l\u00f6rdag\"}]},{\"@type\":\"WebSite\",\"@id\":\"https:\\\/\\\/lightweb.dev\\\/l\\\/svm-temp\\\/#website\",\"url\":\"https:\\\/\\\/lightweb.dev\\\/l\\\/svm-temp\\\/\",\"name\":\"Svenska Magasinet\",\"description\":\"Dina Spanska nyheter p&aring; Svenska\",\"publisher\":{\"@id\":\"https:\\\/\\\/lightweb.dev\\\/l\\\/svm-temp\\\/#organization\"},\"potentialAction\":[{\"@type\":\"SearchAction\",\"target\":{\"@type\":\"EntryPoint\",\"urlTemplate\":\"https:\\\/\\\/lightweb.dev\\\/l\\\/svm-temp\\\/?s={search_term_string}\"},\"query-input\":{\"@type\":\"PropertyValueSpecification\",\"valueRequired\":true,\"valueName\":\"search_term_string\"}}],\"inLanguage\":\"sv-SE\"},{\"@type\":\"Organization\",\"@id\":\"https:\\\/\\\/lightweb.dev\\\/l\\\/svm-temp\\\/#organization\",\"name\":\"Melkerson y Nott SL\",\"alternateName\":\"Svenska Magasinet\",\"url\":\"https:\\\/\\\/lightweb.dev\\\/l\\\/svm-temp\\\/\",\"logo\":{\"@type\":\"ImageObject\",\"inLanguage\":\"sv-SE\",\"@id\":\"https:\\\/\\\/lightweb.dev\\\/l\\\/svm-temp\\\/#\\\/schema\\\/logo\\\/image\\\/\",\"url\":\"https:\\\/\\\/lightweb.dev\\\/l\\\/svm-temp\\\/wp-content\\\/uploads\\\/2025\\\/02\\\/SvM-logo-Xtra-Centrerad-SVART.png\",\"contentUrl\":\"https:\\\/\\\/lightweb.dev\\\/l\\\/svm-temp\\\/wp-content\\\/uploads\\\/2025\\\/02\\\/SvM-logo-Xtra-Centrerad-SVART.png\",\"width\":300,\"height\":99,\"caption\":\"Melkerson y Nott SL\"},\"image\":{\"@id\":\"https:\\\/\\\/lightweb.dev\\\/l\\\/svm-temp\\\/#\\\/schema\\\/logo\\\/image\\\/\"},\"sameAs\":[\"https:\\\/\\\/www.facebook.com\\\/svenskamagasinet\",\"https:\\\/\\\/x.com\\\/SvenskaMagasine\"]},{\"@type\":\"Person\",\"@id\":\"https:\\\/\\\/lightweb.dev\\\/l\\\/svm-temp\\\/#\\\/schema\\\/person\\\/206a3bda5b607b0c25e1749191e4d837\",\"name\":\"Redaktionen SvM\",\"description\":\"Redaktionen\",\"sameAs\":[\"https:\\\/\\\/lightweb.dev\\\/l\\\/svm-temp\"],\"url\":\"https:\\\/\\\/lightweb.dev\\\/l\\\/svm-temp\\\/reporter\\\/redaktionen\\\/\"}]}<\/script>\n<!-- \/ Yoast SEO Premium plugin. -->","yoast_head_json":{"title":"F\u00f6rh\u00f6jd s\u00e4kerhet vid El Cl\u00e1sico p\u00e5 l\u00f6rdag - Svenska Magasinet","robots":{"index":"noindex","follow":"follow","max-snippet":"max-snippet:-1","max-image-preview":"max-image-preview:large","max-video-preview":"max-video-preview:-1"},"og_locale":"sv_SE","og_type":"article","og_title":"F\u00f6rh\u00f6jd s\u00e4kerhet vid El Cl\u00e1sico p\u00e5 l\u00f6rdag","og_description":"R\u00e4kna med f\u00f6rh\u00f6jd s\u00e4kerhet vid El Cl\u00e1sico p\u00e5 l\u00f6rdag n\u00e4r Real Madrid och FC Barcelona drabbar samman p\u00e5 Santiago Bernab\u00e9u. Spaniens inrikesminister Jorge Fern\u00e1ndez D\u00edaz ser ingen anledning till att matchen st\u00e4lls in, d\u00e4remot blir det f\u00f6rh\u00f6jd s\u00e4kerhet\u00b4och omkring tusen poliser ber\u00e4knas vara p\u00e5 plats. Real Madrid-Barcelona tillh\u00f6r de st\u00f6rsta matcherna i v\u00e4rlden. Intresset \u00e4r [&hellip;]","og_url":"https:\/\/lightweb.dev\/l\/svm-temp\/nyheter\/forhojd-sakerhet-vid-el-clasico-pa-lordag\/","og_site_name":"Svenska Magasinet","article_publisher":"https:\/\/www.facebook.com\/svenskamagasinet","article_published_time":"2015-11-17T23:00:00+00:00","og_image":[{"width":394,"height":200,"url":"https:\/\/lightweb.dev\/l\/svm-temp\/wp-content\/uploads\/2022\/06\/forhojd-sakerhet-vid-el-clasico-pa-lordag.png","type":"image\/png"}],"author":"Redaktionen SvM","twitter_card":"summary_large_image","twitter_creator":"@SvenskaMagasine","twitter_site":"@SvenskaMagasine","schema":{"@context":"https:\/\/schema.org","@graph":[{"@type":"Article","@id":"https:\/\/lightweb.dev\/l\/svm-temp\/nyheter\/forhojd-sakerhet-vid-el-clasico-pa-lordag\/#article","isPartOf":{"@id":"https:\/\/lightweb.dev\/l\/svm-temp\/nyheter\/forhojd-sakerhet-vid-el-clasico-pa-lordag\/"},"author":{"name":"Redaktionen SvM","@id":"https:\/\/lightweb.dev\/l\/svm-temp\/#\/schema\/person\/206a3bda5b607b0c25e1749191e4d837"},"headline":"F\u00f6rh\u00f6jd s\u00e4kerhet vid El Cl\u00e1sico p\u00e5 l\u00f6rdag","datePublished":"2015-11-17T23:00:00+00:00","mainEntityOfPage":{"@id":"https:\/\/lightweb.dev\/l\/svm-temp\/nyheter\/forhojd-sakerhet-vid-el-clasico-pa-lordag\/"},"wordCount":191,"commentCount":0,"publisher":{"@id":"https:\/\/lightweb.dev\/l\/svm-temp\/#organization"},"image":{"@id":"https:\/\/lightweb.dev\/l\/svm-temp\/nyheter\/forhojd-sakerhet-vid-el-clasico-pa-lordag\/#primaryimage"},"thumbnailUrl":"https:\/\/lightweb.dev\/l\/svm-temp\/wp-content\/uploads\/2022\/06\/forhojd-sakerhet-vid-el-clasico-pa-lordag.png","articleSection":["Arkiv","Nyheter"],"inLanguage":"sv-SE"},{"@type":"WebPage","@id":"https:\/\/lightweb.dev\/l\/svm-temp\/nyheter\/forhojd-sakerhet-vid-el-clasico-pa-lordag\/","url":"https:\/\/lightweb.dev\/l\/svm-temp\/nyheter\/forhojd-sakerhet-vid-el-clasico-pa-lordag\/","name":"F\u00f6rh\u00f6jd s\u00e4kerhet vid El Cl\u00e1sico p\u00e5 l\u00f6rdag - Svenska Magasinet","isPartOf":{"@id":"https:\/\/lightweb.dev\/l\/svm-temp\/#website"},"primaryImageOfPage":{"@id":"https:\/\/lightweb.dev\/l\/svm-temp\/nyheter\/forhojd-sakerhet-vid-el-clasico-pa-lordag\/#primaryimage"},"image":{"@id":"https:\/\/lightweb.dev\/l\/svm-temp\/nyheter\/forhojd-sakerhet-vid-el-clasico-pa-lordag\/#primaryimage"},"thumbnailUrl":"https:\/\/lightweb.dev\/l\/svm-temp\/wp-content\/uploads\/2022\/06\/forhojd-sakerhet-vid-el-clasico-pa-lordag.png","datePublished":"2015-11-17T23:00:00+00:00","breadcrumb":{"@id":"https:\/\/lightweb.dev\/l\/svm-temp\/nyheter\/forhojd-sakerhet-vid-el-clasico-pa-lordag\/#breadcrumb"},"inLanguage":"sv-SE","potentialAction":[{"@type":"ReadAction","target":["https:\/\/lightweb.dev\/l\/svm-temp\/nyheter\/forhojd-sakerhet-vid-el-clasico-pa-lordag\/"]}]},{"@type":"ImageObject","inLanguage":"sv-SE","@id":"https:\/\/lightweb.dev\/l\/svm-temp\/nyheter\/forhojd-sakerhet-vid-el-clasico-pa-lordag\/#primaryimage","url":"https:\/\/lightweb.dev\/l\/svm-temp\/wp-content\/uploads\/2022\/06\/forhojd-sakerhet-vid-el-clasico-pa-lordag.png","contentUrl":"https:\/\/lightweb.dev\/l\/svm-temp\/wp-content\/uploads\/2022\/06\/forhojd-sakerhet-vid-el-clasico-pa-lordag.png","width":394,"height":200},{"@type":"BreadcrumbList","@id":"https:\/\/lightweb.dev\/l\/svm-temp\/nyheter\/forhojd-sakerhet-vid-el-clasico-pa-lordag\/#breadcrumb","itemListElement":[{"@type":"ListItem","position":1,"name":"Hem","item":"https:\/\/lightweb.dev\/l\/svm-temp\/"},{"@type":"ListItem","position":2,"name":"F\u00f6rh\u00f6jd s\u00e4kerhet vid El Cl\u00e1sico p\u00e5 l\u00f6rdag"}]},{"@type":"WebSite","@id":"https:\/\/lightweb.dev\/l\/svm-temp\/#website","url":"https:\/\/lightweb.dev\/l\/svm-temp\/","name":"Svenska Magasinet","description":"Dina Spanska nyheter p&aring; Svenska","publisher":{"@id":"https:\/\/lightweb.dev\/l\/svm-temp\/#organization"},"potentialAction":[{"@type":"SearchAction","target":{"@type":"EntryPoint","urlTemplate":"https:\/\/lightweb.dev\/l\/svm-temp\/?s={search_term_string}"},"query-input":{"@type":"PropertyValueSpecification","valueRequired":true,"valueName":"search_term_string"}}],"inLanguage":"sv-SE"},{"@type":"Organization","@id":"https:\/\/lightweb.dev\/l\/svm-temp\/#organization","name":"Melkerson y Nott SL","alternateName":"Svenska Magasinet","url":"https:\/\/lightweb.dev\/l\/svm-temp\/","logo":{"@type":"ImageObject","inLanguage":"sv-SE","@id":"https:\/\/lightweb.dev\/l\/svm-temp\/#\/schema\/logo\/image\/","url":"https:\/\/lightweb.dev\/l\/svm-temp\/wp-content\/uploads\/2025\/02\/SvM-logo-Xtra-Centrerad-SVART.png","contentUrl":"https:\/\/lightweb.dev\/l\/svm-temp\/wp-content\/uploads\/2025\/02\/SvM-logo-Xtra-Centrerad-SVART.png","width":300,"height":99,"caption":"Melkerson y Nott SL"},"image":{"@id":"https:\/\/lightweb.dev\/l\/svm-temp\/#\/schema\/logo\/image\/"},"sameAs":["https:\/\/www.facebook.com\/svenskamagasinet","https:\/\/x.com\/SvenskaMagasine"]},{"@type":"Person","@id":"https:\/\/lightweb.dev\/l\/svm-temp\/#\/schema\/person\/206a3bda5b607b0c25e1749191e4d837","name":"Redaktionen SvM","description":"Redaktionen","sameAs":["https:\/\/lightweb.dev\/l\/svm-temp"],"url":"https:\/\/lightweb.dev\/l\/svm-temp\/reporter\/redaktionen\/"}]}},"_links":{"self":[{"href":"https:\/\/lightweb.dev\/l\/svm-temp\/wp-json\/wp\/v2\/posts\/23203","targetHints":{"allow":["GET"]}}],"collection":[{"href":"https:\/\/lightweb.dev\/l\/svm-temp\/wp-json\/wp\/v2\/posts"}],"about":[{"href":"https:\/\/lightweb.dev\/l\/svm-temp\/wp-json\/wp\/v2\/types\/post"}],"author":[{"embeddable":true,"href":"https:\/\/lightweb.dev\/l\/svm-temp\/wp-json\/wp\/v2\/users\/8"}],"replies":[{"embeddable":true,"href":"https:\/\/lightweb.dev\/l\/svm-temp\/wp-json\/wp\/v2\/comments?post=23203"}],"version-history":[{"count":0,"href":"https:\/\/lightweb.dev\/l\/svm-temp\/wp-json\/wp\/v2\/posts\/23203\/revisions"}],"wp:featuredmedia":[{"embeddable":true,"href":"https:\/\/lightweb.dev\/l\/svm-temp\/wp-json\/wp\/v2\/media\/23204"}],"wp:attachment":[{"href":"https:\/\/lightweb.dev\/l\/svm-temp\/wp-json\/wp\/v2\/media?parent=23203"}],"wp:term":[{"taxonomy":"category","embeddable":true,"href":"https:\/\/lightweb.dev\/l\/svm-temp\/wp-json\/wp\/v2\/categories?post=23203"},{"taxonomy":"post_tag","embeddable":true,"href":"https:\/\/lightweb.dev\/l\/svm-temp\/wp-json\/wp\/v2\/tags?post=23203"}],"curies":[{"name":"wp","href":"https:\/\/api.w.org\/{rel}","templated":true}]}}