{"id":23207,"date":"2015-11-18T00:00:00","date_gmt":"2015-11-17T23:00:00","guid":{"rendered":"https:\/\/lightweb.dev\/l\/svm-temp\/nyheter\/almunecar-inleder-kampanj-for-mantalsskrivning\/"},"modified":"2015-11-18T00:00:00","modified_gmt":"2015-11-17T23:00:00","slug":"almunecar-inleder-kampanj-for-mantalsskrivning","status":"publish","type":"post","link":"https:\/\/lightweb.dev\/l\/svm-temp\/nyheter\/almunecar-inleder-kampanj-for-mantalsskrivning\/","title":{"rendered":"Almu\u00f1\u00e9car inleder kampanj f\u00f6r mantalsskrivning"},"content":{"rendered":"<p> 1.200 personer som \u00e4r bosatta i Almu\u00f1\u00e9car men som inte har bekr\u00e4ftat fysiskt enligt statistiska centralbyr\u00e5n INE (Instituto Nacional de Estad\u00edstica) var de h\u00f6r hemma hoppas kommunledningen f\u00e5 klarhet i. Genom informationsblad, broschyrer och meddelanden p\u00e5 lokalradion hoppas borgm\u00e4staren Trinidad Herrera f\u00e5 det verkliga antalet mantalsskrivna i kommunen.<\/p>\n<p>Trinidad Herrera tillsammans med kommunalr\u00e5det f\u00f6r turism, Rafael Caballero, sa vid en presskonferens p\u00e5 onsdagen att registreringskampanjen i Almu\u00f1\u00e9car och La Herradura, som har temat \u201c\u00a1Empadr\u00f3nate! Contigo, mejor\u201d, Mantalsskrivning, b\u00e4ttre f\u00f6r dig, inte bara riktar sig till utl\u00e4nningar utan \u00e4ven till den spanska befolkningen som har Almu\u00f1\u00e9car som ett andra hem.<\/p>\n<p>Mantalsskrivningen \u00e4r grundl\u00e4ggande n\u00e4r det g\u00e4ller planeringen av servicetj\u00e4nster eftersom kommunen f\u00e5r statsbidrag fr\u00e5n staten f\u00f6r varje mantalsskriven person. Antalet l\u00e4kare, v\u00e5rds\u00e4ngar, poliser, skolplatser, brandm\u00e4n och andra tj\u00e4nster som samh\u00e4llet st\u00e5r f\u00f6r grundar sig p\u00e5 antalet mantalsskrivna. <\/p>\n<p>I nul\u00e4get har Almu\u00f1\u00e9car och La Herradura 29.200 personer som \u00e4r mantalsskrivna. 75 procent \u00e4r spanjorer f\u00f6ljt av britter, tyskar och belgare bland annat. <\/p>\n","protected":false},"excerpt":{"rendered":"<p>1.200 personer som \u00e4r bosatta i Almu\u00f1\u00e9car men som inte har bekr\u00e4ftat fysiskt enligt statistiska centralbyr\u00e5n INE (Instituto Nacional de Estad\u00edstica) var de h\u00f6r hemma hoppas kommunledningen f\u00e5 klarhet i. Genom informationsblad, broschyrer och meddelanden p\u00e5 lokalradion hoppas borgm\u00e4staren Trinidad Herrera f\u00e5 det verkliga antalet mantalsskrivna i kommunen. Trinidad Herrera tillsammans med kommunalr\u00e5det f\u00f6r turism, [&hellip;]<\/p>\n","protected":false},"author":8,"featured_media":23208,"comment_status":"open","ping_status":"open","sticky":false,"template":"","format":"standard","meta":{"_et_pb_use_builder":"","_et_pb_old_content":"","_et_gb_content_width":"","footnotes":""},"categories":[395,3],"tags":[],"class_list":["post-23207","post","type-post","status-publish","format-standard","has-post-thumbnail","hentry","category-arkiv-nyheter","category-nyheter"],"yoast_head":"<!-- This site is optimized with the Yoast SEO Premium plugin v26.2 (Yoast SEO v27.4) - https:\/\/yoast.com\/product\/yoast-seo-premium-wordpress\/ -->\n<title>Almu\u00f1\u00e9car inleder kampanj f\u00f6r mantalsskrivning - Svenska Magasinet<\/title>\n<meta name=\"robots\" content=\"noindex, follow, max-snippet:-1, max-image-preview:large, max-video-preview:-1\" \/>\n<meta property=\"og:locale\" content=\"sv_SE\" \/>\n<meta property=\"og:type\" content=\"article\" \/>\n<meta property=\"og:title\" content=\"Almu\u00f1\u00e9car inleder kampanj f\u00f6r mantalsskrivning\" \/>\n<meta property=\"og:description\" content=\"1.200 personer som \u00e4r bosatta i Almu\u00f1\u00e9car men som inte har bekr\u00e4ftat fysiskt enligt statistiska centralbyr\u00e5n INE (Instituto Nacional de Estad\u00edstica) var de h\u00f6r hemma hoppas kommunledningen f\u00e5 klarhet i. Genom informationsblad, broschyrer och meddelanden p\u00e5 lokalradion hoppas borgm\u00e4staren Trinidad Herrera f\u00e5 det verkliga antalet mantalsskrivna i kommunen. Trinidad Herrera tillsammans med kommunalr\u00e5det f\u00f6r turism, [&hellip;]\" \/>\n<meta property=\"og:url\" content=\"https:\/\/lightweb.dev\/l\/svm-temp\/nyheter\/almunecar-inleder-kampanj-for-mantalsskrivning\/\" \/>\n<meta property=\"og:site_name\" content=\"Svenska Magasinet\" \/>\n<meta property=\"article:publisher\" content=\"https:\/\/www.facebook.com\/svenskamagasinet\" \/>\n<meta property=\"article:published_time\" content=\"2015-11-17T23:00:00+00:00\" \/>\n<meta property=\"og:image\" content=\"https:\/\/lightweb.dev\/l\/svm-temp\/wp-content\/uploads\/2022\/06\/almuecar-inleder-kampanj-for-mantalsskrivning.png\" \/>\n\t<meta property=\"og:image:width\" content=\"300\" \/>\n\t<meta property=\"og:image:height\" content=\"200\" \/>\n\t<meta property=\"og:image:type\" content=\"image\/png\" \/>\n<meta name=\"author\" content=\"Redaktionen SvM\" \/>\n<meta name=\"twitter:card\" content=\"summary_large_image\" \/>\n<meta name=\"twitter:creator\" content=\"@SvenskaMagasine\" \/>\n<meta name=\"twitter:site\" content=\"@SvenskaMagasine\" \/>\n<script type=\"application\/ld+json\" class=\"yoast-schema-graph\">{\"@context\":\"https:\\\/\\\/schema.org\",\"@graph\":[{\"@type\":\"Article\",\"@id\":\"https:\\\/\\\/lightweb.dev\\\/l\\\/svm-temp\\\/nyheter\\\/almunecar-inleder-kampanj-for-mantalsskrivning\\\/#article\",\"isPartOf\":{\"@id\":\"https:\\\/\\\/lightweb.dev\\\/l\\\/svm-temp\\\/nyheter\\\/almunecar-inleder-kampanj-for-mantalsskrivning\\\/\"},\"author\":{\"name\":\"Redaktionen SvM\",\"@id\":\"https:\\\/\\\/lightweb.dev\\\/l\\\/svm-temp\\\/#\\\/schema\\\/person\\\/206a3bda5b607b0c25e1749191e4d837\"},\"headline\":\"Almu\u00f1\u00e9car inleder kampanj f\u00f6r mantalsskrivning\",\"datePublished\":\"2015-11-17T23:00:00+00:00\",\"mainEntityOfPage\":{\"@id\":\"https:\\\/\\\/lightweb.dev\\\/l\\\/svm-temp\\\/nyheter\\\/almunecar-inleder-kampanj-for-mantalsskrivning\\\/\"},\"wordCount\":196,\"commentCount\":0,\"publisher\":{\"@id\":\"https:\\\/\\\/lightweb.dev\\\/l\\\/svm-temp\\\/#organization\"},\"image\":{\"@id\":\"https:\\\/\\\/lightweb.dev\\\/l\\\/svm-temp\\\/nyheter\\\/almunecar-inleder-kampanj-for-mantalsskrivning\\\/#primaryimage\"},\"thumbnailUrl\":\"https:\\\/\\\/lightweb.dev\\\/l\\\/svm-temp\\\/wp-content\\\/uploads\\\/2022\\\/06\\\/almuecar-inleder-kampanj-for-mantalsskrivning.png\",\"articleSection\":[\"Arkiv\",\"Nyheter\"],\"inLanguage\":\"sv-SE\"},{\"@type\":\"WebPage\",\"@id\":\"https:\\\/\\\/lightweb.dev\\\/l\\\/svm-temp\\\/nyheter\\\/almunecar-inleder-kampanj-for-mantalsskrivning\\\/\",\"url\":\"https:\\\/\\\/lightweb.dev\\\/l\\\/svm-temp\\\/nyheter\\\/almunecar-inleder-kampanj-for-mantalsskrivning\\\/\",\"name\":\"Almu\u00f1\u00e9car inleder kampanj f\u00f6r mantalsskrivning - Svenska Magasinet\",\"isPartOf\":{\"@id\":\"https:\\\/\\\/lightweb.dev\\\/l\\\/svm-temp\\\/#website\"},\"primaryImageOfPage\":{\"@id\":\"https:\\\/\\\/lightweb.dev\\\/l\\\/svm-temp\\\/nyheter\\\/almunecar-inleder-kampanj-for-mantalsskrivning\\\/#primaryimage\"},\"image\":{\"@id\":\"https:\\\/\\\/lightweb.dev\\\/l\\\/svm-temp\\\/nyheter\\\/almunecar-inleder-kampanj-for-mantalsskrivning\\\/#primaryimage\"},\"thumbnailUrl\":\"https:\\\/\\\/lightweb.dev\\\/l\\\/svm-temp\\\/wp-content\\\/uploads\\\/2022\\\/06\\\/almuecar-inleder-kampanj-for-mantalsskrivning.png\",\"datePublished\":\"2015-11-17T23:00:00+00:00\",\"breadcrumb\":{\"@id\":\"https:\\\/\\\/lightweb.dev\\\/l\\\/svm-temp\\\/nyheter\\\/almunecar-inleder-kampanj-for-mantalsskrivning\\\/#breadcrumb\"},\"inLanguage\":\"sv-SE\",\"potentialAction\":[{\"@type\":\"ReadAction\",\"target\":[\"https:\\\/\\\/lightweb.dev\\\/l\\\/svm-temp\\\/nyheter\\\/almunecar-inleder-kampanj-for-mantalsskrivning\\\/\"]}]},{\"@type\":\"ImageObject\",\"inLanguage\":\"sv-SE\",\"@id\":\"https:\\\/\\\/lightweb.dev\\\/l\\\/svm-temp\\\/nyheter\\\/almunecar-inleder-kampanj-for-mantalsskrivning\\\/#primaryimage\",\"url\":\"https:\\\/\\\/lightweb.dev\\\/l\\\/svm-temp\\\/wp-content\\\/uploads\\\/2022\\\/06\\\/almuecar-inleder-kampanj-for-mantalsskrivning.png\",\"contentUrl\":\"https:\\\/\\\/lightweb.dev\\\/l\\\/svm-temp\\\/wp-content\\\/uploads\\\/2022\\\/06\\\/almuecar-inleder-kampanj-for-mantalsskrivning.png\",\"width\":300,\"height\":200},{\"@type\":\"BreadcrumbList\",\"@id\":\"https:\\\/\\\/lightweb.dev\\\/l\\\/svm-temp\\\/nyheter\\\/almunecar-inleder-kampanj-for-mantalsskrivning\\\/#breadcrumb\",\"itemListElement\":[{\"@type\":\"ListItem\",\"position\":1,\"name\":\"Hem\",\"item\":\"https:\\\/\\\/lightweb.dev\\\/l\\\/svm-temp\\\/\"},{\"@type\":\"ListItem\",\"position\":2,\"name\":\"Almu\u00f1\u00e9car inleder kampanj f\u00f6r mantalsskrivning\"}]},{\"@type\":\"WebSite\",\"@id\":\"https:\\\/\\\/lightweb.dev\\\/l\\\/svm-temp\\\/#website\",\"url\":\"https:\\\/\\\/lightweb.dev\\\/l\\\/svm-temp\\\/\",\"name\":\"Svenska Magasinet\",\"description\":\"Dina Spanska nyheter p&aring; Svenska\",\"publisher\":{\"@id\":\"https:\\\/\\\/lightweb.dev\\\/l\\\/svm-temp\\\/#organization\"},\"potentialAction\":[{\"@type\":\"SearchAction\",\"target\":{\"@type\":\"EntryPoint\",\"urlTemplate\":\"https:\\\/\\\/lightweb.dev\\\/l\\\/svm-temp\\\/?s={search_term_string}\"},\"query-input\":{\"@type\":\"PropertyValueSpecification\",\"valueRequired\":true,\"valueName\":\"search_term_string\"}}],\"inLanguage\":\"sv-SE\"},{\"@type\":\"Organization\",\"@id\":\"https:\\\/\\\/lightweb.dev\\\/l\\\/svm-temp\\\/#organization\",\"name\":\"Melkerson y Nott SL\",\"alternateName\":\"Svenska Magasinet\",\"url\":\"https:\\\/\\\/lightweb.dev\\\/l\\\/svm-temp\\\/\",\"logo\":{\"@type\":\"ImageObject\",\"inLanguage\":\"sv-SE\",\"@id\":\"https:\\\/\\\/lightweb.dev\\\/l\\\/svm-temp\\\/#\\\/schema\\\/logo\\\/image\\\/\",\"url\":\"https:\\\/\\\/lightweb.dev\\\/l\\\/svm-temp\\\/wp-content\\\/uploads\\\/2025\\\/02\\\/SvM-logo-Xtra-Centrerad-SVART.png\",\"contentUrl\":\"https:\\\/\\\/lightweb.dev\\\/l\\\/svm-temp\\\/wp-content\\\/uploads\\\/2025\\\/02\\\/SvM-logo-Xtra-Centrerad-SVART.png\",\"width\":300,\"height\":99,\"caption\":\"Melkerson y Nott SL\"},\"image\":{\"@id\":\"https:\\\/\\\/lightweb.dev\\\/l\\\/svm-temp\\\/#\\\/schema\\\/logo\\\/image\\\/\"},\"sameAs\":[\"https:\\\/\\\/www.facebook.com\\\/svenskamagasinet\",\"https:\\\/\\\/x.com\\\/SvenskaMagasine\"]},{\"@type\":\"Person\",\"@id\":\"https:\\\/\\\/lightweb.dev\\\/l\\\/svm-temp\\\/#\\\/schema\\\/person\\\/206a3bda5b607b0c25e1749191e4d837\",\"name\":\"Redaktionen SvM\",\"description\":\"Redaktionen\",\"sameAs\":[\"https:\\\/\\\/lightweb.dev\\\/l\\\/svm-temp\"],\"url\":\"https:\\\/\\\/lightweb.dev\\\/l\\\/svm-temp\\\/reporter\\\/redaktionen\\\/\"}]}<\/script>\n<!-- \/ Yoast SEO Premium plugin. -->","yoast_head_json":{"title":"Almu\u00f1\u00e9car inleder kampanj f\u00f6r mantalsskrivning - Svenska Magasinet","robots":{"index":"noindex","follow":"follow","max-snippet":"max-snippet:-1","max-image-preview":"max-image-preview:large","max-video-preview":"max-video-preview:-1"},"og_locale":"sv_SE","og_type":"article","og_title":"Almu\u00f1\u00e9car inleder kampanj f\u00f6r mantalsskrivning","og_description":"1.200 personer som \u00e4r bosatta i Almu\u00f1\u00e9car men som inte har bekr\u00e4ftat fysiskt enligt statistiska centralbyr\u00e5n INE (Instituto Nacional de Estad\u00edstica) var de h\u00f6r hemma hoppas kommunledningen f\u00e5 klarhet i. Genom informationsblad, broschyrer och meddelanden p\u00e5 lokalradion hoppas borgm\u00e4staren Trinidad Herrera f\u00e5 det verkliga antalet mantalsskrivna i kommunen. Trinidad Herrera tillsammans med kommunalr\u00e5det f\u00f6r turism, [&hellip;]","og_url":"https:\/\/lightweb.dev\/l\/svm-temp\/nyheter\/almunecar-inleder-kampanj-for-mantalsskrivning\/","og_site_name":"Svenska Magasinet","article_publisher":"https:\/\/www.facebook.com\/svenskamagasinet","article_published_time":"2015-11-17T23:00:00+00:00","og_image":[{"width":300,"height":200,"url":"https:\/\/lightweb.dev\/l\/svm-temp\/wp-content\/uploads\/2022\/06\/almuecar-inleder-kampanj-for-mantalsskrivning.png","type":"image\/png"}],"author":"Redaktionen SvM","twitter_card":"summary_large_image","twitter_creator":"@SvenskaMagasine","twitter_site":"@SvenskaMagasine","schema":{"@context":"https:\/\/schema.org","@graph":[{"@type":"Article","@id":"https:\/\/lightweb.dev\/l\/svm-temp\/nyheter\/almunecar-inleder-kampanj-for-mantalsskrivning\/#article","isPartOf":{"@id":"https:\/\/lightweb.dev\/l\/svm-temp\/nyheter\/almunecar-inleder-kampanj-for-mantalsskrivning\/"},"author":{"name":"Redaktionen SvM","@id":"https:\/\/lightweb.dev\/l\/svm-temp\/#\/schema\/person\/206a3bda5b607b0c25e1749191e4d837"},"headline":"Almu\u00f1\u00e9car inleder kampanj f\u00f6r mantalsskrivning","datePublished":"2015-11-17T23:00:00+00:00","mainEntityOfPage":{"@id":"https:\/\/lightweb.dev\/l\/svm-temp\/nyheter\/almunecar-inleder-kampanj-for-mantalsskrivning\/"},"wordCount":196,"commentCount":0,"publisher":{"@id":"https:\/\/lightweb.dev\/l\/svm-temp\/#organization"},"image":{"@id":"https:\/\/lightweb.dev\/l\/svm-temp\/nyheter\/almunecar-inleder-kampanj-for-mantalsskrivning\/#primaryimage"},"thumbnailUrl":"https:\/\/lightweb.dev\/l\/svm-temp\/wp-content\/uploads\/2022\/06\/almuecar-inleder-kampanj-for-mantalsskrivning.png","articleSection":["Arkiv","Nyheter"],"inLanguage":"sv-SE"},{"@type":"WebPage","@id":"https:\/\/lightweb.dev\/l\/svm-temp\/nyheter\/almunecar-inleder-kampanj-for-mantalsskrivning\/","url":"https:\/\/lightweb.dev\/l\/svm-temp\/nyheter\/almunecar-inleder-kampanj-for-mantalsskrivning\/","name":"Almu\u00f1\u00e9car inleder kampanj f\u00f6r mantalsskrivning - Svenska Magasinet","isPartOf":{"@id":"https:\/\/lightweb.dev\/l\/svm-temp\/#website"},"primaryImageOfPage":{"@id":"https:\/\/lightweb.dev\/l\/svm-temp\/nyheter\/almunecar-inleder-kampanj-for-mantalsskrivning\/#primaryimage"},"image":{"@id":"https:\/\/lightweb.dev\/l\/svm-temp\/nyheter\/almunecar-inleder-kampanj-for-mantalsskrivning\/#primaryimage"},"thumbnailUrl":"https:\/\/lightweb.dev\/l\/svm-temp\/wp-content\/uploads\/2022\/06\/almuecar-inleder-kampanj-for-mantalsskrivning.png","datePublished":"2015-11-17T23:00:00+00:00","breadcrumb":{"@id":"https:\/\/lightweb.dev\/l\/svm-temp\/nyheter\/almunecar-inleder-kampanj-for-mantalsskrivning\/#breadcrumb"},"inLanguage":"sv-SE","potentialAction":[{"@type":"ReadAction","target":["https:\/\/lightweb.dev\/l\/svm-temp\/nyheter\/almunecar-inleder-kampanj-for-mantalsskrivning\/"]}]},{"@type":"ImageObject","inLanguage":"sv-SE","@id":"https:\/\/lightweb.dev\/l\/svm-temp\/nyheter\/almunecar-inleder-kampanj-for-mantalsskrivning\/#primaryimage","url":"https:\/\/lightweb.dev\/l\/svm-temp\/wp-content\/uploads\/2022\/06\/almuecar-inleder-kampanj-for-mantalsskrivning.png","contentUrl":"https:\/\/lightweb.dev\/l\/svm-temp\/wp-content\/uploads\/2022\/06\/almuecar-inleder-kampanj-for-mantalsskrivning.png","width":300,"height":200},{"@type":"BreadcrumbList","@id":"https:\/\/lightweb.dev\/l\/svm-temp\/nyheter\/almunecar-inleder-kampanj-for-mantalsskrivning\/#breadcrumb","itemListElement":[{"@type":"ListItem","position":1,"name":"Hem","item":"https:\/\/lightweb.dev\/l\/svm-temp\/"},{"@type":"ListItem","position":2,"name":"Almu\u00f1\u00e9car inleder kampanj f\u00f6r mantalsskrivning"}]},{"@type":"WebSite","@id":"https:\/\/lightweb.dev\/l\/svm-temp\/#website","url":"https:\/\/lightweb.dev\/l\/svm-temp\/","name":"Svenska Magasinet","description":"Dina Spanska nyheter p&aring; Svenska","publisher":{"@id":"https:\/\/lightweb.dev\/l\/svm-temp\/#organization"},"potentialAction":[{"@type":"SearchAction","target":{"@type":"EntryPoint","urlTemplate":"https:\/\/lightweb.dev\/l\/svm-temp\/?s={search_term_string}"},"query-input":{"@type":"PropertyValueSpecification","valueRequired":true,"valueName":"search_term_string"}}],"inLanguage":"sv-SE"},{"@type":"Organization","@id":"https:\/\/lightweb.dev\/l\/svm-temp\/#organization","name":"Melkerson y Nott SL","alternateName":"Svenska Magasinet","url":"https:\/\/lightweb.dev\/l\/svm-temp\/","logo":{"@type":"ImageObject","inLanguage":"sv-SE","@id":"https:\/\/lightweb.dev\/l\/svm-temp\/#\/schema\/logo\/image\/","url":"https:\/\/lightweb.dev\/l\/svm-temp\/wp-content\/uploads\/2025\/02\/SvM-logo-Xtra-Centrerad-SVART.png","contentUrl":"https:\/\/lightweb.dev\/l\/svm-temp\/wp-content\/uploads\/2025\/02\/SvM-logo-Xtra-Centrerad-SVART.png","width":300,"height":99,"caption":"Melkerson y Nott SL"},"image":{"@id":"https:\/\/lightweb.dev\/l\/svm-temp\/#\/schema\/logo\/image\/"},"sameAs":["https:\/\/www.facebook.com\/svenskamagasinet","https:\/\/x.com\/SvenskaMagasine"]},{"@type":"Person","@id":"https:\/\/lightweb.dev\/l\/svm-temp\/#\/schema\/person\/206a3bda5b607b0c25e1749191e4d837","name":"Redaktionen SvM","description":"Redaktionen","sameAs":["https:\/\/lightweb.dev\/l\/svm-temp"],"url":"https:\/\/lightweb.dev\/l\/svm-temp\/reporter\/redaktionen\/"}]}},"_links":{"self":[{"href":"https:\/\/lightweb.dev\/l\/svm-temp\/wp-json\/wp\/v2\/posts\/23207","targetHints":{"allow":["GET"]}}],"collection":[{"href":"https:\/\/lightweb.dev\/l\/svm-temp\/wp-json\/wp\/v2\/posts"}],"about":[{"href":"https:\/\/lightweb.dev\/l\/svm-temp\/wp-json\/wp\/v2\/types\/post"}],"author":[{"embeddable":true,"href":"https:\/\/lightweb.dev\/l\/svm-temp\/wp-json\/wp\/v2\/users\/8"}],"replies":[{"embeddable":true,"href":"https:\/\/lightweb.dev\/l\/svm-temp\/wp-json\/wp\/v2\/comments?post=23207"}],"version-history":[{"count":0,"href":"https:\/\/lightweb.dev\/l\/svm-temp\/wp-json\/wp\/v2\/posts\/23207\/revisions"}],"wp:featuredmedia":[{"embeddable":true,"href":"https:\/\/lightweb.dev\/l\/svm-temp\/wp-json\/wp\/v2\/media\/23208"}],"wp:attachment":[{"href":"https:\/\/lightweb.dev\/l\/svm-temp\/wp-json\/wp\/v2\/media?parent=23207"}],"wp:term":[{"taxonomy":"category","embeddable":true,"href":"https:\/\/lightweb.dev\/l\/svm-temp\/wp-json\/wp\/v2\/categories?post=23207"},{"taxonomy":"post_tag","embeddable":true,"href":"https:\/\/lightweb.dev\/l\/svm-temp\/wp-json\/wp\/v2\/tags?post=23207"}],"curies":[{"name":"wp","href":"https:\/\/api.w.org\/{rel}","templated":true}]}}