{"id":23211,"date":"2015-11-17T00:00:00","date_gmt":"2015-11-16T23:00:00","guid":{"rendered":"https:\/\/lightweb.dev\/l\/svm-temp\/nyheter\/skadegorelsen-i-rincon-troligtvis-inte-ett-verk-av-radikala-islamister\/"},"modified":"2015-11-17T00:00:00","modified_gmt":"2015-11-16T23:00:00","slug":"skadegorelsen-i-rincon-troligtvis-inte-ett-verk-av-radikala-islamister","status":"publish","type":"post","link":"https:\/\/lightweb.dev\/l\/svm-temp\/nyheter\/skadegorelsen-i-rincon-troligtvis-inte-ett-verk-av-radikala-islamister\/","title":{"rendered":"Skadeg\u00f6relsen i Rinc\u00f3n troligtvis inte ett verk av radikala islamister"},"content":{"rendered":"<p> Guardia Civil tror att den eller de som orsakade skadeg\u00f6relsen i en kyrka i Rinc\u00f3n vill provocera fram en reaktion mot det muslimska samfundet. Svenska Magasinet ber\u00e4ttade om h\u00e4ndelsen den 3 november och hur Agust\u00edn Carrasco, pr\u00e4st i en kyrka i Rinc\u00f3n de la Victoria, fann en krossad Kristusstaty och en staty av en jungfru p\u00e5 golvet n\u00e4r han kom till jobbet. P\u00e5 v\u00e4ggen i kyrkan hade n\u00e5gon skrivit Allah med stora bokst\u00e4ver.<\/p>\n<p>Enligt Guardia Civil som tillsatte en f\u00f6runders\u00f6kning efter h\u00e4ndelsen tyder uppgifter p\u00e5 att det inte \u00e4r vandaler eller n\u00e5gra fundamentalister som ligger bakom skadeg\u00f6relsen i kyrkan Lo Cea i Rinc\u00f3n de la Victoria.<\/p>\n<p>I st\u00e4llet r\u00f6r det sig troligtvis om n\u00e5gon eller n\u00e5gra som vill provocera fram en reaktion mot den muslimska kolonin i omr\u00e5det. Det \u00e4r huvudsp\u00e5ret i dagsl\u00e4get \u00e4ven om Guardia Civil inte utesluter andra m\u00f6jligheter. Det skriver Diario SUR p\u00e5 tisdagen.<\/p>\n<p>Det \u00e4r hur namnet Allah \u00e4r skrivit p\u00e5 v\u00e4ggen som avsl\u00f6jar att det troligtvis inte r\u00f6r sig om en radikal muslim. \u00c4ven andra s\u00e4tt hur skadeg\u00f6relsen uppkommit g\u00f6r att Guardia Civil tvivlar p\u00e5 att det r\u00f6r sig om radikala islamister. \u00c4nnu en attack p\u00e5 religi\u00f6sa motiv i Rinc\u00f3n<\/p>\n","protected":false},"excerpt":{"rendered":"<p>Guardia Civil tror att den eller de som orsakade skadeg\u00f6relsen i en kyrka i Rinc\u00f3n vill provocera fram en reaktion mot det muslimska samfundet. Svenska Magasinet ber\u00e4ttade om h\u00e4ndelsen den 3 november och hur Agust\u00edn Carrasco, pr\u00e4st i en kyrka i Rinc\u00f3n de la Victoria, fann en krossad Kristusstaty och en staty av en jungfru [&hellip;]<\/p>\n","protected":false},"author":8,"featured_media":23212,"comment_status":"open","ping_status":"open","sticky":false,"template":"","format":"standard","meta":{"_et_pb_use_builder":"","_et_pb_old_content":"","_et_gb_content_width":"","footnotes":""},"categories":[395,3],"tags":[],"class_list":["post-23211","post","type-post","status-publish","format-standard","has-post-thumbnail","hentry","category-arkiv-nyheter","category-nyheter"],"yoast_head":"<!-- This site is optimized with the Yoast SEO Premium plugin v26.2 (Yoast SEO v27.4) - https:\/\/yoast.com\/product\/yoast-seo-premium-wordpress\/ -->\n<title>Skadeg\u00f6relsen i Rinc\u00f3n troligtvis inte ett verk av radikala islamister - Svenska Magasinet<\/title>\n<meta name=\"robots\" content=\"noindex, follow, max-snippet:-1, max-image-preview:large, max-video-preview:-1\" \/>\n<meta property=\"og:locale\" content=\"sv_SE\" \/>\n<meta property=\"og:type\" content=\"article\" \/>\n<meta property=\"og:title\" content=\"Skadeg\u00f6relsen i Rinc\u00f3n troligtvis inte ett verk av radikala islamister\" \/>\n<meta property=\"og:description\" content=\"Guardia Civil tror att den eller de som orsakade skadeg\u00f6relsen i en kyrka i Rinc\u00f3n vill provocera fram en reaktion mot det muslimska samfundet. Svenska Magasinet ber\u00e4ttade om h\u00e4ndelsen den 3 november och hur Agust\u00edn Carrasco, pr\u00e4st i en kyrka i Rinc\u00f3n de la Victoria, fann en krossad Kristusstaty och en staty av en jungfru [&hellip;]\" \/>\n<meta property=\"og:url\" content=\"https:\/\/lightweb.dev\/l\/svm-temp\/nyheter\/skadegorelsen-i-rincon-troligtvis-inte-ett-verk-av-radikala-islamister\/\" \/>\n<meta property=\"og:site_name\" content=\"Svenska Magasinet\" \/>\n<meta property=\"article:publisher\" content=\"https:\/\/www.facebook.com\/svenskamagasinet\" \/>\n<meta property=\"article:published_time\" content=\"2015-11-16T23:00:00+00:00\" \/>\n<meta property=\"og:image\" content=\"https:\/\/lightweb.dev\/l\/svm-temp\/wp-content\/uploads\/2022\/06\/skadegorelsen-i-rincon-troligtvis-inte-ett-verk-av-radikala-islamister.png\" \/>\n\t<meta property=\"og:image:width\" content=\"356\" \/>\n\t<meta property=\"og:image:height\" content=\"200\" \/>\n\t<meta property=\"og:image:type\" content=\"image\/png\" \/>\n<meta name=\"author\" content=\"Redaktionen SvM\" \/>\n<meta name=\"twitter:card\" content=\"summary_large_image\" \/>\n<meta name=\"twitter:creator\" content=\"@SvenskaMagasine\" \/>\n<meta name=\"twitter:site\" content=\"@SvenskaMagasine\" \/>\n<script type=\"application\/ld+json\" class=\"yoast-schema-graph\">{\"@context\":\"https:\\\/\\\/schema.org\",\"@graph\":[{\"@type\":\"Article\",\"@id\":\"https:\\\/\\\/lightweb.dev\\\/l\\\/svm-temp\\\/nyheter\\\/skadegorelsen-i-rincon-troligtvis-inte-ett-verk-av-radikala-islamister\\\/#article\",\"isPartOf\":{\"@id\":\"https:\\\/\\\/lightweb.dev\\\/l\\\/svm-temp\\\/nyheter\\\/skadegorelsen-i-rincon-troligtvis-inte-ett-verk-av-radikala-islamister\\\/\"},\"author\":{\"name\":\"Redaktionen SvM\",\"@id\":\"https:\\\/\\\/lightweb.dev\\\/l\\\/svm-temp\\\/#\\\/schema\\\/person\\\/206a3bda5b607b0c25e1749191e4d837\"},\"headline\":\"Skadeg\u00f6relsen i Rinc\u00f3n troligtvis inte ett verk av radikala islamister\",\"datePublished\":\"2015-11-16T23:00:00+00:00\",\"mainEntityOfPage\":{\"@id\":\"https:\\\/\\\/lightweb.dev\\\/l\\\/svm-temp\\\/nyheter\\\/skadegorelsen-i-rincon-troligtvis-inte-ett-verk-av-radikala-islamister\\\/\"},\"wordCount\":240,\"commentCount\":0,\"publisher\":{\"@id\":\"https:\\\/\\\/lightweb.dev\\\/l\\\/svm-temp\\\/#organization\"},\"image\":{\"@id\":\"https:\\\/\\\/lightweb.dev\\\/l\\\/svm-temp\\\/nyheter\\\/skadegorelsen-i-rincon-troligtvis-inte-ett-verk-av-radikala-islamister\\\/#primaryimage\"},\"thumbnailUrl\":\"https:\\\/\\\/lightweb.dev\\\/l\\\/svm-temp\\\/wp-content\\\/uploads\\\/2022\\\/06\\\/skadegorelsen-i-rincon-troligtvis-inte-ett-verk-av-radikala-islamister.png\",\"articleSection\":[\"Arkiv\",\"Nyheter\"],\"inLanguage\":\"sv-SE\"},{\"@type\":\"WebPage\",\"@id\":\"https:\\\/\\\/lightweb.dev\\\/l\\\/svm-temp\\\/nyheter\\\/skadegorelsen-i-rincon-troligtvis-inte-ett-verk-av-radikala-islamister\\\/\",\"url\":\"https:\\\/\\\/lightweb.dev\\\/l\\\/svm-temp\\\/nyheter\\\/skadegorelsen-i-rincon-troligtvis-inte-ett-verk-av-radikala-islamister\\\/\",\"name\":\"Skadeg\u00f6relsen i Rinc\u00f3n troligtvis inte ett verk av radikala islamister - Svenska Magasinet\",\"isPartOf\":{\"@id\":\"https:\\\/\\\/lightweb.dev\\\/l\\\/svm-temp\\\/#website\"},\"primaryImageOfPage\":{\"@id\":\"https:\\\/\\\/lightweb.dev\\\/l\\\/svm-temp\\\/nyheter\\\/skadegorelsen-i-rincon-troligtvis-inte-ett-verk-av-radikala-islamister\\\/#primaryimage\"},\"image\":{\"@id\":\"https:\\\/\\\/lightweb.dev\\\/l\\\/svm-temp\\\/nyheter\\\/skadegorelsen-i-rincon-troligtvis-inte-ett-verk-av-radikala-islamister\\\/#primaryimage\"},\"thumbnailUrl\":\"https:\\\/\\\/lightweb.dev\\\/l\\\/svm-temp\\\/wp-content\\\/uploads\\\/2022\\\/06\\\/skadegorelsen-i-rincon-troligtvis-inte-ett-verk-av-radikala-islamister.png\",\"datePublished\":\"2015-11-16T23:00:00+00:00\",\"breadcrumb\":{\"@id\":\"https:\\\/\\\/lightweb.dev\\\/l\\\/svm-temp\\\/nyheter\\\/skadegorelsen-i-rincon-troligtvis-inte-ett-verk-av-radikala-islamister\\\/#breadcrumb\"},\"inLanguage\":\"sv-SE\",\"potentialAction\":[{\"@type\":\"ReadAction\",\"target\":[\"https:\\\/\\\/lightweb.dev\\\/l\\\/svm-temp\\\/nyheter\\\/skadegorelsen-i-rincon-troligtvis-inte-ett-verk-av-radikala-islamister\\\/\"]}]},{\"@type\":\"ImageObject\",\"inLanguage\":\"sv-SE\",\"@id\":\"https:\\\/\\\/lightweb.dev\\\/l\\\/svm-temp\\\/nyheter\\\/skadegorelsen-i-rincon-troligtvis-inte-ett-verk-av-radikala-islamister\\\/#primaryimage\",\"url\":\"https:\\\/\\\/lightweb.dev\\\/l\\\/svm-temp\\\/wp-content\\\/uploads\\\/2022\\\/06\\\/skadegorelsen-i-rincon-troligtvis-inte-ett-verk-av-radikala-islamister.png\",\"contentUrl\":\"https:\\\/\\\/lightweb.dev\\\/l\\\/svm-temp\\\/wp-content\\\/uploads\\\/2022\\\/06\\\/skadegorelsen-i-rincon-troligtvis-inte-ett-verk-av-radikala-islamister.png\",\"width\":356,\"height\":200},{\"@type\":\"BreadcrumbList\",\"@id\":\"https:\\\/\\\/lightweb.dev\\\/l\\\/svm-temp\\\/nyheter\\\/skadegorelsen-i-rincon-troligtvis-inte-ett-verk-av-radikala-islamister\\\/#breadcrumb\",\"itemListElement\":[{\"@type\":\"ListItem\",\"position\":1,\"name\":\"Hem\",\"item\":\"https:\\\/\\\/lightweb.dev\\\/l\\\/svm-temp\\\/\"},{\"@type\":\"ListItem\",\"position\":2,\"name\":\"Skadeg\u00f6relsen i Rinc\u00f3n troligtvis inte ett verk av radikala islamister\"}]},{\"@type\":\"WebSite\",\"@id\":\"https:\\\/\\\/lightweb.dev\\\/l\\\/svm-temp\\\/#website\",\"url\":\"https:\\\/\\\/lightweb.dev\\\/l\\\/svm-temp\\\/\",\"name\":\"Svenska Magasinet\",\"description\":\"Dina Spanska nyheter p&aring; Svenska\",\"publisher\":{\"@id\":\"https:\\\/\\\/lightweb.dev\\\/l\\\/svm-temp\\\/#organization\"},\"potentialAction\":[{\"@type\":\"SearchAction\",\"target\":{\"@type\":\"EntryPoint\",\"urlTemplate\":\"https:\\\/\\\/lightweb.dev\\\/l\\\/svm-temp\\\/?s={search_term_string}\"},\"query-input\":{\"@type\":\"PropertyValueSpecification\",\"valueRequired\":true,\"valueName\":\"search_term_string\"}}],\"inLanguage\":\"sv-SE\"},{\"@type\":\"Organization\",\"@id\":\"https:\\\/\\\/lightweb.dev\\\/l\\\/svm-temp\\\/#organization\",\"name\":\"Melkerson y Nott SL\",\"alternateName\":\"Svenska Magasinet\",\"url\":\"https:\\\/\\\/lightweb.dev\\\/l\\\/svm-temp\\\/\",\"logo\":{\"@type\":\"ImageObject\",\"inLanguage\":\"sv-SE\",\"@id\":\"https:\\\/\\\/lightweb.dev\\\/l\\\/svm-temp\\\/#\\\/schema\\\/logo\\\/image\\\/\",\"url\":\"https:\\\/\\\/lightweb.dev\\\/l\\\/svm-temp\\\/wp-content\\\/uploads\\\/2025\\\/02\\\/SvM-logo-Xtra-Centrerad-SVART.png\",\"contentUrl\":\"https:\\\/\\\/lightweb.dev\\\/l\\\/svm-temp\\\/wp-content\\\/uploads\\\/2025\\\/02\\\/SvM-logo-Xtra-Centrerad-SVART.png\",\"width\":300,\"height\":99,\"caption\":\"Melkerson y Nott SL\"},\"image\":{\"@id\":\"https:\\\/\\\/lightweb.dev\\\/l\\\/svm-temp\\\/#\\\/schema\\\/logo\\\/image\\\/\"},\"sameAs\":[\"https:\\\/\\\/www.facebook.com\\\/svenskamagasinet\",\"https:\\\/\\\/x.com\\\/SvenskaMagasine\"]},{\"@type\":\"Person\",\"@id\":\"https:\\\/\\\/lightweb.dev\\\/l\\\/svm-temp\\\/#\\\/schema\\\/person\\\/206a3bda5b607b0c25e1749191e4d837\",\"name\":\"Redaktionen SvM\",\"description\":\"Redaktionen\",\"sameAs\":[\"https:\\\/\\\/lightweb.dev\\\/l\\\/svm-temp\"],\"url\":\"https:\\\/\\\/lightweb.dev\\\/l\\\/svm-temp\\\/reporter\\\/redaktionen\\\/\"}]}<\/script>\n<!-- \/ Yoast SEO Premium plugin. -->","yoast_head_json":{"title":"Skadeg\u00f6relsen i Rinc\u00f3n troligtvis inte ett verk av radikala islamister - Svenska Magasinet","robots":{"index":"noindex","follow":"follow","max-snippet":"max-snippet:-1","max-image-preview":"max-image-preview:large","max-video-preview":"max-video-preview:-1"},"og_locale":"sv_SE","og_type":"article","og_title":"Skadeg\u00f6relsen i Rinc\u00f3n troligtvis inte ett verk av radikala islamister","og_description":"Guardia Civil tror att den eller de som orsakade skadeg\u00f6relsen i en kyrka i Rinc\u00f3n vill provocera fram en reaktion mot det muslimska samfundet. Svenska Magasinet ber\u00e4ttade om h\u00e4ndelsen den 3 november och hur Agust\u00edn Carrasco, pr\u00e4st i en kyrka i Rinc\u00f3n de la Victoria, fann en krossad Kristusstaty och en staty av en jungfru [&hellip;]","og_url":"https:\/\/lightweb.dev\/l\/svm-temp\/nyheter\/skadegorelsen-i-rincon-troligtvis-inte-ett-verk-av-radikala-islamister\/","og_site_name":"Svenska Magasinet","article_publisher":"https:\/\/www.facebook.com\/svenskamagasinet","article_published_time":"2015-11-16T23:00:00+00:00","og_image":[{"width":356,"height":200,"url":"https:\/\/lightweb.dev\/l\/svm-temp\/wp-content\/uploads\/2022\/06\/skadegorelsen-i-rincon-troligtvis-inte-ett-verk-av-radikala-islamister.png","type":"image\/png"}],"author":"Redaktionen SvM","twitter_card":"summary_large_image","twitter_creator":"@SvenskaMagasine","twitter_site":"@SvenskaMagasine","schema":{"@context":"https:\/\/schema.org","@graph":[{"@type":"Article","@id":"https:\/\/lightweb.dev\/l\/svm-temp\/nyheter\/skadegorelsen-i-rincon-troligtvis-inte-ett-verk-av-radikala-islamister\/#article","isPartOf":{"@id":"https:\/\/lightweb.dev\/l\/svm-temp\/nyheter\/skadegorelsen-i-rincon-troligtvis-inte-ett-verk-av-radikala-islamister\/"},"author":{"name":"Redaktionen SvM","@id":"https:\/\/lightweb.dev\/l\/svm-temp\/#\/schema\/person\/206a3bda5b607b0c25e1749191e4d837"},"headline":"Skadeg\u00f6relsen i Rinc\u00f3n troligtvis inte ett verk av radikala islamister","datePublished":"2015-11-16T23:00:00+00:00","mainEntityOfPage":{"@id":"https:\/\/lightweb.dev\/l\/svm-temp\/nyheter\/skadegorelsen-i-rincon-troligtvis-inte-ett-verk-av-radikala-islamister\/"},"wordCount":240,"commentCount":0,"publisher":{"@id":"https:\/\/lightweb.dev\/l\/svm-temp\/#organization"},"image":{"@id":"https:\/\/lightweb.dev\/l\/svm-temp\/nyheter\/skadegorelsen-i-rincon-troligtvis-inte-ett-verk-av-radikala-islamister\/#primaryimage"},"thumbnailUrl":"https:\/\/lightweb.dev\/l\/svm-temp\/wp-content\/uploads\/2022\/06\/skadegorelsen-i-rincon-troligtvis-inte-ett-verk-av-radikala-islamister.png","articleSection":["Arkiv","Nyheter"],"inLanguage":"sv-SE"},{"@type":"WebPage","@id":"https:\/\/lightweb.dev\/l\/svm-temp\/nyheter\/skadegorelsen-i-rincon-troligtvis-inte-ett-verk-av-radikala-islamister\/","url":"https:\/\/lightweb.dev\/l\/svm-temp\/nyheter\/skadegorelsen-i-rincon-troligtvis-inte-ett-verk-av-radikala-islamister\/","name":"Skadeg\u00f6relsen i Rinc\u00f3n troligtvis inte ett verk av radikala islamister - Svenska Magasinet","isPartOf":{"@id":"https:\/\/lightweb.dev\/l\/svm-temp\/#website"},"primaryImageOfPage":{"@id":"https:\/\/lightweb.dev\/l\/svm-temp\/nyheter\/skadegorelsen-i-rincon-troligtvis-inte-ett-verk-av-radikala-islamister\/#primaryimage"},"image":{"@id":"https:\/\/lightweb.dev\/l\/svm-temp\/nyheter\/skadegorelsen-i-rincon-troligtvis-inte-ett-verk-av-radikala-islamister\/#primaryimage"},"thumbnailUrl":"https:\/\/lightweb.dev\/l\/svm-temp\/wp-content\/uploads\/2022\/06\/skadegorelsen-i-rincon-troligtvis-inte-ett-verk-av-radikala-islamister.png","datePublished":"2015-11-16T23:00:00+00:00","breadcrumb":{"@id":"https:\/\/lightweb.dev\/l\/svm-temp\/nyheter\/skadegorelsen-i-rincon-troligtvis-inte-ett-verk-av-radikala-islamister\/#breadcrumb"},"inLanguage":"sv-SE","potentialAction":[{"@type":"ReadAction","target":["https:\/\/lightweb.dev\/l\/svm-temp\/nyheter\/skadegorelsen-i-rincon-troligtvis-inte-ett-verk-av-radikala-islamister\/"]}]},{"@type":"ImageObject","inLanguage":"sv-SE","@id":"https:\/\/lightweb.dev\/l\/svm-temp\/nyheter\/skadegorelsen-i-rincon-troligtvis-inte-ett-verk-av-radikala-islamister\/#primaryimage","url":"https:\/\/lightweb.dev\/l\/svm-temp\/wp-content\/uploads\/2022\/06\/skadegorelsen-i-rincon-troligtvis-inte-ett-verk-av-radikala-islamister.png","contentUrl":"https:\/\/lightweb.dev\/l\/svm-temp\/wp-content\/uploads\/2022\/06\/skadegorelsen-i-rincon-troligtvis-inte-ett-verk-av-radikala-islamister.png","width":356,"height":200},{"@type":"BreadcrumbList","@id":"https:\/\/lightweb.dev\/l\/svm-temp\/nyheter\/skadegorelsen-i-rincon-troligtvis-inte-ett-verk-av-radikala-islamister\/#breadcrumb","itemListElement":[{"@type":"ListItem","position":1,"name":"Hem","item":"https:\/\/lightweb.dev\/l\/svm-temp\/"},{"@type":"ListItem","position":2,"name":"Skadeg\u00f6relsen i Rinc\u00f3n troligtvis inte ett verk av radikala islamister"}]},{"@type":"WebSite","@id":"https:\/\/lightweb.dev\/l\/svm-temp\/#website","url":"https:\/\/lightweb.dev\/l\/svm-temp\/","name":"Svenska Magasinet","description":"Dina Spanska nyheter p&aring; Svenska","publisher":{"@id":"https:\/\/lightweb.dev\/l\/svm-temp\/#organization"},"potentialAction":[{"@type":"SearchAction","target":{"@type":"EntryPoint","urlTemplate":"https:\/\/lightweb.dev\/l\/svm-temp\/?s={search_term_string}"},"query-input":{"@type":"PropertyValueSpecification","valueRequired":true,"valueName":"search_term_string"}}],"inLanguage":"sv-SE"},{"@type":"Organization","@id":"https:\/\/lightweb.dev\/l\/svm-temp\/#organization","name":"Melkerson y Nott SL","alternateName":"Svenska Magasinet","url":"https:\/\/lightweb.dev\/l\/svm-temp\/","logo":{"@type":"ImageObject","inLanguage":"sv-SE","@id":"https:\/\/lightweb.dev\/l\/svm-temp\/#\/schema\/logo\/image\/","url":"https:\/\/lightweb.dev\/l\/svm-temp\/wp-content\/uploads\/2025\/02\/SvM-logo-Xtra-Centrerad-SVART.png","contentUrl":"https:\/\/lightweb.dev\/l\/svm-temp\/wp-content\/uploads\/2025\/02\/SvM-logo-Xtra-Centrerad-SVART.png","width":300,"height":99,"caption":"Melkerson y Nott SL"},"image":{"@id":"https:\/\/lightweb.dev\/l\/svm-temp\/#\/schema\/logo\/image\/"},"sameAs":["https:\/\/www.facebook.com\/svenskamagasinet","https:\/\/x.com\/SvenskaMagasine"]},{"@type":"Person","@id":"https:\/\/lightweb.dev\/l\/svm-temp\/#\/schema\/person\/206a3bda5b607b0c25e1749191e4d837","name":"Redaktionen SvM","description":"Redaktionen","sameAs":["https:\/\/lightweb.dev\/l\/svm-temp"],"url":"https:\/\/lightweb.dev\/l\/svm-temp\/reporter\/redaktionen\/"}]}},"_links":{"self":[{"href":"https:\/\/lightweb.dev\/l\/svm-temp\/wp-json\/wp\/v2\/posts\/23211","targetHints":{"allow":["GET"]}}],"collection":[{"href":"https:\/\/lightweb.dev\/l\/svm-temp\/wp-json\/wp\/v2\/posts"}],"about":[{"href":"https:\/\/lightweb.dev\/l\/svm-temp\/wp-json\/wp\/v2\/types\/post"}],"author":[{"embeddable":true,"href":"https:\/\/lightweb.dev\/l\/svm-temp\/wp-json\/wp\/v2\/users\/8"}],"replies":[{"embeddable":true,"href":"https:\/\/lightweb.dev\/l\/svm-temp\/wp-json\/wp\/v2\/comments?post=23211"}],"version-history":[{"count":0,"href":"https:\/\/lightweb.dev\/l\/svm-temp\/wp-json\/wp\/v2\/posts\/23211\/revisions"}],"wp:featuredmedia":[{"embeddable":true,"href":"https:\/\/lightweb.dev\/l\/svm-temp\/wp-json\/wp\/v2\/media\/23212"}],"wp:attachment":[{"href":"https:\/\/lightweb.dev\/l\/svm-temp\/wp-json\/wp\/v2\/media?parent=23211"}],"wp:term":[{"taxonomy":"category","embeddable":true,"href":"https:\/\/lightweb.dev\/l\/svm-temp\/wp-json\/wp\/v2\/categories?post=23211"},{"taxonomy":"post_tag","embeddable":true,"href":"https:\/\/lightweb.dev\/l\/svm-temp\/wp-json\/wp\/v2\/tags?post=23211"}],"curies":[{"name":"wp","href":"https:\/\/api.w.org\/{rel}","templated":true}]}}