{"id":23213,"date":"2015-11-17T00:00:00","date_gmt":"2015-11-16T23:00:00","guid":{"rendered":"https:\/\/lightweb.dev\/l\/svm-temp\/nyheter\/abdeslam-onskar-do-som-martyr-darfor-stalls-belgien-spanien-in\/"},"modified":"2015-11-17T00:00:00","modified_gmt":"2015-11-16T23:00:00","slug":"abdeslam-onskar-do-som-martyr-darfor-stalls-belgien-spanien-in","status":"publish","type":"post","link":"https:\/\/lightweb.dev\/l\/svm-temp\/nyheter\/abdeslam-onskar-do-som-martyr-darfor-stalls-belgien-spanien-in\/","title":{"rendered":"Abdeslam \u00f6nskar d\u00f6 som martyr d\u00e4rf\u00f6r st\u00e4lls Belgien-Spanien in"},"content":{"rendered":"<p> Salah Abdeslam som \u00e4r efterlyst internationellt efter attentaten i Paris f\u00f6rberedde en attack i samband med landskampen Belgien-Spanien p\u00e5 Kung Baudouin-stadion p\u00e5 tisdagskv\u00e4llen. D\u00e4rf\u00f6r st\u00e4lls matchen in.<\/p>\n<p>Det \u00e4r den spanska nyhetsbyr\u00e5n EFE som h\u00e4nvisar till uppgifter i dagstidningen \u201dHet Laatste Nieuws\u201d d\u00e4r Belgiens underr\u00e4ttelsetj\u00e4nsten har starka indikationer p\u00e5 att Salah Abdeslam f\u00f6rbereder en attack mot Belgien. \u201dVi befarar att han vill d\u00f6 som en martyr\u201d uppger en k\u00e4lla inom underr\u00e4ttelsetj\u00e4nsten f\u00f6r tidningen.<\/p>\n<p>Salah Abdeslam beskrivs som en farlig individ som har avvikit fr\u00e5n Paris och inte har n\u00e5got att f\u00f6rlora. V\u00e4nskapsmatchen mellan Belgien och Spanien som skulle ha spelats p\u00e5 Kung Baudouin-stadion i Bryssel har st\u00e4llts in p\u00e5 grund av att risken f\u00f6r attentat bed\u00f6ms vara f\u00f6r stor. <\/p>\n","protected":false},"excerpt":{"rendered":"<p>Salah Abdeslam som \u00e4r efterlyst internationellt efter attentaten i Paris f\u00f6rberedde en attack i samband med landskampen Belgien-Spanien p\u00e5 Kung Baudouin-stadion p\u00e5 tisdagskv\u00e4llen. D\u00e4rf\u00f6r st\u00e4lls matchen in. Det \u00e4r den spanska nyhetsbyr\u00e5n EFE som h\u00e4nvisar till uppgifter i dagstidningen \u201dHet Laatste Nieuws\u201d d\u00e4r Belgiens underr\u00e4ttelsetj\u00e4nsten har starka indikationer p\u00e5 att Salah Abdeslam f\u00f6rbereder en attack [&hellip;]<\/p>\n","protected":false},"author":8,"featured_media":23214,"comment_status":"open","ping_status":"open","sticky":false,"template":"","format":"standard","meta":{"_et_pb_use_builder":"","_et_pb_old_content":"","_et_gb_content_width":"","footnotes":""},"categories":[395,3],"tags":[],"class_list":["post-23213","post","type-post","status-publish","format-standard","has-post-thumbnail","hentry","category-arkiv-nyheter","category-nyheter"],"yoast_head":"<!-- This site is optimized with the Yoast SEO Premium plugin v26.2 (Yoast SEO v27.4) - https:\/\/yoast.com\/product\/yoast-seo-premium-wordpress\/ -->\n<title>Abdeslam \u00f6nskar d\u00f6 som martyr d\u00e4rf\u00f6r st\u00e4lls Belgien-Spanien in - Svenska Magasinet<\/title>\n<meta name=\"robots\" content=\"noindex, follow, max-snippet:-1, max-image-preview:large, max-video-preview:-1\" \/>\n<meta property=\"og:locale\" content=\"sv_SE\" \/>\n<meta property=\"og:type\" content=\"article\" \/>\n<meta property=\"og:title\" content=\"Abdeslam \u00f6nskar d\u00f6 som martyr d\u00e4rf\u00f6r st\u00e4lls Belgien-Spanien in\" \/>\n<meta property=\"og:description\" content=\"Salah Abdeslam som \u00e4r efterlyst internationellt efter attentaten i Paris f\u00f6rberedde en attack i samband med landskampen Belgien-Spanien p\u00e5 Kung Baudouin-stadion p\u00e5 tisdagskv\u00e4llen. D\u00e4rf\u00f6r st\u00e4lls matchen in. Det \u00e4r den spanska nyhetsbyr\u00e5n EFE som h\u00e4nvisar till uppgifter i dagstidningen \u201dHet Laatste Nieuws\u201d d\u00e4r Belgiens underr\u00e4ttelsetj\u00e4nsten har starka indikationer p\u00e5 att Salah Abdeslam f\u00f6rbereder en attack [&hellip;]\" \/>\n<meta property=\"og:url\" content=\"https:\/\/lightweb.dev\/l\/svm-temp\/nyheter\/abdeslam-onskar-do-som-martyr-darfor-stalls-belgien-spanien-in\/\" \/>\n<meta property=\"og:site_name\" content=\"Svenska Magasinet\" \/>\n<meta property=\"article:publisher\" content=\"https:\/\/www.facebook.com\/svenskamagasinet\" \/>\n<meta property=\"article:published_time\" content=\"2015-11-16T23:00:00+00:00\" \/>\n<meta property=\"og:image\" content=\"https:\/\/lightweb.dev\/l\/svm-temp\/wp-content\/uploads\/2022\/06\/abdeslam-onskar-do-som-martyr-darfor-stalls-belgienspanien-in.png\" \/>\n\t<meta property=\"og:image:width\" content=\"280\" \/>\n\t<meta property=\"og:image:height\" content=\"215\" \/>\n\t<meta property=\"og:image:type\" content=\"image\/png\" \/>\n<meta name=\"author\" content=\"Redaktionen SvM\" \/>\n<meta name=\"twitter:card\" content=\"summary_large_image\" \/>\n<meta name=\"twitter:creator\" content=\"@SvenskaMagasine\" \/>\n<meta name=\"twitter:site\" content=\"@SvenskaMagasine\" \/>\n<script type=\"application\/ld+json\" class=\"yoast-schema-graph\">{\"@context\":\"https:\\\/\\\/schema.org\",\"@graph\":[{\"@type\":\"Article\",\"@id\":\"https:\\\/\\\/lightweb.dev\\\/l\\\/svm-temp\\\/nyheter\\\/abdeslam-onskar-do-som-martyr-darfor-stalls-belgien-spanien-in\\\/#article\",\"isPartOf\":{\"@id\":\"https:\\\/\\\/lightweb.dev\\\/l\\\/svm-temp\\\/nyheter\\\/abdeslam-onskar-do-som-martyr-darfor-stalls-belgien-spanien-in\\\/\"},\"author\":{\"name\":\"Redaktionen SvM\",\"@id\":\"https:\\\/\\\/lightweb.dev\\\/l\\\/svm-temp\\\/#\\\/schema\\\/person\\\/206a3bda5b607b0c25e1749191e4d837\"},\"headline\":\"Abdeslam \u00f6nskar d\u00f6 som martyr d\u00e4rf\u00f6r st\u00e4lls Belgien-Spanien in\",\"datePublished\":\"2015-11-16T23:00:00+00:00\",\"mainEntityOfPage\":{\"@id\":\"https:\\\/\\\/lightweb.dev\\\/l\\\/svm-temp\\\/nyheter\\\/abdeslam-onskar-do-som-martyr-darfor-stalls-belgien-spanien-in\\\/\"},\"wordCount\":154,\"commentCount\":0,\"publisher\":{\"@id\":\"https:\\\/\\\/lightweb.dev\\\/l\\\/svm-temp\\\/#organization\"},\"image\":{\"@id\":\"https:\\\/\\\/lightweb.dev\\\/l\\\/svm-temp\\\/nyheter\\\/abdeslam-onskar-do-som-martyr-darfor-stalls-belgien-spanien-in\\\/#primaryimage\"},\"thumbnailUrl\":\"https:\\\/\\\/lightweb.dev\\\/l\\\/svm-temp\\\/wp-content\\\/uploads\\\/2022\\\/06\\\/abdeslam-onskar-do-som-martyr-darfor-stalls-belgienspanien-in.png\",\"articleSection\":[\"Arkiv\",\"Nyheter\"],\"inLanguage\":\"sv-SE\"},{\"@type\":\"WebPage\",\"@id\":\"https:\\\/\\\/lightweb.dev\\\/l\\\/svm-temp\\\/nyheter\\\/abdeslam-onskar-do-som-martyr-darfor-stalls-belgien-spanien-in\\\/\",\"url\":\"https:\\\/\\\/lightweb.dev\\\/l\\\/svm-temp\\\/nyheter\\\/abdeslam-onskar-do-som-martyr-darfor-stalls-belgien-spanien-in\\\/\",\"name\":\"Abdeslam \u00f6nskar d\u00f6 som martyr d\u00e4rf\u00f6r st\u00e4lls Belgien-Spanien in - Svenska Magasinet\",\"isPartOf\":{\"@id\":\"https:\\\/\\\/lightweb.dev\\\/l\\\/svm-temp\\\/#website\"},\"primaryImageOfPage\":{\"@id\":\"https:\\\/\\\/lightweb.dev\\\/l\\\/svm-temp\\\/nyheter\\\/abdeslam-onskar-do-som-martyr-darfor-stalls-belgien-spanien-in\\\/#primaryimage\"},\"image\":{\"@id\":\"https:\\\/\\\/lightweb.dev\\\/l\\\/svm-temp\\\/nyheter\\\/abdeslam-onskar-do-som-martyr-darfor-stalls-belgien-spanien-in\\\/#primaryimage\"},\"thumbnailUrl\":\"https:\\\/\\\/lightweb.dev\\\/l\\\/svm-temp\\\/wp-content\\\/uploads\\\/2022\\\/06\\\/abdeslam-onskar-do-som-martyr-darfor-stalls-belgienspanien-in.png\",\"datePublished\":\"2015-11-16T23:00:00+00:00\",\"breadcrumb\":{\"@id\":\"https:\\\/\\\/lightweb.dev\\\/l\\\/svm-temp\\\/nyheter\\\/abdeslam-onskar-do-som-martyr-darfor-stalls-belgien-spanien-in\\\/#breadcrumb\"},\"inLanguage\":\"sv-SE\",\"potentialAction\":[{\"@type\":\"ReadAction\",\"target\":[\"https:\\\/\\\/lightweb.dev\\\/l\\\/svm-temp\\\/nyheter\\\/abdeslam-onskar-do-som-martyr-darfor-stalls-belgien-spanien-in\\\/\"]}]},{\"@type\":\"ImageObject\",\"inLanguage\":\"sv-SE\",\"@id\":\"https:\\\/\\\/lightweb.dev\\\/l\\\/svm-temp\\\/nyheter\\\/abdeslam-onskar-do-som-martyr-darfor-stalls-belgien-spanien-in\\\/#primaryimage\",\"url\":\"https:\\\/\\\/lightweb.dev\\\/l\\\/svm-temp\\\/wp-content\\\/uploads\\\/2022\\\/06\\\/abdeslam-onskar-do-som-martyr-darfor-stalls-belgienspanien-in.png\",\"contentUrl\":\"https:\\\/\\\/lightweb.dev\\\/l\\\/svm-temp\\\/wp-content\\\/uploads\\\/2022\\\/06\\\/abdeslam-onskar-do-som-martyr-darfor-stalls-belgienspanien-in.png\",\"width\":280,\"height\":215},{\"@type\":\"BreadcrumbList\",\"@id\":\"https:\\\/\\\/lightweb.dev\\\/l\\\/svm-temp\\\/nyheter\\\/abdeslam-onskar-do-som-martyr-darfor-stalls-belgien-spanien-in\\\/#breadcrumb\",\"itemListElement\":[{\"@type\":\"ListItem\",\"position\":1,\"name\":\"Hem\",\"item\":\"https:\\\/\\\/lightweb.dev\\\/l\\\/svm-temp\\\/\"},{\"@type\":\"ListItem\",\"position\":2,\"name\":\"Abdeslam \u00f6nskar d\u00f6 som martyr d\u00e4rf\u00f6r st\u00e4lls Belgien-Spanien in\"}]},{\"@type\":\"WebSite\",\"@id\":\"https:\\\/\\\/lightweb.dev\\\/l\\\/svm-temp\\\/#website\",\"url\":\"https:\\\/\\\/lightweb.dev\\\/l\\\/svm-temp\\\/\",\"name\":\"Svenska Magasinet\",\"description\":\"Dina Spanska nyheter p&aring; Svenska\",\"publisher\":{\"@id\":\"https:\\\/\\\/lightweb.dev\\\/l\\\/svm-temp\\\/#organization\"},\"potentialAction\":[{\"@type\":\"SearchAction\",\"target\":{\"@type\":\"EntryPoint\",\"urlTemplate\":\"https:\\\/\\\/lightweb.dev\\\/l\\\/svm-temp\\\/?s={search_term_string}\"},\"query-input\":{\"@type\":\"PropertyValueSpecification\",\"valueRequired\":true,\"valueName\":\"search_term_string\"}}],\"inLanguage\":\"sv-SE\"},{\"@type\":\"Organization\",\"@id\":\"https:\\\/\\\/lightweb.dev\\\/l\\\/svm-temp\\\/#organization\",\"name\":\"Melkerson y Nott SL\",\"alternateName\":\"Svenska Magasinet\",\"url\":\"https:\\\/\\\/lightweb.dev\\\/l\\\/svm-temp\\\/\",\"logo\":{\"@type\":\"ImageObject\",\"inLanguage\":\"sv-SE\",\"@id\":\"https:\\\/\\\/lightweb.dev\\\/l\\\/svm-temp\\\/#\\\/schema\\\/logo\\\/image\\\/\",\"url\":\"https:\\\/\\\/lightweb.dev\\\/l\\\/svm-temp\\\/wp-content\\\/uploads\\\/2025\\\/02\\\/SvM-logo-Xtra-Centrerad-SVART.png\",\"contentUrl\":\"https:\\\/\\\/lightweb.dev\\\/l\\\/svm-temp\\\/wp-content\\\/uploads\\\/2025\\\/02\\\/SvM-logo-Xtra-Centrerad-SVART.png\",\"width\":300,\"height\":99,\"caption\":\"Melkerson y Nott SL\"},\"image\":{\"@id\":\"https:\\\/\\\/lightweb.dev\\\/l\\\/svm-temp\\\/#\\\/schema\\\/logo\\\/image\\\/\"},\"sameAs\":[\"https:\\\/\\\/www.facebook.com\\\/svenskamagasinet\",\"https:\\\/\\\/x.com\\\/SvenskaMagasine\"]},{\"@type\":\"Person\",\"@id\":\"https:\\\/\\\/lightweb.dev\\\/l\\\/svm-temp\\\/#\\\/schema\\\/person\\\/206a3bda5b607b0c25e1749191e4d837\",\"name\":\"Redaktionen SvM\",\"description\":\"Redaktionen\",\"sameAs\":[\"https:\\\/\\\/lightweb.dev\\\/l\\\/svm-temp\"],\"url\":\"https:\\\/\\\/lightweb.dev\\\/l\\\/svm-temp\\\/reporter\\\/redaktionen\\\/\"}]}<\/script>\n<!-- \/ Yoast SEO Premium plugin. -->","yoast_head_json":{"title":"Abdeslam \u00f6nskar d\u00f6 som martyr d\u00e4rf\u00f6r st\u00e4lls Belgien-Spanien in - Svenska Magasinet","robots":{"index":"noindex","follow":"follow","max-snippet":"max-snippet:-1","max-image-preview":"max-image-preview:large","max-video-preview":"max-video-preview:-1"},"og_locale":"sv_SE","og_type":"article","og_title":"Abdeslam \u00f6nskar d\u00f6 som martyr d\u00e4rf\u00f6r st\u00e4lls Belgien-Spanien in","og_description":"Salah Abdeslam som \u00e4r efterlyst internationellt efter attentaten i Paris f\u00f6rberedde en attack i samband med landskampen Belgien-Spanien p\u00e5 Kung Baudouin-stadion p\u00e5 tisdagskv\u00e4llen. D\u00e4rf\u00f6r st\u00e4lls matchen in. Det \u00e4r den spanska nyhetsbyr\u00e5n EFE som h\u00e4nvisar till uppgifter i dagstidningen \u201dHet Laatste Nieuws\u201d d\u00e4r Belgiens underr\u00e4ttelsetj\u00e4nsten har starka indikationer p\u00e5 att Salah Abdeslam f\u00f6rbereder en attack [&hellip;]","og_url":"https:\/\/lightweb.dev\/l\/svm-temp\/nyheter\/abdeslam-onskar-do-som-martyr-darfor-stalls-belgien-spanien-in\/","og_site_name":"Svenska Magasinet","article_publisher":"https:\/\/www.facebook.com\/svenskamagasinet","article_published_time":"2015-11-16T23:00:00+00:00","og_image":[{"width":280,"height":215,"url":"https:\/\/lightweb.dev\/l\/svm-temp\/wp-content\/uploads\/2022\/06\/abdeslam-onskar-do-som-martyr-darfor-stalls-belgienspanien-in.png","type":"image\/png"}],"author":"Redaktionen SvM","twitter_card":"summary_large_image","twitter_creator":"@SvenskaMagasine","twitter_site":"@SvenskaMagasine","schema":{"@context":"https:\/\/schema.org","@graph":[{"@type":"Article","@id":"https:\/\/lightweb.dev\/l\/svm-temp\/nyheter\/abdeslam-onskar-do-som-martyr-darfor-stalls-belgien-spanien-in\/#article","isPartOf":{"@id":"https:\/\/lightweb.dev\/l\/svm-temp\/nyheter\/abdeslam-onskar-do-som-martyr-darfor-stalls-belgien-spanien-in\/"},"author":{"name":"Redaktionen SvM","@id":"https:\/\/lightweb.dev\/l\/svm-temp\/#\/schema\/person\/206a3bda5b607b0c25e1749191e4d837"},"headline":"Abdeslam \u00f6nskar d\u00f6 som martyr d\u00e4rf\u00f6r st\u00e4lls Belgien-Spanien in","datePublished":"2015-11-16T23:00:00+00:00","mainEntityOfPage":{"@id":"https:\/\/lightweb.dev\/l\/svm-temp\/nyheter\/abdeslam-onskar-do-som-martyr-darfor-stalls-belgien-spanien-in\/"},"wordCount":154,"commentCount":0,"publisher":{"@id":"https:\/\/lightweb.dev\/l\/svm-temp\/#organization"},"image":{"@id":"https:\/\/lightweb.dev\/l\/svm-temp\/nyheter\/abdeslam-onskar-do-som-martyr-darfor-stalls-belgien-spanien-in\/#primaryimage"},"thumbnailUrl":"https:\/\/lightweb.dev\/l\/svm-temp\/wp-content\/uploads\/2022\/06\/abdeslam-onskar-do-som-martyr-darfor-stalls-belgienspanien-in.png","articleSection":["Arkiv","Nyheter"],"inLanguage":"sv-SE"},{"@type":"WebPage","@id":"https:\/\/lightweb.dev\/l\/svm-temp\/nyheter\/abdeslam-onskar-do-som-martyr-darfor-stalls-belgien-spanien-in\/","url":"https:\/\/lightweb.dev\/l\/svm-temp\/nyheter\/abdeslam-onskar-do-som-martyr-darfor-stalls-belgien-spanien-in\/","name":"Abdeslam \u00f6nskar d\u00f6 som martyr d\u00e4rf\u00f6r st\u00e4lls Belgien-Spanien in - Svenska Magasinet","isPartOf":{"@id":"https:\/\/lightweb.dev\/l\/svm-temp\/#website"},"primaryImageOfPage":{"@id":"https:\/\/lightweb.dev\/l\/svm-temp\/nyheter\/abdeslam-onskar-do-som-martyr-darfor-stalls-belgien-spanien-in\/#primaryimage"},"image":{"@id":"https:\/\/lightweb.dev\/l\/svm-temp\/nyheter\/abdeslam-onskar-do-som-martyr-darfor-stalls-belgien-spanien-in\/#primaryimage"},"thumbnailUrl":"https:\/\/lightweb.dev\/l\/svm-temp\/wp-content\/uploads\/2022\/06\/abdeslam-onskar-do-som-martyr-darfor-stalls-belgienspanien-in.png","datePublished":"2015-11-16T23:00:00+00:00","breadcrumb":{"@id":"https:\/\/lightweb.dev\/l\/svm-temp\/nyheter\/abdeslam-onskar-do-som-martyr-darfor-stalls-belgien-spanien-in\/#breadcrumb"},"inLanguage":"sv-SE","potentialAction":[{"@type":"ReadAction","target":["https:\/\/lightweb.dev\/l\/svm-temp\/nyheter\/abdeslam-onskar-do-som-martyr-darfor-stalls-belgien-spanien-in\/"]}]},{"@type":"ImageObject","inLanguage":"sv-SE","@id":"https:\/\/lightweb.dev\/l\/svm-temp\/nyheter\/abdeslam-onskar-do-som-martyr-darfor-stalls-belgien-spanien-in\/#primaryimage","url":"https:\/\/lightweb.dev\/l\/svm-temp\/wp-content\/uploads\/2022\/06\/abdeslam-onskar-do-som-martyr-darfor-stalls-belgienspanien-in.png","contentUrl":"https:\/\/lightweb.dev\/l\/svm-temp\/wp-content\/uploads\/2022\/06\/abdeslam-onskar-do-som-martyr-darfor-stalls-belgienspanien-in.png","width":280,"height":215},{"@type":"BreadcrumbList","@id":"https:\/\/lightweb.dev\/l\/svm-temp\/nyheter\/abdeslam-onskar-do-som-martyr-darfor-stalls-belgien-spanien-in\/#breadcrumb","itemListElement":[{"@type":"ListItem","position":1,"name":"Hem","item":"https:\/\/lightweb.dev\/l\/svm-temp\/"},{"@type":"ListItem","position":2,"name":"Abdeslam \u00f6nskar d\u00f6 som martyr d\u00e4rf\u00f6r st\u00e4lls Belgien-Spanien in"}]},{"@type":"WebSite","@id":"https:\/\/lightweb.dev\/l\/svm-temp\/#website","url":"https:\/\/lightweb.dev\/l\/svm-temp\/","name":"Svenska Magasinet","description":"Dina Spanska nyheter p&aring; Svenska","publisher":{"@id":"https:\/\/lightweb.dev\/l\/svm-temp\/#organization"},"potentialAction":[{"@type":"SearchAction","target":{"@type":"EntryPoint","urlTemplate":"https:\/\/lightweb.dev\/l\/svm-temp\/?s={search_term_string}"},"query-input":{"@type":"PropertyValueSpecification","valueRequired":true,"valueName":"search_term_string"}}],"inLanguage":"sv-SE"},{"@type":"Organization","@id":"https:\/\/lightweb.dev\/l\/svm-temp\/#organization","name":"Melkerson y Nott SL","alternateName":"Svenska Magasinet","url":"https:\/\/lightweb.dev\/l\/svm-temp\/","logo":{"@type":"ImageObject","inLanguage":"sv-SE","@id":"https:\/\/lightweb.dev\/l\/svm-temp\/#\/schema\/logo\/image\/","url":"https:\/\/lightweb.dev\/l\/svm-temp\/wp-content\/uploads\/2025\/02\/SvM-logo-Xtra-Centrerad-SVART.png","contentUrl":"https:\/\/lightweb.dev\/l\/svm-temp\/wp-content\/uploads\/2025\/02\/SvM-logo-Xtra-Centrerad-SVART.png","width":300,"height":99,"caption":"Melkerson y Nott SL"},"image":{"@id":"https:\/\/lightweb.dev\/l\/svm-temp\/#\/schema\/logo\/image\/"},"sameAs":["https:\/\/www.facebook.com\/svenskamagasinet","https:\/\/x.com\/SvenskaMagasine"]},{"@type":"Person","@id":"https:\/\/lightweb.dev\/l\/svm-temp\/#\/schema\/person\/206a3bda5b607b0c25e1749191e4d837","name":"Redaktionen SvM","description":"Redaktionen","sameAs":["https:\/\/lightweb.dev\/l\/svm-temp"],"url":"https:\/\/lightweb.dev\/l\/svm-temp\/reporter\/redaktionen\/"}]}},"_links":{"self":[{"href":"https:\/\/lightweb.dev\/l\/svm-temp\/wp-json\/wp\/v2\/posts\/23213","targetHints":{"allow":["GET"]}}],"collection":[{"href":"https:\/\/lightweb.dev\/l\/svm-temp\/wp-json\/wp\/v2\/posts"}],"about":[{"href":"https:\/\/lightweb.dev\/l\/svm-temp\/wp-json\/wp\/v2\/types\/post"}],"author":[{"embeddable":true,"href":"https:\/\/lightweb.dev\/l\/svm-temp\/wp-json\/wp\/v2\/users\/8"}],"replies":[{"embeddable":true,"href":"https:\/\/lightweb.dev\/l\/svm-temp\/wp-json\/wp\/v2\/comments?post=23213"}],"version-history":[{"count":0,"href":"https:\/\/lightweb.dev\/l\/svm-temp\/wp-json\/wp\/v2\/posts\/23213\/revisions"}],"wp:featuredmedia":[{"embeddable":true,"href":"https:\/\/lightweb.dev\/l\/svm-temp\/wp-json\/wp\/v2\/media\/23214"}],"wp:attachment":[{"href":"https:\/\/lightweb.dev\/l\/svm-temp\/wp-json\/wp\/v2\/media?parent=23213"}],"wp:term":[{"taxonomy":"category","embeddable":true,"href":"https:\/\/lightweb.dev\/l\/svm-temp\/wp-json\/wp\/v2\/categories?post=23213"},{"taxonomy":"post_tag","embeddable":true,"href":"https:\/\/lightweb.dev\/l\/svm-temp\/wp-json\/wp\/v2\/tags?post=23213"}],"curies":[{"name":"wp","href":"https:\/\/api.w.org\/{rel}","templated":true}]}}