{"id":23217,"date":"2015-11-16T00:00:00","date_gmt":"2015-11-15T23:00:00","guid":{"rendered":"https:\/\/lightweb.dev\/l\/svm-temp\/nyheter\/12-000-bostadskop-av-utlanningar-under-tredje-kvartalet-svenskar-fyra\/"},"modified":"2015-11-16T00:00:00","modified_gmt":"2015-11-15T23:00:00","slug":"12-000-bostadskop-av-utlanningar-under-tredje-kvartalet-svenskar-fyra","status":"publish","type":"post","link":"https:\/\/lightweb.dev\/l\/svm-temp\/nyheter\/12-000-bostadskop-av-utlanningar-under-tredje-kvartalet-svenskar-fyra\/","title":{"rendered":"12.000 bostadsk\u00f6p av utl\u00e4nningar under tredje kvartalet \u2013 svenskar fyra"},"content":{"rendered":"<p> Under tredje kvartalet i \u00e5r gjordes 12.000 bostadsk\u00f6p i Spanien av utl\u00e4nningar. 6,38 procent av k\u00f6pen gjordes av svenskar som nu ligger p\u00e5 fj\u00e4rde plats bland utl\u00e4nningar som k\u00f6per bostad i Spanien. Det visar f\u00e4rska siffror fr\u00e5n Colegio de Registradores som \u00e4r den myndighet d\u00e4r fastighetsk\u00f6p registreras.<\/p>\n<p>13,52 procent av alla bostadsk\u00f6p i Spanien under tredje kvartalet gjordes av utl\u00e4nningar vilket \u00e4r den n\u00e4stb\u00e4sta siffran i historien. Det \u00e4r fr\u00e4mst britter, fransm\u00e4n, svenskar och tyskar som k\u00f6per en bostad under den spanska solen. Enbart det fj\u00e4rde kvartalet 2014 var det fler utl\u00e4nningar \u00e4n spanjorer som k\u00f6pte bostad, 13,8 procent.<\/p>\n<p>Bland de utl\u00e4ndska k\u00f6parna \u00e4r britterna st\u00f6rst med 23,12 procent av k\u00f6pen f\u00f6ljt av fransm\u00e4n, 8,71, tyskar, 6,40, och svenskar 6,38 procent. <\/p>\n","protected":false},"excerpt":{"rendered":"<p>Under tredje kvartalet i \u00e5r gjordes 12.000 bostadsk\u00f6p i Spanien av utl\u00e4nningar. 6,38 procent av k\u00f6pen gjordes av svenskar som nu ligger p\u00e5 fj\u00e4rde plats bland utl\u00e4nningar som k\u00f6per bostad i Spanien. Det visar f\u00e4rska siffror fr\u00e5n Colegio de Registradores som \u00e4r den myndighet d\u00e4r fastighetsk\u00f6p registreras. 13,52 procent av alla bostadsk\u00f6p i Spanien under [&hellip;]<\/p>\n","protected":false},"author":8,"featured_media":23218,"comment_status":"open","ping_status":"open","sticky":false,"template":"","format":"standard","meta":{"_et_pb_use_builder":"","_et_pb_old_content":"","_et_gb_content_width":"","footnotes":""},"categories":[395,3],"tags":[],"class_list":["post-23217","post","type-post","status-publish","format-standard","has-post-thumbnail","hentry","category-arkiv-nyheter","category-nyheter"],"yoast_head":"<!-- This site is optimized with the Yoast SEO Premium plugin v26.2 (Yoast SEO v27.4) - https:\/\/yoast.com\/product\/yoast-seo-premium-wordpress\/ -->\n<title>12.000 bostadsk\u00f6p av utl\u00e4nningar under tredje kvartalet \u2013 svenskar fyra - Svenska Magasinet<\/title>\n<meta name=\"robots\" content=\"noindex, follow, max-snippet:-1, max-image-preview:large, max-video-preview:-1\" \/>\n<meta property=\"og:locale\" content=\"sv_SE\" \/>\n<meta property=\"og:type\" content=\"article\" \/>\n<meta property=\"og:title\" content=\"12.000 bostadsk\u00f6p av utl\u00e4nningar under tredje kvartalet \u2013 svenskar fyra\" \/>\n<meta property=\"og:description\" content=\"Under tredje kvartalet i \u00e5r gjordes 12.000 bostadsk\u00f6p i Spanien av utl\u00e4nningar. 6,38 procent av k\u00f6pen gjordes av svenskar som nu ligger p\u00e5 fj\u00e4rde plats bland utl\u00e4nningar som k\u00f6per bostad i Spanien. Det visar f\u00e4rska siffror fr\u00e5n Colegio de Registradores som \u00e4r den myndighet d\u00e4r fastighetsk\u00f6p registreras. 13,52 procent av alla bostadsk\u00f6p i Spanien under [&hellip;]\" \/>\n<meta property=\"og:url\" content=\"https:\/\/lightweb.dev\/l\/svm-temp\/nyheter\/12-000-bostadskop-av-utlanningar-under-tredje-kvartalet-svenskar-fyra\/\" \/>\n<meta property=\"og:site_name\" content=\"Svenska Magasinet\" \/>\n<meta property=\"article:publisher\" content=\"https:\/\/www.facebook.com\/svenskamagasinet\" \/>\n<meta property=\"article:published_time\" content=\"2015-11-15T23:00:00+00:00\" \/>\n<meta property=\"og:image\" content=\"https:\/\/lightweb.dev\/l\/svm-temp\/wp-content\/uploads\/2022\/06\/12000-bostadskop-av-utlanningar-under-tredje-kvartalet-svenskar-fyra.png\" \/>\n\t<meta property=\"og:image:width\" content=\"299\" \/>\n\t<meta property=\"og:image:height\" content=\"200\" \/>\n\t<meta property=\"og:image:type\" content=\"image\/png\" \/>\n<meta name=\"author\" content=\"Redaktionen SvM\" \/>\n<meta name=\"twitter:card\" content=\"summary_large_image\" \/>\n<meta name=\"twitter:creator\" content=\"@SvenskaMagasine\" \/>\n<meta name=\"twitter:site\" content=\"@SvenskaMagasine\" \/>\n<script type=\"application\/ld+json\" class=\"yoast-schema-graph\">{\"@context\":\"https:\\\/\\\/schema.org\",\"@graph\":[{\"@type\":\"Article\",\"@id\":\"https:\\\/\\\/lightweb.dev\\\/l\\\/svm-temp\\\/nyheter\\\/12-000-bostadskop-av-utlanningar-under-tredje-kvartalet-svenskar-fyra\\\/#article\",\"isPartOf\":{\"@id\":\"https:\\\/\\\/lightweb.dev\\\/l\\\/svm-temp\\\/nyheter\\\/12-000-bostadskop-av-utlanningar-under-tredje-kvartalet-svenskar-fyra\\\/\"},\"author\":{\"name\":\"Redaktionen SvM\",\"@id\":\"https:\\\/\\\/lightweb.dev\\\/l\\\/svm-temp\\\/#\\\/schema\\\/person\\\/206a3bda5b607b0c25e1749191e4d837\"},\"headline\":\"12.000 bostadsk\u00f6p av utl\u00e4nningar under tredje kvartalet \u2013 svenskar fyra\",\"datePublished\":\"2015-11-15T23:00:00+00:00\",\"mainEntityOfPage\":{\"@id\":\"https:\\\/\\\/lightweb.dev\\\/l\\\/svm-temp\\\/nyheter\\\/12-000-bostadskop-av-utlanningar-under-tredje-kvartalet-svenskar-fyra\\\/\"},\"wordCount\":148,\"commentCount\":0,\"publisher\":{\"@id\":\"https:\\\/\\\/lightweb.dev\\\/l\\\/svm-temp\\\/#organization\"},\"image\":{\"@id\":\"https:\\\/\\\/lightweb.dev\\\/l\\\/svm-temp\\\/nyheter\\\/12-000-bostadskop-av-utlanningar-under-tredje-kvartalet-svenskar-fyra\\\/#primaryimage\"},\"thumbnailUrl\":\"https:\\\/\\\/lightweb.dev\\\/l\\\/svm-temp\\\/wp-content\\\/uploads\\\/2022\\\/06\\\/12000-bostadskop-av-utlanningar-under-tredje-kvartalet-svenskar-fyra.png\",\"articleSection\":[\"Arkiv\",\"Nyheter\"],\"inLanguage\":\"sv-SE\"},{\"@type\":\"WebPage\",\"@id\":\"https:\\\/\\\/lightweb.dev\\\/l\\\/svm-temp\\\/nyheter\\\/12-000-bostadskop-av-utlanningar-under-tredje-kvartalet-svenskar-fyra\\\/\",\"url\":\"https:\\\/\\\/lightweb.dev\\\/l\\\/svm-temp\\\/nyheter\\\/12-000-bostadskop-av-utlanningar-under-tredje-kvartalet-svenskar-fyra\\\/\",\"name\":\"12.000 bostadsk\u00f6p av utl\u00e4nningar under tredje kvartalet \u2013 svenskar fyra - Svenska Magasinet\",\"isPartOf\":{\"@id\":\"https:\\\/\\\/lightweb.dev\\\/l\\\/svm-temp\\\/#website\"},\"primaryImageOfPage\":{\"@id\":\"https:\\\/\\\/lightweb.dev\\\/l\\\/svm-temp\\\/nyheter\\\/12-000-bostadskop-av-utlanningar-under-tredje-kvartalet-svenskar-fyra\\\/#primaryimage\"},\"image\":{\"@id\":\"https:\\\/\\\/lightweb.dev\\\/l\\\/svm-temp\\\/nyheter\\\/12-000-bostadskop-av-utlanningar-under-tredje-kvartalet-svenskar-fyra\\\/#primaryimage\"},\"thumbnailUrl\":\"https:\\\/\\\/lightweb.dev\\\/l\\\/svm-temp\\\/wp-content\\\/uploads\\\/2022\\\/06\\\/12000-bostadskop-av-utlanningar-under-tredje-kvartalet-svenskar-fyra.png\",\"datePublished\":\"2015-11-15T23:00:00+00:00\",\"breadcrumb\":{\"@id\":\"https:\\\/\\\/lightweb.dev\\\/l\\\/svm-temp\\\/nyheter\\\/12-000-bostadskop-av-utlanningar-under-tredje-kvartalet-svenskar-fyra\\\/#breadcrumb\"},\"inLanguage\":\"sv-SE\",\"potentialAction\":[{\"@type\":\"ReadAction\",\"target\":[\"https:\\\/\\\/lightweb.dev\\\/l\\\/svm-temp\\\/nyheter\\\/12-000-bostadskop-av-utlanningar-under-tredje-kvartalet-svenskar-fyra\\\/\"]}]},{\"@type\":\"ImageObject\",\"inLanguage\":\"sv-SE\",\"@id\":\"https:\\\/\\\/lightweb.dev\\\/l\\\/svm-temp\\\/nyheter\\\/12-000-bostadskop-av-utlanningar-under-tredje-kvartalet-svenskar-fyra\\\/#primaryimage\",\"url\":\"https:\\\/\\\/lightweb.dev\\\/l\\\/svm-temp\\\/wp-content\\\/uploads\\\/2022\\\/06\\\/12000-bostadskop-av-utlanningar-under-tredje-kvartalet-svenskar-fyra.png\",\"contentUrl\":\"https:\\\/\\\/lightweb.dev\\\/l\\\/svm-temp\\\/wp-content\\\/uploads\\\/2022\\\/06\\\/12000-bostadskop-av-utlanningar-under-tredje-kvartalet-svenskar-fyra.png\",\"width\":299,\"height\":200},{\"@type\":\"BreadcrumbList\",\"@id\":\"https:\\\/\\\/lightweb.dev\\\/l\\\/svm-temp\\\/nyheter\\\/12-000-bostadskop-av-utlanningar-under-tredje-kvartalet-svenskar-fyra\\\/#breadcrumb\",\"itemListElement\":[{\"@type\":\"ListItem\",\"position\":1,\"name\":\"Hem\",\"item\":\"https:\\\/\\\/lightweb.dev\\\/l\\\/svm-temp\\\/\"},{\"@type\":\"ListItem\",\"position\":2,\"name\":\"12.000 bostadsk\u00f6p av utl\u00e4nningar under tredje kvartalet \u2013 svenskar fyra\"}]},{\"@type\":\"WebSite\",\"@id\":\"https:\\\/\\\/lightweb.dev\\\/l\\\/svm-temp\\\/#website\",\"url\":\"https:\\\/\\\/lightweb.dev\\\/l\\\/svm-temp\\\/\",\"name\":\"Svenska Magasinet\",\"description\":\"Dina Spanska nyheter p&aring; Svenska\",\"publisher\":{\"@id\":\"https:\\\/\\\/lightweb.dev\\\/l\\\/svm-temp\\\/#organization\"},\"potentialAction\":[{\"@type\":\"SearchAction\",\"target\":{\"@type\":\"EntryPoint\",\"urlTemplate\":\"https:\\\/\\\/lightweb.dev\\\/l\\\/svm-temp\\\/?s={search_term_string}\"},\"query-input\":{\"@type\":\"PropertyValueSpecification\",\"valueRequired\":true,\"valueName\":\"search_term_string\"}}],\"inLanguage\":\"sv-SE\"},{\"@type\":\"Organization\",\"@id\":\"https:\\\/\\\/lightweb.dev\\\/l\\\/svm-temp\\\/#organization\",\"name\":\"Melkerson y Nott SL\",\"alternateName\":\"Svenska Magasinet\",\"url\":\"https:\\\/\\\/lightweb.dev\\\/l\\\/svm-temp\\\/\",\"logo\":{\"@type\":\"ImageObject\",\"inLanguage\":\"sv-SE\",\"@id\":\"https:\\\/\\\/lightweb.dev\\\/l\\\/svm-temp\\\/#\\\/schema\\\/logo\\\/image\\\/\",\"url\":\"https:\\\/\\\/lightweb.dev\\\/l\\\/svm-temp\\\/wp-content\\\/uploads\\\/2025\\\/02\\\/SvM-logo-Xtra-Centrerad-SVART.png\",\"contentUrl\":\"https:\\\/\\\/lightweb.dev\\\/l\\\/svm-temp\\\/wp-content\\\/uploads\\\/2025\\\/02\\\/SvM-logo-Xtra-Centrerad-SVART.png\",\"width\":300,\"height\":99,\"caption\":\"Melkerson y Nott SL\"},\"image\":{\"@id\":\"https:\\\/\\\/lightweb.dev\\\/l\\\/svm-temp\\\/#\\\/schema\\\/logo\\\/image\\\/\"},\"sameAs\":[\"https:\\\/\\\/www.facebook.com\\\/svenskamagasinet\",\"https:\\\/\\\/x.com\\\/SvenskaMagasine\"]},{\"@type\":\"Person\",\"@id\":\"https:\\\/\\\/lightweb.dev\\\/l\\\/svm-temp\\\/#\\\/schema\\\/person\\\/206a3bda5b607b0c25e1749191e4d837\",\"name\":\"Redaktionen SvM\",\"description\":\"Redaktionen\",\"sameAs\":[\"https:\\\/\\\/lightweb.dev\\\/l\\\/svm-temp\"],\"url\":\"https:\\\/\\\/lightweb.dev\\\/l\\\/svm-temp\\\/reporter\\\/redaktionen\\\/\"}]}<\/script>\n<!-- \/ Yoast SEO Premium plugin. -->","yoast_head_json":{"title":"12.000 bostadsk\u00f6p av utl\u00e4nningar under tredje kvartalet \u2013 svenskar fyra - Svenska Magasinet","robots":{"index":"noindex","follow":"follow","max-snippet":"max-snippet:-1","max-image-preview":"max-image-preview:large","max-video-preview":"max-video-preview:-1"},"og_locale":"sv_SE","og_type":"article","og_title":"12.000 bostadsk\u00f6p av utl\u00e4nningar under tredje kvartalet \u2013 svenskar fyra","og_description":"Under tredje kvartalet i \u00e5r gjordes 12.000 bostadsk\u00f6p i Spanien av utl\u00e4nningar. 6,38 procent av k\u00f6pen gjordes av svenskar som nu ligger p\u00e5 fj\u00e4rde plats bland utl\u00e4nningar som k\u00f6per bostad i Spanien. Det visar f\u00e4rska siffror fr\u00e5n Colegio de Registradores som \u00e4r den myndighet d\u00e4r fastighetsk\u00f6p registreras. 13,52 procent av alla bostadsk\u00f6p i Spanien under [&hellip;]","og_url":"https:\/\/lightweb.dev\/l\/svm-temp\/nyheter\/12-000-bostadskop-av-utlanningar-under-tredje-kvartalet-svenskar-fyra\/","og_site_name":"Svenska Magasinet","article_publisher":"https:\/\/www.facebook.com\/svenskamagasinet","article_published_time":"2015-11-15T23:00:00+00:00","og_image":[{"width":299,"height":200,"url":"https:\/\/lightweb.dev\/l\/svm-temp\/wp-content\/uploads\/2022\/06\/12000-bostadskop-av-utlanningar-under-tredje-kvartalet-svenskar-fyra.png","type":"image\/png"}],"author":"Redaktionen SvM","twitter_card":"summary_large_image","twitter_creator":"@SvenskaMagasine","twitter_site":"@SvenskaMagasine","schema":{"@context":"https:\/\/schema.org","@graph":[{"@type":"Article","@id":"https:\/\/lightweb.dev\/l\/svm-temp\/nyheter\/12-000-bostadskop-av-utlanningar-under-tredje-kvartalet-svenskar-fyra\/#article","isPartOf":{"@id":"https:\/\/lightweb.dev\/l\/svm-temp\/nyheter\/12-000-bostadskop-av-utlanningar-under-tredje-kvartalet-svenskar-fyra\/"},"author":{"name":"Redaktionen SvM","@id":"https:\/\/lightweb.dev\/l\/svm-temp\/#\/schema\/person\/206a3bda5b607b0c25e1749191e4d837"},"headline":"12.000 bostadsk\u00f6p av utl\u00e4nningar under tredje kvartalet \u2013 svenskar fyra","datePublished":"2015-11-15T23:00:00+00:00","mainEntityOfPage":{"@id":"https:\/\/lightweb.dev\/l\/svm-temp\/nyheter\/12-000-bostadskop-av-utlanningar-under-tredje-kvartalet-svenskar-fyra\/"},"wordCount":148,"commentCount":0,"publisher":{"@id":"https:\/\/lightweb.dev\/l\/svm-temp\/#organization"},"image":{"@id":"https:\/\/lightweb.dev\/l\/svm-temp\/nyheter\/12-000-bostadskop-av-utlanningar-under-tredje-kvartalet-svenskar-fyra\/#primaryimage"},"thumbnailUrl":"https:\/\/lightweb.dev\/l\/svm-temp\/wp-content\/uploads\/2022\/06\/12000-bostadskop-av-utlanningar-under-tredje-kvartalet-svenskar-fyra.png","articleSection":["Arkiv","Nyheter"],"inLanguage":"sv-SE"},{"@type":"WebPage","@id":"https:\/\/lightweb.dev\/l\/svm-temp\/nyheter\/12-000-bostadskop-av-utlanningar-under-tredje-kvartalet-svenskar-fyra\/","url":"https:\/\/lightweb.dev\/l\/svm-temp\/nyheter\/12-000-bostadskop-av-utlanningar-under-tredje-kvartalet-svenskar-fyra\/","name":"12.000 bostadsk\u00f6p av utl\u00e4nningar under tredje kvartalet \u2013 svenskar fyra - Svenska Magasinet","isPartOf":{"@id":"https:\/\/lightweb.dev\/l\/svm-temp\/#website"},"primaryImageOfPage":{"@id":"https:\/\/lightweb.dev\/l\/svm-temp\/nyheter\/12-000-bostadskop-av-utlanningar-under-tredje-kvartalet-svenskar-fyra\/#primaryimage"},"image":{"@id":"https:\/\/lightweb.dev\/l\/svm-temp\/nyheter\/12-000-bostadskop-av-utlanningar-under-tredje-kvartalet-svenskar-fyra\/#primaryimage"},"thumbnailUrl":"https:\/\/lightweb.dev\/l\/svm-temp\/wp-content\/uploads\/2022\/06\/12000-bostadskop-av-utlanningar-under-tredje-kvartalet-svenskar-fyra.png","datePublished":"2015-11-15T23:00:00+00:00","breadcrumb":{"@id":"https:\/\/lightweb.dev\/l\/svm-temp\/nyheter\/12-000-bostadskop-av-utlanningar-under-tredje-kvartalet-svenskar-fyra\/#breadcrumb"},"inLanguage":"sv-SE","potentialAction":[{"@type":"ReadAction","target":["https:\/\/lightweb.dev\/l\/svm-temp\/nyheter\/12-000-bostadskop-av-utlanningar-under-tredje-kvartalet-svenskar-fyra\/"]}]},{"@type":"ImageObject","inLanguage":"sv-SE","@id":"https:\/\/lightweb.dev\/l\/svm-temp\/nyheter\/12-000-bostadskop-av-utlanningar-under-tredje-kvartalet-svenskar-fyra\/#primaryimage","url":"https:\/\/lightweb.dev\/l\/svm-temp\/wp-content\/uploads\/2022\/06\/12000-bostadskop-av-utlanningar-under-tredje-kvartalet-svenskar-fyra.png","contentUrl":"https:\/\/lightweb.dev\/l\/svm-temp\/wp-content\/uploads\/2022\/06\/12000-bostadskop-av-utlanningar-under-tredje-kvartalet-svenskar-fyra.png","width":299,"height":200},{"@type":"BreadcrumbList","@id":"https:\/\/lightweb.dev\/l\/svm-temp\/nyheter\/12-000-bostadskop-av-utlanningar-under-tredje-kvartalet-svenskar-fyra\/#breadcrumb","itemListElement":[{"@type":"ListItem","position":1,"name":"Hem","item":"https:\/\/lightweb.dev\/l\/svm-temp\/"},{"@type":"ListItem","position":2,"name":"12.000 bostadsk\u00f6p av utl\u00e4nningar under tredje kvartalet \u2013 svenskar fyra"}]},{"@type":"WebSite","@id":"https:\/\/lightweb.dev\/l\/svm-temp\/#website","url":"https:\/\/lightweb.dev\/l\/svm-temp\/","name":"Svenska Magasinet","description":"Dina Spanska nyheter p&aring; Svenska","publisher":{"@id":"https:\/\/lightweb.dev\/l\/svm-temp\/#organization"},"potentialAction":[{"@type":"SearchAction","target":{"@type":"EntryPoint","urlTemplate":"https:\/\/lightweb.dev\/l\/svm-temp\/?s={search_term_string}"},"query-input":{"@type":"PropertyValueSpecification","valueRequired":true,"valueName":"search_term_string"}}],"inLanguage":"sv-SE"},{"@type":"Organization","@id":"https:\/\/lightweb.dev\/l\/svm-temp\/#organization","name":"Melkerson y Nott SL","alternateName":"Svenska Magasinet","url":"https:\/\/lightweb.dev\/l\/svm-temp\/","logo":{"@type":"ImageObject","inLanguage":"sv-SE","@id":"https:\/\/lightweb.dev\/l\/svm-temp\/#\/schema\/logo\/image\/","url":"https:\/\/lightweb.dev\/l\/svm-temp\/wp-content\/uploads\/2025\/02\/SvM-logo-Xtra-Centrerad-SVART.png","contentUrl":"https:\/\/lightweb.dev\/l\/svm-temp\/wp-content\/uploads\/2025\/02\/SvM-logo-Xtra-Centrerad-SVART.png","width":300,"height":99,"caption":"Melkerson y Nott SL"},"image":{"@id":"https:\/\/lightweb.dev\/l\/svm-temp\/#\/schema\/logo\/image\/"},"sameAs":["https:\/\/www.facebook.com\/svenskamagasinet","https:\/\/x.com\/SvenskaMagasine"]},{"@type":"Person","@id":"https:\/\/lightweb.dev\/l\/svm-temp\/#\/schema\/person\/206a3bda5b607b0c25e1749191e4d837","name":"Redaktionen SvM","description":"Redaktionen","sameAs":["https:\/\/lightweb.dev\/l\/svm-temp"],"url":"https:\/\/lightweb.dev\/l\/svm-temp\/reporter\/redaktionen\/"}]}},"_links":{"self":[{"href":"https:\/\/lightweb.dev\/l\/svm-temp\/wp-json\/wp\/v2\/posts\/23217","targetHints":{"allow":["GET"]}}],"collection":[{"href":"https:\/\/lightweb.dev\/l\/svm-temp\/wp-json\/wp\/v2\/posts"}],"about":[{"href":"https:\/\/lightweb.dev\/l\/svm-temp\/wp-json\/wp\/v2\/types\/post"}],"author":[{"embeddable":true,"href":"https:\/\/lightweb.dev\/l\/svm-temp\/wp-json\/wp\/v2\/users\/8"}],"replies":[{"embeddable":true,"href":"https:\/\/lightweb.dev\/l\/svm-temp\/wp-json\/wp\/v2\/comments?post=23217"}],"version-history":[{"count":0,"href":"https:\/\/lightweb.dev\/l\/svm-temp\/wp-json\/wp\/v2\/posts\/23217\/revisions"}],"wp:featuredmedia":[{"embeddable":true,"href":"https:\/\/lightweb.dev\/l\/svm-temp\/wp-json\/wp\/v2\/media\/23218"}],"wp:attachment":[{"href":"https:\/\/lightweb.dev\/l\/svm-temp\/wp-json\/wp\/v2\/media?parent=23217"}],"wp:term":[{"taxonomy":"category","embeddable":true,"href":"https:\/\/lightweb.dev\/l\/svm-temp\/wp-json\/wp\/v2\/categories?post=23217"},{"taxonomy":"post_tag","embeddable":true,"href":"https:\/\/lightweb.dev\/l\/svm-temp\/wp-json\/wp\/v2\/tags?post=23217"}],"curies":[{"name":"wp","href":"https:\/\/api.w.org\/{rel}","templated":true}]}}