{"id":23219,"date":"2015-11-16T00:00:00","date_gmt":"2015-11-15T23:00:00","guid":{"rendered":"https:\/\/lightweb.dev\/l\/svm-temp\/nyheter\/nu-tar-columbus-plats-pa-norwegians-stjartfena\/"},"modified":"2015-11-16T00:00:00","modified_gmt":"2015-11-15T23:00:00","slug":"nu-tar-columbus-plats-pa-norwegians-stjartfena","status":"publish","type":"post","link":"https:\/\/lightweb.dev\/l\/svm-temp\/nyheter\/nu-tar-columbus-plats-pa-norwegians-stjartfena\/","title":{"rendered":"Nu tar Columbus plats p\u00e5 Norwegians stj\u00e4rtfena"},"content":{"rendered":"<p> Spanska uppt\u00e4ckare som Christopher Columbus och Juan Sebasti\u00e1n Elcano kommer att pryda Norwegianplanens stj\u00e4rtfenor tack vare l\u00e5gprisflygbolagets starka tillv\u00e4xt p\u00e5 den Iberiska halv\u00f6n. Flygplanen kommer att baseras i Karibien under vinters\u00e4songen.<\/p>\n<p>&#8211; Jag \u00e4r mycket glad \u00f6ver att v\u00e4lkomna tre nya hj\u00e4ltar. Spanien \u00e4r en snabbt v\u00e4xande marknad f\u00f6r Norwegian, \u00e4ven med inrikeslinjer. Det \u00e4r d\u00e4rf\u00f6r helt naturligt att vi nu f\u00e5r v\u00e5ra f\u00f6rsta spanska hj\u00e4ltar p\u00e5 stj\u00e4rtfenorna, s\u00e4ger Thomas Ramdahl, kommersiell direkt\u00f6r, i ett pressmeddelande.<\/p>\n<p>Hj\u00e4ltarna p\u00e5 Norwegians stj\u00e4rtfenor \u00e4r m\u00e4nniskor som har utmanat normer och inspirerat andra. Exempel p\u00e5 Norwegians hj\u00e4ltar \u00e4r den norske utforskaren Roald Amundsen, den svenska sk\u00e5despelerskan Greta Garbo, den danska f\u00f6rfattarinnan Karen Blixen och den finska f\u00f6rfattarinnan och aktivisten Minna Canth.<\/p>\n<p>Christopher Columbus \u00e4r k\u00e4nd f\u00f6r att ha uppt\u00e4ckt Amerika 1492 n\u00e4r han f\u00f6rs\u00f6kte hitta en v\u00e4stlig sj\u00f6v\u00e4g fr\u00e5n Europa till Indien. Columbus var inte den f\u00f6rste europ\u00e9n som korsade Atlanten och \u00e5terv\u00e4nde till Europa men hans resor fick stor betydelse och inledde europ\u00e9ernas kolonisering av Amerika.<\/p>\n<p>Columbus var \u00e4ven den f\u00f6rste europ\u00e9n som satte sin fot p\u00e5 b\u00e5de Guadeloupe och Martinique, d\u00e4r planen kommer att vara baserade.<\/p>\n<p>Juan Sebasti\u00e1n Elcano var del av bes\u00e4ttningen p\u00e5 historiens f\u00f6rsta v\u00e4rldsomsegling, ledd av den portugisiske sj\u00f6fararen Ferdinand Magellan. Av den 241 man starka bes\u00e4ttningen som satte segel 1519 var det endast 17 som \u00e5terv\u00e4nde till Spanien tre \u00e5r senare.<\/p>\n<p>Efter att Magellan omkommit p\u00e5 Filippinerna tog Elcano \u00f6ver rodret och f\u00f6rde som kapten bes\u00e4ttningen till resans m\u00e5l, n\u00e4mligen Krydd\u00f6arna (Moluckerna). <\/p>\n","protected":false},"excerpt":{"rendered":"<p>Spanska uppt\u00e4ckare som Christopher Columbus och Juan Sebasti\u00e1n Elcano kommer att pryda Norwegianplanens stj\u00e4rtfenor tack vare l\u00e5gprisflygbolagets starka tillv\u00e4xt p\u00e5 den Iberiska halv\u00f6n. Flygplanen kommer att baseras i Karibien under vinters\u00e4songen. &#8211; Jag \u00e4r mycket glad \u00f6ver att v\u00e4lkomna tre nya hj\u00e4ltar. Spanien \u00e4r en snabbt v\u00e4xande marknad f\u00f6r Norwegian, \u00e4ven med inrikeslinjer. Det \u00e4r [&hellip;]<\/p>\n","protected":false},"author":8,"featured_media":23220,"comment_status":"open","ping_status":"open","sticky":false,"template":"","format":"standard","meta":{"_et_pb_use_builder":"","_et_pb_old_content":"","_et_gb_content_width":"","footnotes":""},"categories":[395,3],"tags":[],"class_list":["post-23219","post","type-post","status-publish","format-standard","has-post-thumbnail","hentry","category-arkiv-nyheter","category-nyheter"],"yoast_head":"<!-- This site is optimized with the Yoast SEO Premium plugin v26.2 (Yoast SEO v27.4) - https:\/\/yoast.com\/product\/yoast-seo-premium-wordpress\/ -->\n<title>Nu tar Columbus plats p\u00e5 Norwegians stj\u00e4rtfena - Svenska Magasinet<\/title>\n<meta name=\"robots\" content=\"noindex, follow, max-snippet:-1, max-image-preview:large, max-video-preview:-1\" \/>\n<meta property=\"og:locale\" content=\"sv_SE\" \/>\n<meta property=\"og:type\" content=\"article\" \/>\n<meta property=\"og:title\" content=\"Nu tar Columbus plats p\u00e5 Norwegians stj\u00e4rtfena\" \/>\n<meta property=\"og:description\" content=\"Spanska uppt\u00e4ckare som Christopher Columbus och Juan Sebasti\u00e1n Elcano kommer att pryda Norwegianplanens stj\u00e4rtfenor tack vare l\u00e5gprisflygbolagets starka tillv\u00e4xt p\u00e5 den Iberiska halv\u00f6n. Flygplanen kommer att baseras i Karibien under vinters\u00e4songen. &#8211; Jag \u00e4r mycket glad \u00f6ver att v\u00e4lkomna tre nya hj\u00e4ltar. Spanien \u00e4r en snabbt v\u00e4xande marknad f\u00f6r Norwegian, \u00e4ven med inrikeslinjer. Det \u00e4r [&hellip;]\" \/>\n<meta property=\"og:url\" content=\"https:\/\/lightweb.dev\/l\/svm-temp\/nyheter\/nu-tar-columbus-plats-pa-norwegians-stjartfena\/\" \/>\n<meta property=\"og:site_name\" content=\"Svenska Magasinet\" \/>\n<meta property=\"article:publisher\" content=\"https:\/\/www.facebook.com\/svenskamagasinet\" \/>\n<meta property=\"article:published_time\" content=\"2015-11-15T23:00:00+00:00\" \/>\n<meta property=\"og:image\" content=\"https:\/\/lightweb.dev\/l\/svm-temp\/wp-content\/uploads\/2022\/06\/nu-tar-columbus-plats-pa-norwegians-stjartfena.png\" \/>\n\t<meta property=\"og:image:width\" content=\"280\" \/>\n\t<meta property=\"og:image:height\" content=\"210\" \/>\n\t<meta property=\"og:image:type\" content=\"image\/png\" \/>\n<meta name=\"author\" content=\"Redaktionen SvM\" \/>\n<meta name=\"twitter:card\" content=\"summary_large_image\" \/>\n<meta name=\"twitter:creator\" content=\"@SvenskaMagasine\" \/>\n<meta name=\"twitter:site\" content=\"@SvenskaMagasine\" \/>\n<script type=\"application\/ld+json\" class=\"yoast-schema-graph\">{\"@context\":\"https:\\\/\\\/schema.org\",\"@graph\":[{\"@type\":\"Article\",\"@id\":\"https:\\\/\\\/lightweb.dev\\\/l\\\/svm-temp\\\/nyheter\\\/nu-tar-columbus-plats-pa-norwegians-stjartfena\\\/#article\",\"isPartOf\":{\"@id\":\"https:\\\/\\\/lightweb.dev\\\/l\\\/svm-temp\\\/nyheter\\\/nu-tar-columbus-plats-pa-norwegians-stjartfena\\\/\"},\"author\":{\"name\":\"Redaktionen SvM\",\"@id\":\"https:\\\/\\\/lightweb.dev\\\/l\\\/svm-temp\\\/#\\\/schema\\\/person\\\/206a3bda5b607b0c25e1749191e4d837\"},\"headline\":\"Nu tar Columbus plats p\u00e5 Norwegians stj\u00e4rtfena\",\"datePublished\":\"2015-11-15T23:00:00+00:00\",\"mainEntityOfPage\":{\"@id\":\"https:\\\/\\\/lightweb.dev\\\/l\\\/svm-temp\\\/nyheter\\\/nu-tar-columbus-plats-pa-norwegians-stjartfena\\\/\"},\"wordCount\":305,\"commentCount\":0,\"publisher\":{\"@id\":\"https:\\\/\\\/lightweb.dev\\\/l\\\/svm-temp\\\/#organization\"},\"image\":{\"@id\":\"https:\\\/\\\/lightweb.dev\\\/l\\\/svm-temp\\\/nyheter\\\/nu-tar-columbus-plats-pa-norwegians-stjartfena\\\/#primaryimage\"},\"thumbnailUrl\":\"https:\\\/\\\/lightweb.dev\\\/l\\\/svm-temp\\\/wp-content\\\/uploads\\\/2022\\\/06\\\/nu-tar-columbus-plats-pa-norwegians-stjartfena.png\",\"articleSection\":[\"Arkiv\",\"Nyheter\"],\"inLanguage\":\"sv-SE\"},{\"@type\":\"WebPage\",\"@id\":\"https:\\\/\\\/lightweb.dev\\\/l\\\/svm-temp\\\/nyheter\\\/nu-tar-columbus-plats-pa-norwegians-stjartfena\\\/\",\"url\":\"https:\\\/\\\/lightweb.dev\\\/l\\\/svm-temp\\\/nyheter\\\/nu-tar-columbus-plats-pa-norwegians-stjartfena\\\/\",\"name\":\"Nu tar Columbus plats p\u00e5 Norwegians stj\u00e4rtfena - Svenska Magasinet\",\"isPartOf\":{\"@id\":\"https:\\\/\\\/lightweb.dev\\\/l\\\/svm-temp\\\/#website\"},\"primaryImageOfPage\":{\"@id\":\"https:\\\/\\\/lightweb.dev\\\/l\\\/svm-temp\\\/nyheter\\\/nu-tar-columbus-plats-pa-norwegians-stjartfena\\\/#primaryimage\"},\"image\":{\"@id\":\"https:\\\/\\\/lightweb.dev\\\/l\\\/svm-temp\\\/nyheter\\\/nu-tar-columbus-plats-pa-norwegians-stjartfena\\\/#primaryimage\"},\"thumbnailUrl\":\"https:\\\/\\\/lightweb.dev\\\/l\\\/svm-temp\\\/wp-content\\\/uploads\\\/2022\\\/06\\\/nu-tar-columbus-plats-pa-norwegians-stjartfena.png\",\"datePublished\":\"2015-11-15T23:00:00+00:00\",\"breadcrumb\":{\"@id\":\"https:\\\/\\\/lightweb.dev\\\/l\\\/svm-temp\\\/nyheter\\\/nu-tar-columbus-plats-pa-norwegians-stjartfena\\\/#breadcrumb\"},\"inLanguage\":\"sv-SE\",\"potentialAction\":[{\"@type\":\"ReadAction\",\"target\":[\"https:\\\/\\\/lightweb.dev\\\/l\\\/svm-temp\\\/nyheter\\\/nu-tar-columbus-plats-pa-norwegians-stjartfena\\\/\"]}]},{\"@type\":\"ImageObject\",\"inLanguage\":\"sv-SE\",\"@id\":\"https:\\\/\\\/lightweb.dev\\\/l\\\/svm-temp\\\/nyheter\\\/nu-tar-columbus-plats-pa-norwegians-stjartfena\\\/#primaryimage\",\"url\":\"https:\\\/\\\/lightweb.dev\\\/l\\\/svm-temp\\\/wp-content\\\/uploads\\\/2022\\\/06\\\/nu-tar-columbus-plats-pa-norwegians-stjartfena.png\",\"contentUrl\":\"https:\\\/\\\/lightweb.dev\\\/l\\\/svm-temp\\\/wp-content\\\/uploads\\\/2022\\\/06\\\/nu-tar-columbus-plats-pa-norwegians-stjartfena.png\",\"width\":280,\"height\":210},{\"@type\":\"BreadcrumbList\",\"@id\":\"https:\\\/\\\/lightweb.dev\\\/l\\\/svm-temp\\\/nyheter\\\/nu-tar-columbus-plats-pa-norwegians-stjartfena\\\/#breadcrumb\",\"itemListElement\":[{\"@type\":\"ListItem\",\"position\":1,\"name\":\"Hem\",\"item\":\"https:\\\/\\\/lightweb.dev\\\/l\\\/svm-temp\\\/\"},{\"@type\":\"ListItem\",\"position\":2,\"name\":\"Nu tar Columbus plats p\u00e5 Norwegians stj\u00e4rtfena\"}]},{\"@type\":\"WebSite\",\"@id\":\"https:\\\/\\\/lightweb.dev\\\/l\\\/svm-temp\\\/#website\",\"url\":\"https:\\\/\\\/lightweb.dev\\\/l\\\/svm-temp\\\/\",\"name\":\"Svenska Magasinet\",\"description\":\"Dina Spanska nyheter p&aring; Svenska\",\"publisher\":{\"@id\":\"https:\\\/\\\/lightweb.dev\\\/l\\\/svm-temp\\\/#organization\"},\"potentialAction\":[{\"@type\":\"SearchAction\",\"target\":{\"@type\":\"EntryPoint\",\"urlTemplate\":\"https:\\\/\\\/lightweb.dev\\\/l\\\/svm-temp\\\/?s={search_term_string}\"},\"query-input\":{\"@type\":\"PropertyValueSpecification\",\"valueRequired\":true,\"valueName\":\"search_term_string\"}}],\"inLanguage\":\"sv-SE\"},{\"@type\":\"Organization\",\"@id\":\"https:\\\/\\\/lightweb.dev\\\/l\\\/svm-temp\\\/#organization\",\"name\":\"Melkerson y Nott SL\",\"alternateName\":\"Svenska Magasinet\",\"url\":\"https:\\\/\\\/lightweb.dev\\\/l\\\/svm-temp\\\/\",\"logo\":{\"@type\":\"ImageObject\",\"inLanguage\":\"sv-SE\",\"@id\":\"https:\\\/\\\/lightweb.dev\\\/l\\\/svm-temp\\\/#\\\/schema\\\/logo\\\/image\\\/\",\"url\":\"https:\\\/\\\/lightweb.dev\\\/l\\\/svm-temp\\\/wp-content\\\/uploads\\\/2025\\\/02\\\/SvM-logo-Xtra-Centrerad-SVART.png\",\"contentUrl\":\"https:\\\/\\\/lightweb.dev\\\/l\\\/svm-temp\\\/wp-content\\\/uploads\\\/2025\\\/02\\\/SvM-logo-Xtra-Centrerad-SVART.png\",\"width\":300,\"height\":99,\"caption\":\"Melkerson y Nott SL\"},\"image\":{\"@id\":\"https:\\\/\\\/lightweb.dev\\\/l\\\/svm-temp\\\/#\\\/schema\\\/logo\\\/image\\\/\"},\"sameAs\":[\"https:\\\/\\\/www.facebook.com\\\/svenskamagasinet\",\"https:\\\/\\\/x.com\\\/SvenskaMagasine\"]},{\"@type\":\"Person\",\"@id\":\"https:\\\/\\\/lightweb.dev\\\/l\\\/svm-temp\\\/#\\\/schema\\\/person\\\/206a3bda5b607b0c25e1749191e4d837\",\"name\":\"Redaktionen SvM\",\"description\":\"Redaktionen\",\"sameAs\":[\"https:\\\/\\\/lightweb.dev\\\/l\\\/svm-temp\"],\"url\":\"https:\\\/\\\/lightweb.dev\\\/l\\\/svm-temp\\\/reporter\\\/redaktionen\\\/\"}]}<\/script>\n<!-- \/ Yoast SEO Premium plugin. -->","yoast_head_json":{"title":"Nu tar Columbus plats p\u00e5 Norwegians stj\u00e4rtfena - Svenska Magasinet","robots":{"index":"noindex","follow":"follow","max-snippet":"max-snippet:-1","max-image-preview":"max-image-preview:large","max-video-preview":"max-video-preview:-1"},"og_locale":"sv_SE","og_type":"article","og_title":"Nu tar Columbus plats p\u00e5 Norwegians stj\u00e4rtfena","og_description":"Spanska uppt\u00e4ckare som Christopher Columbus och Juan Sebasti\u00e1n Elcano kommer att pryda Norwegianplanens stj\u00e4rtfenor tack vare l\u00e5gprisflygbolagets starka tillv\u00e4xt p\u00e5 den Iberiska halv\u00f6n. Flygplanen kommer att baseras i Karibien under vinters\u00e4songen. &#8211; Jag \u00e4r mycket glad \u00f6ver att v\u00e4lkomna tre nya hj\u00e4ltar. Spanien \u00e4r en snabbt v\u00e4xande marknad f\u00f6r Norwegian, \u00e4ven med inrikeslinjer. Det \u00e4r [&hellip;]","og_url":"https:\/\/lightweb.dev\/l\/svm-temp\/nyheter\/nu-tar-columbus-plats-pa-norwegians-stjartfena\/","og_site_name":"Svenska Magasinet","article_publisher":"https:\/\/www.facebook.com\/svenskamagasinet","article_published_time":"2015-11-15T23:00:00+00:00","og_image":[{"width":280,"height":210,"url":"https:\/\/lightweb.dev\/l\/svm-temp\/wp-content\/uploads\/2022\/06\/nu-tar-columbus-plats-pa-norwegians-stjartfena.png","type":"image\/png"}],"author":"Redaktionen SvM","twitter_card":"summary_large_image","twitter_creator":"@SvenskaMagasine","twitter_site":"@SvenskaMagasine","schema":{"@context":"https:\/\/schema.org","@graph":[{"@type":"Article","@id":"https:\/\/lightweb.dev\/l\/svm-temp\/nyheter\/nu-tar-columbus-plats-pa-norwegians-stjartfena\/#article","isPartOf":{"@id":"https:\/\/lightweb.dev\/l\/svm-temp\/nyheter\/nu-tar-columbus-plats-pa-norwegians-stjartfena\/"},"author":{"name":"Redaktionen SvM","@id":"https:\/\/lightweb.dev\/l\/svm-temp\/#\/schema\/person\/206a3bda5b607b0c25e1749191e4d837"},"headline":"Nu tar Columbus plats p\u00e5 Norwegians stj\u00e4rtfena","datePublished":"2015-11-15T23:00:00+00:00","mainEntityOfPage":{"@id":"https:\/\/lightweb.dev\/l\/svm-temp\/nyheter\/nu-tar-columbus-plats-pa-norwegians-stjartfena\/"},"wordCount":305,"commentCount":0,"publisher":{"@id":"https:\/\/lightweb.dev\/l\/svm-temp\/#organization"},"image":{"@id":"https:\/\/lightweb.dev\/l\/svm-temp\/nyheter\/nu-tar-columbus-plats-pa-norwegians-stjartfena\/#primaryimage"},"thumbnailUrl":"https:\/\/lightweb.dev\/l\/svm-temp\/wp-content\/uploads\/2022\/06\/nu-tar-columbus-plats-pa-norwegians-stjartfena.png","articleSection":["Arkiv","Nyheter"],"inLanguage":"sv-SE"},{"@type":"WebPage","@id":"https:\/\/lightweb.dev\/l\/svm-temp\/nyheter\/nu-tar-columbus-plats-pa-norwegians-stjartfena\/","url":"https:\/\/lightweb.dev\/l\/svm-temp\/nyheter\/nu-tar-columbus-plats-pa-norwegians-stjartfena\/","name":"Nu tar Columbus plats p\u00e5 Norwegians stj\u00e4rtfena - Svenska Magasinet","isPartOf":{"@id":"https:\/\/lightweb.dev\/l\/svm-temp\/#website"},"primaryImageOfPage":{"@id":"https:\/\/lightweb.dev\/l\/svm-temp\/nyheter\/nu-tar-columbus-plats-pa-norwegians-stjartfena\/#primaryimage"},"image":{"@id":"https:\/\/lightweb.dev\/l\/svm-temp\/nyheter\/nu-tar-columbus-plats-pa-norwegians-stjartfena\/#primaryimage"},"thumbnailUrl":"https:\/\/lightweb.dev\/l\/svm-temp\/wp-content\/uploads\/2022\/06\/nu-tar-columbus-plats-pa-norwegians-stjartfena.png","datePublished":"2015-11-15T23:00:00+00:00","breadcrumb":{"@id":"https:\/\/lightweb.dev\/l\/svm-temp\/nyheter\/nu-tar-columbus-plats-pa-norwegians-stjartfena\/#breadcrumb"},"inLanguage":"sv-SE","potentialAction":[{"@type":"ReadAction","target":["https:\/\/lightweb.dev\/l\/svm-temp\/nyheter\/nu-tar-columbus-plats-pa-norwegians-stjartfena\/"]}]},{"@type":"ImageObject","inLanguage":"sv-SE","@id":"https:\/\/lightweb.dev\/l\/svm-temp\/nyheter\/nu-tar-columbus-plats-pa-norwegians-stjartfena\/#primaryimage","url":"https:\/\/lightweb.dev\/l\/svm-temp\/wp-content\/uploads\/2022\/06\/nu-tar-columbus-plats-pa-norwegians-stjartfena.png","contentUrl":"https:\/\/lightweb.dev\/l\/svm-temp\/wp-content\/uploads\/2022\/06\/nu-tar-columbus-plats-pa-norwegians-stjartfena.png","width":280,"height":210},{"@type":"BreadcrumbList","@id":"https:\/\/lightweb.dev\/l\/svm-temp\/nyheter\/nu-tar-columbus-plats-pa-norwegians-stjartfena\/#breadcrumb","itemListElement":[{"@type":"ListItem","position":1,"name":"Hem","item":"https:\/\/lightweb.dev\/l\/svm-temp\/"},{"@type":"ListItem","position":2,"name":"Nu tar Columbus plats p\u00e5 Norwegians stj\u00e4rtfena"}]},{"@type":"WebSite","@id":"https:\/\/lightweb.dev\/l\/svm-temp\/#website","url":"https:\/\/lightweb.dev\/l\/svm-temp\/","name":"Svenska Magasinet","description":"Dina Spanska nyheter p&aring; Svenska","publisher":{"@id":"https:\/\/lightweb.dev\/l\/svm-temp\/#organization"},"potentialAction":[{"@type":"SearchAction","target":{"@type":"EntryPoint","urlTemplate":"https:\/\/lightweb.dev\/l\/svm-temp\/?s={search_term_string}"},"query-input":{"@type":"PropertyValueSpecification","valueRequired":true,"valueName":"search_term_string"}}],"inLanguage":"sv-SE"},{"@type":"Organization","@id":"https:\/\/lightweb.dev\/l\/svm-temp\/#organization","name":"Melkerson y Nott SL","alternateName":"Svenska Magasinet","url":"https:\/\/lightweb.dev\/l\/svm-temp\/","logo":{"@type":"ImageObject","inLanguage":"sv-SE","@id":"https:\/\/lightweb.dev\/l\/svm-temp\/#\/schema\/logo\/image\/","url":"https:\/\/lightweb.dev\/l\/svm-temp\/wp-content\/uploads\/2025\/02\/SvM-logo-Xtra-Centrerad-SVART.png","contentUrl":"https:\/\/lightweb.dev\/l\/svm-temp\/wp-content\/uploads\/2025\/02\/SvM-logo-Xtra-Centrerad-SVART.png","width":300,"height":99,"caption":"Melkerson y Nott SL"},"image":{"@id":"https:\/\/lightweb.dev\/l\/svm-temp\/#\/schema\/logo\/image\/"},"sameAs":["https:\/\/www.facebook.com\/svenskamagasinet","https:\/\/x.com\/SvenskaMagasine"]},{"@type":"Person","@id":"https:\/\/lightweb.dev\/l\/svm-temp\/#\/schema\/person\/206a3bda5b607b0c25e1749191e4d837","name":"Redaktionen SvM","description":"Redaktionen","sameAs":["https:\/\/lightweb.dev\/l\/svm-temp"],"url":"https:\/\/lightweb.dev\/l\/svm-temp\/reporter\/redaktionen\/"}]}},"_links":{"self":[{"href":"https:\/\/lightweb.dev\/l\/svm-temp\/wp-json\/wp\/v2\/posts\/23219","targetHints":{"allow":["GET"]}}],"collection":[{"href":"https:\/\/lightweb.dev\/l\/svm-temp\/wp-json\/wp\/v2\/posts"}],"about":[{"href":"https:\/\/lightweb.dev\/l\/svm-temp\/wp-json\/wp\/v2\/types\/post"}],"author":[{"embeddable":true,"href":"https:\/\/lightweb.dev\/l\/svm-temp\/wp-json\/wp\/v2\/users\/8"}],"replies":[{"embeddable":true,"href":"https:\/\/lightweb.dev\/l\/svm-temp\/wp-json\/wp\/v2\/comments?post=23219"}],"version-history":[{"count":0,"href":"https:\/\/lightweb.dev\/l\/svm-temp\/wp-json\/wp\/v2\/posts\/23219\/revisions"}],"wp:featuredmedia":[{"embeddable":true,"href":"https:\/\/lightweb.dev\/l\/svm-temp\/wp-json\/wp\/v2\/media\/23220"}],"wp:attachment":[{"href":"https:\/\/lightweb.dev\/l\/svm-temp\/wp-json\/wp\/v2\/media?parent=23219"}],"wp:term":[{"taxonomy":"category","embeddable":true,"href":"https:\/\/lightweb.dev\/l\/svm-temp\/wp-json\/wp\/v2\/categories?post=23219"},{"taxonomy":"post_tag","embeddable":true,"href":"https:\/\/lightweb.dev\/l\/svm-temp\/wp-json\/wp\/v2\/tags?post=23219"}],"curies":[{"name":"wp","href":"https:\/\/api.w.org\/{rel}","templated":true}]}}