{"id":23235,"date":"2015-11-12T00:00:00","date_gmt":"2015-11-11T23:00:00","guid":{"rendered":"https:\/\/lightweb.dev\/l\/svm-temp\/nyheter\/brollopsturism-sager-ja-till-varandra-pa-700-meters-hojd-vid-nerja\/"},"modified":"2015-11-12T00:00:00","modified_gmt":"2015-11-11T23:00:00","slug":"brollopsturism-sager-ja-till-varandra-pa-700-meters-hojd-vid-nerja","status":"publish","type":"post","link":"https:\/\/lightweb.dev\/l\/svm-temp\/nyheter\/brollopsturism-sager-ja-till-varandra-pa-700-meters-hojd-vid-nerja\/","title":{"rendered":"Br\u00f6llopsturism: S\u00e4ger \u201dja\u201d till varandra p\u00e5 700 meters h\u00f6jd vid Nerja"},"content":{"rendered":"<p> Provinsens st\u00f6rsta dagstidning Diario SUR uppm\u00e4rksammar idag det svenska paret Flodin som valde att vigas av den svenska pr\u00e4sten Mikael J\u00f6nsson p\u00e5 bergstoppen El Pinarillo i Sierra Almijara norr om Nerja. Allt fler v\u00e4ljer att h\u00e5lla vigseln vid en natursk\u00f6n plats.<\/p>\n<p>Vigselceremonin h\u00f6lls den 1 oktober p\u00e5 700 meters h\u00f6jd i Sierra Almijara med floden r\u00edo Ch\u00edllar som bakgrund. Det unga svenska paret hade f\u00e5tt gr\u00f6nt ljus fr\u00e5n Nerja kommun att f\u00e5 s\u00e4ga \u201dja\u201d till varandra p\u00e5 platsen inf\u00f6r n\u00e4rvaro av sl\u00e4kt och v\u00e4nner. Kommunen mottog nyligen ett tack fr\u00e5n paret som har firat smekm\u00e5nad.<\/p>\n<p>Tidningen skriver att Nerja har blivit en allt popul\u00e4ra plats vid vigslar. Fyrstj\u00e4rniga hotell som Marinas de Nerja, Perla Marina och Balc\u00f3n de Europa eller restaurangen vid Nerja-grottorna och kulturhuset lockar par som dr\u00f6mmer om vigsel p\u00e5 en vacker natursk\u00f6n plats.<\/p>\n<p>Flera av hotellen har utarbetat erbjudanden till br\u00f6llopspar med menyer fr\u00e5n mellan 35 till 90 euro. <\/p>\n","protected":false},"excerpt":{"rendered":"<p>Provinsens st\u00f6rsta dagstidning Diario SUR uppm\u00e4rksammar idag det svenska paret Flodin som valde att vigas av den svenska pr\u00e4sten Mikael J\u00f6nsson p\u00e5 bergstoppen El Pinarillo i Sierra Almijara norr om Nerja. Allt fler v\u00e4ljer att h\u00e5lla vigseln vid en natursk\u00f6n plats. Vigselceremonin h\u00f6lls den 1 oktober p\u00e5 700 meters h\u00f6jd i Sierra Almijara med floden [&hellip;]<\/p>\n","protected":false},"author":8,"featured_media":23236,"comment_status":"open","ping_status":"open","sticky":false,"template":"","format":"standard","meta":{"_et_pb_use_builder":"","_et_pb_old_content":"","_et_gb_content_width":"","footnotes":""},"categories":[395,3],"tags":[],"class_list":["post-23235","post","type-post","status-publish","format-standard","has-post-thumbnail","hentry","category-arkiv-nyheter","category-nyheter"],"yoast_head":"<!-- This site is optimized with the Yoast SEO Premium plugin v26.2 (Yoast SEO v27.4) - https:\/\/yoast.com\/product\/yoast-seo-premium-wordpress\/ -->\n<title>Br\u00f6llopsturism: S\u00e4ger \u201dja\u201d till varandra p\u00e5 700 meters h\u00f6jd vid Nerja - Svenska Magasinet<\/title>\n<meta name=\"robots\" content=\"noindex, follow, max-snippet:-1, max-image-preview:large, max-video-preview:-1\" \/>\n<meta property=\"og:locale\" content=\"sv_SE\" \/>\n<meta property=\"og:type\" content=\"article\" \/>\n<meta property=\"og:title\" content=\"Br\u00f6llopsturism: S\u00e4ger \u201dja\u201d till varandra p\u00e5 700 meters h\u00f6jd vid Nerja\" \/>\n<meta property=\"og:description\" content=\"Provinsens st\u00f6rsta dagstidning Diario SUR uppm\u00e4rksammar idag det svenska paret Flodin som valde att vigas av den svenska pr\u00e4sten Mikael J\u00f6nsson p\u00e5 bergstoppen El Pinarillo i Sierra Almijara norr om Nerja. Allt fler v\u00e4ljer att h\u00e5lla vigseln vid en natursk\u00f6n plats. Vigselceremonin h\u00f6lls den 1 oktober p\u00e5 700 meters h\u00f6jd i Sierra Almijara med floden [&hellip;]\" \/>\n<meta property=\"og:url\" content=\"https:\/\/lightweb.dev\/l\/svm-temp\/nyheter\/brollopsturism-sager-ja-till-varandra-pa-700-meters-hojd-vid-nerja\/\" \/>\n<meta property=\"og:site_name\" content=\"Svenska Magasinet\" \/>\n<meta property=\"article:publisher\" content=\"https:\/\/www.facebook.com\/svenskamagasinet\" \/>\n<meta property=\"article:published_time\" content=\"2015-11-11T23:00:00+00:00\" \/>\n<meta property=\"og:image\" content=\"https:\/\/lightweb.dev\/l\/svm-temp\/wp-content\/uploads\/2022\/06\/brollopsturism-sager-ja-till-varandra-pa-700-meters-hojd-vid-nerja.png\" \/>\n\t<meta property=\"og:image:width\" content=\"280\" \/>\n\t<meta property=\"og:image:height\" content=\"209\" \/>\n\t<meta property=\"og:image:type\" content=\"image\/png\" \/>\n<meta name=\"author\" content=\"Redaktionen SvM\" \/>\n<meta name=\"twitter:card\" content=\"summary_large_image\" \/>\n<meta name=\"twitter:creator\" content=\"@SvenskaMagasine\" \/>\n<meta name=\"twitter:site\" content=\"@SvenskaMagasine\" \/>\n<script type=\"application\/ld+json\" class=\"yoast-schema-graph\">{\"@context\":\"https:\\\/\\\/schema.org\",\"@graph\":[{\"@type\":\"Article\",\"@id\":\"https:\\\/\\\/lightweb.dev\\\/l\\\/svm-temp\\\/nyheter\\\/brollopsturism-sager-ja-till-varandra-pa-700-meters-hojd-vid-nerja\\\/#article\",\"isPartOf\":{\"@id\":\"https:\\\/\\\/lightweb.dev\\\/l\\\/svm-temp\\\/nyheter\\\/brollopsturism-sager-ja-till-varandra-pa-700-meters-hojd-vid-nerja\\\/\"},\"author\":{\"name\":\"Redaktionen SvM\",\"@id\":\"https:\\\/\\\/lightweb.dev\\\/l\\\/svm-temp\\\/#\\\/schema\\\/person\\\/206a3bda5b607b0c25e1749191e4d837\"},\"headline\":\"Br\u00f6llopsturism: S\u00e4ger \u201dja\u201d till varandra p\u00e5 700 meters h\u00f6jd vid Nerja\",\"datePublished\":\"2015-11-11T23:00:00+00:00\",\"mainEntityOfPage\":{\"@id\":\"https:\\\/\\\/lightweb.dev\\\/l\\\/svm-temp\\\/nyheter\\\/brollopsturism-sager-ja-till-varandra-pa-700-meters-hojd-vid-nerja\\\/\"},\"wordCount\":189,\"commentCount\":0,\"publisher\":{\"@id\":\"https:\\\/\\\/lightweb.dev\\\/l\\\/svm-temp\\\/#organization\"},\"image\":{\"@id\":\"https:\\\/\\\/lightweb.dev\\\/l\\\/svm-temp\\\/nyheter\\\/brollopsturism-sager-ja-till-varandra-pa-700-meters-hojd-vid-nerja\\\/#primaryimage\"},\"thumbnailUrl\":\"https:\\\/\\\/lightweb.dev\\\/l\\\/svm-temp\\\/wp-content\\\/uploads\\\/2022\\\/06\\\/brollopsturism-sager-ja-till-varandra-pa-700-meters-hojd-vid-nerja.png\",\"articleSection\":[\"Arkiv\",\"Nyheter\"],\"inLanguage\":\"sv-SE\"},{\"@type\":\"WebPage\",\"@id\":\"https:\\\/\\\/lightweb.dev\\\/l\\\/svm-temp\\\/nyheter\\\/brollopsturism-sager-ja-till-varandra-pa-700-meters-hojd-vid-nerja\\\/\",\"url\":\"https:\\\/\\\/lightweb.dev\\\/l\\\/svm-temp\\\/nyheter\\\/brollopsturism-sager-ja-till-varandra-pa-700-meters-hojd-vid-nerja\\\/\",\"name\":\"Br\u00f6llopsturism: S\u00e4ger \u201dja\u201d till varandra p\u00e5 700 meters h\u00f6jd vid Nerja - Svenska Magasinet\",\"isPartOf\":{\"@id\":\"https:\\\/\\\/lightweb.dev\\\/l\\\/svm-temp\\\/#website\"},\"primaryImageOfPage\":{\"@id\":\"https:\\\/\\\/lightweb.dev\\\/l\\\/svm-temp\\\/nyheter\\\/brollopsturism-sager-ja-till-varandra-pa-700-meters-hojd-vid-nerja\\\/#primaryimage\"},\"image\":{\"@id\":\"https:\\\/\\\/lightweb.dev\\\/l\\\/svm-temp\\\/nyheter\\\/brollopsturism-sager-ja-till-varandra-pa-700-meters-hojd-vid-nerja\\\/#primaryimage\"},\"thumbnailUrl\":\"https:\\\/\\\/lightweb.dev\\\/l\\\/svm-temp\\\/wp-content\\\/uploads\\\/2022\\\/06\\\/brollopsturism-sager-ja-till-varandra-pa-700-meters-hojd-vid-nerja.png\",\"datePublished\":\"2015-11-11T23:00:00+00:00\",\"breadcrumb\":{\"@id\":\"https:\\\/\\\/lightweb.dev\\\/l\\\/svm-temp\\\/nyheter\\\/brollopsturism-sager-ja-till-varandra-pa-700-meters-hojd-vid-nerja\\\/#breadcrumb\"},\"inLanguage\":\"sv-SE\",\"potentialAction\":[{\"@type\":\"ReadAction\",\"target\":[\"https:\\\/\\\/lightweb.dev\\\/l\\\/svm-temp\\\/nyheter\\\/brollopsturism-sager-ja-till-varandra-pa-700-meters-hojd-vid-nerja\\\/\"]}]},{\"@type\":\"ImageObject\",\"inLanguage\":\"sv-SE\",\"@id\":\"https:\\\/\\\/lightweb.dev\\\/l\\\/svm-temp\\\/nyheter\\\/brollopsturism-sager-ja-till-varandra-pa-700-meters-hojd-vid-nerja\\\/#primaryimage\",\"url\":\"https:\\\/\\\/lightweb.dev\\\/l\\\/svm-temp\\\/wp-content\\\/uploads\\\/2022\\\/06\\\/brollopsturism-sager-ja-till-varandra-pa-700-meters-hojd-vid-nerja.png\",\"contentUrl\":\"https:\\\/\\\/lightweb.dev\\\/l\\\/svm-temp\\\/wp-content\\\/uploads\\\/2022\\\/06\\\/brollopsturism-sager-ja-till-varandra-pa-700-meters-hojd-vid-nerja.png\",\"width\":280,\"height\":209},{\"@type\":\"BreadcrumbList\",\"@id\":\"https:\\\/\\\/lightweb.dev\\\/l\\\/svm-temp\\\/nyheter\\\/brollopsturism-sager-ja-till-varandra-pa-700-meters-hojd-vid-nerja\\\/#breadcrumb\",\"itemListElement\":[{\"@type\":\"ListItem\",\"position\":1,\"name\":\"Hem\",\"item\":\"https:\\\/\\\/lightweb.dev\\\/l\\\/svm-temp\\\/\"},{\"@type\":\"ListItem\",\"position\":2,\"name\":\"Br\u00f6llopsturism: S\u00e4ger \u201dja\u201d till varandra p\u00e5 700 meters h\u00f6jd vid Nerja\"}]},{\"@type\":\"WebSite\",\"@id\":\"https:\\\/\\\/lightweb.dev\\\/l\\\/svm-temp\\\/#website\",\"url\":\"https:\\\/\\\/lightweb.dev\\\/l\\\/svm-temp\\\/\",\"name\":\"Svenska Magasinet\",\"description\":\"Dina Spanska nyheter p&aring; Svenska\",\"publisher\":{\"@id\":\"https:\\\/\\\/lightweb.dev\\\/l\\\/svm-temp\\\/#organization\"},\"potentialAction\":[{\"@type\":\"SearchAction\",\"target\":{\"@type\":\"EntryPoint\",\"urlTemplate\":\"https:\\\/\\\/lightweb.dev\\\/l\\\/svm-temp\\\/?s={search_term_string}\"},\"query-input\":{\"@type\":\"PropertyValueSpecification\",\"valueRequired\":true,\"valueName\":\"search_term_string\"}}],\"inLanguage\":\"sv-SE\"},{\"@type\":\"Organization\",\"@id\":\"https:\\\/\\\/lightweb.dev\\\/l\\\/svm-temp\\\/#organization\",\"name\":\"Melkerson y Nott SL\",\"alternateName\":\"Svenska Magasinet\",\"url\":\"https:\\\/\\\/lightweb.dev\\\/l\\\/svm-temp\\\/\",\"logo\":{\"@type\":\"ImageObject\",\"inLanguage\":\"sv-SE\",\"@id\":\"https:\\\/\\\/lightweb.dev\\\/l\\\/svm-temp\\\/#\\\/schema\\\/logo\\\/image\\\/\",\"url\":\"https:\\\/\\\/lightweb.dev\\\/l\\\/svm-temp\\\/wp-content\\\/uploads\\\/2025\\\/02\\\/SvM-logo-Xtra-Centrerad-SVART.png\",\"contentUrl\":\"https:\\\/\\\/lightweb.dev\\\/l\\\/svm-temp\\\/wp-content\\\/uploads\\\/2025\\\/02\\\/SvM-logo-Xtra-Centrerad-SVART.png\",\"width\":300,\"height\":99,\"caption\":\"Melkerson y Nott SL\"},\"image\":{\"@id\":\"https:\\\/\\\/lightweb.dev\\\/l\\\/svm-temp\\\/#\\\/schema\\\/logo\\\/image\\\/\"},\"sameAs\":[\"https:\\\/\\\/www.facebook.com\\\/svenskamagasinet\",\"https:\\\/\\\/x.com\\\/SvenskaMagasine\"]},{\"@type\":\"Person\",\"@id\":\"https:\\\/\\\/lightweb.dev\\\/l\\\/svm-temp\\\/#\\\/schema\\\/person\\\/206a3bda5b607b0c25e1749191e4d837\",\"name\":\"Redaktionen SvM\",\"description\":\"Redaktionen\",\"sameAs\":[\"https:\\\/\\\/lightweb.dev\\\/l\\\/svm-temp\"],\"url\":\"https:\\\/\\\/lightweb.dev\\\/l\\\/svm-temp\\\/reporter\\\/redaktionen\\\/\"}]}<\/script>\n<!-- \/ Yoast SEO Premium plugin. -->","yoast_head_json":{"title":"Br\u00f6llopsturism: S\u00e4ger \u201dja\u201d till varandra p\u00e5 700 meters h\u00f6jd vid Nerja - Svenska Magasinet","robots":{"index":"noindex","follow":"follow","max-snippet":"max-snippet:-1","max-image-preview":"max-image-preview:large","max-video-preview":"max-video-preview:-1"},"og_locale":"sv_SE","og_type":"article","og_title":"Br\u00f6llopsturism: S\u00e4ger \u201dja\u201d till varandra p\u00e5 700 meters h\u00f6jd vid Nerja","og_description":"Provinsens st\u00f6rsta dagstidning Diario SUR uppm\u00e4rksammar idag det svenska paret Flodin som valde att vigas av den svenska pr\u00e4sten Mikael J\u00f6nsson p\u00e5 bergstoppen El Pinarillo i Sierra Almijara norr om Nerja. Allt fler v\u00e4ljer att h\u00e5lla vigseln vid en natursk\u00f6n plats. Vigselceremonin h\u00f6lls den 1 oktober p\u00e5 700 meters h\u00f6jd i Sierra Almijara med floden [&hellip;]","og_url":"https:\/\/lightweb.dev\/l\/svm-temp\/nyheter\/brollopsturism-sager-ja-till-varandra-pa-700-meters-hojd-vid-nerja\/","og_site_name":"Svenska Magasinet","article_publisher":"https:\/\/www.facebook.com\/svenskamagasinet","article_published_time":"2015-11-11T23:00:00+00:00","og_image":[{"width":280,"height":209,"url":"https:\/\/lightweb.dev\/l\/svm-temp\/wp-content\/uploads\/2022\/06\/brollopsturism-sager-ja-till-varandra-pa-700-meters-hojd-vid-nerja.png","type":"image\/png"}],"author":"Redaktionen SvM","twitter_card":"summary_large_image","twitter_creator":"@SvenskaMagasine","twitter_site":"@SvenskaMagasine","schema":{"@context":"https:\/\/schema.org","@graph":[{"@type":"Article","@id":"https:\/\/lightweb.dev\/l\/svm-temp\/nyheter\/brollopsturism-sager-ja-till-varandra-pa-700-meters-hojd-vid-nerja\/#article","isPartOf":{"@id":"https:\/\/lightweb.dev\/l\/svm-temp\/nyheter\/brollopsturism-sager-ja-till-varandra-pa-700-meters-hojd-vid-nerja\/"},"author":{"name":"Redaktionen SvM","@id":"https:\/\/lightweb.dev\/l\/svm-temp\/#\/schema\/person\/206a3bda5b607b0c25e1749191e4d837"},"headline":"Br\u00f6llopsturism: S\u00e4ger \u201dja\u201d till varandra p\u00e5 700 meters h\u00f6jd vid Nerja","datePublished":"2015-11-11T23:00:00+00:00","mainEntityOfPage":{"@id":"https:\/\/lightweb.dev\/l\/svm-temp\/nyheter\/brollopsturism-sager-ja-till-varandra-pa-700-meters-hojd-vid-nerja\/"},"wordCount":189,"commentCount":0,"publisher":{"@id":"https:\/\/lightweb.dev\/l\/svm-temp\/#organization"},"image":{"@id":"https:\/\/lightweb.dev\/l\/svm-temp\/nyheter\/brollopsturism-sager-ja-till-varandra-pa-700-meters-hojd-vid-nerja\/#primaryimage"},"thumbnailUrl":"https:\/\/lightweb.dev\/l\/svm-temp\/wp-content\/uploads\/2022\/06\/brollopsturism-sager-ja-till-varandra-pa-700-meters-hojd-vid-nerja.png","articleSection":["Arkiv","Nyheter"],"inLanguage":"sv-SE"},{"@type":"WebPage","@id":"https:\/\/lightweb.dev\/l\/svm-temp\/nyheter\/brollopsturism-sager-ja-till-varandra-pa-700-meters-hojd-vid-nerja\/","url":"https:\/\/lightweb.dev\/l\/svm-temp\/nyheter\/brollopsturism-sager-ja-till-varandra-pa-700-meters-hojd-vid-nerja\/","name":"Br\u00f6llopsturism: S\u00e4ger \u201dja\u201d till varandra p\u00e5 700 meters h\u00f6jd vid Nerja - Svenska Magasinet","isPartOf":{"@id":"https:\/\/lightweb.dev\/l\/svm-temp\/#website"},"primaryImageOfPage":{"@id":"https:\/\/lightweb.dev\/l\/svm-temp\/nyheter\/brollopsturism-sager-ja-till-varandra-pa-700-meters-hojd-vid-nerja\/#primaryimage"},"image":{"@id":"https:\/\/lightweb.dev\/l\/svm-temp\/nyheter\/brollopsturism-sager-ja-till-varandra-pa-700-meters-hojd-vid-nerja\/#primaryimage"},"thumbnailUrl":"https:\/\/lightweb.dev\/l\/svm-temp\/wp-content\/uploads\/2022\/06\/brollopsturism-sager-ja-till-varandra-pa-700-meters-hojd-vid-nerja.png","datePublished":"2015-11-11T23:00:00+00:00","breadcrumb":{"@id":"https:\/\/lightweb.dev\/l\/svm-temp\/nyheter\/brollopsturism-sager-ja-till-varandra-pa-700-meters-hojd-vid-nerja\/#breadcrumb"},"inLanguage":"sv-SE","potentialAction":[{"@type":"ReadAction","target":["https:\/\/lightweb.dev\/l\/svm-temp\/nyheter\/brollopsturism-sager-ja-till-varandra-pa-700-meters-hojd-vid-nerja\/"]}]},{"@type":"ImageObject","inLanguage":"sv-SE","@id":"https:\/\/lightweb.dev\/l\/svm-temp\/nyheter\/brollopsturism-sager-ja-till-varandra-pa-700-meters-hojd-vid-nerja\/#primaryimage","url":"https:\/\/lightweb.dev\/l\/svm-temp\/wp-content\/uploads\/2022\/06\/brollopsturism-sager-ja-till-varandra-pa-700-meters-hojd-vid-nerja.png","contentUrl":"https:\/\/lightweb.dev\/l\/svm-temp\/wp-content\/uploads\/2022\/06\/brollopsturism-sager-ja-till-varandra-pa-700-meters-hojd-vid-nerja.png","width":280,"height":209},{"@type":"BreadcrumbList","@id":"https:\/\/lightweb.dev\/l\/svm-temp\/nyheter\/brollopsturism-sager-ja-till-varandra-pa-700-meters-hojd-vid-nerja\/#breadcrumb","itemListElement":[{"@type":"ListItem","position":1,"name":"Hem","item":"https:\/\/lightweb.dev\/l\/svm-temp\/"},{"@type":"ListItem","position":2,"name":"Br\u00f6llopsturism: S\u00e4ger \u201dja\u201d till varandra p\u00e5 700 meters h\u00f6jd vid Nerja"}]},{"@type":"WebSite","@id":"https:\/\/lightweb.dev\/l\/svm-temp\/#website","url":"https:\/\/lightweb.dev\/l\/svm-temp\/","name":"Svenska Magasinet","description":"Dina Spanska nyheter p&aring; Svenska","publisher":{"@id":"https:\/\/lightweb.dev\/l\/svm-temp\/#organization"},"potentialAction":[{"@type":"SearchAction","target":{"@type":"EntryPoint","urlTemplate":"https:\/\/lightweb.dev\/l\/svm-temp\/?s={search_term_string}"},"query-input":{"@type":"PropertyValueSpecification","valueRequired":true,"valueName":"search_term_string"}}],"inLanguage":"sv-SE"},{"@type":"Organization","@id":"https:\/\/lightweb.dev\/l\/svm-temp\/#organization","name":"Melkerson y Nott SL","alternateName":"Svenska Magasinet","url":"https:\/\/lightweb.dev\/l\/svm-temp\/","logo":{"@type":"ImageObject","inLanguage":"sv-SE","@id":"https:\/\/lightweb.dev\/l\/svm-temp\/#\/schema\/logo\/image\/","url":"https:\/\/lightweb.dev\/l\/svm-temp\/wp-content\/uploads\/2025\/02\/SvM-logo-Xtra-Centrerad-SVART.png","contentUrl":"https:\/\/lightweb.dev\/l\/svm-temp\/wp-content\/uploads\/2025\/02\/SvM-logo-Xtra-Centrerad-SVART.png","width":300,"height":99,"caption":"Melkerson y Nott SL"},"image":{"@id":"https:\/\/lightweb.dev\/l\/svm-temp\/#\/schema\/logo\/image\/"},"sameAs":["https:\/\/www.facebook.com\/svenskamagasinet","https:\/\/x.com\/SvenskaMagasine"]},{"@type":"Person","@id":"https:\/\/lightweb.dev\/l\/svm-temp\/#\/schema\/person\/206a3bda5b607b0c25e1749191e4d837","name":"Redaktionen SvM","description":"Redaktionen","sameAs":["https:\/\/lightweb.dev\/l\/svm-temp"],"url":"https:\/\/lightweb.dev\/l\/svm-temp\/reporter\/redaktionen\/"}]}},"_links":{"self":[{"href":"https:\/\/lightweb.dev\/l\/svm-temp\/wp-json\/wp\/v2\/posts\/23235","targetHints":{"allow":["GET"]}}],"collection":[{"href":"https:\/\/lightweb.dev\/l\/svm-temp\/wp-json\/wp\/v2\/posts"}],"about":[{"href":"https:\/\/lightweb.dev\/l\/svm-temp\/wp-json\/wp\/v2\/types\/post"}],"author":[{"embeddable":true,"href":"https:\/\/lightweb.dev\/l\/svm-temp\/wp-json\/wp\/v2\/users\/8"}],"replies":[{"embeddable":true,"href":"https:\/\/lightweb.dev\/l\/svm-temp\/wp-json\/wp\/v2\/comments?post=23235"}],"version-history":[{"count":0,"href":"https:\/\/lightweb.dev\/l\/svm-temp\/wp-json\/wp\/v2\/posts\/23235\/revisions"}],"wp:featuredmedia":[{"embeddable":true,"href":"https:\/\/lightweb.dev\/l\/svm-temp\/wp-json\/wp\/v2\/media\/23236"}],"wp:attachment":[{"href":"https:\/\/lightweb.dev\/l\/svm-temp\/wp-json\/wp\/v2\/media?parent=23235"}],"wp:term":[{"taxonomy":"category","embeddable":true,"href":"https:\/\/lightweb.dev\/l\/svm-temp\/wp-json\/wp\/v2\/categories?post=23235"},{"taxonomy":"post_tag","embeddable":true,"href":"https:\/\/lightweb.dev\/l\/svm-temp\/wp-json\/wp\/v2\/tags?post=23235"}],"curies":[{"name":"wp","href":"https:\/\/api.w.org\/{rel}","templated":true}]}}