{"id":2324,"date":"2008-02-06T00:00:00","date_gmt":"2008-02-05T23:00:00","guid":{"rendered":"https:\/\/lightweb.dev\/l\/svm-temp\/spanien-just-nu-haller-klickjournalistik-pa-att-ta-overhand\/"},"modified":"2008-02-06T00:00:00","modified_gmt":"2008-02-05T23:00:00","slug":"spanien-just-nu-haller-klickjournalistik-pa-att-ta-overhand","status":"publish","type":"post","link":"https:\/\/lightweb.dev\/l\/svm-temp\/artiklar\/spanien-just-nu-haller-klickjournalistik-pa-att-ta-overhand\/","title":{"rendered":"Spanien just nu: H\u00e5ller klickjournalistik p\u00e5 att ta \u00f6verhand?"},"content":{"rendered":"<p> Jag b\u00f6rjar sannerligen bli riktigt tr\u00f6tt p\u00e5 all ytlighet inom media. Det st\u00e5r mig upp i halsen. Jag \u00e4r tr\u00f6tt p\u00e5 att l\u00e4sa om vad b-k\u00e4ndisar och c-k\u00e4ndisar har gjort, vad de har uttalat eller inte uttalat sig om, och vem som ligger med vem Av Ola Josefsson<\/p>\n<p>Sverige var f\u00f6rst i v\u00e4rlden med en tryckfrihetsf\u00f6rordning. Den antogs redan \u00e5r 1766 med regler om offentliga handlingar och med f\u00f6rbud mot censur. Visserligen avskaffades den av Gustav III, men efter att denne m\u00f6rdats 1792 inf\u00f6rdes en ny tryckfrihetsf\u00f6rordning som moderniserats i flera steg.<\/p>\n<p>Vi har n\u00e5got att vara stolta \u00f6ver och f\u00f6rmedla och v\u00e5rda v\u00e4l. Betyder det d\u00e5 att allt ska tryckas?<\/p>\n<p>F\u00f6rdumning och ytlighet \u00e4r en trist utveckling inom k\u00e5ren som i grund och botten har ett stort ansvar inf\u00f6r samh\u00e4llsmedborgarna. Att spegla vardagen p\u00e5 ett objektivt s\u00e4tt med \u201df\u00f6rdjupningar i nyhetsfl\u00f6det, tolkning av samtiden och \u00e4mnesbredd\u201d.<\/p>\n<p>Sj\u00e4lv tillh\u00f6r jag den \u00e5rskull som i grundskolan uppmanades att l\u00e4sa morgontidningen innan jag gick till skolan, f\u00f6r att orientera mig i samh\u00e4llet. P\u00e5 lektionstimmarna inom geografi, historia och samh\u00e4lle anv\u00e4nde vi morgontidningen i undervisningen d\u00e5 skolans l\u00e4rob\u00f6cker var d\u00e5ligt uppdaterade. Det h\u00e4nde till och med att vi n\u00e5gon g\u00e5ng hade artiklar fr\u00e5n en kv\u00e4llstidning.<\/p>\n<p>Mattias Hess\u00e9rus \u00e4r doktorand i historia vid Uppsala universitet och g\u00e4stforskar vid The Graduate School of Journalism, Columbia University i New York. Han beskriver hur kv\u00e4llstidningsrubrikerna har tagit steget in p\u00e5 webben.<\/p>\n<p>\u201dProgramledare p\u00e5 TV 4 blottade sig\u201d, \u201dRoger hittade den r\u00e4tte \u2013 50 g\u00e5nger per \u00e5r\u201d, \u201dStinkande h\u00e5l slukade hus\u201d. Tre Expressenl\u00f6psedlar? Nej, rubrikerna \u00e4r h\u00e4mtade fr\u00e5n listan \u00f6ver de mest l\u00e4sta artiklarna p\u00e5 svd.se \u00e5r 2007, en lista med artiklar genomg\u00e5ende av kv\u00e4llstidningskarakt\u00e4r \u2013 ett tydligt tecken p\u00e5 en tidningsbransch i f\u00f6r\u00e4ndring och en morgontidning som f\u00f6rs\u00f6ker hantera en bister ekonomisk verklighet, skriver Mattias Hess\u00e9rus i en kr\u00f6nika i SvD:s kulturdel.<\/p>\n<p>\u201dKlickjournalistiken\u201d \u00e4r h\u00e4r. Internet\u00e5lderns motsvarighet till l\u00f6snummerf\u00f6rs\u00e4ljning med braskande rubriker. Med stora m\u00e4ngder \u201dklick\u201d p\u00e5 artiklarna hoppas tidningarna v\u00e4cka annons\u00f6rernas intresse f\u00f6r webbsidan.<br \/>\nMattias Hess\u00e9rus menar att vi f\u00e5r den journalistik vi f\u00f6rtj\u00e4nar. Varje g\u00e5ng vi klickar p\u00e5 en artikel s\u00e4nder vi en signal till tidningen (och dess annons\u00f6rer) att det \u00e4r det h\u00e4r vi vill l\u00e4sa. V\u00e5rt val kan komma att p\u00e5verka journalistiken i stort.<\/p>\n<p>Kanske dags att reflextera \u00f6ver v\u00e5r mediekonsumtion precis som n\u00e4r vi v\u00e4ljer att handla ekologiskt eller r\u00e4ttvisem\u00e4rkt. R\u00e4ddningen f\u00f6r kvalitetsjournalistiken beh\u00f6ver inte vara l\u00e4ngre bort \u00e4n ett musklick, som Mattias Hess\u00e9rus uttrycker det.<\/p>\n<p>Personligen \u00e4gnar jag tisdagskv\u00e4llarna helst \u00e5t K-G Bergstr\u00f6m genom SvT Europas f\u00f6rsorg. Ett program som blev en stor publikframg\u00e5ng i h\u00f6stas.<br \/>\n\u201dAtt ett gammaldags intervjuprogram blir s\u00e5 popul\u00e4rt kan nog ocks\u00e5 vara en reaktion mot den tilltagande ytligheten i tv\u201d, s\u00e4ger veteranen K-G Bergstr\u00f6m som i januari hade nystart med sitt program Rakt p\u00e5.<\/p>\n<p>H\u00e4r \u201dmusklickas\u201d det mest p\u00e5 www.svenskamagasinet.nu<br \/>\nFlest \u201dklick\u201d avsl\u00f6jar en del om vad som intresserar l\u00e4sekretsen. H\u00e4r \u00e4r artiklarna som f\u00e5tt mest musklick:<br \/>\n1) Friidrottstjejerna r\u00e4ckte inte \u00e4nda fram<br \/>\n2) On tour Torre del Mar<br \/>\n3) Sommarkul p\u00e5 Solkusten<br \/>\n4) Trafik: Vad \u00e4r ett m\u00e4nniskoliv v\u00e4rt?<br \/>\n5) Landslaget f\u00e5r st\u00e5 i skuggan av La Liga<br \/>\n6) Vad h\u00e4nder med de spanska fastighetspriserna under 2007?<br \/>\n7) Var du d\u00e4r? Fiesta Marbella<br \/>\n8) M\u00e1laga fick Sanna att tro p\u00e5 EM-guld<br \/>\n9) Din egen v\u00e4dertj\u00e4nst p\u00e5 n\u00e4tet<br \/>\n10) K\u00f6pa hus utomlands storsatsar i Norden <\/p>\n","protected":false},"excerpt":{"rendered":"<p>Jag b\u00f6rjar sannerligen bli riktigt tr\u00f6tt p\u00e5 all ytlighet inom media. Det st\u00e5r mig upp i halsen. Jag \u00e4r tr\u00f6tt p\u00e5 att l\u00e4sa om vad b-k\u00e4ndisar och c-k\u00e4ndisar har gjort, vad de har uttalat eller inte uttalat sig om, och vem som ligger med vem Av Ola Josefsson Sverige var f\u00f6rst i v\u00e4rlden med en [&hellip;]<\/p>\n","protected":false},"author":8,"featured_media":2325,"comment_status":"open","ping_status":"open","sticky":false,"template":"","format":"standard","meta":{"_et_pb_use_builder":"","_et_pb_old_content":"","_et_gb_content_width":"","footnotes":""},"categories":[4,36],"tags":[],"class_list":["post-2324","post","type-post","status-publish","format-standard","has-post-thumbnail","hentry","category-artiklar","category-spanien-just-nu"],"yoast_head":"<!-- This site is optimized with the Yoast SEO Premium plugin v26.2 (Yoast SEO v28.2) - https:\/\/yoast.com\/product\/yoast-seo-premium-wordpress\/ -->\n<title>Spanien just nu: H\u00e5ller klickjournalistik p\u00e5 att ta \u00f6verhand? - Svenska Magasinet<\/title>\n<meta name=\"robots\" content=\"noindex, follow, max-snippet:-1, max-image-preview:large, max-video-preview:-1\" \/>\n<meta property=\"og:locale\" content=\"sv_SE\" \/>\n<meta property=\"og:type\" content=\"article\" \/>\n<meta property=\"og:title\" content=\"Spanien just nu: H\u00e5ller klickjournalistik p\u00e5 att ta \u00f6verhand?\" \/>\n<meta property=\"og:description\" content=\"Jag b\u00f6rjar sannerligen bli riktigt tr\u00f6tt p\u00e5 all ytlighet inom media. Det st\u00e5r mig upp i halsen. Jag \u00e4r tr\u00f6tt p\u00e5 att l\u00e4sa om vad b-k\u00e4ndisar och c-k\u00e4ndisar har gjort, vad de har uttalat eller inte uttalat sig om, och vem som ligger med vem Av Ola Josefsson Sverige var f\u00f6rst i v\u00e4rlden med en [&hellip;]\" \/>\n<meta property=\"og:url\" content=\"https:\/\/lightweb.dev\/l\/svm-temp\/artiklar\/spanien-just-nu-haller-klickjournalistik-pa-att-ta-overhand\/\" \/>\n<meta property=\"og:site_name\" content=\"Svenska Magasinet\" \/>\n<meta property=\"article:publisher\" content=\"https:\/\/www.facebook.com\/svenskamagasinet\" \/>\n<meta property=\"article:published_time\" content=\"2008-02-05T23:00:00+00:00\" \/>\n<meta property=\"og:image\" content=\"https:\/\/lightweb.dev\/l\/svm-temp\/wp-content\/uploads\/2022\/04\/spanien-just-nu-hller-klickjournalistik-p-att-ta-verhand.png\" \/>\n\t<meta property=\"og:image:width\" content=\"280\" \/>\n\t<meta property=\"og:image:height\" content=\"354\" \/>\n\t<meta property=\"og:image:type\" content=\"image\/png\" \/>\n<meta name=\"author\" content=\"Redaktionen SvM\" \/>\n<meta name=\"twitter:card\" content=\"summary_large_image\" \/>\n<meta name=\"twitter:creator\" content=\"@SvenskaMagasine\" \/>\n<meta name=\"twitter:site\" content=\"@SvenskaMagasine\" \/>\n<script type=\"application\/ld+json\" class=\"yoast-schema-graph\">{\"@context\":\"https:\\\/\\\/schema.org\",\"@graph\":[{\"@type\":\"Article\",\"@id\":\"https:\\\/\\\/lightweb.dev\\\/l\\\/svm-temp\\\/artiklar\\\/spanien-just-nu-haller-klickjournalistik-pa-att-ta-overhand\\\/#article\",\"isPartOf\":{\"@id\":\"https:\\\/\\\/lightweb.dev\\\/l\\\/svm-temp\\\/artiklar\\\/spanien-just-nu-haller-klickjournalistik-pa-att-ta-overhand\\\/\"},\"author\":{\"name\":\"Redaktionen SvM\",\"@id\":\"https:\\\/\\\/lightweb.dev\\\/l\\\/svm-temp\\\/#\\\/schema\\\/person\\\/206a3bda5b607b0c25e1749191e4d837\"},\"headline\":\"Spanien just nu: H\u00e5ller klickjournalistik p\u00e5 att ta \u00f6verhand?\",\"datePublished\":\"2008-02-05T23:00:00+00:00\",\"mainEntityOfPage\":{\"@id\":\"https:\\\/\\\/lightweb.dev\\\/l\\\/svm-temp\\\/artiklar\\\/spanien-just-nu-haller-klickjournalistik-pa-att-ta-overhand\\\/\"},\"wordCount\":658,\"commentCount\":0,\"publisher\":{\"@id\":\"https:\\\/\\\/lightweb.dev\\\/l\\\/svm-temp\\\/#organization\"},\"image\":{\"@id\":\"https:\\\/\\\/lightweb.dev\\\/l\\\/svm-temp\\\/artiklar\\\/spanien-just-nu-haller-klickjournalistik-pa-att-ta-overhand\\\/#primaryimage\"},\"thumbnailUrl\":\"https:\\\/\\\/lightweb.dev\\\/l\\\/svm-temp\\\/wp-content\\\/uploads\\\/2022\\\/04\\\/spanien-just-nu-hller-klickjournalistik-p-att-ta-verhand.png\",\"articleSection\":[\"Artiklar\",\"Spanien just nu\"],\"inLanguage\":\"sv-SE\"},{\"@type\":\"WebPage\",\"@id\":\"https:\\\/\\\/lightweb.dev\\\/l\\\/svm-temp\\\/artiklar\\\/spanien-just-nu-haller-klickjournalistik-pa-att-ta-overhand\\\/\",\"url\":\"https:\\\/\\\/lightweb.dev\\\/l\\\/svm-temp\\\/artiklar\\\/spanien-just-nu-haller-klickjournalistik-pa-att-ta-overhand\\\/\",\"name\":\"Spanien just nu: H\u00e5ller klickjournalistik p\u00e5 att ta \u00f6verhand? - Svenska Magasinet\",\"isPartOf\":{\"@id\":\"https:\\\/\\\/lightweb.dev\\\/l\\\/svm-temp\\\/#website\"},\"primaryImageOfPage\":{\"@id\":\"https:\\\/\\\/lightweb.dev\\\/l\\\/svm-temp\\\/artiklar\\\/spanien-just-nu-haller-klickjournalistik-pa-att-ta-overhand\\\/#primaryimage\"},\"image\":{\"@id\":\"https:\\\/\\\/lightweb.dev\\\/l\\\/svm-temp\\\/artiklar\\\/spanien-just-nu-haller-klickjournalistik-pa-att-ta-overhand\\\/#primaryimage\"},\"thumbnailUrl\":\"https:\\\/\\\/lightweb.dev\\\/l\\\/svm-temp\\\/wp-content\\\/uploads\\\/2022\\\/04\\\/spanien-just-nu-hller-klickjournalistik-p-att-ta-verhand.png\",\"datePublished\":\"2008-02-05T23:00:00+00:00\",\"breadcrumb\":{\"@id\":\"https:\\\/\\\/lightweb.dev\\\/l\\\/svm-temp\\\/artiklar\\\/spanien-just-nu-haller-klickjournalistik-pa-att-ta-overhand\\\/#breadcrumb\"},\"inLanguage\":\"sv-SE\",\"potentialAction\":[{\"@type\":\"ReadAction\",\"target\":[\"https:\\\/\\\/lightweb.dev\\\/l\\\/svm-temp\\\/artiklar\\\/spanien-just-nu-haller-klickjournalistik-pa-att-ta-overhand\\\/\"]}]},{\"@type\":\"ImageObject\",\"inLanguage\":\"sv-SE\",\"@id\":\"https:\\\/\\\/lightweb.dev\\\/l\\\/svm-temp\\\/artiklar\\\/spanien-just-nu-haller-klickjournalistik-pa-att-ta-overhand\\\/#primaryimage\",\"url\":\"https:\\\/\\\/lightweb.dev\\\/l\\\/svm-temp\\\/wp-content\\\/uploads\\\/2022\\\/04\\\/spanien-just-nu-hller-klickjournalistik-p-att-ta-verhand.png\",\"contentUrl\":\"https:\\\/\\\/lightweb.dev\\\/l\\\/svm-temp\\\/wp-content\\\/uploads\\\/2022\\\/04\\\/spanien-just-nu-hller-klickjournalistik-p-att-ta-verhand.png\",\"width\":280,\"height\":354},{\"@type\":\"BreadcrumbList\",\"@id\":\"https:\\\/\\\/lightweb.dev\\\/l\\\/svm-temp\\\/artiklar\\\/spanien-just-nu-haller-klickjournalistik-pa-att-ta-overhand\\\/#breadcrumb\",\"itemListElement\":[{\"@type\":\"ListItem\",\"position\":1,\"name\":\"Hem\",\"item\":\"https:\\\/\\\/lightweb.dev\\\/l\\\/svm-temp\\\/\"},{\"@type\":\"ListItem\",\"position\":2,\"name\":\"Spanien just nu: H\u00e5ller klickjournalistik p\u00e5 att ta \u00f6verhand?\"}]},{\"@type\":\"WebSite\",\"@id\":\"https:\\\/\\\/lightweb.dev\\\/l\\\/svm-temp\\\/#website\",\"url\":\"https:\\\/\\\/lightweb.dev\\\/l\\\/svm-temp\\\/\",\"name\":\"Svenska Magasinet\",\"description\":\"Dina Spanska nyheter p&aring; Svenska\",\"publisher\":{\"@id\":\"https:\\\/\\\/lightweb.dev\\\/l\\\/svm-temp\\\/#organization\"},\"potentialAction\":[{\"@type\":\"SearchAction\",\"target\":{\"@type\":\"EntryPoint\",\"urlTemplate\":\"https:\\\/\\\/lightweb.dev\\\/l\\\/svm-temp\\\/?s={search_term_string}\"},\"query-input\":{\"@type\":\"PropertyValueSpecification\",\"valueRequired\":true,\"valueName\":\"search_term_string\"}}],\"inLanguage\":\"sv-SE\"},{\"@type\":\"Organization\",\"@id\":\"https:\\\/\\\/lightweb.dev\\\/l\\\/svm-temp\\\/#organization\",\"name\":\"Melkerson y Nott SL\",\"alternateName\":\"Svenska Magasinet\",\"url\":\"https:\\\/\\\/lightweb.dev\\\/l\\\/svm-temp\\\/\",\"logo\":{\"@type\":\"ImageObject\",\"inLanguage\":\"sv-SE\",\"@id\":\"https:\\\/\\\/lightweb.dev\\\/l\\\/svm-temp\\\/#\\\/schema\\\/logo\\\/image\\\/\",\"url\":\"https:\\\/\\\/lightweb.dev\\\/l\\\/svm-temp\\\/wp-content\\\/uploads\\\/2025\\\/02\\\/SvM-logo-Xtra-Centrerad-SVART.png\",\"contentUrl\":\"https:\\\/\\\/lightweb.dev\\\/l\\\/svm-temp\\\/wp-content\\\/uploads\\\/2025\\\/02\\\/SvM-logo-Xtra-Centrerad-SVART.png\",\"width\":300,\"height\":99,\"caption\":\"Melkerson y Nott SL\"},\"image\":{\"@id\":\"https:\\\/\\\/lightweb.dev\\\/l\\\/svm-temp\\\/#\\\/schema\\\/logo\\\/image\\\/\"},\"sameAs\":[\"https:\\\/\\\/www.facebook.com\\\/svenskamagasinet\",\"https:\\\/\\\/x.com\\\/SvenskaMagasine\"]},{\"@type\":\"Person\",\"@id\":\"https:\\\/\\\/lightweb.dev\\\/l\\\/svm-temp\\\/#\\\/schema\\\/person\\\/206a3bda5b607b0c25e1749191e4d837\",\"name\":\"Redaktionen SvM\",\"description\":\"Redaktionen\",\"sameAs\":[\"https:\\\/\\\/lightweb.dev\\\/l\\\/svm-temp\"],\"url\":\"https:\\\/\\\/lightweb.dev\\\/l\\\/svm-temp\\\/reporter\\\/redaktionen\\\/\"}]}<\/script>\n<!-- \/ Yoast SEO Premium plugin. -->","yoast_head_json":{"title":"Spanien just nu: H\u00e5ller klickjournalistik p\u00e5 att ta \u00f6verhand? - Svenska Magasinet","robots":{"index":"noindex","follow":"follow","max-snippet":"max-snippet:-1","max-image-preview":"max-image-preview:large","max-video-preview":"max-video-preview:-1"},"og_locale":"sv_SE","og_type":"article","og_title":"Spanien just nu: H\u00e5ller klickjournalistik p\u00e5 att ta \u00f6verhand?","og_description":"Jag b\u00f6rjar sannerligen bli riktigt tr\u00f6tt p\u00e5 all ytlighet inom media. Det st\u00e5r mig upp i halsen. Jag \u00e4r tr\u00f6tt p\u00e5 att l\u00e4sa om vad b-k\u00e4ndisar och c-k\u00e4ndisar har gjort, vad de har uttalat eller inte uttalat sig om, och vem som ligger med vem Av Ola Josefsson Sverige var f\u00f6rst i v\u00e4rlden med en [&hellip;]","og_url":"https:\/\/lightweb.dev\/l\/svm-temp\/artiklar\/spanien-just-nu-haller-klickjournalistik-pa-att-ta-overhand\/","og_site_name":"Svenska Magasinet","article_publisher":"https:\/\/www.facebook.com\/svenskamagasinet","article_published_time":"2008-02-05T23:00:00+00:00","og_image":[{"width":280,"height":354,"url":"https:\/\/lightweb.dev\/l\/svm-temp\/wp-content\/uploads\/2022\/04\/spanien-just-nu-hller-klickjournalistik-p-att-ta-verhand.png","type":"image\/png"}],"author":"Redaktionen SvM","twitter_card":"summary_large_image","twitter_creator":"@SvenskaMagasine","twitter_site":"@SvenskaMagasine","schema":{"@context":"https:\/\/schema.org","@graph":[{"@type":"Article","@id":"https:\/\/lightweb.dev\/l\/svm-temp\/artiklar\/spanien-just-nu-haller-klickjournalistik-pa-att-ta-overhand\/#article","isPartOf":{"@id":"https:\/\/lightweb.dev\/l\/svm-temp\/artiklar\/spanien-just-nu-haller-klickjournalistik-pa-att-ta-overhand\/"},"author":{"name":"Redaktionen SvM","@id":"https:\/\/lightweb.dev\/l\/svm-temp\/#\/schema\/person\/206a3bda5b607b0c25e1749191e4d837"},"headline":"Spanien just nu: H\u00e5ller klickjournalistik p\u00e5 att ta \u00f6verhand?","datePublished":"2008-02-05T23:00:00+00:00","mainEntityOfPage":{"@id":"https:\/\/lightweb.dev\/l\/svm-temp\/artiklar\/spanien-just-nu-haller-klickjournalistik-pa-att-ta-overhand\/"},"wordCount":658,"commentCount":0,"publisher":{"@id":"https:\/\/lightweb.dev\/l\/svm-temp\/#organization"},"image":{"@id":"https:\/\/lightweb.dev\/l\/svm-temp\/artiklar\/spanien-just-nu-haller-klickjournalistik-pa-att-ta-overhand\/#primaryimage"},"thumbnailUrl":"https:\/\/lightweb.dev\/l\/svm-temp\/wp-content\/uploads\/2022\/04\/spanien-just-nu-hller-klickjournalistik-p-att-ta-verhand.png","articleSection":["Artiklar","Spanien just nu"],"inLanguage":"sv-SE"},{"@type":"WebPage","@id":"https:\/\/lightweb.dev\/l\/svm-temp\/artiklar\/spanien-just-nu-haller-klickjournalistik-pa-att-ta-overhand\/","url":"https:\/\/lightweb.dev\/l\/svm-temp\/artiklar\/spanien-just-nu-haller-klickjournalistik-pa-att-ta-overhand\/","name":"Spanien just nu: H\u00e5ller klickjournalistik p\u00e5 att ta \u00f6verhand? - Svenska Magasinet","isPartOf":{"@id":"https:\/\/lightweb.dev\/l\/svm-temp\/#website"},"primaryImageOfPage":{"@id":"https:\/\/lightweb.dev\/l\/svm-temp\/artiklar\/spanien-just-nu-haller-klickjournalistik-pa-att-ta-overhand\/#primaryimage"},"image":{"@id":"https:\/\/lightweb.dev\/l\/svm-temp\/artiklar\/spanien-just-nu-haller-klickjournalistik-pa-att-ta-overhand\/#primaryimage"},"thumbnailUrl":"https:\/\/lightweb.dev\/l\/svm-temp\/wp-content\/uploads\/2022\/04\/spanien-just-nu-hller-klickjournalistik-p-att-ta-verhand.png","datePublished":"2008-02-05T23:00:00+00:00","breadcrumb":{"@id":"https:\/\/lightweb.dev\/l\/svm-temp\/artiklar\/spanien-just-nu-haller-klickjournalistik-pa-att-ta-overhand\/#breadcrumb"},"inLanguage":"sv-SE","potentialAction":[{"@type":"ReadAction","target":["https:\/\/lightweb.dev\/l\/svm-temp\/artiklar\/spanien-just-nu-haller-klickjournalistik-pa-att-ta-overhand\/"]}]},{"@type":"ImageObject","inLanguage":"sv-SE","@id":"https:\/\/lightweb.dev\/l\/svm-temp\/artiklar\/spanien-just-nu-haller-klickjournalistik-pa-att-ta-overhand\/#primaryimage","url":"https:\/\/lightweb.dev\/l\/svm-temp\/wp-content\/uploads\/2022\/04\/spanien-just-nu-hller-klickjournalistik-p-att-ta-verhand.png","contentUrl":"https:\/\/lightweb.dev\/l\/svm-temp\/wp-content\/uploads\/2022\/04\/spanien-just-nu-hller-klickjournalistik-p-att-ta-verhand.png","width":280,"height":354},{"@type":"BreadcrumbList","@id":"https:\/\/lightweb.dev\/l\/svm-temp\/artiklar\/spanien-just-nu-haller-klickjournalistik-pa-att-ta-overhand\/#breadcrumb","itemListElement":[{"@type":"ListItem","position":1,"name":"Hem","item":"https:\/\/lightweb.dev\/l\/svm-temp\/"},{"@type":"ListItem","position":2,"name":"Spanien just nu: H\u00e5ller klickjournalistik p\u00e5 att ta \u00f6verhand?"}]},{"@type":"WebSite","@id":"https:\/\/lightweb.dev\/l\/svm-temp\/#website","url":"https:\/\/lightweb.dev\/l\/svm-temp\/","name":"Svenska Magasinet","description":"Dina Spanska nyheter p&aring; Svenska","publisher":{"@id":"https:\/\/lightweb.dev\/l\/svm-temp\/#organization"},"potentialAction":[{"@type":"SearchAction","target":{"@type":"EntryPoint","urlTemplate":"https:\/\/lightweb.dev\/l\/svm-temp\/?s={search_term_string}"},"query-input":{"@type":"PropertyValueSpecification","valueRequired":true,"valueName":"search_term_string"}}],"inLanguage":"sv-SE"},{"@type":"Organization","@id":"https:\/\/lightweb.dev\/l\/svm-temp\/#organization","name":"Melkerson y Nott SL","alternateName":"Svenska Magasinet","url":"https:\/\/lightweb.dev\/l\/svm-temp\/","logo":{"@type":"ImageObject","inLanguage":"sv-SE","@id":"https:\/\/lightweb.dev\/l\/svm-temp\/#\/schema\/logo\/image\/","url":"https:\/\/lightweb.dev\/l\/svm-temp\/wp-content\/uploads\/2025\/02\/SvM-logo-Xtra-Centrerad-SVART.png","contentUrl":"https:\/\/lightweb.dev\/l\/svm-temp\/wp-content\/uploads\/2025\/02\/SvM-logo-Xtra-Centrerad-SVART.png","width":300,"height":99,"caption":"Melkerson y Nott SL"},"image":{"@id":"https:\/\/lightweb.dev\/l\/svm-temp\/#\/schema\/logo\/image\/"},"sameAs":["https:\/\/www.facebook.com\/svenskamagasinet","https:\/\/x.com\/SvenskaMagasine"]},{"@type":"Person","@id":"https:\/\/lightweb.dev\/l\/svm-temp\/#\/schema\/person\/206a3bda5b607b0c25e1749191e4d837","name":"Redaktionen SvM","description":"Redaktionen","sameAs":["https:\/\/lightweb.dev\/l\/svm-temp"],"url":"https:\/\/lightweb.dev\/l\/svm-temp\/reporter\/redaktionen\/"}]}},"_links":{"self":[{"href":"https:\/\/lightweb.dev\/l\/svm-temp\/wp-json\/wp\/v2\/posts\/2324","targetHints":{"allow":["GET"]}}],"collection":[{"href":"https:\/\/lightweb.dev\/l\/svm-temp\/wp-json\/wp\/v2\/posts"}],"about":[{"href":"https:\/\/lightweb.dev\/l\/svm-temp\/wp-json\/wp\/v2\/types\/post"}],"author":[{"embeddable":true,"href":"https:\/\/lightweb.dev\/l\/svm-temp\/wp-json\/wp\/v2\/users\/8"}],"replies":[{"embeddable":true,"href":"https:\/\/lightweb.dev\/l\/svm-temp\/wp-json\/wp\/v2\/comments?post=2324"}],"version-history":[{"count":0,"href":"https:\/\/lightweb.dev\/l\/svm-temp\/wp-json\/wp\/v2\/posts\/2324\/revisions"}],"wp:featuredmedia":[{"embeddable":true,"href":"https:\/\/lightweb.dev\/l\/svm-temp\/wp-json\/wp\/v2\/media\/2325"}],"wp:attachment":[{"href":"https:\/\/lightweb.dev\/l\/svm-temp\/wp-json\/wp\/v2\/media?parent=2324"}],"wp:term":[{"taxonomy":"category","embeddable":true,"href":"https:\/\/lightweb.dev\/l\/svm-temp\/wp-json\/wp\/v2\/categories?post=2324"},{"taxonomy":"post_tag","embeddable":true,"href":"https:\/\/lightweb.dev\/l\/svm-temp\/wp-json\/wp\/v2\/tags?post=2324"}],"curies":[{"name":"wp","href":"https:\/\/api.w.org\/{rel}","templated":true}]}}