{"id":23245,"date":"2015-11-11T00:00:00","date_gmt":"2015-11-10T23:00:00","guid":{"rendered":"https:\/\/lightweb.dev\/l\/svm-temp\/nyheter\/70-procent-av-typ-2-diabetes-kan-forebyggas-med-ratt-kost-och-motion\/"},"modified":"2015-11-11T00:00:00","modified_gmt":"2015-11-10T23:00:00","slug":"70-procent-av-typ-2-diabetes-kan-forebyggas-med-ratt-kost-och-motion","status":"publish","type":"post","link":"https:\/\/lightweb.dev\/l\/svm-temp\/nyheter\/70-procent-av-typ-2-diabetes-kan-forebyggas-med-ratt-kost-och-motion\/","title":{"rendered":"70 procent av typ 2-diabetes kan f\u00f6rebyggas med r\u00e4tt kost och motion"},"content":{"rendered":"<p> \u00d6ver 180.000 personer i provinsen M\u00e1laga lider av en metabolisk st\u00f6rning orsakad av \u00f6vervikt och fysisk inaktivitet. Diabetes typ 2 blir ett allt vanligare problem hos befolkningen. 70 procent av dessa diabetesfall skulle kunna f\u00f6rebyggas med h\u00e4lsosam kost och motion visar en f\u00e4rsk rapport fr\u00e5n Sociedad Espa\u00f1ola de Diabetes.<\/p>\n<p>180.000 personer i provinsen M\u00e1laga har n\u00e5gon form av diabetes. 90 procent har diabetes typ 2 medan tio procent har typ 1 som kr\u00e4ver insulin enligt presidenten vid Adima, Jos\u00e9 S\u00e1nchez Caro (Asociaci\u00f3n de Diab\u00e9ticos de M\u00e1laga).<\/p>\n<p>\u201dUnder de senaste 25 \u00e5ren har det skett en klar f\u00f6rb\u00e4ttring av diabetesbehandlingen, speciellt egenv\u00e5rden bland patienter och deras anh\u00f6riga\u201d s\u00e4ger Jos\u00e9 S\u00e1nchez Caro till dagstidningen Diario SUR.<\/p>\n<p>Diabetes typ 2 \u00e4r relaterad till d\u00e5lig kost och alltf\u00f6r mycket stillasittande vilket orsakar fetma och diabetes som \u00e4ven \u00f6kar bland unga m\u00e4nniskor. Enligt spanska Diabetess\u00e4llskapet har 47,8 procent av den vuxna befolkningen och 30,8 procent av barnen mellan 2 och 17 en oh\u00e4lsosam \u00f6vervikt.<\/p>\n<p>P\u00e5 l\u00f6rdag den 14 november \u00e4r det V\u00e4rldsdiabetesdagen. <\/p>\n","protected":false},"excerpt":{"rendered":"<p>\u00d6ver 180.000 personer i provinsen M\u00e1laga lider av en metabolisk st\u00f6rning orsakad av \u00f6vervikt och fysisk inaktivitet. Diabetes typ 2 blir ett allt vanligare problem hos befolkningen. 70 procent av dessa diabetesfall skulle kunna f\u00f6rebyggas med h\u00e4lsosam kost och motion visar en f\u00e4rsk rapport fr\u00e5n Sociedad Espa\u00f1ola de Diabetes. 180.000 personer i provinsen M\u00e1laga har [&hellip;]<\/p>\n","protected":false},"author":8,"featured_media":23246,"comment_status":"open","ping_status":"open","sticky":false,"template":"","format":"standard","meta":{"_et_pb_use_builder":"","_et_pb_old_content":"","_et_gb_content_width":"","footnotes":""},"categories":[395,3],"tags":[],"class_list":["post-23245","post","type-post","status-publish","format-standard","has-post-thumbnail","hentry","category-arkiv-nyheter","category-nyheter"],"yoast_head":"<!-- This site is optimized with the Yoast SEO Premium plugin v26.2 (Yoast SEO v27.4) - https:\/\/yoast.com\/product\/yoast-seo-premium-wordpress\/ -->\n<title>70 procent av typ 2-diabetes kan f\u00f6rebyggas med r\u00e4tt kost och motion - Svenska Magasinet<\/title>\n<meta name=\"robots\" content=\"noindex, follow, max-snippet:-1, max-image-preview:large, max-video-preview:-1\" \/>\n<meta property=\"og:locale\" content=\"sv_SE\" \/>\n<meta property=\"og:type\" content=\"article\" \/>\n<meta property=\"og:title\" content=\"70 procent av typ 2-diabetes kan f\u00f6rebyggas med r\u00e4tt kost och motion\" \/>\n<meta property=\"og:description\" content=\"\u00d6ver 180.000 personer i provinsen M\u00e1laga lider av en metabolisk st\u00f6rning orsakad av \u00f6vervikt och fysisk inaktivitet. Diabetes typ 2 blir ett allt vanligare problem hos befolkningen. 70 procent av dessa diabetesfall skulle kunna f\u00f6rebyggas med h\u00e4lsosam kost och motion visar en f\u00e4rsk rapport fr\u00e5n Sociedad Espa\u00f1ola de Diabetes. 180.000 personer i provinsen M\u00e1laga har [&hellip;]\" \/>\n<meta property=\"og:url\" content=\"https:\/\/lightweb.dev\/l\/svm-temp\/nyheter\/70-procent-av-typ-2-diabetes-kan-forebyggas-med-ratt-kost-och-motion\/\" \/>\n<meta property=\"og:site_name\" content=\"Svenska Magasinet\" \/>\n<meta property=\"article:publisher\" content=\"https:\/\/www.facebook.com\/svenskamagasinet\" \/>\n<meta property=\"article:published_time\" content=\"2015-11-10T23:00:00+00:00\" \/>\n<meta property=\"og:image\" content=\"https:\/\/lightweb.dev\/l\/svm-temp\/wp-content\/uploads\/2022\/06\/70-procent-av-typ-2diabetes-kan-forebyggas-med-ratt-kost-och-motion.png\" \/>\n\t<meta property=\"og:image:width\" content=\"280\" \/>\n\t<meta property=\"og:image:height\" content=\"210\" \/>\n\t<meta property=\"og:image:type\" content=\"image\/png\" \/>\n<meta name=\"author\" content=\"Redaktionen SvM\" \/>\n<meta name=\"twitter:card\" content=\"summary_large_image\" \/>\n<meta name=\"twitter:creator\" content=\"@SvenskaMagasine\" \/>\n<meta name=\"twitter:site\" content=\"@SvenskaMagasine\" \/>\n<script type=\"application\/ld+json\" class=\"yoast-schema-graph\">{\"@context\":\"https:\\\/\\\/schema.org\",\"@graph\":[{\"@type\":\"Article\",\"@id\":\"https:\\\/\\\/lightweb.dev\\\/l\\\/svm-temp\\\/nyheter\\\/70-procent-av-typ-2-diabetes-kan-forebyggas-med-ratt-kost-och-motion\\\/#article\",\"isPartOf\":{\"@id\":\"https:\\\/\\\/lightweb.dev\\\/l\\\/svm-temp\\\/nyheter\\\/70-procent-av-typ-2-diabetes-kan-forebyggas-med-ratt-kost-och-motion\\\/\"},\"author\":{\"name\":\"Redaktionen SvM\",\"@id\":\"https:\\\/\\\/lightweb.dev\\\/l\\\/svm-temp\\\/#\\\/schema\\\/person\\\/206a3bda5b607b0c25e1749191e4d837\"},\"headline\":\"70 procent av typ 2-diabetes kan f\u00f6rebyggas med r\u00e4tt kost och motion\",\"datePublished\":\"2015-11-10T23:00:00+00:00\",\"mainEntityOfPage\":{\"@id\":\"https:\\\/\\\/lightweb.dev\\\/l\\\/svm-temp\\\/nyheter\\\/70-procent-av-typ-2-diabetes-kan-forebyggas-med-ratt-kost-och-motion\\\/\"},\"wordCount\":193,\"commentCount\":0,\"publisher\":{\"@id\":\"https:\\\/\\\/lightweb.dev\\\/l\\\/svm-temp\\\/#organization\"},\"image\":{\"@id\":\"https:\\\/\\\/lightweb.dev\\\/l\\\/svm-temp\\\/nyheter\\\/70-procent-av-typ-2-diabetes-kan-forebyggas-med-ratt-kost-och-motion\\\/#primaryimage\"},\"thumbnailUrl\":\"https:\\\/\\\/lightweb.dev\\\/l\\\/svm-temp\\\/wp-content\\\/uploads\\\/2022\\\/06\\\/70-procent-av-typ-2diabetes-kan-forebyggas-med-ratt-kost-och-motion.png\",\"articleSection\":[\"Arkiv\",\"Nyheter\"],\"inLanguage\":\"sv-SE\"},{\"@type\":\"WebPage\",\"@id\":\"https:\\\/\\\/lightweb.dev\\\/l\\\/svm-temp\\\/nyheter\\\/70-procent-av-typ-2-diabetes-kan-forebyggas-med-ratt-kost-och-motion\\\/\",\"url\":\"https:\\\/\\\/lightweb.dev\\\/l\\\/svm-temp\\\/nyheter\\\/70-procent-av-typ-2-diabetes-kan-forebyggas-med-ratt-kost-och-motion\\\/\",\"name\":\"70 procent av typ 2-diabetes kan f\u00f6rebyggas med r\u00e4tt kost och motion - Svenska Magasinet\",\"isPartOf\":{\"@id\":\"https:\\\/\\\/lightweb.dev\\\/l\\\/svm-temp\\\/#website\"},\"primaryImageOfPage\":{\"@id\":\"https:\\\/\\\/lightweb.dev\\\/l\\\/svm-temp\\\/nyheter\\\/70-procent-av-typ-2-diabetes-kan-forebyggas-med-ratt-kost-och-motion\\\/#primaryimage\"},\"image\":{\"@id\":\"https:\\\/\\\/lightweb.dev\\\/l\\\/svm-temp\\\/nyheter\\\/70-procent-av-typ-2-diabetes-kan-forebyggas-med-ratt-kost-och-motion\\\/#primaryimage\"},\"thumbnailUrl\":\"https:\\\/\\\/lightweb.dev\\\/l\\\/svm-temp\\\/wp-content\\\/uploads\\\/2022\\\/06\\\/70-procent-av-typ-2diabetes-kan-forebyggas-med-ratt-kost-och-motion.png\",\"datePublished\":\"2015-11-10T23:00:00+00:00\",\"breadcrumb\":{\"@id\":\"https:\\\/\\\/lightweb.dev\\\/l\\\/svm-temp\\\/nyheter\\\/70-procent-av-typ-2-diabetes-kan-forebyggas-med-ratt-kost-och-motion\\\/#breadcrumb\"},\"inLanguage\":\"sv-SE\",\"potentialAction\":[{\"@type\":\"ReadAction\",\"target\":[\"https:\\\/\\\/lightweb.dev\\\/l\\\/svm-temp\\\/nyheter\\\/70-procent-av-typ-2-diabetes-kan-forebyggas-med-ratt-kost-och-motion\\\/\"]}]},{\"@type\":\"ImageObject\",\"inLanguage\":\"sv-SE\",\"@id\":\"https:\\\/\\\/lightweb.dev\\\/l\\\/svm-temp\\\/nyheter\\\/70-procent-av-typ-2-diabetes-kan-forebyggas-med-ratt-kost-och-motion\\\/#primaryimage\",\"url\":\"https:\\\/\\\/lightweb.dev\\\/l\\\/svm-temp\\\/wp-content\\\/uploads\\\/2022\\\/06\\\/70-procent-av-typ-2diabetes-kan-forebyggas-med-ratt-kost-och-motion.png\",\"contentUrl\":\"https:\\\/\\\/lightweb.dev\\\/l\\\/svm-temp\\\/wp-content\\\/uploads\\\/2022\\\/06\\\/70-procent-av-typ-2diabetes-kan-forebyggas-med-ratt-kost-och-motion.png\",\"width\":280,\"height\":210},{\"@type\":\"BreadcrumbList\",\"@id\":\"https:\\\/\\\/lightweb.dev\\\/l\\\/svm-temp\\\/nyheter\\\/70-procent-av-typ-2-diabetes-kan-forebyggas-med-ratt-kost-och-motion\\\/#breadcrumb\",\"itemListElement\":[{\"@type\":\"ListItem\",\"position\":1,\"name\":\"Hem\",\"item\":\"https:\\\/\\\/lightweb.dev\\\/l\\\/svm-temp\\\/\"},{\"@type\":\"ListItem\",\"position\":2,\"name\":\"70 procent av typ 2-diabetes kan f\u00f6rebyggas med r\u00e4tt kost och motion\"}]},{\"@type\":\"WebSite\",\"@id\":\"https:\\\/\\\/lightweb.dev\\\/l\\\/svm-temp\\\/#website\",\"url\":\"https:\\\/\\\/lightweb.dev\\\/l\\\/svm-temp\\\/\",\"name\":\"Svenska Magasinet\",\"description\":\"Dina Spanska nyheter p&aring; Svenska\",\"publisher\":{\"@id\":\"https:\\\/\\\/lightweb.dev\\\/l\\\/svm-temp\\\/#organization\"},\"potentialAction\":[{\"@type\":\"SearchAction\",\"target\":{\"@type\":\"EntryPoint\",\"urlTemplate\":\"https:\\\/\\\/lightweb.dev\\\/l\\\/svm-temp\\\/?s={search_term_string}\"},\"query-input\":{\"@type\":\"PropertyValueSpecification\",\"valueRequired\":true,\"valueName\":\"search_term_string\"}}],\"inLanguage\":\"sv-SE\"},{\"@type\":\"Organization\",\"@id\":\"https:\\\/\\\/lightweb.dev\\\/l\\\/svm-temp\\\/#organization\",\"name\":\"Melkerson y Nott SL\",\"alternateName\":\"Svenska Magasinet\",\"url\":\"https:\\\/\\\/lightweb.dev\\\/l\\\/svm-temp\\\/\",\"logo\":{\"@type\":\"ImageObject\",\"inLanguage\":\"sv-SE\",\"@id\":\"https:\\\/\\\/lightweb.dev\\\/l\\\/svm-temp\\\/#\\\/schema\\\/logo\\\/image\\\/\",\"url\":\"https:\\\/\\\/lightweb.dev\\\/l\\\/svm-temp\\\/wp-content\\\/uploads\\\/2025\\\/02\\\/SvM-logo-Xtra-Centrerad-SVART.png\",\"contentUrl\":\"https:\\\/\\\/lightweb.dev\\\/l\\\/svm-temp\\\/wp-content\\\/uploads\\\/2025\\\/02\\\/SvM-logo-Xtra-Centrerad-SVART.png\",\"width\":300,\"height\":99,\"caption\":\"Melkerson y Nott SL\"},\"image\":{\"@id\":\"https:\\\/\\\/lightweb.dev\\\/l\\\/svm-temp\\\/#\\\/schema\\\/logo\\\/image\\\/\"},\"sameAs\":[\"https:\\\/\\\/www.facebook.com\\\/svenskamagasinet\",\"https:\\\/\\\/x.com\\\/SvenskaMagasine\"]},{\"@type\":\"Person\",\"@id\":\"https:\\\/\\\/lightweb.dev\\\/l\\\/svm-temp\\\/#\\\/schema\\\/person\\\/206a3bda5b607b0c25e1749191e4d837\",\"name\":\"Redaktionen SvM\",\"description\":\"Redaktionen\",\"sameAs\":[\"https:\\\/\\\/lightweb.dev\\\/l\\\/svm-temp\"],\"url\":\"https:\\\/\\\/lightweb.dev\\\/l\\\/svm-temp\\\/reporter\\\/redaktionen\\\/\"}]}<\/script>\n<!-- \/ Yoast SEO Premium plugin. -->","yoast_head_json":{"title":"70 procent av typ 2-diabetes kan f\u00f6rebyggas med r\u00e4tt kost och motion - Svenska Magasinet","robots":{"index":"noindex","follow":"follow","max-snippet":"max-snippet:-1","max-image-preview":"max-image-preview:large","max-video-preview":"max-video-preview:-1"},"og_locale":"sv_SE","og_type":"article","og_title":"70 procent av typ 2-diabetes kan f\u00f6rebyggas med r\u00e4tt kost och motion","og_description":"\u00d6ver 180.000 personer i provinsen M\u00e1laga lider av en metabolisk st\u00f6rning orsakad av \u00f6vervikt och fysisk inaktivitet. Diabetes typ 2 blir ett allt vanligare problem hos befolkningen. 70 procent av dessa diabetesfall skulle kunna f\u00f6rebyggas med h\u00e4lsosam kost och motion visar en f\u00e4rsk rapport fr\u00e5n Sociedad Espa\u00f1ola de Diabetes. 180.000 personer i provinsen M\u00e1laga har [&hellip;]","og_url":"https:\/\/lightweb.dev\/l\/svm-temp\/nyheter\/70-procent-av-typ-2-diabetes-kan-forebyggas-med-ratt-kost-och-motion\/","og_site_name":"Svenska Magasinet","article_publisher":"https:\/\/www.facebook.com\/svenskamagasinet","article_published_time":"2015-11-10T23:00:00+00:00","og_image":[{"width":280,"height":210,"url":"https:\/\/lightweb.dev\/l\/svm-temp\/wp-content\/uploads\/2022\/06\/70-procent-av-typ-2diabetes-kan-forebyggas-med-ratt-kost-och-motion.png","type":"image\/png"}],"author":"Redaktionen SvM","twitter_card":"summary_large_image","twitter_creator":"@SvenskaMagasine","twitter_site":"@SvenskaMagasine","schema":{"@context":"https:\/\/schema.org","@graph":[{"@type":"Article","@id":"https:\/\/lightweb.dev\/l\/svm-temp\/nyheter\/70-procent-av-typ-2-diabetes-kan-forebyggas-med-ratt-kost-och-motion\/#article","isPartOf":{"@id":"https:\/\/lightweb.dev\/l\/svm-temp\/nyheter\/70-procent-av-typ-2-diabetes-kan-forebyggas-med-ratt-kost-och-motion\/"},"author":{"name":"Redaktionen SvM","@id":"https:\/\/lightweb.dev\/l\/svm-temp\/#\/schema\/person\/206a3bda5b607b0c25e1749191e4d837"},"headline":"70 procent av typ 2-diabetes kan f\u00f6rebyggas med r\u00e4tt kost och motion","datePublished":"2015-11-10T23:00:00+00:00","mainEntityOfPage":{"@id":"https:\/\/lightweb.dev\/l\/svm-temp\/nyheter\/70-procent-av-typ-2-diabetes-kan-forebyggas-med-ratt-kost-och-motion\/"},"wordCount":193,"commentCount":0,"publisher":{"@id":"https:\/\/lightweb.dev\/l\/svm-temp\/#organization"},"image":{"@id":"https:\/\/lightweb.dev\/l\/svm-temp\/nyheter\/70-procent-av-typ-2-diabetes-kan-forebyggas-med-ratt-kost-och-motion\/#primaryimage"},"thumbnailUrl":"https:\/\/lightweb.dev\/l\/svm-temp\/wp-content\/uploads\/2022\/06\/70-procent-av-typ-2diabetes-kan-forebyggas-med-ratt-kost-och-motion.png","articleSection":["Arkiv","Nyheter"],"inLanguage":"sv-SE"},{"@type":"WebPage","@id":"https:\/\/lightweb.dev\/l\/svm-temp\/nyheter\/70-procent-av-typ-2-diabetes-kan-forebyggas-med-ratt-kost-och-motion\/","url":"https:\/\/lightweb.dev\/l\/svm-temp\/nyheter\/70-procent-av-typ-2-diabetes-kan-forebyggas-med-ratt-kost-och-motion\/","name":"70 procent av typ 2-diabetes kan f\u00f6rebyggas med r\u00e4tt kost och motion - Svenska Magasinet","isPartOf":{"@id":"https:\/\/lightweb.dev\/l\/svm-temp\/#website"},"primaryImageOfPage":{"@id":"https:\/\/lightweb.dev\/l\/svm-temp\/nyheter\/70-procent-av-typ-2-diabetes-kan-forebyggas-med-ratt-kost-och-motion\/#primaryimage"},"image":{"@id":"https:\/\/lightweb.dev\/l\/svm-temp\/nyheter\/70-procent-av-typ-2-diabetes-kan-forebyggas-med-ratt-kost-och-motion\/#primaryimage"},"thumbnailUrl":"https:\/\/lightweb.dev\/l\/svm-temp\/wp-content\/uploads\/2022\/06\/70-procent-av-typ-2diabetes-kan-forebyggas-med-ratt-kost-och-motion.png","datePublished":"2015-11-10T23:00:00+00:00","breadcrumb":{"@id":"https:\/\/lightweb.dev\/l\/svm-temp\/nyheter\/70-procent-av-typ-2-diabetes-kan-forebyggas-med-ratt-kost-och-motion\/#breadcrumb"},"inLanguage":"sv-SE","potentialAction":[{"@type":"ReadAction","target":["https:\/\/lightweb.dev\/l\/svm-temp\/nyheter\/70-procent-av-typ-2-diabetes-kan-forebyggas-med-ratt-kost-och-motion\/"]}]},{"@type":"ImageObject","inLanguage":"sv-SE","@id":"https:\/\/lightweb.dev\/l\/svm-temp\/nyheter\/70-procent-av-typ-2-diabetes-kan-forebyggas-med-ratt-kost-och-motion\/#primaryimage","url":"https:\/\/lightweb.dev\/l\/svm-temp\/wp-content\/uploads\/2022\/06\/70-procent-av-typ-2diabetes-kan-forebyggas-med-ratt-kost-och-motion.png","contentUrl":"https:\/\/lightweb.dev\/l\/svm-temp\/wp-content\/uploads\/2022\/06\/70-procent-av-typ-2diabetes-kan-forebyggas-med-ratt-kost-och-motion.png","width":280,"height":210},{"@type":"BreadcrumbList","@id":"https:\/\/lightweb.dev\/l\/svm-temp\/nyheter\/70-procent-av-typ-2-diabetes-kan-forebyggas-med-ratt-kost-och-motion\/#breadcrumb","itemListElement":[{"@type":"ListItem","position":1,"name":"Hem","item":"https:\/\/lightweb.dev\/l\/svm-temp\/"},{"@type":"ListItem","position":2,"name":"70 procent av typ 2-diabetes kan f\u00f6rebyggas med r\u00e4tt kost och motion"}]},{"@type":"WebSite","@id":"https:\/\/lightweb.dev\/l\/svm-temp\/#website","url":"https:\/\/lightweb.dev\/l\/svm-temp\/","name":"Svenska Magasinet","description":"Dina Spanska nyheter p&aring; Svenska","publisher":{"@id":"https:\/\/lightweb.dev\/l\/svm-temp\/#organization"},"potentialAction":[{"@type":"SearchAction","target":{"@type":"EntryPoint","urlTemplate":"https:\/\/lightweb.dev\/l\/svm-temp\/?s={search_term_string}"},"query-input":{"@type":"PropertyValueSpecification","valueRequired":true,"valueName":"search_term_string"}}],"inLanguage":"sv-SE"},{"@type":"Organization","@id":"https:\/\/lightweb.dev\/l\/svm-temp\/#organization","name":"Melkerson y Nott SL","alternateName":"Svenska Magasinet","url":"https:\/\/lightweb.dev\/l\/svm-temp\/","logo":{"@type":"ImageObject","inLanguage":"sv-SE","@id":"https:\/\/lightweb.dev\/l\/svm-temp\/#\/schema\/logo\/image\/","url":"https:\/\/lightweb.dev\/l\/svm-temp\/wp-content\/uploads\/2025\/02\/SvM-logo-Xtra-Centrerad-SVART.png","contentUrl":"https:\/\/lightweb.dev\/l\/svm-temp\/wp-content\/uploads\/2025\/02\/SvM-logo-Xtra-Centrerad-SVART.png","width":300,"height":99,"caption":"Melkerson y Nott SL"},"image":{"@id":"https:\/\/lightweb.dev\/l\/svm-temp\/#\/schema\/logo\/image\/"},"sameAs":["https:\/\/www.facebook.com\/svenskamagasinet","https:\/\/x.com\/SvenskaMagasine"]},{"@type":"Person","@id":"https:\/\/lightweb.dev\/l\/svm-temp\/#\/schema\/person\/206a3bda5b607b0c25e1749191e4d837","name":"Redaktionen SvM","description":"Redaktionen","sameAs":["https:\/\/lightweb.dev\/l\/svm-temp"],"url":"https:\/\/lightweb.dev\/l\/svm-temp\/reporter\/redaktionen\/"}]}},"_links":{"self":[{"href":"https:\/\/lightweb.dev\/l\/svm-temp\/wp-json\/wp\/v2\/posts\/23245","targetHints":{"allow":["GET"]}}],"collection":[{"href":"https:\/\/lightweb.dev\/l\/svm-temp\/wp-json\/wp\/v2\/posts"}],"about":[{"href":"https:\/\/lightweb.dev\/l\/svm-temp\/wp-json\/wp\/v2\/types\/post"}],"author":[{"embeddable":true,"href":"https:\/\/lightweb.dev\/l\/svm-temp\/wp-json\/wp\/v2\/users\/8"}],"replies":[{"embeddable":true,"href":"https:\/\/lightweb.dev\/l\/svm-temp\/wp-json\/wp\/v2\/comments?post=23245"}],"version-history":[{"count":0,"href":"https:\/\/lightweb.dev\/l\/svm-temp\/wp-json\/wp\/v2\/posts\/23245\/revisions"}],"wp:featuredmedia":[{"embeddable":true,"href":"https:\/\/lightweb.dev\/l\/svm-temp\/wp-json\/wp\/v2\/media\/23246"}],"wp:attachment":[{"href":"https:\/\/lightweb.dev\/l\/svm-temp\/wp-json\/wp\/v2\/media?parent=23245"}],"wp:term":[{"taxonomy":"category","embeddable":true,"href":"https:\/\/lightweb.dev\/l\/svm-temp\/wp-json\/wp\/v2\/categories?post=23245"},{"taxonomy":"post_tag","embeddable":true,"href":"https:\/\/lightweb.dev\/l\/svm-temp\/wp-json\/wp\/v2\/tags?post=23245"}],"curies":[{"name":"wp","href":"https:\/\/api.w.org\/{rel}","templated":true}]}}