{"id":23257,"date":"2015-11-10T00:00:00","date_gmt":"2015-11-09T23:00:00","guid":{"rendered":"https:\/\/lightweb.dev\/l\/svm-temp\/nyheter\/sommarvarme-i-spanien-fortsatter-tio-dagar-till\/"},"modified":"2015-11-10T00:00:00","modified_gmt":"2015-11-09T23:00:00","slug":"sommarvarme-i-spanien-fortsatter-tio-dagar-till","status":"publish","type":"post","link":"https:\/\/lightweb.dev\/l\/svm-temp\/nyheter\/sommarvarme-i-spanien-fortsatter-tio-dagar-till\/","title":{"rendered":"Sommarv\u00e4rme i Spanien \u2013 forts\u00e4tter tio dagar till"},"content":{"rendered":"<p> \u201dBrittsommar\u201d eller \u201dveranillo de San Mart\u00edn\u201d som spanjorerna s\u00e4ger har gett h\u00f6ga temperaturer i Santander (30\u00ba) medan Bilbao (27,7\u00ba) och San Sebasti\u00e1n (25,6\u00ba) ocks\u00e5 registrerar toppnoteringar.<\/p>\n<p>H\u00f6sten kom tidigt i norra Spanien med omfattande regnov\u00e4der. D\u00e4refter har v\u00e4dret sv\u00e4ngt totalt. Ov\u00e4dret har varit stabilt under en vecka och ingen nederb\u00f6rd har fallit. I st\u00e4llet har h\u00f6gsta dagstemperaturen n\u00e4rmat sig 30-strecket.<\/p>\n<p>\u00c4ven p\u00e5 Solkusten och Costa Tropical \u00e4r det varmare \u00e4n normalt. Genomsnittstemperaturen n\u00e4r det g\u00e4ller h\u00f6gsta dagstemperatur brukar ligga p\u00e5 20 grader s\u00e5 h\u00e4r \u00e5rs, nu ligger den p\u00e5 23 grader enligt v\u00e4derlekstj\u00e4nsten Centro Meteorol\u00f3gico de Aemet i M\u00e1laga.<\/p>\n<p>P\u00e5 Solkusten \u00e4r inte \u00e5rets november den varmaste hittills. Tidigare har det rapporterats om temperaturer p\u00e5 30,4 grader. P\u00e5 m\u00e5ndagen var det 24 grader i V\u00e9lez och Rinc\u00f3n de la Victoria och 23 i M\u00e1laga och Ronda.<\/p>\n<p>V\u00e4derlekstj\u00e4nsten Aemet f\u00f6rutsp\u00e5r att det vackra v\u00e4dret kommer att h\u00e5lla i sig tio dagar till. N\u00e5got regn finns inte i sikte. <\/p>\n","protected":false},"excerpt":{"rendered":"<p>\u201dBrittsommar\u201d eller \u201dveranillo de San Mart\u00edn\u201d som spanjorerna s\u00e4ger har gett h\u00f6ga temperaturer i Santander (30\u00ba) medan Bilbao (27,7\u00ba) och San Sebasti\u00e1n (25,6\u00ba) ocks\u00e5 registrerar toppnoteringar. H\u00f6sten kom tidigt i norra Spanien med omfattande regnov\u00e4der. D\u00e4refter har v\u00e4dret sv\u00e4ngt totalt. Ov\u00e4dret har varit stabilt under en vecka och ingen nederb\u00f6rd har fallit. I st\u00e4llet har [&hellip;]<\/p>\n","protected":false},"author":8,"featured_media":23258,"comment_status":"open","ping_status":"open","sticky":false,"template":"","format":"standard","meta":{"_et_pb_use_builder":"","_et_pb_old_content":"","_et_gb_content_width":"","footnotes":""},"categories":[395,3],"tags":[],"class_list":["post-23257","post","type-post","status-publish","format-standard","has-post-thumbnail","hentry","category-arkiv-nyheter","category-nyheter"],"yoast_head":"<!-- This site is optimized with the Yoast SEO Premium plugin v26.2 (Yoast SEO v27.4) - https:\/\/yoast.com\/product\/yoast-seo-premium-wordpress\/ -->\n<title>Sommarv\u00e4rme i Spanien \u2013 forts\u00e4tter tio dagar till - Svenska Magasinet<\/title>\n<meta name=\"robots\" content=\"noindex, follow, max-snippet:-1, max-image-preview:large, max-video-preview:-1\" \/>\n<meta property=\"og:locale\" content=\"sv_SE\" \/>\n<meta property=\"og:type\" content=\"article\" \/>\n<meta property=\"og:title\" content=\"Sommarv\u00e4rme i Spanien \u2013 forts\u00e4tter tio dagar till\" \/>\n<meta property=\"og:description\" content=\"\u201dBrittsommar\u201d eller \u201dveranillo de San Mart\u00edn\u201d som spanjorerna s\u00e4ger har gett h\u00f6ga temperaturer i Santander (30\u00ba) medan Bilbao (27,7\u00ba) och San Sebasti\u00e1n (25,6\u00ba) ocks\u00e5 registrerar toppnoteringar. H\u00f6sten kom tidigt i norra Spanien med omfattande regnov\u00e4der. D\u00e4refter har v\u00e4dret sv\u00e4ngt totalt. Ov\u00e4dret har varit stabilt under en vecka och ingen nederb\u00f6rd har fallit. I st\u00e4llet har [&hellip;]\" \/>\n<meta property=\"og:url\" content=\"https:\/\/lightweb.dev\/l\/svm-temp\/nyheter\/sommarvarme-i-spanien-fortsatter-tio-dagar-till\/\" \/>\n<meta property=\"og:site_name\" content=\"Svenska Magasinet\" \/>\n<meta property=\"article:publisher\" content=\"https:\/\/www.facebook.com\/svenskamagasinet\" \/>\n<meta property=\"article:published_time\" content=\"2015-11-09T23:00:00+00:00\" \/>\n<meta property=\"og:image\" content=\"https:\/\/lightweb.dev\/l\/svm-temp\/wp-content\/uploads\/2022\/06\/sommarvarme-i-spanien-fortsatter-tio-dagar-till.png\" \/>\n\t<meta property=\"og:image:width\" content=\"299\" \/>\n\t<meta property=\"og:image:height\" content=\"200\" \/>\n\t<meta property=\"og:image:type\" content=\"image\/png\" \/>\n<meta name=\"author\" content=\"Redaktionen SvM\" \/>\n<meta name=\"twitter:card\" content=\"summary_large_image\" \/>\n<meta name=\"twitter:creator\" content=\"@SvenskaMagasine\" \/>\n<meta name=\"twitter:site\" content=\"@SvenskaMagasine\" \/>\n<script type=\"application\/ld+json\" class=\"yoast-schema-graph\">{\"@context\":\"https:\\\/\\\/schema.org\",\"@graph\":[{\"@type\":\"Article\",\"@id\":\"https:\\\/\\\/lightweb.dev\\\/l\\\/svm-temp\\\/nyheter\\\/sommarvarme-i-spanien-fortsatter-tio-dagar-till\\\/#article\",\"isPartOf\":{\"@id\":\"https:\\\/\\\/lightweb.dev\\\/l\\\/svm-temp\\\/nyheter\\\/sommarvarme-i-spanien-fortsatter-tio-dagar-till\\\/\"},\"author\":{\"name\":\"Redaktionen SvM\",\"@id\":\"https:\\\/\\\/lightweb.dev\\\/l\\\/svm-temp\\\/#\\\/schema\\\/person\\\/206a3bda5b607b0c25e1749191e4d837\"},\"headline\":\"Sommarv\u00e4rme i Spanien \u2013 forts\u00e4tter tio dagar till\",\"datePublished\":\"2015-11-09T23:00:00+00:00\",\"mainEntityOfPage\":{\"@id\":\"https:\\\/\\\/lightweb.dev\\\/l\\\/svm-temp\\\/nyheter\\\/sommarvarme-i-spanien-fortsatter-tio-dagar-till\\\/\"},\"wordCount\":191,\"commentCount\":0,\"publisher\":{\"@id\":\"https:\\\/\\\/lightweb.dev\\\/l\\\/svm-temp\\\/#organization\"},\"image\":{\"@id\":\"https:\\\/\\\/lightweb.dev\\\/l\\\/svm-temp\\\/nyheter\\\/sommarvarme-i-spanien-fortsatter-tio-dagar-till\\\/#primaryimage\"},\"thumbnailUrl\":\"https:\\\/\\\/lightweb.dev\\\/l\\\/svm-temp\\\/wp-content\\\/uploads\\\/2022\\\/06\\\/sommarvarme-i-spanien-fortsatter-tio-dagar-till.png\",\"articleSection\":[\"Arkiv\",\"Nyheter\"],\"inLanguage\":\"sv-SE\"},{\"@type\":\"WebPage\",\"@id\":\"https:\\\/\\\/lightweb.dev\\\/l\\\/svm-temp\\\/nyheter\\\/sommarvarme-i-spanien-fortsatter-tio-dagar-till\\\/\",\"url\":\"https:\\\/\\\/lightweb.dev\\\/l\\\/svm-temp\\\/nyheter\\\/sommarvarme-i-spanien-fortsatter-tio-dagar-till\\\/\",\"name\":\"Sommarv\u00e4rme i Spanien \u2013 forts\u00e4tter tio dagar till - Svenska Magasinet\",\"isPartOf\":{\"@id\":\"https:\\\/\\\/lightweb.dev\\\/l\\\/svm-temp\\\/#website\"},\"primaryImageOfPage\":{\"@id\":\"https:\\\/\\\/lightweb.dev\\\/l\\\/svm-temp\\\/nyheter\\\/sommarvarme-i-spanien-fortsatter-tio-dagar-till\\\/#primaryimage\"},\"image\":{\"@id\":\"https:\\\/\\\/lightweb.dev\\\/l\\\/svm-temp\\\/nyheter\\\/sommarvarme-i-spanien-fortsatter-tio-dagar-till\\\/#primaryimage\"},\"thumbnailUrl\":\"https:\\\/\\\/lightweb.dev\\\/l\\\/svm-temp\\\/wp-content\\\/uploads\\\/2022\\\/06\\\/sommarvarme-i-spanien-fortsatter-tio-dagar-till.png\",\"datePublished\":\"2015-11-09T23:00:00+00:00\",\"breadcrumb\":{\"@id\":\"https:\\\/\\\/lightweb.dev\\\/l\\\/svm-temp\\\/nyheter\\\/sommarvarme-i-spanien-fortsatter-tio-dagar-till\\\/#breadcrumb\"},\"inLanguage\":\"sv-SE\",\"potentialAction\":[{\"@type\":\"ReadAction\",\"target\":[\"https:\\\/\\\/lightweb.dev\\\/l\\\/svm-temp\\\/nyheter\\\/sommarvarme-i-spanien-fortsatter-tio-dagar-till\\\/\"]}]},{\"@type\":\"ImageObject\",\"inLanguage\":\"sv-SE\",\"@id\":\"https:\\\/\\\/lightweb.dev\\\/l\\\/svm-temp\\\/nyheter\\\/sommarvarme-i-spanien-fortsatter-tio-dagar-till\\\/#primaryimage\",\"url\":\"https:\\\/\\\/lightweb.dev\\\/l\\\/svm-temp\\\/wp-content\\\/uploads\\\/2022\\\/06\\\/sommarvarme-i-spanien-fortsatter-tio-dagar-till.png\",\"contentUrl\":\"https:\\\/\\\/lightweb.dev\\\/l\\\/svm-temp\\\/wp-content\\\/uploads\\\/2022\\\/06\\\/sommarvarme-i-spanien-fortsatter-tio-dagar-till.png\",\"width\":299,\"height\":200},{\"@type\":\"BreadcrumbList\",\"@id\":\"https:\\\/\\\/lightweb.dev\\\/l\\\/svm-temp\\\/nyheter\\\/sommarvarme-i-spanien-fortsatter-tio-dagar-till\\\/#breadcrumb\",\"itemListElement\":[{\"@type\":\"ListItem\",\"position\":1,\"name\":\"Hem\",\"item\":\"https:\\\/\\\/lightweb.dev\\\/l\\\/svm-temp\\\/\"},{\"@type\":\"ListItem\",\"position\":2,\"name\":\"Sommarv\u00e4rme i Spanien \u2013 forts\u00e4tter tio dagar till\"}]},{\"@type\":\"WebSite\",\"@id\":\"https:\\\/\\\/lightweb.dev\\\/l\\\/svm-temp\\\/#website\",\"url\":\"https:\\\/\\\/lightweb.dev\\\/l\\\/svm-temp\\\/\",\"name\":\"Svenska Magasinet\",\"description\":\"Dina Spanska nyheter p&aring; Svenska\",\"publisher\":{\"@id\":\"https:\\\/\\\/lightweb.dev\\\/l\\\/svm-temp\\\/#organization\"},\"potentialAction\":[{\"@type\":\"SearchAction\",\"target\":{\"@type\":\"EntryPoint\",\"urlTemplate\":\"https:\\\/\\\/lightweb.dev\\\/l\\\/svm-temp\\\/?s={search_term_string}\"},\"query-input\":{\"@type\":\"PropertyValueSpecification\",\"valueRequired\":true,\"valueName\":\"search_term_string\"}}],\"inLanguage\":\"sv-SE\"},{\"@type\":\"Organization\",\"@id\":\"https:\\\/\\\/lightweb.dev\\\/l\\\/svm-temp\\\/#organization\",\"name\":\"Melkerson y Nott SL\",\"alternateName\":\"Svenska Magasinet\",\"url\":\"https:\\\/\\\/lightweb.dev\\\/l\\\/svm-temp\\\/\",\"logo\":{\"@type\":\"ImageObject\",\"inLanguage\":\"sv-SE\",\"@id\":\"https:\\\/\\\/lightweb.dev\\\/l\\\/svm-temp\\\/#\\\/schema\\\/logo\\\/image\\\/\",\"url\":\"https:\\\/\\\/lightweb.dev\\\/l\\\/svm-temp\\\/wp-content\\\/uploads\\\/2025\\\/02\\\/SvM-logo-Xtra-Centrerad-SVART.png\",\"contentUrl\":\"https:\\\/\\\/lightweb.dev\\\/l\\\/svm-temp\\\/wp-content\\\/uploads\\\/2025\\\/02\\\/SvM-logo-Xtra-Centrerad-SVART.png\",\"width\":300,\"height\":99,\"caption\":\"Melkerson y Nott SL\"},\"image\":{\"@id\":\"https:\\\/\\\/lightweb.dev\\\/l\\\/svm-temp\\\/#\\\/schema\\\/logo\\\/image\\\/\"},\"sameAs\":[\"https:\\\/\\\/www.facebook.com\\\/svenskamagasinet\",\"https:\\\/\\\/x.com\\\/SvenskaMagasine\"]},{\"@type\":\"Person\",\"@id\":\"https:\\\/\\\/lightweb.dev\\\/l\\\/svm-temp\\\/#\\\/schema\\\/person\\\/206a3bda5b607b0c25e1749191e4d837\",\"name\":\"Redaktionen SvM\",\"description\":\"Redaktionen\",\"sameAs\":[\"https:\\\/\\\/lightweb.dev\\\/l\\\/svm-temp\"],\"url\":\"https:\\\/\\\/lightweb.dev\\\/l\\\/svm-temp\\\/reporter\\\/redaktionen\\\/\"}]}<\/script>\n<!-- \/ Yoast SEO Premium plugin. -->","yoast_head_json":{"title":"Sommarv\u00e4rme i Spanien \u2013 forts\u00e4tter tio dagar till - Svenska Magasinet","robots":{"index":"noindex","follow":"follow","max-snippet":"max-snippet:-1","max-image-preview":"max-image-preview:large","max-video-preview":"max-video-preview:-1"},"og_locale":"sv_SE","og_type":"article","og_title":"Sommarv\u00e4rme i Spanien \u2013 forts\u00e4tter tio dagar till","og_description":"\u201dBrittsommar\u201d eller \u201dveranillo de San Mart\u00edn\u201d som spanjorerna s\u00e4ger har gett h\u00f6ga temperaturer i Santander (30\u00ba) medan Bilbao (27,7\u00ba) och San Sebasti\u00e1n (25,6\u00ba) ocks\u00e5 registrerar toppnoteringar. H\u00f6sten kom tidigt i norra Spanien med omfattande regnov\u00e4der. D\u00e4refter har v\u00e4dret sv\u00e4ngt totalt. Ov\u00e4dret har varit stabilt under en vecka och ingen nederb\u00f6rd har fallit. I st\u00e4llet har [&hellip;]","og_url":"https:\/\/lightweb.dev\/l\/svm-temp\/nyheter\/sommarvarme-i-spanien-fortsatter-tio-dagar-till\/","og_site_name":"Svenska Magasinet","article_publisher":"https:\/\/www.facebook.com\/svenskamagasinet","article_published_time":"2015-11-09T23:00:00+00:00","og_image":[{"width":299,"height":200,"url":"https:\/\/lightweb.dev\/l\/svm-temp\/wp-content\/uploads\/2022\/06\/sommarvarme-i-spanien-fortsatter-tio-dagar-till.png","type":"image\/png"}],"author":"Redaktionen SvM","twitter_card":"summary_large_image","twitter_creator":"@SvenskaMagasine","twitter_site":"@SvenskaMagasine","schema":{"@context":"https:\/\/schema.org","@graph":[{"@type":"Article","@id":"https:\/\/lightweb.dev\/l\/svm-temp\/nyheter\/sommarvarme-i-spanien-fortsatter-tio-dagar-till\/#article","isPartOf":{"@id":"https:\/\/lightweb.dev\/l\/svm-temp\/nyheter\/sommarvarme-i-spanien-fortsatter-tio-dagar-till\/"},"author":{"name":"Redaktionen SvM","@id":"https:\/\/lightweb.dev\/l\/svm-temp\/#\/schema\/person\/206a3bda5b607b0c25e1749191e4d837"},"headline":"Sommarv\u00e4rme i Spanien \u2013 forts\u00e4tter tio dagar till","datePublished":"2015-11-09T23:00:00+00:00","mainEntityOfPage":{"@id":"https:\/\/lightweb.dev\/l\/svm-temp\/nyheter\/sommarvarme-i-spanien-fortsatter-tio-dagar-till\/"},"wordCount":191,"commentCount":0,"publisher":{"@id":"https:\/\/lightweb.dev\/l\/svm-temp\/#organization"},"image":{"@id":"https:\/\/lightweb.dev\/l\/svm-temp\/nyheter\/sommarvarme-i-spanien-fortsatter-tio-dagar-till\/#primaryimage"},"thumbnailUrl":"https:\/\/lightweb.dev\/l\/svm-temp\/wp-content\/uploads\/2022\/06\/sommarvarme-i-spanien-fortsatter-tio-dagar-till.png","articleSection":["Arkiv","Nyheter"],"inLanguage":"sv-SE"},{"@type":"WebPage","@id":"https:\/\/lightweb.dev\/l\/svm-temp\/nyheter\/sommarvarme-i-spanien-fortsatter-tio-dagar-till\/","url":"https:\/\/lightweb.dev\/l\/svm-temp\/nyheter\/sommarvarme-i-spanien-fortsatter-tio-dagar-till\/","name":"Sommarv\u00e4rme i Spanien \u2013 forts\u00e4tter tio dagar till - Svenska Magasinet","isPartOf":{"@id":"https:\/\/lightweb.dev\/l\/svm-temp\/#website"},"primaryImageOfPage":{"@id":"https:\/\/lightweb.dev\/l\/svm-temp\/nyheter\/sommarvarme-i-spanien-fortsatter-tio-dagar-till\/#primaryimage"},"image":{"@id":"https:\/\/lightweb.dev\/l\/svm-temp\/nyheter\/sommarvarme-i-spanien-fortsatter-tio-dagar-till\/#primaryimage"},"thumbnailUrl":"https:\/\/lightweb.dev\/l\/svm-temp\/wp-content\/uploads\/2022\/06\/sommarvarme-i-spanien-fortsatter-tio-dagar-till.png","datePublished":"2015-11-09T23:00:00+00:00","breadcrumb":{"@id":"https:\/\/lightweb.dev\/l\/svm-temp\/nyheter\/sommarvarme-i-spanien-fortsatter-tio-dagar-till\/#breadcrumb"},"inLanguage":"sv-SE","potentialAction":[{"@type":"ReadAction","target":["https:\/\/lightweb.dev\/l\/svm-temp\/nyheter\/sommarvarme-i-spanien-fortsatter-tio-dagar-till\/"]}]},{"@type":"ImageObject","inLanguage":"sv-SE","@id":"https:\/\/lightweb.dev\/l\/svm-temp\/nyheter\/sommarvarme-i-spanien-fortsatter-tio-dagar-till\/#primaryimage","url":"https:\/\/lightweb.dev\/l\/svm-temp\/wp-content\/uploads\/2022\/06\/sommarvarme-i-spanien-fortsatter-tio-dagar-till.png","contentUrl":"https:\/\/lightweb.dev\/l\/svm-temp\/wp-content\/uploads\/2022\/06\/sommarvarme-i-spanien-fortsatter-tio-dagar-till.png","width":299,"height":200},{"@type":"BreadcrumbList","@id":"https:\/\/lightweb.dev\/l\/svm-temp\/nyheter\/sommarvarme-i-spanien-fortsatter-tio-dagar-till\/#breadcrumb","itemListElement":[{"@type":"ListItem","position":1,"name":"Hem","item":"https:\/\/lightweb.dev\/l\/svm-temp\/"},{"@type":"ListItem","position":2,"name":"Sommarv\u00e4rme i Spanien \u2013 forts\u00e4tter tio dagar till"}]},{"@type":"WebSite","@id":"https:\/\/lightweb.dev\/l\/svm-temp\/#website","url":"https:\/\/lightweb.dev\/l\/svm-temp\/","name":"Svenska Magasinet","description":"Dina Spanska nyheter p&aring; Svenska","publisher":{"@id":"https:\/\/lightweb.dev\/l\/svm-temp\/#organization"},"potentialAction":[{"@type":"SearchAction","target":{"@type":"EntryPoint","urlTemplate":"https:\/\/lightweb.dev\/l\/svm-temp\/?s={search_term_string}"},"query-input":{"@type":"PropertyValueSpecification","valueRequired":true,"valueName":"search_term_string"}}],"inLanguage":"sv-SE"},{"@type":"Organization","@id":"https:\/\/lightweb.dev\/l\/svm-temp\/#organization","name":"Melkerson y Nott SL","alternateName":"Svenska Magasinet","url":"https:\/\/lightweb.dev\/l\/svm-temp\/","logo":{"@type":"ImageObject","inLanguage":"sv-SE","@id":"https:\/\/lightweb.dev\/l\/svm-temp\/#\/schema\/logo\/image\/","url":"https:\/\/lightweb.dev\/l\/svm-temp\/wp-content\/uploads\/2025\/02\/SvM-logo-Xtra-Centrerad-SVART.png","contentUrl":"https:\/\/lightweb.dev\/l\/svm-temp\/wp-content\/uploads\/2025\/02\/SvM-logo-Xtra-Centrerad-SVART.png","width":300,"height":99,"caption":"Melkerson y Nott SL"},"image":{"@id":"https:\/\/lightweb.dev\/l\/svm-temp\/#\/schema\/logo\/image\/"},"sameAs":["https:\/\/www.facebook.com\/svenskamagasinet","https:\/\/x.com\/SvenskaMagasine"]},{"@type":"Person","@id":"https:\/\/lightweb.dev\/l\/svm-temp\/#\/schema\/person\/206a3bda5b607b0c25e1749191e4d837","name":"Redaktionen SvM","description":"Redaktionen","sameAs":["https:\/\/lightweb.dev\/l\/svm-temp"],"url":"https:\/\/lightweb.dev\/l\/svm-temp\/reporter\/redaktionen\/"}]}},"_links":{"self":[{"href":"https:\/\/lightweb.dev\/l\/svm-temp\/wp-json\/wp\/v2\/posts\/23257","targetHints":{"allow":["GET"]}}],"collection":[{"href":"https:\/\/lightweb.dev\/l\/svm-temp\/wp-json\/wp\/v2\/posts"}],"about":[{"href":"https:\/\/lightweb.dev\/l\/svm-temp\/wp-json\/wp\/v2\/types\/post"}],"author":[{"embeddable":true,"href":"https:\/\/lightweb.dev\/l\/svm-temp\/wp-json\/wp\/v2\/users\/8"}],"replies":[{"embeddable":true,"href":"https:\/\/lightweb.dev\/l\/svm-temp\/wp-json\/wp\/v2\/comments?post=23257"}],"version-history":[{"count":0,"href":"https:\/\/lightweb.dev\/l\/svm-temp\/wp-json\/wp\/v2\/posts\/23257\/revisions"}],"wp:featuredmedia":[{"embeddable":true,"href":"https:\/\/lightweb.dev\/l\/svm-temp\/wp-json\/wp\/v2\/media\/23258"}],"wp:attachment":[{"href":"https:\/\/lightweb.dev\/l\/svm-temp\/wp-json\/wp\/v2\/media?parent=23257"}],"wp:term":[{"taxonomy":"category","embeddable":true,"href":"https:\/\/lightweb.dev\/l\/svm-temp\/wp-json\/wp\/v2\/categories?post=23257"},{"taxonomy":"post_tag","embeddable":true,"href":"https:\/\/lightweb.dev\/l\/svm-temp\/wp-json\/wp\/v2\/tags?post=23257"}],"curies":[{"name":"wp","href":"https:\/\/api.w.org\/{rel}","templated":true}]}}