{"id":23259,"date":"2015-11-10T00:00:00","date_gmt":"2015-11-09T23:00:00","guid":{"rendered":"https:\/\/lightweb.dev\/l\/svm-temp\/nyheter\/dod-dansk-kvinna-i-torre-del-mar-troligtvis-utsatt-for-konsrelaterat-vald\/"},"modified":"2015-11-10T00:00:00","modified_gmt":"2015-11-09T23:00:00","slug":"dod-dansk-kvinna-i-torre-del-mar-troligtvis-utsatt-for-konsrelaterat-vald","status":"publish","type":"post","link":"https:\/\/lightweb.dev\/l\/svm-temp\/nyheter\/dod-dansk-kvinna-i-torre-del-mar-troligtvis-utsatt-for-konsrelaterat-vald\/","title":{"rendered":"D\u00f6d dansk kvinna i Torre del Mar troligtvis utsatt f\u00f6r k\u00f6nsrelaterat v\u00e5ld"},"content":{"rendered":"<p> Den 40-\u00e5riga danska kvinna som hittades d\u00f6d p\u00e5 hotell Andalucia Beach i Torre del Mar 21 juni blev troligtvis utsatt f\u00f6r k\u00f6nsrelaterat v\u00e5ld. \u00c4ven om de faktiska omst\u00e4ndigheterna inte \u00e4r helt bekr\u00e4ftade arbetar spansk nationalpolis och den \u00e5klagare som har hand om fallet att det r\u00f6r sig om en d\u00f6dsmisshandel utf\u00f6rd av kvinnans partner, en 50-\u00e5rig man, som \u00e4r fortsatt h\u00e4ktad. Det skriver dagstidningen La Opini\u00f3n de M\u00e1laga.<\/p>\n<p>Eftersom h\u00e4ndelsef\u00f6rloppet inte \u00e4r helt fastst\u00e4llt r\u00e4knas inte h\u00e4ndelsen bland fallen k\u00f6nsrelaterat v\u00e5ld enligt uppgifter fr\u00e5n regionalregeringen.<\/p>\n<p>Mannen och kvinnan var p\u00e5 semester. Kvinnan hittades d\u00f6d efter en natt av festande och alkohol. Obduktionen visar att d\u00f6dsorsaken ska vara kv\u00e4vningsd\u00f6d.<\/p>\n<p>Det finns misstankar om att den p\u00e5st\u00e5dda g\u00e4rningsmannen manipulerat brottsplatsen s\u00e5 att det skulle st\u00e4rka hans alibi. Kvinnans kropp hittades p\u00e5 morgonen den 21 juni efter att mannen bett om hj\u00e4lp vid receptionen. Han uppgav att han hittat kvinnan medvetsl\u00f6s i badrummet med en sladd lindad runt halsen.<\/p>\n<p>Enligt mannens version ska han ha \u00e5terupplivat kvinnan. N\u00e4r han vaknade p\u00e5 morgonen uppt\u00e4ckte han att hon inte andades. <\/p>\n","protected":false},"excerpt":{"rendered":"<p>Den 40-\u00e5riga danska kvinna som hittades d\u00f6d p\u00e5 hotell Andalucia Beach i Torre del Mar 21 juni blev troligtvis utsatt f\u00f6r k\u00f6nsrelaterat v\u00e5ld. \u00c4ven om de faktiska omst\u00e4ndigheterna inte \u00e4r helt bekr\u00e4ftade arbetar spansk nationalpolis och den \u00e5klagare som har hand om fallet att det r\u00f6r sig om en d\u00f6dsmisshandel utf\u00f6rd av kvinnans partner, en [&hellip;]<\/p>\n","protected":false},"author":8,"featured_media":23260,"comment_status":"open","ping_status":"open","sticky":false,"template":"","format":"standard","meta":{"_et_pb_use_builder":"","_et_pb_old_content":"","_et_gb_content_width":"","footnotes":""},"categories":[395,3],"tags":[],"class_list":["post-23259","post","type-post","status-publish","format-standard","has-post-thumbnail","hentry","category-arkiv-nyheter","category-nyheter"],"yoast_head":"<!-- This site is optimized with the Yoast SEO Premium plugin v26.2 (Yoast SEO v27.4) - https:\/\/yoast.com\/product\/yoast-seo-premium-wordpress\/ -->\n<title>D\u00f6d dansk kvinna i Torre del Mar troligtvis utsatt f\u00f6r k\u00f6nsrelaterat v\u00e5ld - Svenska Magasinet<\/title>\n<meta name=\"robots\" content=\"noindex, follow, max-snippet:-1, max-image-preview:large, max-video-preview:-1\" \/>\n<meta property=\"og:locale\" content=\"sv_SE\" \/>\n<meta property=\"og:type\" content=\"article\" \/>\n<meta property=\"og:title\" content=\"D\u00f6d dansk kvinna i Torre del Mar troligtvis utsatt f\u00f6r k\u00f6nsrelaterat v\u00e5ld\" \/>\n<meta property=\"og:description\" content=\"Den 40-\u00e5riga danska kvinna som hittades d\u00f6d p\u00e5 hotell Andalucia Beach i Torre del Mar 21 juni blev troligtvis utsatt f\u00f6r k\u00f6nsrelaterat v\u00e5ld. \u00c4ven om de faktiska omst\u00e4ndigheterna inte \u00e4r helt bekr\u00e4ftade arbetar spansk nationalpolis och den \u00e5klagare som har hand om fallet att det r\u00f6r sig om en d\u00f6dsmisshandel utf\u00f6rd av kvinnans partner, en [&hellip;]\" \/>\n<meta property=\"og:url\" content=\"https:\/\/lightweb.dev\/l\/svm-temp\/nyheter\/dod-dansk-kvinna-i-torre-del-mar-troligtvis-utsatt-for-konsrelaterat-vald\/\" \/>\n<meta property=\"og:site_name\" content=\"Svenska Magasinet\" \/>\n<meta property=\"article:publisher\" content=\"https:\/\/www.facebook.com\/svenskamagasinet\" \/>\n<meta property=\"article:published_time\" content=\"2015-11-09T23:00:00+00:00\" \/>\n<meta property=\"og:image\" content=\"https:\/\/lightweb.dev\/l\/svm-temp\/wp-content\/uploads\/2022\/06\/dod-dansk-kvinna-i-torre-del-mar-troligtvis-utsatt-for-konsrelaterat-vald.png\" \/>\n\t<meta property=\"og:image:width\" content=\"280\" \/>\n\t<meta property=\"og:image:height\" content=\"202\" \/>\n\t<meta property=\"og:image:type\" content=\"image\/png\" \/>\n<meta name=\"author\" content=\"Redaktionen SvM\" \/>\n<meta name=\"twitter:card\" content=\"summary_large_image\" \/>\n<meta name=\"twitter:creator\" content=\"@SvenskaMagasine\" \/>\n<meta name=\"twitter:site\" content=\"@SvenskaMagasine\" \/>\n<script type=\"application\/ld+json\" class=\"yoast-schema-graph\">{\"@context\":\"https:\\\/\\\/schema.org\",\"@graph\":[{\"@type\":\"Article\",\"@id\":\"https:\\\/\\\/lightweb.dev\\\/l\\\/svm-temp\\\/nyheter\\\/dod-dansk-kvinna-i-torre-del-mar-troligtvis-utsatt-for-konsrelaterat-vald\\\/#article\",\"isPartOf\":{\"@id\":\"https:\\\/\\\/lightweb.dev\\\/l\\\/svm-temp\\\/nyheter\\\/dod-dansk-kvinna-i-torre-del-mar-troligtvis-utsatt-for-konsrelaterat-vald\\\/\"},\"author\":{\"name\":\"Redaktionen SvM\",\"@id\":\"https:\\\/\\\/lightweb.dev\\\/l\\\/svm-temp\\\/#\\\/schema\\\/person\\\/206a3bda5b607b0c25e1749191e4d837\"},\"headline\":\"D\u00f6d dansk kvinna i Torre del Mar troligtvis utsatt f\u00f6r k\u00f6nsrelaterat v\u00e5ld\",\"datePublished\":\"2015-11-09T23:00:00+00:00\",\"mainEntityOfPage\":{\"@id\":\"https:\\\/\\\/lightweb.dev\\\/l\\\/svm-temp\\\/nyheter\\\/dod-dansk-kvinna-i-torre-del-mar-troligtvis-utsatt-for-konsrelaterat-vald\\\/\"},\"wordCount\":223,\"commentCount\":0,\"publisher\":{\"@id\":\"https:\\\/\\\/lightweb.dev\\\/l\\\/svm-temp\\\/#organization\"},\"image\":{\"@id\":\"https:\\\/\\\/lightweb.dev\\\/l\\\/svm-temp\\\/nyheter\\\/dod-dansk-kvinna-i-torre-del-mar-troligtvis-utsatt-for-konsrelaterat-vald\\\/#primaryimage\"},\"thumbnailUrl\":\"https:\\\/\\\/lightweb.dev\\\/l\\\/svm-temp\\\/wp-content\\\/uploads\\\/2022\\\/06\\\/dod-dansk-kvinna-i-torre-del-mar-troligtvis-utsatt-for-konsrelaterat-vald.png\",\"articleSection\":[\"Arkiv\",\"Nyheter\"],\"inLanguage\":\"sv-SE\"},{\"@type\":\"WebPage\",\"@id\":\"https:\\\/\\\/lightweb.dev\\\/l\\\/svm-temp\\\/nyheter\\\/dod-dansk-kvinna-i-torre-del-mar-troligtvis-utsatt-for-konsrelaterat-vald\\\/\",\"url\":\"https:\\\/\\\/lightweb.dev\\\/l\\\/svm-temp\\\/nyheter\\\/dod-dansk-kvinna-i-torre-del-mar-troligtvis-utsatt-for-konsrelaterat-vald\\\/\",\"name\":\"D\u00f6d dansk kvinna i Torre del Mar troligtvis utsatt f\u00f6r k\u00f6nsrelaterat v\u00e5ld - Svenska Magasinet\",\"isPartOf\":{\"@id\":\"https:\\\/\\\/lightweb.dev\\\/l\\\/svm-temp\\\/#website\"},\"primaryImageOfPage\":{\"@id\":\"https:\\\/\\\/lightweb.dev\\\/l\\\/svm-temp\\\/nyheter\\\/dod-dansk-kvinna-i-torre-del-mar-troligtvis-utsatt-for-konsrelaterat-vald\\\/#primaryimage\"},\"image\":{\"@id\":\"https:\\\/\\\/lightweb.dev\\\/l\\\/svm-temp\\\/nyheter\\\/dod-dansk-kvinna-i-torre-del-mar-troligtvis-utsatt-for-konsrelaterat-vald\\\/#primaryimage\"},\"thumbnailUrl\":\"https:\\\/\\\/lightweb.dev\\\/l\\\/svm-temp\\\/wp-content\\\/uploads\\\/2022\\\/06\\\/dod-dansk-kvinna-i-torre-del-mar-troligtvis-utsatt-for-konsrelaterat-vald.png\",\"datePublished\":\"2015-11-09T23:00:00+00:00\",\"breadcrumb\":{\"@id\":\"https:\\\/\\\/lightweb.dev\\\/l\\\/svm-temp\\\/nyheter\\\/dod-dansk-kvinna-i-torre-del-mar-troligtvis-utsatt-for-konsrelaterat-vald\\\/#breadcrumb\"},\"inLanguage\":\"sv-SE\",\"potentialAction\":[{\"@type\":\"ReadAction\",\"target\":[\"https:\\\/\\\/lightweb.dev\\\/l\\\/svm-temp\\\/nyheter\\\/dod-dansk-kvinna-i-torre-del-mar-troligtvis-utsatt-for-konsrelaterat-vald\\\/\"]}]},{\"@type\":\"ImageObject\",\"inLanguage\":\"sv-SE\",\"@id\":\"https:\\\/\\\/lightweb.dev\\\/l\\\/svm-temp\\\/nyheter\\\/dod-dansk-kvinna-i-torre-del-mar-troligtvis-utsatt-for-konsrelaterat-vald\\\/#primaryimage\",\"url\":\"https:\\\/\\\/lightweb.dev\\\/l\\\/svm-temp\\\/wp-content\\\/uploads\\\/2022\\\/06\\\/dod-dansk-kvinna-i-torre-del-mar-troligtvis-utsatt-for-konsrelaterat-vald.png\",\"contentUrl\":\"https:\\\/\\\/lightweb.dev\\\/l\\\/svm-temp\\\/wp-content\\\/uploads\\\/2022\\\/06\\\/dod-dansk-kvinna-i-torre-del-mar-troligtvis-utsatt-for-konsrelaterat-vald.png\",\"width\":280,\"height\":202},{\"@type\":\"BreadcrumbList\",\"@id\":\"https:\\\/\\\/lightweb.dev\\\/l\\\/svm-temp\\\/nyheter\\\/dod-dansk-kvinna-i-torre-del-mar-troligtvis-utsatt-for-konsrelaterat-vald\\\/#breadcrumb\",\"itemListElement\":[{\"@type\":\"ListItem\",\"position\":1,\"name\":\"Hem\",\"item\":\"https:\\\/\\\/lightweb.dev\\\/l\\\/svm-temp\\\/\"},{\"@type\":\"ListItem\",\"position\":2,\"name\":\"D\u00f6d dansk kvinna i Torre del Mar troligtvis utsatt f\u00f6r k\u00f6nsrelaterat v\u00e5ld\"}]},{\"@type\":\"WebSite\",\"@id\":\"https:\\\/\\\/lightweb.dev\\\/l\\\/svm-temp\\\/#website\",\"url\":\"https:\\\/\\\/lightweb.dev\\\/l\\\/svm-temp\\\/\",\"name\":\"Svenska Magasinet\",\"description\":\"Dina Spanska nyheter p&aring; Svenska\",\"publisher\":{\"@id\":\"https:\\\/\\\/lightweb.dev\\\/l\\\/svm-temp\\\/#organization\"},\"potentialAction\":[{\"@type\":\"SearchAction\",\"target\":{\"@type\":\"EntryPoint\",\"urlTemplate\":\"https:\\\/\\\/lightweb.dev\\\/l\\\/svm-temp\\\/?s={search_term_string}\"},\"query-input\":{\"@type\":\"PropertyValueSpecification\",\"valueRequired\":true,\"valueName\":\"search_term_string\"}}],\"inLanguage\":\"sv-SE\"},{\"@type\":\"Organization\",\"@id\":\"https:\\\/\\\/lightweb.dev\\\/l\\\/svm-temp\\\/#organization\",\"name\":\"Melkerson y Nott SL\",\"alternateName\":\"Svenska Magasinet\",\"url\":\"https:\\\/\\\/lightweb.dev\\\/l\\\/svm-temp\\\/\",\"logo\":{\"@type\":\"ImageObject\",\"inLanguage\":\"sv-SE\",\"@id\":\"https:\\\/\\\/lightweb.dev\\\/l\\\/svm-temp\\\/#\\\/schema\\\/logo\\\/image\\\/\",\"url\":\"https:\\\/\\\/lightweb.dev\\\/l\\\/svm-temp\\\/wp-content\\\/uploads\\\/2025\\\/02\\\/SvM-logo-Xtra-Centrerad-SVART.png\",\"contentUrl\":\"https:\\\/\\\/lightweb.dev\\\/l\\\/svm-temp\\\/wp-content\\\/uploads\\\/2025\\\/02\\\/SvM-logo-Xtra-Centrerad-SVART.png\",\"width\":300,\"height\":99,\"caption\":\"Melkerson y Nott SL\"},\"image\":{\"@id\":\"https:\\\/\\\/lightweb.dev\\\/l\\\/svm-temp\\\/#\\\/schema\\\/logo\\\/image\\\/\"},\"sameAs\":[\"https:\\\/\\\/www.facebook.com\\\/svenskamagasinet\",\"https:\\\/\\\/x.com\\\/SvenskaMagasine\"]},{\"@type\":\"Person\",\"@id\":\"https:\\\/\\\/lightweb.dev\\\/l\\\/svm-temp\\\/#\\\/schema\\\/person\\\/206a3bda5b607b0c25e1749191e4d837\",\"name\":\"Redaktionen SvM\",\"description\":\"Redaktionen\",\"sameAs\":[\"https:\\\/\\\/lightweb.dev\\\/l\\\/svm-temp\"],\"url\":\"https:\\\/\\\/lightweb.dev\\\/l\\\/svm-temp\\\/reporter\\\/redaktionen\\\/\"}]}<\/script>\n<!-- \/ Yoast SEO Premium plugin. -->","yoast_head_json":{"title":"D\u00f6d dansk kvinna i Torre del Mar troligtvis utsatt f\u00f6r k\u00f6nsrelaterat v\u00e5ld - Svenska Magasinet","robots":{"index":"noindex","follow":"follow","max-snippet":"max-snippet:-1","max-image-preview":"max-image-preview:large","max-video-preview":"max-video-preview:-1"},"og_locale":"sv_SE","og_type":"article","og_title":"D\u00f6d dansk kvinna i Torre del Mar troligtvis utsatt f\u00f6r k\u00f6nsrelaterat v\u00e5ld","og_description":"Den 40-\u00e5riga danska kvinna som hittades d\u00f6d p\u00e5 hotell Andalucia Beach i Torre del Mar 21 juni blev troligtvis utsatt f\u00f6r k\u00f6nsrelaterat v\u00e5ld. \u00c4ven om de faktiska omst\u00e4ndigheterna inte \u00e4r helt bekr\u00e4ftade arbetar spansk nationalpolis och den \u00e5klagare som har hand om fallet att det r\u00f6r sig om en d\u00f6dsmisshandel utf\u00f6rd av kvinnans partner, en [&hellip;]","og_url":"https:\/\/lightweb.dev\/l\/svm-temp\/nyheter\/dod-dansk-kvinna-i-torre-del-mar-troligtvis-utsatt-for-konsrelaterat-vald\/","og_site_name":"Svenska Magasinet","article_publisher":"https:\/\/www.facebook.com\/svenskamagasinet","article_published_time":"2015-11-09T23:00:00+00:00","og_image":[{"width":280,"height":202,"url":"https:\/\/lightweb.dev\/l\/svm-temp\/wp-content\/uploads\/2022\/06\/dod-dansk-kvinna-i-torre-del-mar-troligtvis-utsatt-for-konsrelaterat-vald.png","type":"image\/png"}],"author":"Redaktionen SvM","twitter_card":"summary_large_image","twitter_creator":"@SvenskaMagasine","twitter_site":"@SvenskaMagasine","schema":{"@context":"https:\/\/schema.org","@graph":[{"@type":"Article","@id":"https:\/\/lightweb.dev\/l\/svm-temp\/nyheter\/dod-dansk-kvinna-i-torre-del-mar-troligtvis-utsatt-for-konsrelaterat-vald\/#article","isPartOf":{"@id":"https:\/\/lightweb.dev\/l\/svm-temp\/nyheter\/dod-dansk-kvinna-i-torre-del-mar-troligtvis-utsatt-for-konsrelaterat-vald\/"},"author":{"name":"Redaktionen SvM","@id":"https:\/\/lightweb.dev\/l\/svm-temp\/#\/schema\/person\/206a3bda5b607b0c25e1749191e4d837"},"headline":"D\u00f6d dansk kvinna i Torre del Mar troligtvis utsatt f\u00f6r k\u00f6nsrelaterat v\u00e5ld","datePublished":"2015-11-09T23:00:00+00:00","mainEntityOfPage":{"@id":"https:\/\/lightweb.dev\/l\/svm-temp\/nyheter\/dod-dansk-kvinna-i-torre-del-mar-troligtvis-utsatt-for-konsrelaterat-vald\/"},"wordCount":223,"commentCount":0,"publisher":{"@id":"https:\/\/lightweb.dev\/l\/svm-temp\/#organization"},"image":{"@id":"https:\/\/lightweb.dev\/l\/svm-temp\/nyheter\/dod-dansk-kvinna-i-torre-del-mar-troligtvis-utsatt-for-konsrelaterat-vald\/#primaryimage"},"thumbnailUrl":"https:\/\/lightweb.dev\/l\/svm-temp\/wp-content\/uploads\/2022\/06\/dod-dansk-kvinna-i-torre-del-mar-troligtvis-utsatt-for-konsrelaterat-vald.png","articleSection":["Arkiv","Nyheter"],"inLanguage":"sv-SE"},{"@type":"WebPage","@id":"https:\/\/lightweb.dev\/l\/svm-temp\/nyheter\/dod-dansk-kvinna-i-torre-del-mar-troligtvis-utsatt-for-konsrelaterat-vald\/","url":"https:\/\/lightweb.dev\/l\/svm-temp\/nyheter\/dod-dansk-kvinna-i-torre-del-mar-troligtvis-utsatt-for-konsrelaterat-vald\/","name":"D\u00f6d dansk kvinna i Torre del Mar troligtvis utsatt f\u00f6r k\u00f6nsrelaterat v\u00e5ld - Svenska Magasinet","isPartOf":{"@id":"https:\/\/lightweb.dev\/l\/svm-temp\/#website"},"primaryImageOfPage":{"@id":"https:\/\/lightweb.dev\/l\/svm-temp\/nyheter\/dod-dansk-kvinna-i-torre-del-mar-troligtvis-utsatt-for-konsrelaterat-vald\/#primaryimage"},"image":{"@id":"https:\/\/lightweb.dev\/l\/svm-temp\/nyheter\/dod-dansk-kvinna-i-torre-del-mar-troligtvis-utsatt-for-konsrelaterat-vald\/#primaryimage"},"thumbnailUrl":"https:\/\/lightweb.dev\/l\/svm-temp\/wp-content\/uploads\/2022\/06\/dod-dansk-kvinna-i-torre-del-mar-troligtvis-utsatt-for-konsrelaterat-vald.png","datePublished":"2015-11-09T23:00:00+00:00","breadcrumb":{"@id":"https:\/\/lightweb.dev\/l\/svm-temp\/nyheter\/dod-dansk-kvinna-i-torre-del-mar-troligtvis-utsatt-for-konsrelaterat-vald\/#breadcrumb"},"inLanguage":"sv-SE","potentialAction":[{"@type":"ReadAction","target":["https:\/\/lightweb.dev\/l\/svm-temp\/nyheter\/dod-dansk-kvinna-i-torre-del-mar-troligtvis-utsatt-for-konsrelaterat-vald\/"]}]},{"@type":"ImageObject","inLanguage":"sv-SE","@id":"https:\/\/lightweb.dev\/l\/svm-temp\/nyheter\/dod-dansk-kvinna-i-torre-del-mar-troligtvis-utsatt-for-konsrelaterat-vald\/#primaryimage","url":"https:\/\/lightweb.dev\/l\/svm-temp\/wp-content\/uploads\/2022\/06\/dod-dansk-kvinna-i-torre-del-mar-troligtvis-utsatt-for-konsrelaterat-vald.png","contentUrl":"https:\/\/lightweb.dev\/l\/svm-temp\/wp-content\/uploads\/2022\/06\/dod-dansk-kvinna-i-torre-del-mar-troligtvis-utsatt-for-konsrelaterat-vald.png","width":280,"height":202},{"@type":"BreadcrumbList","@id":"https:\/\/lightweb.dev\/l\/svm-temp\/nyheter\/dod-dansk-kvinna-i-torre-del-mar-troligtvis-utsatt-for-konsrelaterat-vald\/#breadcrumb","itemListElement":[{"@type":"ListItem","position":1,"name":"Hem","item":"https:\/\/lightweb.dev\/l\/svm-temp\/"},{"@type":"ListItem","position":2,"name":"D\u00f6d dansk kvinna i Torre del Mar troligtvis utsatt f\u00f6r k\u00f6nsrelaterat v\u00e5ld"}]},{"@type":"WebSite","@id":"https:\/\/lightweb.dev\/l\/svm-temp\/#website","url":"https:\/\/lightweb.dev\/l\/svm-temp\/","name":"Svenska Magasinet","description":"Dina Spanska nyheter p&aring; Svenska","publisher":{"@id":"https:\/\/lightweb.dev\/l\/svm-temp\/#organization"},"potentialAction":[{"@type":"SearchAction","target":{"@type":"EntryPoint","urlTemplate":"https:\/\/lightweb.dev\/l\/svm-temp\/?s={search_term_string}"},"query-input":{"@type":"PropertyValueSpecification","valueRequired":true,"valueName":"search_term_string"}}],"inLanguage":"sv-SE"},{"@type":"Organization","@id":"https:\/\/lightweb.dev\/l\/svm-temp\/#organization","name":"Melkerson y Nott SL","alternateName":"Svenska Magasinet","url":"https:\/\/lightweb.dev\/l\/svm-temp\/","logo":{"@type":"ImageObject","inLanguage":"sv-SE","@id":"https:\/\/lightweb.dev\/l\/svm-temp\/#\/schema\/logo\/image\/","url":"https:\/\/lightweb.dev\/l\/svm-temp\/wp-content\/uploads\/2025\/02\/SvM-logo-Xtra-Centrerad-SVART.png","contentUrl":"https:\/\/lightweb.dev\/l\/svm-temp\/wp-content\/uploads\/2025\/02\/SvM-logo-Xtra-Centrerad-SVART.png","width":300,"height":99,"caption":"Melkerson y Nott SL"},"image":{"@id":"https:\/\/lightweb.dev\/l\/svm-temp\/#\/schema\/logo\/image\/"},"sameAs":["https:\/\/www.facebook.com\/svenskamagasinet","https:\/\/x.com\/SvenskaMagasine"]},{"@type":"Person","@id":"https:\/\/lightweb.dev\/l\/svm-temp\/#\/schema\/person\/206a3bda5b607b0c25e1749191e4d837","name":"Redaktionen SvM","description":"Redaktionen","sameAs":["https:\/\/lightweb.dev\/l\/svm-temp"],"url":"https:\/\/lightweb.dev\/l\/svm-temp\/reporter\/redaktionen\/"}]}},"_links":{"self":[{"href":"https:\/\/lightweb.dev\/l\/svm-temp\/wp-json\/wp\/v2\/posts\/23259","targetHints":{"allow":["GET"]}}],"collection":[{"href":"https:\/\/lightweb.dev\/l\/svm-temp\/wp-json\/wp\/v2\/posts"}],"about":[{"href":"https:\/\/lightweb.dev\/l\/svm-temp\/wp-json\/wp\/v2\/types\/post"}],"author":[{"embeddable":true,"href":"https:\/\/lightweb.dev\/l\/svm-temp\/wp-json\/wp\/v2\/users\/8"}],"replies":[{"embeddable":true,"href":"https:\/\/lightweb.dev\/l\/svm-temp\/wp-json\/wp\/v2\/comments?post=23259"}],"version-history":[{"count":0,"href":"https:\/\/lightweb.dev\/l\/svm-temp\/wp-json\/wp\/v2\/posts\/23259\/revisions"}],"wp:featuredmedia":[{"embeddable":true,"href":"https:\/\/lightweb.dev\/l\/svm-temp\/wp-json\/wp\/v2\/media\/23260"}],"wp:attachment":[{"href":"https:\/\/lightweb.dev\/l\/svm-temp\/wp-json\/wp\/v2\/media?parent=23259"}],"wp:term":[{"taxonomy":"category","embeddable":true,"href":"https:\/\/lightweb.dev\/l\/svm-temp\/wp-json\/wp\/v2\/categories?post=23259"},{"taxonomy":"post_tag","embeddable":true,"href":"https:\/\/lightweb.dev\/l\/svm-temp\/wp-json\/wp\/v2\/tags?post=23259"}],"curies":[{"name":"wp","href":"https:\/\/api.w.org\/{rel}","templated":true}]}}