{"id":23267,"date":"2015-11-09T00:00:00","date_gmt":"2015-11-08T23:00:00","guid":{"rendered":"https:\/\/lightweb.dev\/l\/svm-temp\/nyheter\/har-grips-kvinna-pa-malaga-flygplats-skulle-ansluta-sig-till-is\/"},"modified":"2015-11-09T00:00:00","modified_gmt":"2015-11-08T23:00:00","slug":"har-grips-kvinna-pa-malaga-flygplats-skulle-ansluta-sig-till-is","status":"publish","type":"post","link":"https:\/\/lightweb.dev\/l\/svm-temp\/nyheter\/har-grips-kvinna-pa-malaga-flygplats-skulle-ansluta-sig-till-is\/","title":{"rendered":"H\u00e4r grips kvinna p\u00e5 M\u00e1laga flygplats \u2013 skulle ansluta sig till IS"},"content":{"rendered":"<p> Den 26-\u00e5riga kvinna som i fredags greps p\u00e5 M\u00e1laga flygplats n\u00e4r hon kom med ett flygplan fr\u00e5n Turkiet har h\u00e4ktats vid en domstol misst\u00e4nkt f\u00f6r kopplingar till islamiska staten IS. Det beslutade domaren Santiago Pedraz vid nationaldomstolen.<\/p>\n<p>Enligt nyhetsbyr\u00e5n EFE har inte kvinnan m\u00f6jlighet till borgen. Hon greps p\u00e5 M\u00e1laga flygplats i fredags n\u00e4r hon kom med ett flyg fr\u00e5n Istanbul. Polisen misst\u00e4nker att hon har kopplingar till l IS.<\/p>\n<p>Samtidigt grep marockanska myndigheter kvinnan make i Marocko. En internationell arresteringsorder var utf\u00e4rdad p\u00e5 mannen uppger nyhetsbyr\u00e5n Europa Press.<\/p>\n<p>Det \u00e4r f\u00f6rsta g\u00e5ngen en kvinna grips p\u00e5 M\u00e1laga flygplats f\u00f6r kopplingar till IS. Fredagens gripande var det tredje i Spanien under veckan. Tidigare greps fem personer vid tv\u00e5 tillslag i Madrid och Barcelona.<\/p>\n<p>Totalt har omkring 130 personer rest fr\u00e5n Spanien f\u00f6r att ansluta sig till IS. <\/p>\n","protected":false},"excerpt":{"rendered":"<p>Den 26-\u00e5riga kvinna som i fredags greps p\u00e5 M\u00e1laga flygplats n\u00e4r hon kom med ett flygplan fr\u00e5n Turkiet har h\u00e4ktats vid en domstol misst\u00e4nkt f\u00f6r kopplingar till islamiska staten IS. Det beslutade domaren Santiago Pedraz vid nationaldomstolen. Enligt nyhetsbyr\u00e5n EFE har inte kvinnan m\u00f6jlighet till borgen. Hon greps p\u00e5 M\u00e1laga flygplats i fredags n\u00e4r hon [&hellip;]<\/p>\n","protected":false},"author":8,"featured_media":23268,"comment_status":"open","ping_status":"open","sticky":false,"template":"","format":"standard","meta":{"_et_pb_use_builder":"","_et_pb_old_content":"","_et_gb_content_width":"","footnotes":""},"categories":[395,3],"tags":[],"class_list":["post-23267","post","type-post","status-publish","format-standard","has-post-thumbnail","hentry","category-arkiv-nyheter","category-nyheter"],"yoast_head":"<!-- This site is optimized with the Yoast SEO Premium plugin v26.2 (Yoast SEO v27.4) - https:\/\/yoast.com\/product\/yoast-seo-premium-wordpress\/ -->\n<title>H\u00e4r grips kvinna p\u00e5 M\u00e1laga flygplats \u2013 skulle ansluta sig till IS - Svenska Magasinet<\/title>\n<meta name=\"robots\" content=\"noindex, follow, max-snippet:-1, max-image-preview:large, max-video-preview:-1\" \/>\n<meta property=\"og:locale\" content=\"sv_SE\" \/>\n<meta property=\"og:type\" content=\"article\" \/>\n<meta property=\"og:title\" content=\"H\u00e4r grips kvinna p\u00e5 M\u00e1laga flygplats \u2013 skulle ansluta sig till IS\" \/>\n<meta property=\"og:description\" content=\"Den 26-\u00e5riga kvinna som i fredags greps p\u00e5 M\u00e1laga flygplats n\u00e4r hon kom med ett flygplan fr\u00e5n Turkiet har h\u00e4ktats vid en domstol misst\u00e4nkt f\u00f6r kopplingar till islamiska staten IS. Det beslutade domaren Santiago Pedraz vid nationaldomstolen. Enligt nyhetsbyr\u00e5n EFE har inte kvinnan m\u00f6jlighet till borgen. Hon greps p\u00e5 M\u00e1laga flygplats i fredags n\u00e4r hon [&hellip;]\" \/>\n<meta property=\"og:url\" content=\"https:\/\/lightweb.dev\/l\/svm-temp\/nyheter\/har-grips-kvinna-pa-malaga-flygplats-skulle-ansluta-sig-till-is\/\" \/>\n<meta property=\"og:site_name\" content=\"Svenska Magasinet\" \/>\n<meta property=\"article:publisher\" content=\"https:\/\/www.facebook.com\/svenskamagasinet\" \/>\n<meta property=\"article:published_time\" content=\"2015-11-08T23:00:00+00:00\" \/>\n<meta property=\"og:image\" content=\"https:\/\/lightweb.dev\/l\/svm-temp\/wp-content\/uploads\/2022\/06\/har-grips-kvinna-pa-malaga-flygplats-skulle-ansluta-sig-till-is.png\" \/>\n\t<meta property=\"og:image:width\" content=\"371\" \/>\n\t<meta property=\"og:image:height\" content=\"200\" \/>\n\t<meta property=\"og:image:type\" content=\"image\/png\" \/>\n<meta name=\"author\" content=\"Redaktionen SvM\" \/>\n<meta name=\"twitter:card\" content=\"summary_large_image\" \/>\n<meta name=\"twitter:creator\" content=\"@SvenskaMagasine\" \/>\n<meta name=\"twitter:site\" content=\"@SvenskaMagasine\" \/>\n<script type=\"application\/ld+json\" class=\"yoast-schema-graph\">{\"@context\":\"https:\\\/\\\/schema.org\",\"@graph\":[{\"@type\":\"Article\",\"@id\":\"https:\\\/\\\/lightweb.dev\\\/l\\\/svm-temp\\\/nyheter\\\/har-grips-kvinna-pa-malaga-flygplats-skulle-ansluta-sig-till-is\\\/#article\",\"isPartOf\":{\"@id\":\"https:\\\/\\\/lightweb.dev\\\/l\\\/svm-temp\\\/nyheter\\\/har-grips-kvinna-pa-malaga-flygplats-skulle-ansluta-sig-till-is\\\/\"},\"author\":{\"name\":\"Redaktionen SvM\",\"@id\":\"https:\\\/\\\/lightweb.dev\\\/l\\\/svm-temp\\\/#\\\/schema\\\/person\\\/206a3bda5b607b0c25e1749191e4d837\"},\"headline\":\"H\u00e4r grips kvinna p\u00e5 M\u00e1laga flygplats \u2013 skulle ansluta sig till IS\",\"datePublished\":\"2015-11-08T23:00:00+00:00\",\"mainEntityOfPage\":{\"@id\":\"https:\\\/\\\/lightweb.dev\\\/l\\\/svm-temp\\\/nyheter\\\/har-grips-kvinna-pa-malaga-flygplats-skulle-ansluta-sig-till-is\\\/\"},\"wordCount\":170,\"commentCount\":0,\"publisher\":{\"@id\":\"https:\\\/\\\/lightweb.dev\\\/l\\\/svm-temp\\\/#organization\"},\"image\":{\"@id\":\"https:\\\/\\\/lightweb.dev\\\/l\\\/svm-temp\\\/nyheter\\\/har-grips-kvinna-pa-malaga-flygplats-skulle-ansluta-sig-till-is\\\/#primaryimage\"},\"thumbnailUrl\":\"https:\\\/\\\/lightweb.dev\\\/l\\\/svm-temp\\\/wp-content\\\/uploads\\\/2022\\\/06\\\/har-grips-kvinna-pa-malaga-flygplats-skulle-ansluta-sig-till-is.png\",\"articleSection\":[\"Arkiv\",\"Nyheter\"],\"inLanguage\":\"sv-SE\"},{\"@type\":\"WebPage\",\"@id\":\"https:\\\/\\\/lightweb.dev\\\/l\\\/svm-temp\\\/nyheter\\\/har-grips-kvinna-pa-malaga-flygplats-skulle-ansluta-sig-till-is\\\/\",\"url\":\"https:\\\/\\\/lightweb.dev\\\/l\\\/svm-temp\\\/nyheter\\\/har-grips-kvinna-pa-malaga-flygplats-skulle-ansluta-sig-till-is\\\/\",\"name\":\"H\u00e4r grips kvinna p\u00e5 M\u00e1laga flygplats \u2013 skulle ansluta sig till IS - Svenska Magasinet\",\"isPartOf\":{\"@id\":\"https:\\\/\\\/lightweb.dev\\\/l\\\/svm-temp\\\/#website\"},\"primaryImageOfPage\":{\"@id\":\"https:\\\/\\\/lightweb.dev\\\/l\\\/svm-temp\\\/nyheter\\\/har-grips-kvinna-pa-malaga-flygplats-skulle-ansluta-sig-till-is\\\/#primaryimage\"},\"image\":{\"@id\":\"https:\\\/\\\/lightweb.dev\\\/l\\\/svm-temp\\\/nyheter\\\/har-grips-kvinna-pa-malaga-flygplats-skulle-ansluta-sig-till-is\\\/#primaryimage\"},\"thumbnailUrl\":\"https:\\\/\\\/lightweb.dev\\\/l\\\/svm-temp\\\/wp-content\\\/uploads\\\/2022\\\/06\\\/har-grips-kvinna-pa-malaga-flygplats-skulle-ansluta-sig-till-is.png\",\"datePublished\":\"2015-11-08T23:00:00+00:00\",\"breadcrumb\":{\"@id\":\"https:\\\/\\\/lightweb.dev\\\/l\\\/svm-temp\\\/nyheter\\\/har-grips-kvinna-pa-malaga-flygplats-skulle-ansluta-sig-till-is\\\/#breadcrumb\"},\"inLanguage\":\"sv-SE\",\"potentialAction\":[{\"@type\":\"ReadAction\",\"target\":[\"https:\\\/\\\/lightweb.dev\\\/l\\\/svm-temp\\\/nyheter\\\/har-grips-kvinna-pa-malaga-flygplats-skulle-ansluta-sig-till-is\\\/\"]}]},{\"@type\":\"ImageObject\",\"inLanguage\":\"sv-SE\",\"@id\":\"https:\\\/\\\/lightweb.dev\\\/l\\\/svm-temp\\\/nyheter\\\/har-grips-kvinna-pa-malaga-flygplats-skulle-ansluta-sig-till-is\\\/#primaryimage\",\"url\":\"https:\\\/\\\/lightweb.dev\\\/l\\\/svm-temp\\\/wp-content\\\/uploads\\\/2022\\\/06\\\/har-grips-kvinna-pa-malaga-flygplats-skulle-ansluta-sig-till-is.png\",\"contentUrl\":\"https:\\\/\\\/lightweb.dev\\\/l\\\/svm-temp\\\/wp-content\\\/uploads\\\/2022\\\/06\\\/har-grips-kvinna-pa-malaga-flygplats-skulle-ansluta-sig-till-is.png\",\"width\":371,\"height\":200},{\"@type\":\"BreadcrumbList\",\"@id\":\"https:\\\/\\\/lightweb.dev\\\/l\\\/svm-temp\\\/nyheter\\\/har-grips-kvinna-pa-malaga-flygplats-skulle-ansluta-sig-till-is\\\/#breadcrumb\",\"itemListElement\":[{\"@type\":\"ListItem\",\"position\":1,\"name\":\"Hem\",\"item\":\"https:\\\/\\\/lightweb.dev\\\/l\\\/svm-temp\\\/\"},{\"@type\":\"ListItem\",\"position\":2,\"name\":\"H\u00e4r grips kvinna p\u00e5 M\u00e1laga flygplats \u2013 skulle ansluta sig till IS\"}]},{\"@type\":\"WebSite\",\"@id\":\"https:\\\/\\\/lightweb.dev\\\/l\\\/svm-temp\\\/#website\",\"url\":\"https:\\\/\\\/lightweb.dev\\\/l\\\/svm-temp\\\/\",\"name\":\"Svenska Magasinet\",\"description\":\"Dina Spanska nyheter p&aring; Svenska\",\"publisher\":{\"@id\":\"https:\\\/\\\/lightweb.dev\\\/l\\\/svm-temp\\\/#organization\"},\"potentialAction\":[{\"@type\":\"SearchAction\",\"target\":{\"@type\":\"EntryPoint\",\"urlTemplate\":\"https:\\\/\\\/lightweb.dev\\\/l\\\/svm-temp\\\/?s={search_term_string}\"},\"query-input\":{\"@type\":\"PropertyValueSpecification\",\"valueRequired\":true,\"valueName\":\"search_term_string\"}}],\"inLanguage\":\"sv-SE\"},{\"@type\":\"Organization\",\"@id\":\"https:\\\/\\\/lightweb.dev\\\/l\\\/svm-temp\\\/#organization\",\"name\":\"Melkerson y Nott SL\",\"alternateName\":\"Svenska Magasinet\",\"url\":\"https:\\\/\\\/lightweb.dev\\\/l\\\/svm-temp\\\/\",\"logo\":{\"@type\":\"ImageObject\",\"inLanguage\":\"sv-SE\",\"@id\":\"https:\\\/\\\/lightweb.dev\\\/l\\\/svm-temp\\\/#\\\/schema\\\/logo\\\/image\\\/\",\"url\":\"https:\\\/\\\/lightweb.dev\\\/l\\\/svm-temp\\\/wp-content\\\/uploads\\\/2025\\\/02\\\/SvM-logo-Xtra-Centrerad-SVART.png\",\"contentUrl\":\"https:\\\/\\\/lightweb.dev\\\/l\\\/svm-temp\\\/wp-content\\\/uploads\\\/2025\\\/02\\\/SvM-logo-Xtra-Centrerad-SVART.png\",\"width\":300,\"height\":99,\"caption\":\"Melkerson y Nott SL\"},\"image\":{\"@id\":\"https:\\\/\\\/lightweb.dev\\\/l\\\/svm-temp\\\/#\\\/schema\\\/logo\\\/image\\\/\"},\"sameAs\":[\"https:\\\/\\\/www.facebook.com\\\/svenskamagasinet\",\"https:\\\/\\\/x.com\\\/SvenskaMagasine\"]},{\"@type\":\"Person\",\"@id\":\"https:\\\/\\\/lightweb.dev\\\/l\\\/svm-temp\\\/#\\\/schema\\\/person\\\/206a3bda5b607b0c25e1749191e4d837\",\"name\":\"Redaktionen SvM\",\"description\":\"Redaktionen\",\"sameAs\":[\"https:\\\/\\\/lightweb.dev\\\/l\\\/svm-temp\"],\"url\":\"https:\\\/\\\/lightweb.dev\\\/l\\\/svm-temp\\\/reporter\\\/redaktionen\\\/\"}]}<\/script>\n<!-- \/ Yoast SEO Premium plugin. -->","yoast_head_json":{"title":"H\u00e4r grips kvinna p\u00e5 M\u00e1laga flygplats \u2013 skulle ansluta sig till IS - Svenska Magasinet","robots":{"index":"noindex","follow":"follow","max-snippet":"max-snippet:-1","max-image-preview":"max-image-preview:large","max-video-preview":"max-video-preview:-1"},"og_locale":"sv_SE","og_type":"article","og_title":"H\u00e4r grips kvinna p\u00e5 M\u00e1laga flygplats \u2013 skulle ansluta sig till IS","og_description":"Den 26-\u00e5riga kvinna som i fredags greps p\u00e5 M\u00e1laga flygplats n\u00e4r hon kom med ett flygplan fr\u00e5n Turkiet har h\u00e4ktats vid en domstol misst\u00e4nkt f\u00f6r kopplingar till islamiska staten IS. Det beslutade domaren Santiago Pedraz vid nationaldomstolen. Enligt nyhetsbyr\u00e5n EFE har inte kvinnan m\u00f6jlighet till borgen. Hon greps p\u00e5 M\u00e1laga flygplats i fredags n\u00e4r hon [&hellip;]","og_url":"https:\/\/lightweb.dev\/l\/svm-temp\/nyheter\/har-grips-kvinna-pa-malaga-flygplats-skulle-ansluta-sig-till-is\/","og_site_name":"Svenska Magasinet","article_publisher":"https:\/\/www.facebook.com\/svenskamagasinet","article_published_time":"2015-11-08T23:00:00+00:00","og_image":[{"width":371,"height":200,"url":"https:\/\/lightweb.dev\/l\/svm-temp\/wp-content\/uploads\/2022\/06\/har-grips-kvinna-pa-malaga-flygplats-skulle-ansluta-sig-till-is.png","type":"image\/png"}],"author":"Redaktionen SvM","twitter_card":"summary_large_image","twitter_creator":"@SvenskaMagasine","twitter_site":"@SvenskaMagasine","schema":{"@context":"https:\/\/schema.org","@graph":[{"@type":"Article","@id":"https:\/\/lightweb.dev\/l\/svm-temp\/nyheter\/har-grips-kvinna-pa-malaga-flygplats-skulle-ansluta-sig-till-is\/#article","isPartOf":{"@id":"https:\/\/lightweb.dev\/l\/svm-temp\/nyheter\/har-grips-kvinna-pa-malaga-flygplats-skulle-ansluta-sig-till-is\/"},"author":{"name":"Redaktionen SvM","@id":"https:\/\/lightweb.dev\/l\/svm-temp\/#\/schema\/person\/206a3bda5b607b0c25e1749191e4d837"},"headline":"H\u00e4r grips kvinna p\u00e5 M\u00e1laga flygplats \u2013 skulle ansluta sig till IS","datePublished":"2015-11-08T23:00:00+00:00","mainEntityOfPage":{"@id":"https:\/\/lightweb.dev\/l\/svm-temp\/nyheter\/har-grips-kvinna-pa-malaga-flygplats-skulle-ansluta-sig-till-is\/"},"wordCount":170,"commentCount":0,"publisher":{"@id":"https:\/\/lightweb.dev\/l\/svm-temp\/#organization"},"image":{"@id":"https:\/\/lightweb.dev\/l\/svm-temp\/nyheter\/har-grips-kvinna-pa-malaga-flygplats-skulle-ansluta-sig-till-is\/#primaryimage"},"thumbnailUrl":"https:\/\/lightweb.dev\/l\/svm-temp\/wp-content\/uploads\/2022\/06\/har-grips-kvinna-pa-malaga-flygplats-skulle-ansluta-sig-till-is.png","articleSection":["Arkiv","Nyheter"],"inLanguage":"sv-SE"},{"@type":"WebPage","@id":"https:\/\/lightweb.dev\/l\/svm-temp\/nyheter\/har-grips-kvinna-pa-malaga-flygplats-skulle-ansluta-sig-till-is\/","url":"https:\/\/lightweb.dev\/l\/svm-temp\/nyheter\/har-grips-kvinna-pa-malaga-flygplats-skulle-ansluta-sig-till-is\/","name":"H\u00e4r grips kvinna p\u00e5 M\u00e1laga flygplats \u2013 skulle ansluta sig till IS - Svenska Magasinet","isPartOf":{"@id":"https:\/\/lightweb.dev\/l\/svm-temp\/#website"},"primaryImageOfPage":{"@id":"https:\/\/lightweb.dev\/l\/svm-temp\/nyheter\/har-grips-kvinna-pa-malaga-flygplats-skulle-ansluta-sig-till-is\/#primaryimage"},"image":{"@id":"https:\/\/lightweb.dev\/l\/svm-temp\/nyheter\/har-grips-kvinna-pa-malaga-flygplats-skulle-ansluta-sig-till-is\/#primaryimage"},"thumbnailUrl":"https:\/\/lightweb.dev\/l\/svm-temp\/wp-content\/uploads\/2022\/06\/har-grips-kvinna-pa-malaga-flygplats-skulle-ansluta-sig-till-is.png","datePublished":"2015-11-08T23:00:00+00:00","breadcrumb":{"@id":"https:\/\/lightweb.dev\/l\/svm-temp\/nyheter\/har-grips-kvinna-pa-malaga-flygplats-skulle-ansluta-sig-till-is\/#breadcrumb"},"inLanguage":"sv-SE","potentialAction":[{"@type":"ReadAction","target":["https:\/\/lightweb.dev\/l\/svm-temp\/nyheter\/har-grips-kvinna-pa-malaga-flygplats-skulle-ansluta-sig-till-is\/"]}]},{"@type":"ImageObject","inLanguage":"sv-SE","@id":"https:\/\/lightweb.dev\/l\/svm-temp\/nyheter\/har-grips-kvinna-pa-malaga-flygplats-skulle-ansluta-sig-till-is\/#primaryimage","url":"https:\/\/lightweb.dev\/l\/svm-temp\/wp-content\/uploads\/2022\/06\/har-grips-kvinna-pa-malaga-flygplats-skulle-ansluta-sig-till-is.png","contentUrl":"https:\/\/lightweb.dev\/l\/svm-temp\/wp-content\/uploads\/2022\/06\/har-grips-kvinna-pa-malaga-flygplats-skulle-ansluta-sig-till-is.png","width":371,"height":200},{"@type":"BreadcrumbList","@id":"https:\/\/lightweb.dev\/l\/svm-temp\/nyheter\/har-grips-kvinna-pa-malaga-flygplats-skulle-ansluta-sig-till-is\/#breadcrumb","itemListElement":[{"@type":"ListItem","position":1,"name":"Hem","item":"https:\/\/lightweb.dev\/l\/svm-temp\/"},{"@type":"ListItem","position":2,"name":"H\u00e4r grips kvinna p\u00e5 M\u00e1laga flygplats \u2013 skulle ansluta sig till IS"}]},{"@type":"WebSite","@id":"https:\/\/lightweb.dev\/l\/svm-temp\/#website","url":"https:\/\/lightweb.dev\/l\/svm-temp\/","name":"Svenska Magasinet","description":"Dina Spanska nyheter p&aring; Svenska","publisher":{"@id":"https:\/\/lightweb.dev\/l\/svm-temp\/#organization"},"potentialAction":[{"@type":"SearchAction","target":{"@type":"EntryPoint","urlTemplate":"https:\/\/lightweb.dev\/l\/svm-temp\/?s={search_term_string}"},"query-input":{"@type":"PropertyValueSpecification","valueRequired":true,"valueName":"search_term_string"}}],"inLanguage":"sv-SE"},{"@type":"Organization","@id":"https:\/\/lightweb.dev\/l\/svm-temp\/#organization","name":"Melkerson y Nott SL","alternateName":"Svenska Magasinet","url":"https:\/\/lightweb.dev\/l\/svm-temp\/","logo":{"@type":"ImageObject","inLanguage":"sv-SE","@id":"https:\/\/lightweb.dev\/l\/svm-temp\/#\/schema\/logo\/image\/","url":"https:\/\/lightweb.dev\/l\/svm-temp\/wp-content\/uploads\/2025\/02\/SvM-logo-Xtra-Centrerad-SVART.png","contentUrl":"https:\/\/lightweb.dev\/l\/svm-temp\/wp-content\/uploads\/2025\/02\/SvM-logo-Xtra-Centrerad-SVART.png","width":300,"height":99,"caption":"Melkerson y Nott SL"},"image":{"@id":"https:\/\/lightweb.dev\/l\/svm-temp\/#\/schema\/logo\/image\/"},"sameAs":["https:\/\/www.facebook.com\/svenskamagasinet","https:\/\/x.com\/SvenskaMagasine"]},{"@type":"Person","@id":"https:\/\/lightweb.dev\/l\/svm-temp\/#\/schema\/person\/206a3bda5b607b0c25e1749191e4d837","name":"Redaktionen SvM","description":"Redaktionen","sameAs":["https:\/\/lightweb.dev\/l\/svm-temp"],"url":"https:\/\/lightweb.dev\/l\/svm-temp\/reporter\/redaktionen\/"}]}},"_links":{"self":[{"href":"https:\/\/lightweb.dev\/l\/svm-temp\/wp-json\/wp\/v2\/posts\/23267","targetHints":{"allow":["GET"]}}],"collection":[{"href":"https:\/\/lightweb.dev\/l\/svm-temp\/wp-json\/wp\/v2\/posts"}],"about":[{"href":"https:\/\/lightweb.dev\/l\/svm-temp\/wp-json\/wp\/v2\/types\/post"}],"author":[{"embeddable":true,"href":"https:\/\/lightweb.dev\/l\/svm-temp\/wp-json\/wp\/v2\/users\/8"}],"replies":[{"embeddable":true,"href":"https:\/\/lightweb.dev\/l\/svm-temp\/wp-json\/wp\/v2\/comments?post=23267"}],"version-history":[{"count":0,"href":"https:\/\/lightweb.dev\/l\/svm-temp\/wp-json\/wp\/v2\/posts\/23267\/revisions"}],"wp:featuredmedia":[{"embeddable":true,"href":"https:\/\/lightweb.dev\/l\/svm-temp\/wp-json\/wp\/v2\/media\/23268"}],"wp:attachment":[{"href":"https:\/\/lightweb.dev\/l\/svm-temp\/wp-json\/wp\/v2\/media?parent=23267"}],"wp:term":[{"taxonomy":"category","embeddable":true,"href":"https:\/\/lightweb.dev\/l\/svm-temp\/wp-json\/wp\/v2\/categories?post=23267"},{"taxonomy":"post_tag","embeddable":true,"href":"https:\/\/lightweb.dev\/l\/svm-temp\/wp-json\/wp\/v2\/tags?post=23267"}],"curies":[{"name":"wp","href":"https:\/\/api.w.org\/{rel}","templated":true}]}}