{"id":23277,"date":"2015-11-06T00:00:00","date_gmt":"2015-11-05T23:00:00","guid":{"rendered":"https:\/\/lightweb.dev\/l\/svm-temp\/nyheter\/allt-fler-nordiska-overvintrare-soker-sig-till-almunecar\/"},"modified":"2015-11-06T00:00:00","modified_gmt":"2015-11-05T23:00:00","slug":"allt-fler-nordiska-overvintrare-soker-sig-till-almunecar","status":"publish","type":"post","link":"https:\/\/lightweb.dev\/l\/svm-temp\/nyheter\/allt-fler-nordiska-overvintrare-soker-sig-till-almunecar\/","title":{"rendered":"Allt fler nordiska \u00f6vervintrare s\u00f6ker sig till Almu\u00f1\u00e9car"},"content":{"rendered":"<p> Tack vare \u00f6vervintrare fr\u00e5n Sverige, Norge och Belgien kan flera hotell p\u00e5 Costa Tropical h\u00e5lla \u00f6ppet vintertid skriver dagstidningen Ideal. Hotellen i Almu\u00f1\u00e9car har tagit upp konkurrensen med Costa del Sol och Benidorm och genom att n\u00e4rvara vid olika seniorm\u00e4ssor i utlandet har man lyckats att dra till sig resen\u00e4rer till det utm\u00e4rkta klimatet som k\u00e4nnetecknar Costa Tropical.<\/p>\n<p>Flera anv\u00e4nder sig av operat\u00f6ren Imserso som hotell Carmen, hotell playa Cotobro, Victoria Playa och La Najarra.<\/p>\n<p>Bilden av nordiska \u00f6vervintrare i Almu\u00f1\u00e9car bekr\u00e4ftas av den lokala guiden Bo Ess\u00e9n, bosatt p\u00e5 platsen sedan flera \u00e5r tillbaka.<br \/>\n&#8211; F\u00f6rra \u00e5ret var det finska resebolaget Ingves h\u00e4r med en grupp. F\u00f6re sommaren gick de ihop med Svanb\u00e4cks och v\u00e4xte till 40 fordon, taxi, minibussar och stora turistbussar. I \u00e5r kommer de med tre grupper om 140 personer. De kommer fr\u00e5n den svenskspr\u00e5kiga delen i \u00d6sterbotten. N\u00e4st \u00e5rs katalog hoppas jag att de tar med de finsktalande som utg\u00f6r den st\u00f6rre delen av landet, ber\u00e4ttar Bosse Ess\u00e9n som \u00e4r lokal guide.<\/p>\n<p>&#8211; Almu\u00f1\u00e9car beh\u00f6ver mer folk under vinterhalv\u00e5ret och folk fr\u00e5n norra Europa beh\u00f6ver sol och v\u00e4rme under vintern. En bussresa till La Alpujarra p\u00e5 Sierra Nevadas sydsluttning \u00e4r ett m\u00e5ste, h\u00e4lsar Bosse.<\/p>\n<p>\u00c4ven i Torremolinos p\u00e5 Costa del Sol \u00f6kar antalet nordiska \u00f6vervintrare. Det \u00e4r fr\u00e4mst hotell Amaragua och Tropicana i La Carihuela som under vinterhalv\u00e5ret fram till p\u00e5sk lockar svenskar \u00f6ver 60 \u00e5r. <\/p>\n","protected":false},"excerpt":{"rendered":"<p>Tack vare \u00f6vervintrare fr\u00e5n Sverige, Norge och Belgien kan flera hotell p\u00e5 Costa Tropical h\u00e5lla \u00f6ppet vintertid skriver dagstidningen Ideal. Hotellen i Almu\u00f1\u00e9car har tagit upp konkurrensen med Costa del Sol och Benidorm och genom att n\u00e4rvara vid olika seniorm\u00e4ssor i utlandet har man lyckats att dra till sig resen\u00e4rer till det utm\u00e4rkta klimatet som [&hellip;]<\/p>\n","protected":false},"author":8,"featured_media":23278,"comment_status":"open","ping_status":"open","sticky":false,"template":"","format":"standard","meta":{"_et_pb_use_builder":"","_et_pb_old_content":"","_et_gb_content_width":"","footnotes":""},"categories":[395,3],"tags":[],"class_list":["post-23277","post","type-post","status-publish","format-standard","has-post-thumbnail","hentry","category-arkiv-nyheter","category-nyheter"],"yoast_head":"<!-- This site is optimized with the Yoast SEO Premium plugin v26.2 (Yoast SEO v27.4) - https:\/\/yoast.com\/product\/yoast-seo-premium-wordpress\/ -->\n<title>Allt fler nordiska \u00f6vervintrare s\u00f6ker sig till Almu\u00f1\u00e9car - Svenska Magasinet<\/title>\n<meta name=\"robots\" content=\"noindex, follow, max-snippet:-1, max-image-preview:large, max-video-preview:-1\" \/>\n<meta property=\"og:locale\" content=\"sv_SE\" \/>\n<meta property=\"og:type\" content=\"article\" \/>\n<meta property=\"og:title\" content=\"Allt fler nordiska \u00f6vervintrare s\u00f6ker sig till Almu\u00f1\u00e9car\" \/>\n<meta property=\"og:description\" content=\"Tack vare \u00f6vervintrare fr\u00e5n Sverige, Norge och Belgien kan flera hotell p\u00e5 Costa Tropical h\u00e5lla \u00f6ppet vintertid skriver dagstidningen Ideal. Hotellen i Almu\u00f1\u00e9car har tagit upp konkurrensen med Costa del Sol och Benidorm och genom att n\u00e4rvara vid olika seniorm\u00e4ssor i utlandet har man lyckats att dra till sig resen\u00e4rer till det utm\u00e4rkta klimatet som [&hellip;]\" \/>\n<meta property=\"og:url\" content=\"https:\/\/lightweb.dev\/l\/svm-temp\/nyheter\/allt-fler-nordiska-overvintrare-soker-sig-till-almunecar\/\" \/>\n<meta property=\"og:site_name\" content=\"Svenska Magasinet\" \/>\n<meta property=\"article:publisher\" content=\"https:\/\/www.facebook.com\/svenskamagasinet\" \/>\n<meta property=\"article:published_time\" content=\"2015-11-05T23:00:00+00:00\" \/>\n<meta property=\"og:image\" content=\"https:\/\/lightweb.dev\/l\/svm-temp\/wp-content\/uploads\/2022\/06\/allt-fler-nordiska-overvintrare-soker-sig-till-almuecar.png\" \/>\n\t<meta property=\"og:image:width\" content=\"356\" \/>\n\t<meta property=\"og:image:height\" content=\"200\" \/>\n\t<meta property=\"og:image:type\" content=\"image\/png\" \/>\n<meta name=\"author\" content=\"Redaktionen SvM\" \/>\n<meta name=\"twitter:card\" content=\"summary_large_image\" \/>\n<meta name=\"twitter:creator\" content=\"@SvenskaMagasine\" \/>\n<meta name=\"twitter:site\" content=\"@SvenskaMagasine\" \/>\n<script type=\"application\/ld+json\" class=\"yoast-schema-graph\">{\"@context\":\"https:\\\/\\\/schema.org\",\"@graph\":[{\"@type\":\"Article\",\"@id\":\"https:\\\/\\\/lightweb.dev\\\/l\\\/svm-temp\\\/nyheter\\\/allt-fler-nordiska-overvintrare-soker-sig-till-almunecar\\\/#article\",\"isPartOf\":{\"@id\":\"https:\\\/\\\/lightweb.dev\\\/l\\\/svm-temp\\\/nyheter\\\/allt-fler-nordiska-overvintrare-soker-sig-till-almunecar\\\/\"},\"author\":{\"name\":\"Redaktionen SvM\",\"@id\":\"https:\\\/\\\/lightweb.dev\\\/l\\\/svm-temp\\\/#\\\/schema\\\/person\\\/206a3bda5b607b0c25e1749191e4d837\"},\"headline\":\"Allt fler nordiska \u00f6vervintrare s\u00f6ker sig till Almu\u00f1\u00e9car\",\"datePublished\":\"2015-11-05T23:00:00+00:00\",\"mainEntityOfPage\":{\"@id\":\"https:\\\/\\\/lightweb.dev\\\/l\\\/svm-temp\\\/nyheter\\\/allt-fler-nordiska-overvintrare-soker-sig-till-almunecar\\\/\"},\"wordCount\":274,\"commentCount\":0,\"publisher\":{\"@id\":\"https:\\\/\\\/lightweb.dev\\\/l\\\/svm-temp\\\/#organization\"},\"image\":{\"@id\":\"https:\\\/\\\/lightweb.dev\\\/l\\\/svm-temp\\\/nyheter\\\/allt-fler-nordiska-overvintrare-soker-sig-till-almunecar\\\/#primaryimage\"},\"thumbnailUrl\":\"https:\\\/\\\/lightweb.dev\\\/l\\\/svm-temp\\\/wp-content\\\/uploads\\\/2022\\\/06\\\/allt-fler-nordiska-overvintrare-soker-sig-till-almuecar.png\",\"articleSection\":[\"Arkiv\",\"Nyheter\"],\"inLanguage\":\"sv-SE\"},{\"@type\":\"WebPage\",\"@id\":\"https:\\\/\\\/lightweb.dev\\\/l\\\/svm-temp\\\/nyheter\\\/allt-fler-nordiska-overvintrare-soker-sig-till-almunecar\\\/\",\"url\":\"https:\\\/\\\/lightweb.dev\\\/l\\\/svm-temp\\\/nyheter\\\/allt-fler-nordiska-overvintrare-soker-sig-till-almunecar\\\/\",\"name\":\"Allt fler nordiska \u00f6vervintrare s\u00f6ker sig till Almu\u00f1\u00e9car - Svenska Magasinet\",\"isPartOf\":{\"@id\":\"https:\\\/\\\/lightweb.dev\\\/l\\\/svm-temp\\\/#website\"},\"primaryImageOfPage\":{\"@id\":\"https:\\\/\\\/lightweb.dev\\\/l\\\/svm-temp\\\/nyheter\\\/allt-fler-nordiska-overvintrare-soker-sig-till-almunecar\\\/#primaryimage\"},\"image\":{\"@id\":\"https:\\\/\\\/lightweb.dev\\\/l\\\/svm-temp\\\/nyheter\\\/allt-fler-nordiska-overvintrare-soker-sig-till-almunecar\\\/#primaryimage\"},\"thumbnailUrl\":\"https:\\\/\\\/lightweb.dev\\\/l\\\/svm-temp\\\/wp-content\\\/uploads\\\/2022\\\/06\\\/allt-fler-nordiska-overvintrare-soker-sig-till-almuecar.png\",\"datePublished\":\"2015-11-05T23:00:00+00:00\",\"breadcrumb\":{\"@id\":\"https:\\\/\\\/lightweb.dev\\\/l\\\/svm-temp\\\/nyheter\\\/allt-fler-nordiska-overvintrare-soker-sig-till-almunecar\\\/#breadcrumb\"},\"inLanguage\":\"sv-SE\",\"potentialAction\":[{\"@type\":\"ReadAction\",\"target\":[\"https:\\\/\\\/lightweb.dev\\\/l\\\/svm-temp\\\/nyheter\\\/allt-fler-nordiska-overvintrare-soker-sig-till-almunecar\\\/\"]}]},{\"@type\":\"ImageObject\",\"inLanguage\":\"sv-SE\",\"@id\":\"https:\\\/\\\/lightweb.dev\\\/l\\\/svm-temp\\\/nyheter\\\/allt-fler-nordiska-overvintrare-soker-sig-till-almunecar\\\/#primaryimage\",\"url\":\"https:\\\/\\\/lightweb.dev\\\/l\\\/svm-temp\\\/wp-content\\\/uploads\\\/2022\\\/06\\\/allt-fler-nordiska-overvintrare-soker-sig-till-almuecar.png\",\"contentUrl\":\"https:\\\/\\\/lightweb.dev\\\/l\\\/svm-temp\\\/wp-content\\\/uploads\\\/2022\\\/06\\\/allt-fler-nordiska-overvintrare-soker-sig-till-almuecar.png\",\"width\":356,\"height\":200},{\"@type\":\"BreadcrumbList\",\"@id\":\"https:\\\/\\\/lightweb.dev\\\/l\\\/svm-temp\\\/nyheter\\\/allt-fler-nordiska-overvintrare-soker-sig-till-almunecar\\\/#breadcrumb\",\"itemListElement\":[{\"@type\":\"ListItem\",\"position\":1,\"name\":\"Hem\",\"item\":\"https:\\\/\\\/lightweb.dev\\\/l\\\/svm-temp\\\/\"},{\"@type\":\"ListItem\",\"position\":2,\"name\":\"Allt fler nordiska \u00f6vervintrare s\u00f6ker sig till Almu\u00f1\u00e9car\"}]},{\"@type\":\"WebSite\",\"@id\":\"https:\\\/\\\/lightweb.dev\\\/l\\\/svm-temp\\\/#website\",\"url\":\"https:\\\/\\\/lightweb.dev\\\/l\\\/svm-temp\\\/\",\"name\":\"Svenska Magasinet\",\"description\":\"Dina Spanska nyheter p&aring; Svenska\",\"publisher\":{\"@id\":\"https:\\\/\\\/lightweb.dev\\\/l\\\/svm-temp\\\/#organization\"},\"potentialAction\":[{\"@type\":\"SearchAction\",\"target\":{\"@type\":\"EntryPoint\",\"urlTemplate\":\"https:\\\/\\\/lightweb.dev\\\/l\\\/svm-temp\\\/?s={search_term_string}\"},\"query-input\":{\"@type\":\"PropertyValueSpecification\",\"valueRequired\":true,\"valueName\":\"search_term_string\"}}],\"inLanguage\":\"sv-SE\"},{\"@type\":\"Organization\",\"@id\":\"https:\\\/\\\/lightweb.dev\\\/l\\\/svm-temp\\\/#organization\",\"name\":\"Melkerson y Nott SL\",\"alternateName\":\"Svenska Magasinet\",\"url\":\"https:\\\/\\\/lightweb.dev\\\/l\\\/svm-temp\\\/\",\"logo\":{\"@type\":\"ImageObject\",\"inLanguage\":\"sv-SE\",\"@id\":\"https:\\\/\\\/lightweb.dev\\\/l\\\/svm-temp\\\/#\\\/schema\\\/logo\\\/image\\\/\",\"url\":\"https:\\\/\\\/lightweb.dev\\\/l\\\/svm-temp\\\/wp-content\\\/uploads\\\/2025\\\/02\\\/SvM-logo-Xtra-Centrerad-SVART.png\",\"contentUrl\":\"https:\\\/\\\/lightweb.dev\\\/l\\\/svm-temp\\\/wp-content\\\/uploads\\\/2025\\\/02\\\/SvM-logo-Xtra-Centrerad-SVART.png\",\"width\":300,\"height\":99,\"caption\":\"Melkerson y Nott SL\"},\"image\":{\"@id\":\"https:\\\/\\\/lightweb.dev\\\/l\\\/svm-temp\\\/#\\\/schema\\\/logo\\\/image\\\/\"},\"sameAs\":[\"https:\\\/\\\/www.facebook.com\\\/svenskamagasinet\",\"https:\\\/\\\/x.com\\\/SvenskaMagasine\"]},{\"@type\":\"Person\",\"@id\":\"https:\\\/\\\/lightweb.dev\\\/l\\\/svm-temp\\\/#\\\/schema\\\/person\\\/206a3bda5b607b0c25e1749191e4d837\",\"name\":\"Redaktionen SvM\",\"description\":\"Redaktionen\",\"sameAs\":[\"https:\\\/\\\/lightweb.dev\\\/l\\\/svm-temp\"],\"url\":\"https:\\\/\\\/lightweb.dev\\\/l\\\/svm-temp\\\/reporter\\\/redaktionen\\\/\"}]}<\/script>\n<!-- \/ Yoast SEO Premium plugin. -->","yoast_head_json":{"title":"Allt fler nordiska \u00f6vervintrare s\u00f6ker sig till Almu\u00f1\u00e9car - Svenska Magasinet","robots":{"index":"noindex","follow":"follow","max-snippet":"max-snippet:-1","max-image-preview":"max-image-preview:large","max-video-preview":"max-video-preview:-1"},"og_locale":"sv_SE","og_type":"article","og_title":"Allt fler nordiska \u00f6vervintrare s\u00f6ker sig till Almu\u00f1\u00e9car","og_description":"Tack vare \u00f6vervintrare fr\u00e5n Sverige, Norge och Belgien kan flera hotell p\u00e5 Costa Tropical h\u00e5lla \u00f6ppet vintertid skriver dagstidningen Ideal. Hotellen i Almu\u00f1\u00e9car har tagit upp konkurrensen med Costa del Sol och Benidorm och genom att n\u00e4rvara vid olika seniorm\u00e4ssor i utlandet har man lyckats att dra till sig resen\u00e4rer till det utm\u00e4rkta klimatet som [&hellip;]","og_url":"https:\/\/lightweb.dev\/l\/svm-temp\/nyheter\/allt-fler-nordiska-overvintrare-soker-sig-till-almunecar\/","og_site_name":"Svenska Magasinet","article_publisher":"https:\/\/www.facebook.com\/svenskamagasinet","article_published_time":"2015-11-05T23:00:00+00:00","og_image":[{"width":356,"height":200,"url":"https:\/\/lightweb.dev\/l\/svm-temp\/wp-content\/uploads\/2022\/06\/allt-fler-nordiska-overvintrare-soker-sig-till-almuecar.png","type":"image\/png"}],"author":"Redaktionen SvM","twitter_card":"summary_large_image","twitter_creator":"@SvenskaMagasine","twitter_site":"@SvenskaMagasine","schema":{"@context":"https:\/\/schema.org","@graph":[{"@type":"Article","@id":"https:\/\/lightweb.dev\/l\/svm-temp\/nyheter\/allt-fler-nordiska-overvintrare-soker-sig-till-almunecar\/#article","isPartOf":{"@id":"https:\/\/lightweb.dev\/l\/svm-temp\/nyheter\/allt-fler-nordiska-overvintrare-soker-sig-till-almunecar\/"},"author":{"name":"Redaktionen SvM","@id":"https:\/\/lightweb.dev\/l\/svm-temp\/#\/schema\/person\/206a3bda5b607b0c25e1749191e4d837"},"headline":"Allt fler nordiska \u00f6vervintrare s\u00f6ker sig till Almu\u00f1\u00e9car","datePublished":"2015-11-05T23:00:00+00:00","mainEntityOfPage":{"@id":"https:\/\/lightweb.dev\/l\/svm-temp\/nyheter\/allt-fler-nordiska-overvintrare-soker-sig-till-almunecar\/"},"wordCount":274,"commentCount":0,"publisher":{"@id":"https:\/\/lightweb.dev\/l\/svm-temp\/#organization"},"image":{"@id":"https:\/\/lightweb.dev\/l\/svm-temp\/nyheter\/allt-fler-nordiska-overvintrare-soker-sig-till-almunecar\/#primaryimage"},"thumbnailUrl":"https:\/\/lightweb.dev\/l\/svm-temp\/wp-content\/uploads\/2022\/06\/allt-fler-nordiska-overvintrare-soker-sig-till-almuecar.png","articleSection":["Arkiv","Nyheter"],"inLanguage":"sv-SE"},{"@type":"WebPage","@id":"https:\/\/lightweb.dev\/l\/svm-temp\/nyheter\/allt-fler-nordiska-overvintrare-soker-sig-till-almunecar\/","url":"https:\/\/lightweb.dev\/l\/svm-temp\/nyheter\/allt-fler-nordiska-overvintrare-soker-sig-till-almunecar\/","name":"Allt fler nordiska \u00f6vervintrare s\u00f6ker sig till Almu\u00f1\u00e9car - Svenska Magasinet","isPartOf":{"@id":"https:\/\/lightweb.dev\/l\/svm-temp\/#website"},"primaryImageOfPage":{"@id":"https:\/\/lightweb.dev\/l\/svm-temp\/nyheter\/allt-fler-nordiska-overvintrare-soker-sig-till-almunecar\/#primaryimage"},"image":{"@id":"https:\/\/lightweb.dev\/l\/svm-temp\/nyheter\/allt-fler-nordiska-overvintrare-soker-sig-till-almunecar\/#primaryimage"},"thumbnailUrl":"https:\/\/lightweb.dev\/l\/svm-temp\/wp-content\/uploads\/2022\/06\/allt-fler-nordiska-overvintrare-soker-sig-till-almuecar.png","datePublished":"2015-11-05T23:00:00+00:00","breadcrumb":{"@id":"https:\/\/lightweb.dev\/l\/svm-temp\/nyheter\/allt-fler-nordiska-overvintrare-soker-sig-till-almunecar\/#breadcrumb"},"inLanguage":"sv-SE","potentialAction":[{"@type":"ReadAction","target":["https:\/\/lightweb.dev\/l\/svm-temp\/nyheter\/allt-fler-nordiska-overvintrare-soker-sig-till-almunecar\/"]}]},{"@type":"ImageObject","inLanguage":"sv-SE","@id":"https:\/\/lightweb.dev\/l\/svm-temp\/nyheter\/allt-fler-nordiska-overvintrare-soker-sig-till-almunecar\/#primaryimage","url":"https:\/\/lightweb.dev\/l\/svm-temp\/wp-content\/uploads\/2022\/06\/allt-fler-nordiska-overvintrare-soker-sig-till-almuecar.png","contentUrl":"https:\/\/lightweb.dev\/l\/svm-temp\/wp-content\/uploads\/2022\/06\/allt-fler-nordiska-overvintrare-soker-sig-till-almuecar.png","width":356,"height":200},{"@type":"BreadcrumbList","@id":"https:\/\/lightweb.dev\/l\/svm-temp\/nyheter\/allt-fler-nordiska-overvintrare-soker-sig-till-almunecar\/#breadcrumb","itemListElement":[{"@type":"ListItem","position":1,"name":"Hem","item":"https:\/\/lightweb.dev\/l\/svm-temp\/"},{"@type":"ListItem","position":2,"name":"Allt fler nordiska \u00f6vervintrare s\u00f6ker sig till Almu\u00f1\u00e9car"}]},{"@type":"WebSite","@id":"https:\/\/lightweb.dev\/l\/svm-temp\/#website","url":"https:\/\/lightweb.dev\/l\/svm-temp\/","name":"Svenska Magasinet","description":"Dina Spanska nyheter p&aring; Svenska","publisher":{"@id":"https:\/\/lightweb.dev\/l\/svm-temp\/#organization"},"potentialAction":[{"@type":"SearchAction","target":{"@type":"EntryPoint","urlTemplate":"https:\/\/lightweb.dev\/l\/svm-temp\/?s={search_term_string}"},"query-input":{"@type":"PropertyValueSpecification","valueRequired":true,"valueName":"search_term_string"}}],"inLanguage":"sv-SE"},{"@type":"Organization","@id":"https:\/\/lightweb.dev\/l\/svm-temp\/#organization","name":"Melkerson y Nott SL","alternateName":"Svenska Magasinet","url":"https:\/\/lightweb.dev\/l\/svm-temp\/","logo":{"@type":"ImageObject","inLanguage":"sv-SE","@id":"https:\/\/lightweb.dev\/l\/svm-temp\/#\/schema\/logo\/image\/","url":"https:\/\/lightweb.dev\/l\/svm-temp\/wp-content\/uploads\/2025\/02\/SvM-logo-Xtra-Centrerad-SVART.png","contentUrl":"https:\/\/lightweb.dev\/l\/svm-temp\/wp-content\/uploads\/2025\/02\/SvM-logo-Xtra-Centrerad-SVART.png","width":300,"height":99,"caption":"Melkerson y Nott SL"},"image":{"@id":"https:\/\/lightweb.dev\/l\/svm-temp\/#\/schema\/logo\/image\/"},"sameAs":["https:\/\/www.facebook.com\/svenskamagasinet","https:\/\/x.com\/SvenskaMagasine"]},{"@type":"Person","@id":"https:\/\/lightweb.dev\/l\/svm-temp\/#\/schema\/person\/206a3bda5b607b0c25e1749191e4d837","name":"Redaktionen SvM","description":"Redaktionen","sameAs":["https:\/\/lightweb.dev\/l\/svm-temp"],"url":"https:\/\/lightweb.dev\/l\/svm-temp\/reporter\/redaktionen\/"}]}},"_links":{"self":[{"href":"https:\/\/lightweb.dev\/l\/svm-temp\/wp-json\/wp\/v2\/posts\/23277","targetHints":{"allow":["GET"]}}],"collection":[{"href":"https:\/\/lightweb.dev\/l\/svm-temp\/wp-json\/wp\/v2\/posts"}],"about":[{"href":"https:\/\/lightweb.dev\/l\/svm-temp\/wp-json\/wp\/v2\/types\/post"}],"author":[{"embeddable":true,"href":"https:\/\/lightweb.dev\/l\/svm-temp\/wp-json\/wp\/v2\/users\/8"}],"replies":[{"embeddable":true,"href":"https:\/\/lightweb.dev\/l\/svm-temp\/wp-json\/wp\/v2\/comments?post=23277"}],"version-history":[{"count":0,"href":"https:\/\/lightweb.dev\/l\/svm-temp\/wp-json\/wp\/v2\/posts\/23277\/revisions"}],"wp:featuredmedia":[{"embeddable":true,"href":"https:\/\/lightweb.dev\/l\/svm-temp\/wp-json\/wp\/v2\/media\/23278"}],"wp:attachment":[{"href":"https:\/\/lightweb.dev\/l\/svm-temp\/wp-json\/wp\/v2\/media?parent=23277"}],"wp:term":[{"taxonomy":"category","embeddable":true,"href":"https:\/\/lightweb.dev\/l\/svm-temp\/wp-json\/wp\/v2\/categories?post=23277"},{"taxonomy":"post_tag","embeddable":true,"href":"https:\/\/lightweb.dev\/l\/svm-temp\/wp-json\/wp\/v2\/tags?post=23277"}],"curies":[{"name":"wp","href":"https:\/\/api.w.org\/{rel}","templated":true}]}}