{"id":23279,"date":"2015-11-06T00:00:00","date_gmt":"2015-11-05T23:00:00","guid":{"rendered":"https:\/\/lightweb.dev\/l\/svm-temp\/nyheter\/brutal-avrattning-i-mijas-avslojade-internationell-narkotikaliga\/"},"modified":"2015-11-06T00:00:00","modified_gmt":"2015-11-05T23:00:00","slug":"brutal-avrattning-i-mijas-avslojade-internationell-narkotikaliga","status":"publish","type":"post","link":"https:\/\/lightweb.dev\/l\/svm-temp\/nyheter\/brutal-avrattning-i-mijas-avslojade-internationell-narkotikaliga\/","title":{"rendered":"Brutal avr\u00e4ttning i Mijas avsl\u00f6jade internationell narkotikaliga"},"content":{"rendered":"<p> Guardia Civil har avsl\u00f6jat en internationell narkotikaliga efter att en 34-\u00e5rig amerikansk medborgare hittades bakbunden och skjuten till d\u00f6ds med tre skott i en bostad i Mijas. Uppt\u00e4ckten gjordes i maj och d\u00e4refter inledde gendarmer vid Guardia Civil en utredning som har resulterat i att 14 kubanska och colombianska medborgare har gripits i Spanien varav 13 har h\u00e4ktats.<\/p>\n<p>Narkotikaligan har anv\u00e4nt sig av extremt v\u00e5ld vilket h\u00e4ndelsen med den amerikanske medborgare som hittades med bakbundna h\u00e4nder och tre d\u00f6dande skott. Det r\u00f6rde sig om en avr\u00e4ttning.<\/p>\n<p>Mannen hade precis innan haft ett m\u00f6te med tv\u00e5 personer som tillh\u00f6rde narkotikaligan. En aff\u00e4r var p\u00e5 g\u00e5ng trodde mannen. I st\u00e4llet avr\u00e4ttade de tv\u00e5 personerna den 34-\u00e5rige mannen.<\/p>\n<p>Tillslaget g\u00e5r under namnet \u201dRencilla\u201d och gripanden har gjorts i M\u00e1laga, Madrid, Toledo och Guadalajara. Vid tillslagen har Guardia Civil kommit \u00f6ver vapen med ljudd\u00e4mpare, kontanter, falska sedlar och 32 kilo kokain enligt ett pressmeddelande. Man har \u00e4ven funnit polisuniformer och falska identifieringar som skulle f\u00f6rest\u00e4lla spansk nationalpolis.<\/p>\n<p>De h\u00e4ktade \u00e4r misst\u00e4nkta f\u00f6r mord, grovt narkotikabrott, f\u00f6rfalskning, olaga vapeninnehav och att ing\u00e5 i en kriminell organisation. <\/p>\n","protected":false},"excerpt":{"rendered":"<p>Guardia Civil har avsl\u00f6jat en internationell narkotikaliga efter att en 34-\u00e5rig amerikansk medborgare hittades bakbunden och skjuten till d\u00f6ds med tre skott i en bostad i Mijas. Uppt\u00e4ckten gjordes i maj och d\u00e4refter inledde gendarmer vid Guardia Civil en utredning som har resulterat i att 14 kubanska och colombianska medborgare har gripits i Spanien varav [&hellip;]<\/p>\n","protected":false},"author":8,"featured_media":23280,"comment_status":"open","ping_status":"open","sticky":false,"template":"","format":"standard","meta":{"_et_pb_use_builder":"","_et_pb_old_content":"","_et_gb_content_width":"","footnotes":""},"categories":[395,3],"tags":[],"class_list":["post-23279","post","type-post","status-publish","format-standard","has-post-thumbnail","hentry","category-arkiv-nyheter","category-nyheter"],"yoast_head":"<!-- This site is optimized with the Yoast SEO Premium plugin v26.2 (Yoast SEO v27.4) - https:\/\/yoast.com\/product\/yoast-seo-premium-wordpress\/ -->\n<title>Brutal avr\u00e4ttning i Mijas avsl\u00f6jade internationell narkotikaliga - Svenska Magasinet<\/title>\n<meta name=\"robots\" content=\"noindex, follow, max-snippet:-1, max-image-preview:large, max-video-preview:-1\" \/>\n<meta property=\"og:locale\" content=\"sv_SE\" \/>\n<meta property=\"og:type\" content=\"article\" \/>\n<meta property=\"og:title\" content=\"Brutal avr\u00e4ttning i Mijas avsl\u00f6jade internationell narkotikaliga\" \/>\n<meta property=\"og:description\" content=\"Guardia Civil har avsl\u00f6jat en internationell narkotikaliga efter att en 34-\u00e5rig amerikansk medborgare hittades bakbunden och skjuten till d\u00f6ds med tre skott i en bostad i Mijas. Uppt\u00e4ckten gjordes i maj och d\u00e4refter inledde gendarmer vid Guardia Civil en utredning som har resulterat i att 14 kubanska och colombianska medborgare har gripits i Spanien varav [&hellip;]\" \/>\n<meta property=\"og:url\" content=\"https:\/\/lightweb.dev\/l\/svm-temp\/nyheter\/brutal-avrattning-i-mijas-avslojade-internationell-narkotikaliga\/\" \/>\n<meta property=\"og:site_name\" content=\"Svenska Magasinet\" \/>\n<meta property=\"article:publisher\" content=\"https:\/\/www.facebook.com\/svenskamagasinet\" \/>\n<meta property=\"article:published_time\" content=\"2015-11-05T23:00:00+00:00\" \/>\n<meta property=\"og:image\" content=\"https:\/\/lightweb.dev\/l\/svm-temp\/wp-content\/uploads\/2022\/06\/brutal-avrattning-i-mijas-avslojade-internationell-narkotikaliga.png\" \/>\n\t<meta property=\"og:image:width\" content=\"358\" \/>\n\t<meta property=\"og:image:height\" content=\"200\" \/>\n\t<meta property=\"og:image:type\" content=\"image\/png\" \/>\n<meta name=\"author\" content=\"Redaktionen SvM\" \/>\n<meta name=\"twitter:card\" content=\"summary_large_image\" \/>\n<meta name=\"twitter:creator\" content=\"@SvenskaMagasine\" \/>\n<meta name=\"twitter:site\" content=\"@SvenskaMagasine\" \/>\n<script type=\"application\/ld+json\" class=\"yoast-schema-graph\">{\"@context\":\"https:\\\/\\\/schema.org\",\"@graph\":[{\"@type\":\"Article\",\"@id\":\"https:\\\/\\\/lightweb.dev\\\/l\\\/svm-temp\\\/nyheter\\\/brutal-avrattning-i-mijas-avslojade-internationell-narkotikaliga\\\/#article\",\"isPartOf\":{\"@id\":\"https:\\\/\\\/lightweb.dev\\\/l\\\/svm-temp\\\/nyheter\\\/brutal-avrattning-i-mijas-avslojade-internationell-narkotikaliga\\\/\"},\"author\":{\"name\":\"Redaktionen SvM\",\"@id\":\"https:\\\/\\\/lightweb.dev\\\/l\\\/svm-temp\\\/#\\\/schema\\\/person\\\/206a3bda5b607b0c25e1749191e4d837\"},\"headline\":\"Brutal avr\u00e4ttning i Mijas avsl\u00f6jade internationell narkotikaliga\",\"datePublished\":\"2015-11-05T23:00:00+00:00\",\"mainEntityOfPage\":{\"@id\":\"https:\\\/\\\/lightweb.dev\\\/l\\\/svm-temp\\\/nyheter\\\/brutal-avrattning-i-mijas-avslojade-internationell-narkotikaliga\\\/\"},\"wordCount\":216,\"commentCount\":0,\"publisher\":{\"@id\":\"https:\\\/\\\/lightweb.dev\\\/l\\\/svm-temp\\\/#organization\"},\"image\":{\"@id\":\"https:\\\/\\\/lightweb.dev\\\/l\\\/svm-temp\\\/nyheter\\\/brutal-avrattning-i-mijas-avslojade-internationell-narkotikaliga\\\/#primaryimage\"},\"thumbnailUrl\":\"https:\\\/\\\/lightweb.dev\\\/l\\\/svm-temp\\\/wp-content\\\/uploads\\\/2022\\\/06\\\/brutal-avrattning-i-mijas-avslojade-internationell-narkotikaliga.png\",\"articleSection\":[\"Arkiv\",\"Nyheter\"],\"inLanguage\":\"sv-SE\"},{\"@type\":\"WebPage\",\"@id\":\"https:\\\/\\\/lightweb.dev\\\/l\\\/svm-temp\\\/nyheter\\\/brutal-avrattning-i-mijas-avslojade-internationell-narkotikaliga\\\/\",\"url\":\"https:\\\/\\\/lightweb.dev\\\/l\\\/svm-temp\\\/nyheter\\\/brutal-avrattning-i-mijas-avslojade-internationell-narkotikaliga\\\/\",\"name\":\"Brutal avr\u00e4ttning i Mijas avsl\u00f6jade internationell narkotikaliga - Svenska Magasinet\",\"isPartOf\":{\"@id\":\"https:\\\/\\\/lightweb.dev\\\/l\\\/svm-temp\\\/#website\"},\"primaryImageOfPage\":{\"@id\":\"https:\\\/\\\/lightweb.dev\\\/l\\\/svm-temp\\\/nyheter\\\/brutal-avrattning-i-mijas-avslojade-internationell-narkotikaliga\\\/#primaryimage\"},\"image\":{\"@id\":\"https:\\\/\\\/lightweb.dev\\\/l\\\/svm-temp\\\/nyheter\\\/brutal-avrattning-i-mijas-avslojade-internationell-narkotikaliga\\\/#primaryimage\"},\"thumbnailUrl\":\"https:\\\/\\\/lightweb.dev\\\/l\\\/svm-temp\\\/wp-content\\\/uploads\\\/2022\\\/06\\\/brutal-avrattning-i-mijas-avslojade-internationell-narkotikaliga.png\",\"datePublished\":\"2015-11-05T23:00:00+00:00\",\"breadcrumb\":{\"@id\":\"https:\\\/\\\/lightweb.dev\\\/l\\\/svm-temp\\\/nyheter\\\/brutal-avrattning-i-mijas-avslojade-internationell-narkotikaliga\\\/#breadcrumb\"},\"inLanguage\":\"sv-SE\",\"potentialAction\":[{\"@type\":\"ReadAction\",\"target\":[\"https:\\\/\\\/lightweb.dev\\\/l\\\/svm-temp\\\/nyheter\\\/brutal-avrattning-i-mijas-avslojade-internationell-narkotikaliga\\\/\"]}]},{\"@type\":\"ImageObject\",\"inLanguage\":\"sv-SE\",\"@id\":\"https:\\\/\\\/lightweb.dev\\\/l\\\/svm-temp\\\/nyheter\\\/brutal-avrattning-i-mijas-avslojade-internationell-narkotikaliga\\\/#primaryimage\",\"url\":\"https:\\\/\\\/lightweb.dev\\\/l\\\/svm-temp\\\/wp-content\\\/uploads\\\/2022\\\/06\\\/brutal-avrattning-i-mijas-avslojade-internationell-narkotikaliga.png\",\"contentUrl\":\"https:\\\/\\\/lightweb.dev\\\/l\\\/svm-temp\\\/wp-content\\\/uploads\\\/2022\\\/06\\\/brutal-avrattning-i-mijas-avslojade-internationell-narkotikaliga.png\",\"width\":358,\"height\":200},{\"@type\":\"BreadcrumbList\",\"@id\":\"https:\\\/\\\/lightweb.dev\\\/l\\\/svm-temp\\\/nyheter\\\/brutal-avrattning-i-mijas-avslojade-internationell-narkotikaliga\\\/#breadcrumb\",\"itemListElement\":[{\"@type\":\"ListItem\",\"position\":1,\"name\":\"Hem\",\"item\":\"https:\\\/\\\/lightweb.dev\\\/l\\\/svm-temp\\\/\"},{\"@type\":\"ListItem\",\"position\":2,\"name\":\"Brutal avr\u00e4ttning i Mijas avsl\u00f6jade internationell narkotikaliga\"}]},{\"@type\":\"WebSite\",\"@id\":\"https:\\\/\\\/lightweb.dev\\\/l\\\/svm-temp\\\/#website\",\"url\":\"https:\\\/\\\/lightweb.dev\\\/l\\\/svm-temp\\\/\",\"name\":\"Svenska Magasinet\",\"description\":\"Dina Spanska nyheter p&aring; Svenska\",\"publisher\":{\"@id\":\"https:\\\/\\\/lightweb.dev\\\/l\\\/svm-temp\\\/#organization\"},\"potentialAction\":[{\"@type\":\"SearchAction\",\"target\":{\"@type\":\"EntryPoint\",\"urlTemplate\":\"https:\\\/\\\/lightweb.dev\\\/l\\\/svm-temp\\\/?s={search_term_string}\"},\"query-input\":{\"@type\":\"PropertyValueSpecification\",\"valueRequired\":true,\"valueName\":\"search_term_string\"}}],\"inLanguage\":\"sv-SE\"},{\"@type\":\"Organization\",\"@id\":\"https:\\\/\\\/lightweb.dev\\\/l\\\/svm-temp\\\/#organization\",\"name\":\"Melkerson y Nott SL\",\"alternateName\":\"Svenska Magasinet\",\"url\":\"https:\\\/\\\/lightweb.dev\\\/l\\\/svm-temp\\\/\",\"logo\":{\"@type\":\"ImageObject\",\"inLanguage\":\"sv-SE\",\"@id\":\"https:\\\/\\\/lightweb.dev\\\/l\\\/svm-temp\\\/#\\\/schema\\\/logo\\\/image\\\/\",\"url\":\"https:\\\/\\\/lightweb.dev\\\/l\\\/svm-temp\\\/wp-content\\\/uploads\\\/2025\\\/02\\\/SvM-logo-Xtra-Centrerad-SVART.png\",\"contentUrl\":\"https:\\\/\\\/lightweb.dev\\\/l\\\/svm-temp\\\/wp-content\\\/uploads\\\/2025\\\/02\\\/SvM-logo-Xtra-Centrerad-SVART.png\",\"width\":300,\"height\":99,\"caption\":\"Melkerson y Nott SL\"},\"image\":{\"@id\":\"https:\\\/\\\/lightweb.dev\\\/l\\\/svm-temp\\\/#\\\/schema\\\/logo\\\/image\\\/\"},\"sameAs\":[\"https:\\\/\\\/www.facebook.com\\\/svenskamagasinet\",\"https:\\\/\\\/x.com\\\/SvenskaMagasine\"]},{\"@type\":\"Person\",\"@id\":\"https:\\\/\\\/lightweb.dev\\\/l\\\/svm-temp\\\/#\\\/schema\\\/person\\\/206a3bda5b607b0c25e1749191e4d837\",\"name\":\"Redaktionen SvM\",\"description\":\"Redaktionen\",\"sameAs\":[\"https:\\\/\\\/lightweb.dev\\\/l\\\/svm-temp\"],\"url\":\"https:\\\/\\\/lightweb.dev\\\/l\\\/svm-temp\\\/reporter\\\/redaktionen\\\/\"}]}<\/script>\n<!-- \/ Yoast SEO Premium plugin. -->","yoast_head_json":{"title":"Brutal avr\u00e4ttning i Mijas avsl\u00f6jade internationell narkotikaliga - Svenska Magasinet","robots":{"index":"noindex","follow":"follow","max-snippet":"max-snippet:-1","max-image-preview":"max-image-preview:large","max-video-preview":"max-video-preview:-1"},"og_locale":"sv_SE","og_type":"article","og_title":"Brutal avr\u00e4ttning i Mijas avsl\u00f6jade internationell narkotikaliga","og_description":"Guardia Civil har avsl\u00f6jat en internationell narkotikaliga efter att en 34-\u00e5rig amerikansk medborgare hittades bakbunden och skjuten till d\u00f6ds med tre skott i en bostad i Mijas. Uppt\u00e4ckten gjordes i maj och d\u00e4refter inledde gendarmer vid Guardia Civil en utredning som har resulterat i att 14 kubanska och colombianska medborgare har gripits i Spanien varav [&hellip;]","og_url":"https:\/\/lightweb.dev\/l\/svm-temp\/nyheter\/brutal-avrattning-i-mijas-avslojade-internationell-narkotikaliga\/","og_site_name":"Svenska Magasinet","article_publisher":"https:\/\/www.facebook.com\/svenskamagasinet","article_published_time":"2015-11-05T23:00:00+00:00","og_image":[{"width":358,"height":200,"url":"https:\/\/lightweb.dev\/l\/svm-temp\/wp-content\/uploads\/2022\/06\/brutal-avrattning-i-mijas-avslojade-internationell-narkotikaliga.png","type":"image\/png"}],"author":"Redaktionen SvM","twitter_card":"summary_large_image","twitter_creator":"@SvenskaMagasine","twitter_site":"@SvenskaMagasine","schema":{"@context":"https:\/\/schema.org","@graph":[{"@type":"Article","@id":"https:\/\/lightweb.dev\/l\/svm-temp\/nyheter\/brutal-avrattning-i-mijas-avslojade-internationell-narkotikaliga\/#article","isPartOf":{"@id":"https:\/\/lightweb.dev\/l\/svm-temp\/nyheter\/brutal-avrattning-i-mijas-avslojade-internationell-narkotikaliga\/"},"author":{"name":"Redaktionen SvM","@id":"https:\/\/lightweb.dev\/l\/svm-temp\/#\/schema\/person\/206a3bda5b607b0c25e1749191e4d837"},"headline":"Brutal avr\u00e4ttning i Mijas avsl\u00f6jade internationell narkotikaliga","datePublished":"2015-11-05T23:00:00+00:00","mainEntityOfPage":{"@id":"https:\/\/lightweb.dev\/l\/svm-temp\/nyheter\/brutal-avrattning-i-mijas-avslojade-internationell-narkotikaliga\/"},"wordCount":216,"commentCount":0,"publisher":{"@id":"https:\/\/lightweb.dev\/l\/svm-temp\/#organization"},"image":{"@id":"https:\/\/lightweb.dev\/l\/svm-temp\/nyheter\/brutal-avrattning-i-mijas-avslojade-internationell-narkotikaliga\/#primaryimage"},"thumbnailUrl":"https:\/\/lightweb.dev\/l\/svm-temp\/wp-content\/uploads\/2022\/06\/brutal-avrattning-i-mijas-avslojade-internationell-narkotikaliga.png","articleSection":["Arkiv","Nyheter"],"inLanguage":"sv-SE"},{"@type":"WebPage","@id":"https:\/\/lightweb.dev\/l\/svm-temp\/nyheter\/brutal-avrattning-i-mijas-avslojade-internationell-narkotikaliga\/","url":"https:\/\/lightweb.dev\/l\/svm-temp\/nyheter\/brutal-avrattning-i-mijas-avslojade-internationell-narkotikaliga\/","name":"Brutal avr\u00e4ttning i Mijas avsl\u00f6jade internationell narkotikaliga - Svenska Magasinet","isPartOf":{"@id":"https:\/\/lightweb.dev\/l\/svm-temp\/#website"},"primaryImageOfPage":{"@id":"https:\/\/lightweb.dev\/l\/svm-temp\/nyheter\/brutal-avrattning-i-mijas-avslojade-internationell-narkotikaliga\/#primaryimage"},"image":{"@id":"https:\/\/lightweb.dev\/l\/svm-temp\/nyheter\/brutal-avrattning-i-mijas-avslojade-internationell-narkotikaliga\/#primaryimage"},"thumbnailUrl":"https:\/\/lightweb.dev\/l\/svm-temp\/wp-content\/uploads\/2022\/06\/brutal-avrattning-i-mijas-avslojade-internationell-narkotikaliga.png","datePublished":"2015-11-05T23:00:00+00:00","breadcrumb":{"@id":"https:\/\/lightweb.dev\/l\/svm-temp\/nyheter\/brutal-avrattning-i-mijas-avslojade-internationell-narkotikaliga\/#breadcrumb"},"inLanguage":"sv-SE","potentialAction":[{"@type":"ReadAction","target":["https:\/\/lightweb.dev\/l\/svm-temp\/nyheter\/brutal-avrattning-i-mijas-avslojade-internationell-narkotikaliga\/"]}]},{"@type":"ImageObject","inLanguage":"sv-SE","@id":"https:\/\/lightweb.dev\/l\/svm-temp\/nyheter\/brutal-avrattning-i-mijas-avslojade-internationell-narkotikaliga\/#primaryimage","url":"https:\/\/lightweb.dev\/l\/svm-temp\/wp-content\/uploads\/2022\/06\/brutal-avrattning-i-mijas-avslojade-internationell-narkotikaliga.png","contentUrl":"https:\/\/lightweb.dev\/l\/svm-temp\/wp-content\/uploads\/2022\/06\/brutal-avrattning-i-mijas-avslojade-internationell-narkotikaliga.png","width":358,"height":200},{"@type":"BreadcrumbList","@id":"https:\/\/lightweb.dev\/l\/svm-temp\/nyheter\/brutal-avrattning-i-mijas-avslojade-internationell-narkotikaliga\/#breadcrumb","itemListElement":[{"@type":"ListItem","position":1,"name":"Hem","item":"https:\/\/lightweb.dev\/l\/svm-temp\/"},{"@type":"ListItem","position":2,"name":"Brutal avr\u00e4ttning i Mijas avsl\u00f6jade internationell narkotikaliga"}]},{"@type":"WebSite","@id":"https:\/\/lightweb.dev\/l\/svm-temp\/#website","url":"https:\/\/lightweb.dev\/l\/svm-temp\/","name":"Svenska Magasinet","description":"Dina Spanska nyheter p&aring; Svenska","publisher":{"@id":"https:\/\/lightweb.dev\/l\/svm-temp\/#organization"},"potentialAction":[{"@type":"SearchAction","target":{"@type":"EntryPoint","urlTemplate":"https:\/\/lightweb.dev\/l\/svm-temp\/?s={search_term_string}"},"query-input":{"@type":"PropertyValueSpecification","valueRequired":true,"valueName":"search_term_string"}}],"inLanguage":"sv-SE"},{"@type":"Organization","@id":"https:\/\/lightweb.dev\/l\/svm-temp\/#organization","name":"Melkerson y Nott SL","alternateName":"Svenska Magasinet","url":"https:\/\/lightweb.dev\/l\/svm-temp\/","logo":{"@type":"ImageObject","inLanguage":"sv-SE","@id":"https:\/\/lightweb.dev\/l\/svm-temp\/#\/schema\/logo\/image\/","url":"https:\/\/lightweb.dev\/l\/svm-temp\/wp-content\/uploads\/2025\/02\/SvM-logo-Xtra-Centrerad-SVART.png","contentUrl":"https:\/\/lightweb.dev\/l\/svm-temp\/wp-content\/uploads\/2025\/02\/SvM-logo-Xtra-Centrerad-SVART.png","width":300,"height":99,"caption":"Melkerson y Nott SL"},"image":{"@id":"https:\/\/lightweb.dev\/l\/svm-temp\/#\/schema\/logo\/image\/"},"sameAs":["https:\/\/www.facebook.com\/svenskamagasinet","https:\/\/x.com\/SvenskaMagasine"]},{"@type":"Person","@id":"https:\/\/lightweb.dev\/l\/svm-temp\/#\/schema\/person\/206a3bda5b607b0c25e1749191e4d837","name":"Redaktionen SvM","description":"Redaktionen","sameAs":["https:\/\/lightweb.dev\/l\/svm-temp"],"url":"https:\/\/lightweb.dev\/l\/svm-temp\/reporter\/redaktionen\/"}]}},"_links":{"self":[{"href":"https:\/\/lightweb.dev\/l\/svm-temp\/wp-json\/wp\/v2\/posts\/23279","targetHints":{"allow":["GET"]}}],"collection":[{"href":"https:\/\/lightweb.dev\/l\/svm-temp\/wp-json\/wp\/v2\/posts"}],"about":[{"href":"https:\/\/lightweb.dev\/l\/svm-temp\/wp-json\/wp\/v2\/types\/post"}],"author":[{"embeddable":true,"href":"https:\/\/lightweb.dev\/l\/svm-temp\/wp-json\/wp\/v2\/users\/8"}],"replies":[{"embeddable":true,"href":"https:\/\/lightweb.dev\/l\/svm-temp\/wp-json\/wp\/v2\/comments?post=23279"}],"version-history":[{"count":0,"href":"https:\/\/lightweb.dev\/l\/svm-temp\/wp-json\/wp\/v2\/posts\/23279\/revisions"}],"wp:featuredmedia":[{"embeddable":true,"href":"https:\/\/lightweb.dev\/l\/svm-temp\/wp-json\/wp\/v2\/media\/23280"}],"wp:attachment":[{"href":"https:\/\/lightweb.dev\/l\/svm-temp\/wp-json\/wp\/v2\/media?parent=23279"}],"wp:term":[{"taxonomy":"category","embeddable":true,"href":"https:\/\/lightweb.dev\/l\/svm-temp\/wp-json\/wp\/v2\/categories?post=23279"},{"taxonomy":"post_tag","embeddable":true,"href":"https:\/\/lightweb.dev\/l\/svm-temp\/wp-json\/wp\/v2\/tags?post=23279"}],"curies":[{"name":"wp","href":"https:\/\/api.w.org\/{rel}","templated":true}]}}