{"id":23283,"date":"2015-11-05T00:00:00","date_gmt":"2015-11-04T23:00:00","guid":{"rendered":"https:\/\/lightweb.dev\/l\/svm-temp\/nyheter\/beslut-i-hogsta-domstolen-riskerar-forlama-byggbranschen-i-marbella\/"},"modified":"2015-11-05T00:00:00","modified_gmt":"2015-11-04T23:00:00","slug":"beslut-i-hogsta-domstolen-riskerar-forlama-byggbranschen-i-marbella","status":"publish","type":"post","link":"https:\/\/lightweb.dev\/l\/svm-temp\/nyheter\/beslut-i-hogsta-domstolen-riskerar-forlama-byggbranschen-i-marbella\/","title":{"rendered":"Beslut i H\u00f6gsta domstolen riskerar f\u00f6rlama byggbranschen i Marbella"},"content":{"rendered":"<p> Tre domar vid H\u00f6gsta domstolen underk\u00e4nner stadsplanen PGOU (Plan General de Ordenaci\u00f3n Urbana) som Marbella kommun presenterade 2010 d\u00e4r bland annat 16.500 illegala bost\u00e4der och fastigheter skulle legaliseras.<\/p>\n<p>Det betyder att vi backar bandet 30 \u00e5r tillbaka i tiden och att byggplanen f\u00f6r 1986 st\u00e5r fast. Det \u00e4r p\u00e5 grund av milj\u00f6sk\u00e4l och att stadsplanen f\u00f6r 2010 saknar ekonomisk h\u00e5llbar utveckling som den f\u00e5r icke godk\u00e4nt.<\/p>\n<p>H\u00f6gsta domstolens beslut ses idag som ett bakslag f\u00f6r byggbranschen i Marbella och den ekonomiska \u00e5terh\u00e4mtningen. Beslutet inneb\u00e4r ocks\u00e5 att kommunen inte kan bevilja byggtillst\u00e5nd efter stadsplanen 2010.<\/p>\n<p>Det betyder att 16.500 illegala fastigheter i Marbella kommun i nul\u00e4get ligger i domstolens h\u00e4nder d\u00e4r varje fall kommer att avg\u00f6ras var f\u00f6r sig. Det \u00e4r fastigheter som uppf\u00f6rdes under epoken med Jes\u00fas Gil, Juli\u00e1n Mu\u00f1oz och Marisol Yag\u00fce (1991-2006) som borgm\u00e4stare.<\/p>\n<p>Den tidigare borgm\u00e4staren \u00c1ngeles Mu\u00f1oz (Partido Popular) ville avsluta detta kaos och legalisera 16.500 fastigheter av totalt 18.000 illegala. F\u00f6rra kommunstyrelsen l\u00e4t utarbeta stadsplanen 2010 som fick gr\u00f6nt ljus av regionalregeringen Junta de Andaluc\u00eda.<\/p>\n<p>Att den nya stadsplanen PGOU f\u00e5r underk\u00e4nt i H\u00f6gsta domstolen beskrivs i lokala medier som att Marbella f\u00e5tt en hink kallt vatten \u00f6ver sig. F\u00f6r kommunfullm\u00e4ktige och borgm\u00e4staren Jos\u00e9 Bernal g\u00e4ller det nu att komma fram till vad som b\u00f6r g\u00f6ras. Flera privatpersoner \u00e4ger fastigheter som inte \u00e4r godk\u00e4nda enligt stadsplanen. F\u00f6r dessa v\u00e4ntar nu en oviss framtid. <\/p>\n","protected":false},"excerpt":{"rendered":"<p>Tre domar vid H\u00f6gsta domstolen underk\u00e4nner stadsplanen PGOU (Plan General de Ordenaci\u00f3n Urbana) som Marbella kommun presenterade 2010 d\u00e4r bland annat 16.500 illegala bost\u00e4der och fastigheter skulle legaliseras. Det betyder att vi backar bandet 30 \u00e5r tillbaka i tiden och att byggplanen f\u00f6r 1986 st\u00e5r fast. Det \u00e4r p\u00e5 grund av milj\u00f6sk\u00e4l och att stadsplanen [&hellip;]<\/p>\n","protected":false},"author":8,"featured_media":23284,"comment_status":"open","ping_status":"open","sticky":false,"template":"","format":"standard","meta":{"_et_pb_use_builder":"","_et_pb_old_content":"","_et_gb_content_width":"","footnotes":""},"categories":[395,3],"tags":[],"class_list":["post-23283","post","type-post","status-publish","format-standard","has-post-thumbnail","hentry","category-arkiv-nyheter","category-nyheter"],"yoast_head":"<!-- This site is optimized with the Yoast SEO Premium plugin v26.2 (Yoast SEO v27.4) - https:\/\/yoast.com\/product\/yoast-seo-premium-wordpress\/ -->\n<title>Beslut i H\u00f6gsta domstolen riskerar f\u00f6rlama byggbranschen i Marbella - Svenska Magasinet<\/title>\n<meta name=\"robots\" content=\"noindex, follow, max-snippet:-1, max-image-preview:large, max-video-preview:-1\" \/>\n<meta property=\"og:locale\" content=\"sv_SE\" \/>\n<meta property=\"og:type\" content=\"article\" \/>\n<meta property=\"og:title\" content=\"Beslut i H\u00f6gsta domstolen riskerar f\u00f6rlama byggbranschen i Marbella\" \/>\n<meta property=\"og:description\" content=\"Tre domar vid H\u00f6gsta domstolen underk\u00e4nner stadsplanen PGOU (Plan General de Ordenaci\u00f3n Urbana) som Marbella kommun presenterade 2010 d\u00e4r bland annat 16.500 illegala bost\u00e4der och fastigheter skulle legaliseras. Det betyder att vi backar bandet 30 \u00e5r tillbaka i tiden och att byggplanen f\u00f6r 1986 st\u00e5r fast. Det \u00e4r p\u00e5 grund av milj\u00f6sk\u00e4l och att stadsplanen [&hellip;]\" \/>\n<meta property=\"og:url\" content=\"https:\/\/lightweb.dev\/l\/svm-temp\/nyheter\/beslut-i-hogsta-domstolen-riskerar-forlama-byggbranschen-i-marbella\/\" \/>\n<meta property=\"og:site_name\" content=\"Svenska Magasinet\" \/>\n<meta property=\"article:publisher\" content=\"https:\/\/www.facebook.com\/svenskamagasinet\" \/>\n<meta property=\"article:published_time\" content=\"2015-11-04T23:00:00+00:00\" \/>\n<meta property=\"og:image\" content=\"https:\/\/lightweb.dev\/l\/svm-temp\/wp-content\/uploads\/2022\/06\/beslut-i-hogsta-domstolen-riskerar-forlama-byggbranschen-i-marbella.png\" \/>\n\t<meta property=\"og:image:width\" content=\"300\" \/>\n\t<meta property=\"og:image:height\" content=\"200\" \/>\n\t<meta property=\"og:image:type\" content=\"image\/png\" \/>\n<meta name=\"author\" content=\"Redaktionen SvM\" \/>\n<meta name=\"twitter:card\" content=\"summary_large_image\" \/>\n<meta name=\"twitter:creator\" content=\"@SvenskaMagasine\" \/>\n<meta name=\"twitter:site\" content=\"@SvenskaMagasine\" \/>\n<script type=\"application\/ld+json\" class=\"yoast-schema-graph\">{\"@context\":\"https:\\\/\\\/schema.org\",\"@graph\":[{\"@type\":\"Article\",\"@id\":\"https:\\\/\\\/lightweb.dev\\\/l\\\/svm-temp\\\/nyheter\\\/beslut-i-hogsta-domstolen-riskerar-forlama-byggbranschen-i-marbella\\\/#article\",\"isPartOf\":{\"@id\":\"https:\\\/\\\/lightweb.dev\\\/l\\\/svm-temp\\\/nyheter\\\/beslut-i-hogsta-domstolen-riskerar-forlama-byggbranschen-i-marbella\\\/\"},\"author\":{\"name\":\"Redaktionen SvM\",\"@id\":\"https:\\\/\\\/lightweb.dev\\\/l\\\/svm-temp\\\/#\\\/schema\\\/person\\\/206a3bda5b607b0c25e1749191e4d837\"},\"headline\":\"Beslut i H\u00f6gsta domstolen riskerar f\u00f6rlama byggbranschen i Marbella\",\"datePublished\":\"2015-11-04T23:00:00+00:00\",\"mainEntityOfPage\":{\"@id\":\"https:\\\/\\\/lightweb.dev\\\/l\\\/svm-temp\\\/nyheter\\\/beslut-i-hogsta-domstolen-riskerar-forlama-byggbranschen-i-marbella\\\/\"},\"wordCount\":277,\"commentCount\":0,\"publisher\":{\"@id\":\"https:\\\/\\\/lightweb.dev\\\/l\\\/svm-temp\\\/#organization\"},\"image\":{\"@id\":\"https:\\\/\\\/lightweb.dev\\\/l\\\/svm-temp\\\/nyheter\\\/beslut-i-hogsta-domstolen-riskerar-forlama-byggbranschen-i-marbella\\\/#primaryimage\"},\"thumbnailUrl\":\"https:\\\/\\\/lightweb.dev\\\/l\\\/svm-temp\\\/wp-content\\\/uploads\\\/2022\\\/06\\\/beslut-i-hogsta-domstolen-riskerar-forlama-byggbranschen-i-marbella.png\",\"articleSection\":[\"Arkiv\",\"Nyheter\"],\"inLanguage\":\"sv-SE\"},{\"@type\":\"WebPage\",\"@id\":\"https:\\\/\\\/lightweb.dev\\\/l\\\/svm-temp\\\/nyheter\\\/beslut-i-hogsta-domstolen-riskerar-forlama-byggbranschen-i-marbella\\\/\",\"url\":\"https:\\\/\\\/lightweb.dev\\\/l\\\/svm-temp\\\/nyheter\\\/beslut-i-hogsta-domstolen-riskerar-forlama-byggbranschen-i-marbella\\\/\",\"name\":\"Beslut i H\u00f6gsta domstolen riskerar f\u00f6rlama byggbranschen i Marbella - Svenska Magasinet\",\"isPartOf\":{\"@id\":\"https:\\\/\\\/lightweb.dev\\\/l\\\/svm-temp\\\/#website\"},\"primaryImageOfPage\":{\"@id\":\"https:\\\/\\\/lightweb.dev\\\/l\\\/svm-temp\\\/nyheter\\\/beslut-i-hogsta-domstolen-riskerar-forlama-byggbranschen-i-marbella\\\/#primaryimage\"},\"image\":{\"@id\":\"https:\\\/\\\/lightweb.dev\\\/l\\\/svm-temp\\\/nyheter\\\/beslut-i-hogsta-domstolen-riskerar-forlama-byggbranschen-i-marbella\\\/#primaryimage\"},\"thumbnailUrl\":\"https:\\\/\\\/lightweb.dev\\\/l\\\/svm-temp\\\/wp-content\\\/uploads\\\/2022\\\/06\\\/beslut-i-hogsta-domstolen-riskerar-forlama-byggbranschen-i-marbella.png\",\"datePublished\":\"2015-11-04T23:00:00+00:00\",\"breadcrumb\":{\"@id\":\"https:\\\/\\\/lightweb.dev\\\/l\\\/svm-temp\\\/nyheter\\\/beslut-i-hogsta-domstolen-riskerar-forlama-byggbranschen-i-marbella\\\/#breadcrumb\"},\"inLanguage\":\"sv-SE\",\"potentialAction\":[{\"@type\":\"ReadAction\",\"target\":[\"https:\\\/\\\/lightweb.dev\\\/l\\\/svm-temp\\\/nyheter\\\/beslut-i-hogsta-domstolen-riskerar-forlama-byggbranschen-i-marbella\\\/\"]}]},{\"@type\":\"ImageObject\",\"inLanguage\":\"sv-SE\",\"@id\":\"https:\\\/\\\/lightweb.dev\\\/l\\\/svm-temp\\\/nyheter\\\/beslut-i-hogsta-domstolen-riskerar-forlama-byggbranschen-i-marbella\\\/#primaryimage\",\"url\":\"https:\\\/\\\/lightweb.dev\\\/l\\\/svm-temp\\\/wp-content\\\/uploads\\\/2022\\\/06\\\/beslut-i-hogsta-domstolen-riskerar-forlama-byggbranschen-i-marbella.png\",\"contentUrl\":\"https:\\\/\\\/lightweb.dev\\\/l\\\/svm-temp\\\/wp-content\\\/uploads\\\/2022\\\/06\\\/beslut-i-hogsta-domstolen-riskerar-forlama-byggbranschen-i-marbella.png\",\"width\":300,\"height\":200},{\"@type\":\"BreadcrumbList\",\"@id\":\"https:\\\/\\\/lightweb.dev\\\/l\\\/svm-temp\\\/nyheter\\\/beslut-i-hogsta-domstolen-riskerar-forlama-byggbranschen-i-marbella\\\/#breadcrumb\",\"itemListElement\":[{\"@type\":\"ListItem\",\"position\":1,\"name\":\"Hem\",\"item\":\"https:\\\/\\\/lightweb.dev\\\/l\\\/svm-temp\\\/\"},{\"@type\":\"ListItem\",\"position\":2,\"name\":\"Beslut i H\u00f6gsta domstolen riskerar f\u00f6rlama byggbranschen i Marbella\"}]},{\"@type\":\"WebSite\",\"@id\":\"https:\\\/\\\/lightweb.dev\\\/l\\\/svm-temp\\\/#website\",\"url\":\"https:\\\/\\\/lightweb.dev\\\/l\\\/svm-temp\\\/\",\"name\":\"Svenska Magasinet\",\"description\":\"Dina Spanska nyheter p&aring; Svenska\",\"publisher\":{\"@id\":\"https:\\\/\\\/lightweb.dev\\\/l\\\/svm-temp\\\/#organization\"},\"potentialAction\":[{\"@type\":\"SearchAction\",\"target\":{\"@type\":\"EntryPoint\",\"urlTemplate\":\"https:\\\/\\\/lightweb.dev\\\/l\\\/svm-temp\\\/?s={search_term_string}\"},\"query-input\":{\"@type\":\"PropertyValueSpecification\",\"valueRequired\":true,\"valueName\":\"search_term_string\"}}],\"inLanguage\":\"sv-SE\"},{\"@type\":\"Organization\",\"@id\":\"https:\\\/\\\/lightweb.dev\\\/l\\\/svm-temp\\\/#organization\",\"name\":\"Melkerson y Nott SL\",\"alternateName\":\"Svenska Magasinet\",\"url\":\"https:\\\/\\\/lightweb.dev\\\/l\\\/svm-temp\\\/\",\"logo\":{\"@type\":\"ImageObject\",\"inLanguage\":\"sv-SE\",\"@id\":\"https:\\\/\\\/lightweb.dev\\\/l\\\/svm-temp\\\/#\\\/schema\\\/logo\\\/image\\\/\",\"url\":\"https:\\\/\\\/lightweb.dev\\\/l\\\/svm-temp\\\/wp-content\\\/uploads\\\/2025\\\/02\\\/SvM-logo-Xtra-Centrerad-SVART.png\",\"contentUrl\":\"https:\\\/\\\/lightweb.dev\\\/l\\\/svm-temp\\\/wp-content\\\/uploads\\\/2025\\\/02\\\/SvM-logo-Xtra-Centrerad-SVART.png\",\"width\":300,\"height\":99,\"caption\":\"Melkerson y Nott SL\"},\"image\":{\"@id\":\"https:\\\/\\\/lightweb.dev\\\/l\\\/svm-temp\\\/#\\\/schema\\\/logo\\\/image\\\/\"},\"sameAs\":[\"https:\\\/\\\/www.facebook.com\\\/svenskamagasinet\",\"https:\\\/\\\/x.com\\\/SvenskaMagasine\"]},{\"@type\":\"Person\",\"@id\":\"https:\\\/\\\/lightweb.dev\\\/l\\\/svm-temp\\\/#\\\/schema\\\/person\\\/206a3bda5b607b0c25e1749191e4d837\",\"name\":\"Redaktionen SvM\",\"description\":\"Redaktionen\",\"sameAs\":[\"https:\\\/\\\/lightweb.dev\\\/l\\\/svm-temp\"],\"url\":\"https:\\\/\\\/lightweb.dev\\\/l\\\/svm-temp\\\/reporter\\\/redaktionen\\\/\"}]}<\/script>\n<!-- \/ Yoast SEO Premium plugin. -->","yoast_head_json":{"title":"Beslut i H\u00f6gsta domstolen riskerar f\u00f6rlama byggbranschen i Marbella - Svenska Magasinet","robots":{"index":"noindex","follow":"follow","max-snippet":"max-snippet:-1","max-image-preview":"max-image-preview:large","max-video-preview":"max-video-preview:-1"},"og_locale":"sv_SE","og_type":"article","og_title":"Beslut i H\u00f6gsta domstolen riskerar f\u00f6rlama byggbranschen i Marbella","og_description":"Tre domar vid H\u00f6gsta domstolen underk\u00e4nner stadsplanen PGOU (Plan General de Ordenaci\u00f3n Urbana) som Marbella kommun presenterade 2010 d\u00e4r bland annat 16.500 illegala bost\u00e4der och fastigheter skulle legaliseras. Det betyder att vi backar bandet 30 \u00e5r tillbaka i tiden och att byggplanen f\u00f6r 1986 st\u00e5r fast. Det \u00e4r p\u00e5 grund av milj\u00f6sk\u00e4l och att stadsplanen [&hellip;]","og_url":"https:\/\/lightweb.dev\/l\/svm-temp\/nyheter\/beslut-i-hogsta-domstolen-riskerar-forlama-byggbranschen-i-marbella\/","og_site_name":"Svenska Magasinet","article_publisher":"https:\/\/www.facebook.com\/svenskamagasinet","article_published_time":"2015-11-04T23:00:00+00:00","og_image":[{"width":300,"height":200,"url":"https:\/\/lightweb.dev\/l\/svm-temp\/wp-content\/uploads\/2022\/06\/beslut-i-hogsta-domstolen-riskerar-forlama-byggbranschen-i-marbella.png","type":"image\/png"}],"author":"Redaktionen SvM","twitter_card":"summary_large_image","twitter_creator":"@SvenskaMagasine","twitter_site":"@SvenskaMagasine","schema":{"@context":"https:\/\/schema.org","@graph":[{"@type":"Article","@id":"https:\/\/lightweb.dev\/l\/svm-temp\/nyheter\/beslut-i-hogsta-domstolen-riskerar-forlama-byggbranschen-i-marbella\/#article","isPartOf":{"@id":"https:\/\/lightweb.dev\/l\/svm-temp\/nyheter\/beslut-i-hogsta-domstolen-riskerar-forlama-byggbranschen-i-marbella\/"},"author":{"name":"Redaktionen SvM","@id":"https:\/\/lightweb.dev\/l\/svm-temp\/#\/schema\/person\/206a3bda5b607b0c25e1749191e4d837"},"headline":"Beslut i H\u00f6gsta domstolen riskerar f\u00f6rlama byggbranschen i Marbella","datePublished":"2015-11-04T23:00:00+00:00","mainEntityOfPage":{"@id":"https:\/\/lightweb.dev\/l\/svm-temp\/nyheter\/beslut-i-hogsta-domstolen-riskerar-forlama-byggbranschen-i-marbella\/"},"wordCount":277,"commentCount":0,"publisher":{"@id":"https:\/\/lightweb.dev\/l\/svm-temp\/#organization"},"image":{"@id":"https:\/\/lightweb.dev\/l\/svm-temp\/nyheter\/beslut-i-hogsta-domstolen-riskerar-forlama-byggbranschen-i-marbella\/#primaryimage"},"thumbnailUrl":"https:\/\/lightweb.dev\/l\/svm-temp\/wp-content\/uploads\/2022\/06\/beslut-i-hogsta-domstolen-riskerar-forlama-byggbranschen-i-marbella.png","articleSection":["Arkiv","Nyheter"],"inLanguage":"sv-SE"},{"@type":"WebPage","@id":"https:\/\/lightweb.dev\/l\/svm-temp\/nyheter\/beslut-i-hogsta-domstolen-riskerar-forlama-byggbranschen-i-marbella\/","url":"https:\/\/lightweb.dev\/l\/svm-temp\/nyheter\/beslut-i-hogsta-domstolen-riskerar-forlama-byggbranschen-i-marbella\/","name":"Beslut i H\u00f6gsta domstolen riskerar f\u00f6rlama byggbranschen i Marbella - Svenska Magasinet","isPartOf":{"@id":"https:\/\/lightweb.dev\/l\/svm-temp\/#website"},"primaryImageOfPage":{"@id":"https:\/\/lightweb.dev\/l\/svm-temp\/nyheter\/beslut-i-hogsta-domstolen-riskerar-forlama-byggbranschen-i-marbella\/#primaryimage"},"image":{"@id":"https:\/\/lightweb.dev\/l\/svm-temp\/nyheter\/beslut-i-hogsta-domstolen-riskerar-forlama-byggbranschen-i-marbella\/#primaryimage"},"thumbnailUrl":"https:\/\/lightweb.dev\/l\/svm-temp\/wp-content\/uploads\/2022\/06\/beslut-i-hogsta-domstolen-riskerar-forlama-byggbranschen-i-marbella.png","datePublished":"2015-11-04T23:00:00+00:00","breadcrumb":{"@id":"https:\/\/lightweb.dev\/l\/svm-temp\/nyheter\/beslut-i-hogsta-domstolen-riskerar-forlama-byggbranschen-i-marbella\/#breadcrumb"},"inLanguage":"sv-SE","potentialAction":[{"@type":"ReadAction","target":["https:\/\/lightweb.dev\/l\/svm-temp\/nyheter\/beslut-i-hogsta-domstolen-riskerar-forlama-byggbranschen-i-marbella\/"]}]},{"@type":"ImageObject","inLanguage":"sv-SE","@id":"https:\/\/lightweb.dev\/l\/svm-temp\/nyheter\/beslut-i-hogsta-domstolen-riskerar-forlama-byggbranschen-i-marbella\/#primaryimage","url":"https:\/\/lightweb.dev\/l\/svm-temp\/wp-content\/uploads\/2022\/06\/beslut-i-hogsta-domstolen-riskerar-forlama-byggbranschen-i-marbella.png","contentUrl":"https:\/\/lightweb.dev\/l\/svm-temp\/wp-content\/uploads\/2022\/06\/beslut-i-hogsta-domstolen-riskerar-forlama-byggbranschen-i-marbella.png","width":300,"height":200},{"@type":"BreadcrumbList","@id":"https:\/\/lightweb.dev\/l\/svm-temp\/nyheter\/beslut-i-hogsta-domstolen-riskerar-forlama-byggbranschen-i-marbella\/#breadcrumb","itemListElement":[{"@type":"ListItem","position":1,"name":"Hem","item":"https:\/\/lightweb.dev\/l\/svm-temp\/"},{"@type":"ListItem","position":2,"name":"Beslut i H\u00f6gsta domstolen riskerar f\u00f6rlama byggbranschen i Marbella"}]},{"@type":"WebSite","@id":"https:\/\/lightweb.dev\/l\/svm-temp\/#website","url":"https:\/\/lightweb.dev\/l\/svm-temp\/","name":"Svenska Magasinet","description":"Dina Spanska nyheter p&aring; Svenska","publisher":{"@id":"https:\/\/lightweb.dev\/l\/svm-temp\/#organization"},"potentialAction":[{"@type":"SearchAction","target":{"@type":"EntryPoint","urlTemplate":"https:\/\/lightweb.dev\/l\/svm-temp\/?s={search_term_string}"},"query-input":{"@type":"PropertyValueSpecification","valueRequired":true,"valueName":"search_term_string"}}],"inLanguage":"sv-SE"},{"@type":"Organization","@id":"https:\/\/lightweb.dev\/l\/svm-temp\/#organization","name":"Melkerson y Nott SL","alternateName":"Svenska Magasinet","url":"https:\/\/lightweb.dev\/l\/svm-temp\/","logo":{"@type":"ImageObject","inLanguage":"sv-SE","@id":"https:\/\/lightweb.dev\/l\/svm-temp\/#\/schema\/logo\/image\/","url":"https:\/\/lightweb.dev\/l\/svm-temp\/wp-content\/uploads\/2025\/02\/SvM-logo-Xtra-Centrerad-SVART.png","contentUrl":"https:\/\/lightweb.dev\/l\/svm-temp\/wp-content\/uploads\/2025\/02\/SvM-logo-Xtra-Centrerad-SVART.png","width":300,"height":99,"caption":"Melkerson y Nott SL"},"image":{"@id":"https:\/\/lightweb.dev\/l\/svm-temp\/#\/schema\/logo\/image\/"},"sameAs":["https:\/\/www.facebook.com\/svenskamagasinet","https:\/\/x.com\/SvenskaMagasine"]},{"@type":"Person","@id":"https:\/\/lightweb.dev\/l\/svm-temp\/#\/schema\/person\/206a3bda5b607b0c25e1749191e4d837","name":"Redaktionen SvM","description":"Redaktionen","sameAs":["https:\/\/lightweb.dev\/l\/svm-temp"],"url":"https:\/\/lightweb.dev\/l\/svm-temp\/reporter\/redaktionen\/"}]}},"_links":{"self":[{"href":"https:\/\/lightweb.dev\/l\/svm-temp\/wp-json\/wp\/v2\/posts\/23283","targetHints":{"allow":["GET"]}}],"collection":[{"href":"https:\/\/lightweb.dev\/l\/svm-temp\/wp-json\/wp\/v2\/posts"}],"about":[{"href":"https:\/\/lightweb.dev\/l\/svm-temp\/wp-json\/wp\/v2\/types\/post"}],"author":[{"embeddable":true,"href":"https:\/\/lightweb.dev\/l\/svm-temp\/wp-json\/wp\/v2\/users\/8"}],"replies":[{"embeddable":true,"href":"https:\/\/lightweb.dev\/l\/svm-temp\/wp-json\/wp\/v2\/comments?post=23283"}],"version-history":[{"count":0,"href":"https:\/\/lightweb.dev\/l\/svm-temp\/wp-json\/wp\/v2\/posts\/23283\/revisions"}],"wp:featuredmedia":[{"embeddable":true,"href":"https:\/\/lightweb.dev\/l\/svm-temp\/wp-json\/wp\/v2\/media\/23284"}],"wp:attachment":[{"href":"https:\/\/lightweb.dev\/l\/svm-temp\/wp-json\/wp\/v2\/media?parent=23283"}],"wp:term":[{"taxonomy":"category","embeddable":true,"href":"https:\/\/lightweb.dev\/l\/svm-temp\/wp-json\/wp\/v2\/categories?post=23283"},{"taxonomy":"post_tag","embeddable":true,"href":"https:\/\/lightweb.dev\/l\/svm-temp\/wp-json\/wp\/v2\/tags?post=23283"}],"curies":[{"name":"wp","href":"https:\/\/api.w.org\/{rel}","templated":true}]}}