{"id":23287,"date":"2015-11-05T00:00:00","date_gmt":"2015-11-04T23:00:00","guid":{"rendered":"https:\/\/lightweb.dev\/l\/svm-temp\/nyheter\/halsosammare-och-langre-liv-i-spanien-an-i-sverige\/"},"modified":"2015-11-05T00:00:00","modified_gmt":"2015-11-04T23:00:00","slug":"halsosammare-och-langre-liv-i-spanien-an-i-sverige","status":"publish","type":"post","link":"https:\/\/lightweb.dev\/l\/svm-temp\/nyheter\/halsosammare-och-langre-liv-i-spanien-an-i-sverige\/","title":{"rendered":"H\u00e4lsosammare och l\u00e4ngre liv i Spanien \u00e4n i Sverige"},"content":{"rendered":"<p> Medan Sverige tappar i f\u00f6rv\u00e4ntad livsl\u00e4ngd kan befolkningen i Spanien f\u00f6rv\u00e4nta sig ett l\u00e5ngt liv, ja faktiskt det l\u00e4ngsta livet efter befolkningen i Japan n\u00e4r det g\u00e4ller OECD-l\u00e4nder. Den f\u00f6rv\u00e4ntade medellivsl\u00e4ngden har \u00f6kat med tio \u00e5r mellan 1970 och 2013, visar en rapport fr\u00e5n den ekonomiska samarbetsorganisationen.<\/p>\n<p>Japan toppar listan. D\u00e4r antas befolkningen i snitt bli 83,4 \u00e5r. Men \u00e4ven i Spanien (83,2), Schweiz, Italien, Frankrike, Australien, Island samt Israel kommer befolkningen leva l\u00e4ngre \u00e4n i Sverige.<\/p>\n<p>\u201dDen f\u00f6rv\u00e4ntade livsl\u00e4ngden i Spanien har \u00f6kat snabbare \u00e4n i m\u00e5nga andra OECD-l\u00e4nder och \u00e4r nu den n\u00e4st h\u00f6gsta p\u00e5 n\u00e4stan samma niv\u00e5 som Japans\u201d meddelar OECD som ocks\u00e5 till\u00e4gger att r\u00f6kning \u00e4nnu \u00e4r ett stort problem i Spanien d\u00e4r fyra av tio vuxna r\u00f6ker varje dag. \u00c4ven fetma och \u00f6vervikt pekas ut som problem.<\/p>\n<p>Nyligen visade en annan unders\u00f6kning att Spanien \u00e4r ett av v\u00e4rldens mest h\u00e4lsosammaste l\u00e4nder, enligt The Independent. H\u00e4r placerade sig Spanien klart f\u00f6re Sverige. En kr\u00f6nika fr\u00e5n maj 2011 om Solkustens gr\u00e5 pantrar<\/p>\n","protected":false},"excerpt":{"rendered":"<p>Medan Sverige tappar i f\u00f6rv\u00e4ntad livsl\u00e4ngd kan befolkningen i Spanien f\u00f6rv\u00e4nta sig ett l\u00e5ngt liv, ja faktiskt det l\u00e4ngsta livet efter befolkningen i Japan n\u00e4r det g\u00e4ller OECD-l\u00e4nder. Den f\u00f6rv\u00e4ntade medellivsl\u00e4ngden har \u00f6kat med tio \u00e5r mellan 1970 och 2013, visar en rapport fr\u00e5n den ekonomiska samarbetsorganisationen. Japan toppar listan. D\u00e4r antas befolkningen i snitt [&hellip;]<\/p>\n","protected":false},"author":8,"featured_media":23288,"comment_status":"open","ping_status":"open","sticky":false,"template":"","format":"standard","meta":{"_et_pb_use_builder":"","_et_pb_old_content":"","_et_gb_content_width":"","footnotes":""},"categories":[395,3],"tags":[],"class_list":["post-23287","post","type-post","status-publish","format-standard","has-post-thumbnail","hentry","category-arkiv-nyheter","category-nyheter"],"yoast_head":"<!-- This site is optimized with the Yoast SEO Premium plugin v26.2 (Yoast SEO v27.4) - https:\/\/yoast.com\/product\/yoast-seo-premium-wordpress\/ -->\n<title>H\u00e4lsosammare och l\u00e4ngre liv i Spanien \u00e4n i Sverige - Svenska Magasinet<\/title>\n<meta name=\"robots\" content=\"noindex, follow, max-snippet:-1, max-image-preview:large, max-video-preview:-1\" \/>\n<meta property=\"og:locale\" content=\"sv_SE\" \/>\n<meta property=\"og:type\" content=\"article\" \/>\n<meta property=\"og:title\" content=\"H\u00e4lsosammare och l\u00e4ngre liv i Spanien \u00e4n i Sverige\" \/>\n<meta property=\"og:description\" content=\"Medan Sverige tappar i f\u00f6rv\u00e4ntad livsl\u00e4ngd kan befolkningen i Spanien f\u00f6rv\u00e4nta sig ett l\u00e5ngt liv, ja faktiskt det l\u00e4ngsta livet efter befolkningen i Japan n\u00e4r det g\u00e4ller OECD-l\u00e4nder. Den f\u00f6rv\u00e4ntade medellivsl\u00e4ngden har \u00f6kat med tio \u00e5r mellan 1970 och 2013, visar en rapport fr\u00e5n den ekonomiska samarbetsorganisationen. Japan toppar listan. D\u00e4r antas befolkningen i snitt [&hellip;]\" \/>\n<meta property=\"og:url\" content=\"https:\/\/lightweb.dev\/l\/svm-temp\/nyheter\/halsosammare-och-langre-liv-i-spanien-an-i-sverige\/\" \/>\n<meta property=\"og:site_name\" content=\"Svenska Magasinet\" \/>\n<meta property=\"article:publisher\" content=\"https:\/\/www.facebook.com\/svenskamagasinet\" \/>\n<meta property=\"article:published_time\" content=\"2015-11-04T23:00:00+00:00\" \/>\n<meta property=\"og:image\" content=\"https:\/\/lightweb.dev\/l\/svm-temp\/wp-content\/uploads\/2022\/06\/halsosammare-och-langre-liv-i-spanien-an-i-sverige.png\" \/>\n\t<meta property=\"og:image:width\" content=\"299\" \/>\n\t<meta property=\"og:image:height\" content=\"200\" \/>\n\t<meta property=\"og:image:type\" content=\"image\/png\" \/>\n<meta name=\"author\" content=\"Redaktionen SvM\" \/>\n<meta name=\"twitter:card\" content=\"summary_large_image\" \/>\n<meta name=\"twitter:creator\" content=\"@SvenskaMagasine\" \/>\n<meta name=\"twitter:site\" content=\"@SvenskaMagasine\" \/>\n<script type=\"application\/ld+json\" class=\"yoast-schema-graph\">{\"@context\":\"https:\\\/\\\/schema.org\",\"@graph\":[{\"@type\":\"Article\",\"@id\":\"https:\\\/\\\/lightweb.dev\\\/l\\\/svm-temp\\\/nyheter\\\/halsosammare-och-langre-liv-i-spanien-an-i-sverige\\\/#article\",\"isPartOf\":{\"@id\":\"https:\\\/\\\/lightweb.dev\\\/l\\\/svm-temp\\\/nyheter\\\/halsosammare-och-langre-liv-i-spanien-an-i-sverige\\\/\"},\"author\":{\"name\":\"Redaktionen SvM\",\"@id\":\"https:\\\/\\\/lightweb.dev\\\/l\\\/svm-temp\\\/#\\\/schema\\\/person\\\/206a3bda5b607b0c25e1749191e4d837\"},\"headline\":\"H\u00e4lsosammare och l\u00e4ngre liv i Spanien \u00e4n i Sverige\",\"datePublished\":\"2015-11-04T23:00:00+00:00\",\"mainEntityOfPage\":{\"@id\":\"https:\\\/\\\/lightweb.dev\\\/l\\\/svm-temp\\\/nyheter\\\/halsosammare-och-langre-liv-i-spanien-an-i-sverige\\\/\"},\"wordCount\":207,\"commentCount\":0,\"publisher\":{\"@id\":\"https:\\\/\\\/lightweb.dev\\\/l\\\/svm-temp\\\/#organization\"},\"image\":{\"@id\":\"https:\\\/\\\/lightweb.dev\\\/l\\\/svm-temp\\\/nyheter\\\/halsosammare-och-langre-liv-i-spanien-an-i-sverige\\\/#primaryimage\"},\"thumbnailUrl\":\"https:\\\/\\\/lightweb.dev\\\/l\\\/svm-temp\\\/wp-content\\\/uploads\\\/2022\\\/06\\\/halsosammare-och-langre-liv-i-spanien-an-i-sverige.png\",\"articleSection\":[\"Arkiv\",\"Nyheter\"],\"inLanguage\":\"sv-SE\"},{\"@type\":\"WebPage\",\"@id\":\"https:\\\/\\\/lightweb.dev\\\/l\\\/svm-temp\\\/nyheter\\\/halsosammare-och-langre-liv-i-spanien-an-i-sverige\\\/\",\"url\":\"https:\\\/\\\/lightweb.dev\\\/l\\\/svm-temp\\\/nyheter\\\/halsosammare-och-langre-liv-i-spanien-an-i-sverige\\\/\",\"name\":\"H\u00e4lsosammare och l\u00e4ngre liv i Spanien \u00e4n i Sverige - Svenska Magasinet\",\"isPartOf\":{\"@id\":\"https:\\\/\\\/lightweb.dev\\\/l\\\/svm-temp\\\/#website\"},\"primaryImageOfPage\":{\"@id\":\"https:\\\/\\\/lightweb.dev\\\/l\\\/svm-temp\\\/nyheter\\\/halsosammare-och-langre-liv-i-spanien-an-i-sverige\\\/#primaryimage\"},\"image\":{\"@id\":\"https:\\\/\\\/lightweb.dev\\\/l\\\/svm-temp\\\/nyheter\\\/halsosammare-och-langre-liv-i-spanien-an-i-sverige\\\/#primaryimage\"},\"thumbnailUrl\":\"https:\\\/\\\/lightweb.dev\\\/l\\\/svm-temp\\\/wp-content\\\/uploads\\\/2022\\\/06\\\/halsosammare-och-langre-liv-i-spanien-an-i-sverige.png\",\"datePublished\":\"2015-11-04T23:00:00+00:00\",\"breadcrumb\":{\"@id\":\"https:\\\/\\\/lightweb.dev\\\/l\\\/svm-temp\\\/nyheter\\\/halsosammare-och-langre-liv-i-spanien-an-i-sverige\\\/#breadcrumb\"},\"inLanguage\":\"sv-SE\",\"potentialAction\":[{\"@type\":\"ReadAction\",\"target\":[\"https:\\\/\\\/lightweb.dev\\\/l\\\/svm-temp\\\/nyheter\\\/halsosammare-och-langre-liv-i-spanien-an-i-sverige\\\/\"]}]},{\"@type\":\"ImageObject\",\"inLanguage\":\"sv-SE\",\"@id\":\"https:\\\/\\\/lightweb.dev\\\/l\\\/svm-temp\\\/nyheter\\\/halsosammare-och-langre-liv-i-spanien-an-i-sverige\\\/#primaryimage\",\"url\":\"https:\\\/\\\/lightweb.dev\\\/l\\\/svm-temp\\\/wp-content\\\/uploads\\\/2022\\\/06\\\/halsosammare-och-langre-liv-i-spanien-an-i-sverige.png\",\"contentUrl\":\"https:\\\/\\\/lightweb.dev\\\/l\\\/svm-temp\\\/wp-content\\\/uploads\\\/2022\\\/06\\\/halsosammare-och-langre-liv-i-spanien-an-i-sverige.png\",\"width\":299,\"height\":200},{\"@type\":\"BreadcrumbList\",\"@id\":\"https:\\\/\\\/lightweb.dev\\\/l\\\/svm-temp\\\/nyheter\\\/halsosammare-och-langre-liv-i-spanien-an-i-sverige\\\/#breadcrumb\",\"itemListElement\":[{\"@type\":\"ListItem\",\"position\":1,\"name\":\"Hem\",\"item\":\"https:\\\/\\\/lightweb.dev\\\/l\\\/svm-temp\\\/\"},{\"@type\":\"ListItem\",\"position\":2,\"name\":\"H\u00e4lsosammare och l\u00e4ngre liv i Spanien \u00e4n i Sverige\"}]},{\"@type\":\"WebSite\",\"@id\":\"https:\\\/\\\/lightweb.dev\\\/l\\\/svm-temp\\\/#website\",\"url\":\"https:\\\/\\\/lightweb.dev\\\/l\\\/svm-temp\\\/\",\"name\":\"Svenska Magasinet\",\"description\":\"Dina Spanska nyheter p&aring; Svenska\",\"publisher\":{\"@id\":\"https:\\\/\\\/lightweb.dev\\\/l\\\/svm-temp\\\/#organization\"},\"potentialAction\":[{\"@type\":\"SearchAction\",\"target\":{\"@type\":\"EntryPoint\",\"urlTemplate\":\"https:\\\/\\\/lightweb.dev\\\/l\\\/svm-temp\\\/?s={search_term_string}\"},\"query-input\":{\"@type\":\"PropertyValueSpecification\",\"valueRequired\":true,\"valueName\":\"search_term_string\"}}],\"inLanguage\":\"sv-SE\"},{\"@type\":\"Organization\",\"@id\":\"https:\\\/\\\/lightweb.dev\\\/l\\\/svm-temp\\\/#organization\",\"name\":\"Melkerson y Nott SL\",\"alternateName\":\"Svenska Magasinet\",\"url\":\"https:\\\/\\\/lightweb.dev\\\/l\\\/svm-temp\\\/\",\"logo\":{\"@type\":\"ImageObject\",\"inLanguage\":\"sv-SE\",\"@id\":\"https:\\\/\\\/lightweb.dev\\\/l\\\/svm-temp\\\/#\\\/schema\\\/logo\\\/image\\\/\",\"url\":\"https:\\\/\\\/lightweb.dev\\\/l\\\/svm-temp\\\/wp-content\\\/uploads\\\/2025\\\/02\\\/SvM-logo-Xtra-Centrerad-SVART.png\",\"contentUrl\":\"https:\\\/\\\/lightweb.dev\\\/l\\\/svm-temp\\\/wp-content\\\/uploads\\\/2025\\\/02\\\/SvM-logo-Xtra-Centrerad-SVART.png\",\"width\":300,\"height\":99,\"caption\":\"Melkerson y Nott SL\"},\"image\":{\"@id\":\"https:\\\/\\\/lightweb.dev\\\/l\\\/svm-temp\\\/#\\\/schema\\\/logo\\\/image\\\/\"},\"sameAs\":[\"https:\\\/\\\/www.facebook.com\\\/svenskamagasinet\",\"https:\\\/\\\/x.com\\\/SvenskaMagasine\"]},{\"@type\":\"Person\",\"@id\":\"https:\\\/\\\/lightweb.dev\\\/l\\\/svm-temp\\\/#\\\/schema\\\/person\\\/206a3bda5b607b0c25e1749191e4d837\",\"name\":\"Redaktionen SvM\",\"description\":\"Redaktionen\",\"sameAs\":[\"https:\\\/\\\/lightweb.dev\\\/l\\\/svm-temp\"],\"url\":\"https:\\\/\\\/lightweb.dev\\\/l\\\/svm-temp\\\/reporter\\\/redaktionen\\\/\"}]}<\/script>\n<!-- \/ Yoast SEO Premium plugin. -->","yoast_head_json":{"title":"H\u00e4lsosammare och l\u00e4ngre liv i Spanien \u00e4n i Sverige - Svenska Magasinet","robots":{"index":"noindex","follow":"follow","max-snippet":"max-snippet:-1","max-image-preview":"max-image-preview:large","max-video-preview":"max-video-preview:-1"},"og_locale":"sv_SE","og_type":"article","og_title":"H\u00e4lsosammare och l\u00e4ngre liv i Spanien \u00e4n i Sverige","og_description":"Medan Sverige tappar i f\u00f6rv\u00e4ntad livsl\u00e4ngd kan befolkningen i Spanien f\u00f6rv\u00e4nta sig ett l\u00e5ngt liv, ja faktiskt det l\u00e4ngsta livet efter befolkningen i Japan n\u00e4r det g\u00e4ller OECD-l\u00e4nder. Den f\u00f6rv\u00e4ntade medellivsl\u00e4ngden har \u00f6kat med tio \u00e5r mellan 1970 och 2013, visar en rapport fr\u00e5n den ekonomiska samarbetsorganisationen. Japan toppar listan. D\u00e4r antas befolkningen i snitt [&hellip;]","og_url":"https:\/\/lightweb.dev\/l\/svm-temp\/nyheter\/halsosammare-och-langre-liv-i-spanien-an-i-sverige\/","og_site_name":"Svenska Magasinet","article_publisher":"https:\/\/www.facebook.com\/svenskamagasinet","article_published_time":"2015-11-04T23:00:00+00:00","og_image":[{"width":299,"height":200,"url":"https:\/\/lightweb.dev\/l\/svm-temp\/wp-content\/uploads\/2022\/06\/halsosammare-och-langre-liv-i-spanien-an-i-sverige.png","type":"image\/png"}],"author":"Redaktionen SvM","twitter_card":"summary_large_image","twitter_creator":"@SvenskaMagasine","twitter_site":"@SvenskaMagasine","schema":{"@context":"https:\/\/schema.org","@graph":[{"@type":"Article","@id":"https:\/\/lightweb.dev\/l\/svm-temp\/nyheter\/halsosammare-och-langre-liv-i-spanien-an-i-sverige\/#article","isPartOf":{"@id":"https:\/\/lightweb.dev\/l\/svm-temp\/nyheter\/halsosammare-och-langre-liv-i-spanien-an-i-sverige\/"},"author":{"name":"Redaktionen SvM","@id":"https:\/\/lightweb.dev\/l\/svm-temp\/#\/schema\/person\/206a3bda5b607b0c25e1749191e4d837"},"headline":"H\u00e4lsosammare och l\u00e4ngre liv i Spanien \u00e4n i Sverige","datePublished":"2015-11-04T23:00:00+00:00","mainEntityOfPage":{"@id":"https:\/\/lightweb.dev\/l\/svm-temp\/nyheter\/halsosammare-och-langre-liv-i-spanien-an-i-sverige\/"},"wordCount":207,"commentCount":0,"publisher":{"@id":"https:\/\/lightweb.dev\/l\/svm-temp\/#organization"},"image":{"@id":"https:\/\/lightweb.dev\/l\/svm-temp\/nyheter\/halsosammare-och-langre-liv-i-spanien-an-i-sverige\/#primaryimage"},"thumbnailUrl":"https:\/\/lightweb.dev\/l\/svm-temp\/wp-content\/uploads\/2022\/06\/halsosammare-och-langre-liv-i-spanien-an-i-sverige.png","articleSection":["Arkiv","Nyheter"],"inLanguage":"sv-SE"},{"@type":"WebPage","@id":"https:\/\/lightweb.dev\/l\/svm-temp\/nyheter\/halsosammare-och-langre-liv-i-spanien-an-i-sverige\/","url":"https:\/\/lightweb.dev\/l\/svm-temp\/nyheter\/halsosammare-och-langre-liv-i-spanien-an-i-sverige\/","name":"H\u00e4lsosammare och l\u00e4ngre liv i Spanien \u00e4n i Sverige - Svenska Magasinet","isPartOf":{"@id":"https:\/\/lightweb.dev\/l\/svm-temp\/#website"},"primaryImageOfPage":{"@id":"https:\/\/lightweb.dev\/l\/svm-temp\/nyheter\/halsosammare-och-langre-liv-i-spanien-an-i-sverige\/#primaryimage"},"image":{"@id":"https:\/\/lightweb.dev\/l\/svm-temp\/nyheter\/halsosammare-och-langre-liv-i-spanien-an-i-sverige\/#primaryimage"},"thumbnailUrl":"https:\/\/lightweb.dev\/l\/svm-temp\/wp-content\/uploads\/2022\/06\/halsosammare-och-langre-liv-i-spanien-an-i-sverige.png","datePublished":"2015-11-04T23:00:00+00:00","breadcrumb":{"@id":"https:\/\/lightweb.dev\/l\/svm-temp\/nyheter\/halsosammare-och-langre-liv-i-spanien-an-i-sverige\/#breadcrumb"},"inLanguage":"sv-SE","potentialAction":[{"@type":"ReadAction","target":["https:\/\/lightweb.dev\/l\/svm-temp\/nyheter\/halsosammare-och-langre-liv-i-spanien-an-i-sverige\/"]}]},{"@type":"ImageObject","inLanguage":"sv-SE","@id":"https:\/\/lightweb.dev\/l\/svm-temp\/nyheter\/halsosammare-och-langre-liv-i-spanien-an-i-sverige\/#primaryimage","url":"https:\/\/lightweb.dev\/l\/svm-temp\/wp-content\/uploads\/2022\/06\/halsosammare-och-langre-liv-i-spanien-an-i-sverige.png","contentUrl":"https:\/\/lightweb.dev\/l\/svm-temp\/wp-content\/uploads\/2022\/06\/halsosammare-och-langre-liv-i-spanien-an-i-sverige.png","width":299,"height":200},{"@type":"BreadcrumbList","@id":"https:\/\/lightweb.dev\/l\/svm-temp\/nyheter\/halsosammare-och-langre-liv-i-spanien-an-i-sverige\/#breadcrumb","itemListElement":[{"@type":"ListItem","position":1,"name":"Hem","item":"https:\/\/lightweb.dev\/l\/svm-temp\/"},{"@type":"ListItem","position":2,"name":"H\u00e4lsosammare och l\u00e4ngre liv i Spanien \u00e4n i Sverige"}]},{"@type":"WebSite","@id":"https:\/\/lightweb.dev\/l\/svm-temp\/#website","url":"https:\/\/lightweb.dev\/l\/svm-temp\/","name":"Svenska Magasinet","description":"Dina Spanska nyheter p&aring; Svenska","publisher":{"@id":"https:\/\/lightweb.dev\/l\/svm-temp\/#organization"},"potentialAction":[{"@type":"SearchAction","target":{"@type":"EntryPoint","urlTemplate":"https:\/\/lightweb.dev\/l\/svm-temp\/?s={search_term_string}"},"query-input":{"@type":"PropertyValueSpecification","valueRequired":true,"valueName":"search_term_string"}}],"inLanguage":"sv-SE"},{"@type":"Organization","@id":"https:\/\/lightweb.dev\/l\/svm-temp\/#organization","name":"Melkerson y Nott SL","alternateName":"Svenska Magasinet","url":"https:\/\/lightweb.dev\/l\/svm-temp\/","logo":{"@type":"ImageObject","inLanguage":"sv-SE","@id":"https:\/\/lightweb.dev\/l\/svm-temp\/#\/schema\/logo\/image\/","url":"https:\/\/lightweb.dev\/l\/svm-temp\/wp-content\/uploads\/2025\/02\/SvM-logo-Xtra-Centrerad-SVART.png","contentUrl":"https:\/\/lightweb.dev\/l\/svm-temp\/wp-content\/uploads\/2025\/02\/SvM-logo-Xtra-Centrerad-SVART.png","width":300,"height":99,"caption":"Melkerson y Nott SL"},"image":{"@id":"https:\/\/lightweb.dev\/l\/svm-temp\/#\/schema\/logo\/image\/"},"sameAs":["https:\/\/www.facebook.com\/svenskamagasinet","https:\/\/x.com\/SvenskaMagasine"]},{"@type":"Person","@id":"https:\/\/lightweb.dev\/l\/svm-temp\/#\/schema\/person\/206a3bda5b607b0c25e1749191e4d837","name":"Redaktionen SvM","description":"Redaktionen","sameAs":["https:\/\/lightweb.dev\/l\/svm-temp"],"url":"https:\/\/lightweb.dev\/l\/svm-temp\/reporter\/redaktionen\/"}]}},"_links":{"self":[{"href":"https:\/\/lightweb.dev\/l\/svm-temp\/wp-json\/wp\/v2\/posts\/23287","targetHints":{"allow":["GET"]}}],"collection":[{"href":"https:\/\/lightweb.dev\/l\/svm-temp\/wp-json\/wp\/v2\/posts"}],"about":[{"href":"https:\/\/lightweb.dev\/l\/svm-temp\/wp-json\/wp\/v2\/types\/post"}],"author":[{"embeddable":true,"href":"https:\/\/lightweb.dev\/l\/svm-temp\/wp-json\/wp\/v2\/users\/8"}],"replies":[{"embeddable":true,"href":"https:\/\/lightweb.dev\/l\/svm-temp\/wp-json\/wp\/v2\/comments?post=23287"}],"version-history":[{"count":0,"href":"https:\/\/lightweb.dev\/l\/svm-temp\/wp-json\/wp\/v2\/posts\/23287\/revisions"}],"wp:featuredmedia":[{"embeddable":true,"href":"https:\/\/lightweb.dev\/l\/svm-temp\/wp-json\/wp\/v2\/media\/23288"}],"wp:attachment":[{"href":"https:\/\/lightweb.dev\/l\/svm-temp\/wp-json\/wp\/v2\/media?parent=23287"}],"wp:term":[{"taxonomy":"category","embeddable":true,"href":"https:\/\/lightweb.dev\/l\/svm-temp\/wp-json\/wp\/v2\/categories?post=23287"},{"taxonomy":"post_tag","embeddable":true,"href":"https:\/\/lightweb.dev\/l\/svm-temp\/wp-json\/wp\/v2\/tags?post=23287"}],"curies":[{"name":"wp","href":"https:\/\/api.w.org\/{rel}","templated":true}]}}