{"id":23291,"date":"2015-11-04T00:00:00","date_gmt":"2015-11-03T23:00:00","guid":{"rendered":"https:\/\/lightweb.dev\/l\/svm-temp\/nyheter\/gripna-jihadister-besatta-av-att-doda-poliser-och-judar-ytterligare-tva-greps-idag\/"},"modified":"2015-11-04T00:00:00","modified_gmt":"2015-11-03T23:00:00","slug":"gripna-jihadister-besatta-av-att-doda-poliser-och-judar-ytterligare-tva-greps-idag","status":"publish","type":"post","link":"https:\/\/lightweb.dev\/l\/svm-temp\/nyheter\/gripna-jihadister-besatta-av-att-doda-poliser-och-judar-ytterligare-tva-greps-idag\/","title":{"rendered":"Gripna jihadister besatta av att d\u00f6da poliser och judar \u2013 ytterligare tv\u00e5 greps idag"},"content":{"rendered":"<p> De tre misst\u00e4nkta jihadister som greps i Madrid ig\u00e5r hade som m\u00e5l att d\u00f6da poliser och judar. Det handlade inte i f\u00f6rsta hand om att rekrytera frivilliga till Irak och Syrien f\u00f6r att ansluta sig till islamiska staten IS. Deras dr\u00f6m var att \u00e5terupprepa terrorattacken i Paris i januari.<\/p>\n<p>Spansk polis har avlyssnat samtal mellan de tre gripna jihadister, ursprungligen fr\u00e5n Marocko, som greps i Madrid p\u00e5 tisdagen. Samtliga har gett uttryck f\u00f6r beundran f\u00f6r martyrerna Said och Ch\u00e9rif Kouachi samt Amedy Coulibaly som l\u00e5g bakom terrorattentatet i Paris.<\/p>\n<p>Polistillslaget i Madrid under g\u00e5rdagen g\u00e5r under namnet \u201doperaci\u00f3n Kamarma\u201d och troligtvis har spansk polis f\u00f6rhindrat en blodig terroristattack. Enligt polisen var de tre gripna besatta av att d\u00f6da poliser och judar i Madrid. \u00c4ven om de inte ingick i islamiska staten s\u00e5 var de beredda att f\u00f6lja order via n\u00e4tet.<\/p>\n<p>Terrorcellen i Madrid beskrivs best\u00e5 av \u201densamvargar\u201d som har tr\u00e4ffats p\u00e5 sociala n\u00e4tverk och i mosk\u00e9n i Lavapi\u00e9s i Madrid. Ingen av dem har varit i Syrien.<\/p>\n<p>De gripna \u00e4r mellan 26 och 29 \u00e5r och arbetsl\u00f6sa. Tv\u00e5 av dem greps i stadsdelen Ca\u00f1ada Real och den tredje i Vallecas. De var inte k\u00e4nda som radikaliserade jihadister tidigare. De har varit bosatta i 15, sju respektive fem \u00e5r i Spanien och har under \u00e5ren bes\u00f6kt flera mosk\u00e9er i Madrid. Genom filmer och kontakter med kalifatet i Syrien har de radikaliserats.<\/p>\n<p>24 timmar efter tillslaget i Madrid s\u00e5 har Guardia Civil idag gripit ytterligare tv\u00e5 misst\u00e4nkta jihadister i Cornell\u00e0 de Llobregat i Barcelona. B\u00e5da kommer ursprungligen fr\u00e5n Marocko men en av dem \u00e4r spansk medborgare.<\/p>\n<p>Enligt inrikesdepartementet har de anknytning till IS och genom sociala n\u00e4tverk har de hyllat terroristerna och f\u00f6rs\u00f6kt rekrytera nya till kriget. De gripna hade kontakt med tolv personer som var beredda att ansluta sig till cellen.<\/p>\n<p>Med gripandena i Barcelona har antalet misst\u00e4nkta jihadister som spansk polis gripit i \u00e5r stigit till 62 personer. <\/p>\n","protected":false},"excerpt":{"rendered":"<p>De tre misst\u00e4nkta jihadister som greps i Madrid ig\u00e5r hade som m\u00e5l att d\u00f6da poliser och judar. Det handlade inte i f\u00f6rsta hand om att rekrytera frivilliga till Irak och Syrien f\u00f6r att ansluta sig till islamiska staten IS. Deras dr\u00f6m var att \u00e5terupprepa terrorattacken i Paris i januari. Spansk polis har avlyssnat samtal mellan [&hellip;]<\/p>\n","protected":false},"author":8,"featured_media":23292,"comment_status":"open","ping_status":"open","sticky":false,"template":"","format":"standard","meta":{"_et_pb_use_builder":"","_et_pb_old_content":"","_et_gb_content_width":"","footnotes":""},"categories":[395,3],"tags":[],"class_list":["post-23291","post","type-post","status-publish","format-standard","has-post-thumbnail","hentry","category-arkiv-nyheter","category-nyheter"],"yoast_head":"<!-- This site is optimized with the Yoast SEO Premium plugin v26.2 (Yoast SEO v27.4) - https:\/\/yoast.com\/product\/yoast-seo-premium-wordpress\/ -->\n<title>Gripna jihadister besatta av att d\u00f6da poliser och judar \u2013 ytterligare tv\u00e5 greps idag - Svenska Magasinet<\/title>\n<meta name=\"robots\" content=\"noindex, follow, max-snippet:-1, max-image-preview:large, max-video-preview:-1\" \/>\n<meta property=\"og:locale\" content=\"sv_SE\" \/>\n<meta property=\"og:type\" content=\"article\" \/>\n<meta property=\"og:title\" content=\"Gripna jihadister besatta av att d\u00f6da poliser och judar \u2013 ytterligare tv\u00e5 greps idag\" \/>\n<meta property=\"og:description\" content=\"De tre misst\u00e4nkta jihadister som greps i Madrid ig\u00e5r hade som m\u00e5l att d\u00f6da poliser och judar. Det handlade inte i f\u00f6rsta hand om att rekrytera frivilliga till Irak och Syrien f\u00f6r att ansluta sig till islamiska staten IS. Deras dr\u00f6m var att \u00e5terupprepa terrorattacken i Paris i januari. Spansk polis har avlyssnat samtal mellan [&hellip;]\" \/>\n<meta property=\"og:url\" content=\"https:\/\/lightweb.dev\/l\/svm-temp\/nyheter\/gripna-jihadister-besatta-av-att-doda-poliser-och-judar-ytterligare-tva-greps-idag\/\" \/>\n<meta property=\"og:site_name\" content=\"Svenska Magasinet\" \/>\n<meta property=\"article:publisher\" content=\"https:\/\/www.facebook.com\/svenskamagasinet\" \/>\n<meta property=\"article:published_time\" content=\"2015-11-03T23:00:00+00:00\" \/>\n<meta property=\"og:image\" content=\"https:\/\/lightweb.dev\/l\/svm-temp\/wp-content\/uploads\/2022\/06\/gripna-jihadister-besatta-av-att-doda-poliser-och-judar-ytterligare-tva-greps-idag.png\" \/>\n\t<meta property=\"og:image:width\" content=\"294\" \/>\n\t<meta property=\"og:image:height\" content=\"200\" \/>\n\t<meta property=\"og:image:type\" content=\"image\/png\" \/>\n<meta name=\"author\" content=\"Redaktionen SvM\" \/>\n<meta name=\"twitter:card\" content=\"summary_large_image\" \/>\n<meta name=\"twitter:creator\" content=\"@SvenskaMagasine\" \/>\n<meta name=\"twitter:site\" content=\"@SvenskaMagasine\" \/>\n<script type=\"application\/ld+json\" class=\"yoast-schema-graph\">{\"@context\":\"https:\\\/\\\/schema.org\",\"@graph\":[{\"@type\":\"Article\",\"@id\":\"https:\\\/\\\/lightweb.dev\\\/l\\\/svm-temp\\\/nyheter\\\/gripna-jihadister-besatta-av-att-doda-poliser-och-judar-ytterligare-tva-greps-idag\\\/#article\",\"isPartOf\":{\"@id\":\"https:\\\/\\\/lightweb.dev\\\/l\\\/svm-temp\\\/nyheter\\\/gripna-jihadister-besatta-av-att-doda-poliser-och-judar-ytterligare-tva-greps-idag\\\/\"},\"author\":{\"name\":\"Redaktionen SvM\",\"@id\":\"https:\\\/\\\/lightweb.dev\\\/l\\\/svm-temp\\\/#\\\/schema\\\/person\\\/206a3bda5b607b0c25e1749191e4d837\"},\"headline\":\"Gripna jihadister besatta av att d\u00f6da poliser och judar \u2013 ytterligare tv\u00e5 greps idag\",\"datePublished\":\"2015-11-03T23:00:00+00:00\",\"mainEntityOfPage\":{\"@id\":\"https:\\\/\\\/lightweb.dev\\\/l\\\/svm-temp\\\/nyheter\\\/gripna-jihadister-besatta-av-att-doda-poliser-och-judar-ytterligare-tva-greps-idag\\\/\"},\"wordCount\":362,\"commentCount\":0,\"publisher\":{\"@id\":\"https:\\\/\\\/lightweb.dev\\\/l\\\/svm-temp\\\/#organization\"},\"image\":{\"@id\":\"https:\\\/\\\/lightweb.dev\\\/l\\\/svm-temp\\\/nyheter\\\/gripna-jihadister-besatta-av-att-doda-poliser-och-judar-ytterligare-tva-greps-idag\\\/#primaryimage\"},\"thumbnailUrl\":\"https:\\\/\\\/lightweb.dev\\\/l\\\/svm-temp\\\/wp-content\\\/uploads\\\/2022\\\/06\\\/gripna-jihadister-besatta-av-att-doda-poliser-och-judar-ytterligare-tva-greps-idag.png\",\"articleSection\":[\"Arkiv\",\"Nyheter\"],\"inLanguage\":\"sv-SE\"},{\"@type\":\"WebPage\",\"@id\":\"https:\\\/\\\/lightweb.dev\\\/l\\\/svm-temp\\\/nyheter\\\/gripna-jihadister-besatta-av-att-doda-poliser-och-judar-ytterligare-tva-greps-idag\\\/\",\"url\":\"https:\\\/\\\/lightweb.dev\\\/l\\\/svm-temp\\\/nyheter\\\/gripna-jihadister-besatta-av-att-doda-poliser-och-judar-ytterligare-tva-greps-idag\\\/\",\"name\":\"Gripna jihadister besatta av att d\u00f6da poliser och judar \u2013 ytterligare tv\u00e5 greps idag - Svenska Magasinet\",\"isPartOf\":{\"@id\":\"https:\\\/\\\/lightweb.dev\\\/l\\\/svm-temp\\\/#website\"},\"primaryImageOfPage\":{\"@id\":\"https:\\\/\\\/lightweb.dev\\\/l\\\/svm-temp\\\/nyheter\\\/gripna-jihadister-besatta-av-att-doda-poliser-och-judar-ytterligare-tva-greps-idag\\\/#primaryimage\"},\"image\":{\"@id\":\"https:\\\/\\\/lightweb.dev\\\/l\\\/svm-temp\\\/nyheter\\\/gripna-jihadister-besatta-av-att-doda-poliser-och-judar-ytterligare-tva-greps-idag\\\/#primaryimage\"},\"thumbnailUrl\":\"https:\\\/\\\/lightweb.dev\\\/l\\\/svm-temp\\\/wp-content\\\/uploads\\\/2022\\\/06\\\/gripna-jihadister-besatta-av-att-doda-poliser-och-judar-ytterligare-tva-greps-idag.png\",\"datePublished\":\"2015-11-03T23:00:00+00:00\",\"breadcrumb\":{\"@id\":\"https:\\\/\\\/lightweb.dev\\\/l\\\/svm-temp\\\/nyheter\\\/gripna-jihadister-besatta-av-att-doda-poliser-och-judar-ytterligare-tva-greps-idag\\\/#breadcrumb\"},\"inLanguage\":\"sv-SE\",\"potentialAction\":[{\"@type\":\"ReadAction\",\"target\":[\"https:\\\/\\\/lightweb.dev\\\/l\\\/svm-temp\\\/nyheter\\\/gripna-jihadister-besatta-av-att-doda-poliser-och-judar-ytterligare-tva-greps-idag\\\/\"]}]},{\"@type\":\"ImageObject\",\"inLanguage\":\"sv-SE\",\"@id\":\"https:\\\/\\\/lightweb.dev\\\/l\\\/svm-temp\\\/nyheter\\\/gripna-jihadister-besatta-av-att-doda-poliser-och-judar-ytterligare-tva-greps-idag\\\/#primaryimage\",\"url\":\"https:\\\/\\\/lightweb.dev\\\/l\\\/svm-temp\\\/wp-content\\\/uploads\\\/2022\\\/06\\\/gripna-jihadister-besatta-av-att-doda-poliser-och-judar-ytterligare-tva-greps-idag.png\",\"contentUrl\":\"https:\\\/\\\/lightweb.dev\\\/l\\\/svm-temp\\\/wp-content\\\/uploads\\\/2022\\\/06\\\/gripna-jihadister-besatta-av-att-doda-poliser-och-judar-ytterligare-tva-greps-idag.png\",\"width\":294,\"height\":200},{\"@type\":\"BreadcrumbList\",\"@id\":\"https:\\\/\\\/lightweb.dev\\\/l\\\/svm-temp\\\/nyheter\\\/gripna-jihadister-besatta-av-att-doda-poliser-och-judar-ytterligare-tva-greps-idag\\\/#breadcrumb\",\"itemListElement\":[{\"@type\":\"ListItem\",\"position\":1,\"name\":\"Hem\",\"item\":\"https:\\\/\\\/lightweb.dev\\\/l\\\/svm-temp\\\/\"},{\"@type\":\"ListItem\",\"position\":2,\"name\":\"Gripna jihadister besatta av att d\u00f6da poliser och judar \u2013 ytterligare tv\u00e5 greps idag\"}]},{\"@type\":\"WebSite\",\"@id\":\"https:\\\/\\\/lightweb.dev\\\/l\\\/svm-temp\\\/#website\",\"url\":\"https:\\\/\\\/lightweb.dev\\\/l\\\/svm-temp\\\/\",\"name\":\"Svenska Magasinet\",\"description\":\"Dina Spanska nyheter p&aring; Svenska\",\"publisher\":{\"@id\":\"https:\\\/\\\/lightweb.dev\\\/l\\\/svm-temp\\\/#organization\"},\"potentialAction\":[{\"@type\":\"SearchAction\",\"target\":{\"@type\":\"EntryPoint\",\"urlTemplate\":\"https:\\\/\\\/lightweb.dev\\\/l\\\/svm-temp\\\/?s={search_term_string}\"},\"query-input\":{\"@type\":\"PropertyValueSpecification\",\"valueRequired\":true,\"valueName\":\"search_term_string\"}}],\"inLanguage\":\"sv-SE\"},{\"@type\":\"Organization\",\"@id\":\"https:\\\/\\\/lightweb.dev\\\/l\\\/svm-temp\\\/#organization\",\"name\":\"Melkerson y Nott SL\",\"alternateName\":\"Svenska Magasinet\",\"url\":\"https:\\\/\\\/lightweb.dev\\\/l\\\/svm-temp\\\/\",\"logo\":{\"@type\":\"ImageObject\",\"inLanguage\":\"sv-SE\",\"@id\":\"https:\\\/\\\/lightweb.dev\\\/l\\\/svm-temp\\\/#\\\/schema\\\/logo\\\/image\\\/\",\"url\":\"https:\\\/\\\/lightweb.dev\\\/l\\\/svm-temp\\\/wp-content\\\/uploads\\\/2025\\\/02\\\/SvM-logo-Xtra-Centrerad-SVART.png\",\"contentUrl\":\"https:\\\/\\\/lightweb.dev\\\/l\\\/svm-temp\\\/wp-content\\\/uploads\\\/2025\\\/02\\\/SvM-logo-Xtra-Centrerad-SVART.png\",\"width\":300,\"height\":99,\"caption\":\"Melkerson y Nott SL\"},\"image\":{\"@id\":\"https:\\\/\\\/lightweb.dev\\\/l\\\/svm-temp\\\/#\\\/schema\\\/logo\\\/image\\\/\"},\"sameAs\":[\"https:\\\/\\\/www.facebook.com\\\/svenskamagasinet\",\"https:\\\/\\\/x.com\\\/SvenskaMagasine\"]},{\"@type\":\"Person\",\"@id\":\"https:\\\/\\\/lightweb.dev\\\/l\\\/svm-temp\\\/#\\\/schema\\\/person\\\/206a3bda5b607b0c25e1749191e4d837\",\"name\":\"Redaktionen SvM\",\"description\":\"Redaktionen\",\"sameAs\":[\"https:\\\/\\\/lightweb.dev\\\/l\\\/svm-temp\"],\"url\":\"https:\\\/\\\/lightweb.dev\\\/l\\\/svm-temp\\\/reporter\\\/redaktionen\\\/\"}]}<\/script>\n<!-- \/ Yoast SEO Premium plugin. -->","yoast_head_json":{"title":"Gripna jihadister besatta av att d\u00f6da poliser och judar \u2013 ytterligare tv\u00e5 greps idag - Svenska Magasinet","robots":{"index":"noindex","follow":"follow","max-snippet":"max-snippet:-1","max-image-preview":"max-image-preview:large","max-video-preview":"max-video-preview:-1"},"og_locale":"sv_SE","og_type":"article","og_title":"Gripna jihadister besatta av att d\u00f6da poliser och judar \u2013 ytterligare tv\u00e5 greps idag","og_description":"De tre misst\u00e4nkta jihadister som greps i Madrid ig\u00e5r hade som m\u00e5l att d\u00f6da poliser och judar. Det handlade inte i f\u00f6rsta hand om att rekrytera frivilliga till Irak och Syrien f\u00f6r att ansluta sig till islamiska staten IS. Deras dr\u00f6m var att \u00e5terupprepa terrorattacken i Paris i januari. Spansk polis har avlyssnat samtal mellan [&hellip;]","og_url":"https:\/\/lightweb.dev\/l\/svm-temp\/nyheter\/gripna-jihadister-besatta-av-att-doda-poliser-och-judar-ytterligare-tva-greps-idag\/","og_site_name":"Svenska Magasinet","article_publisher":"https:\/\/www.facebook.com\/svenskamagasinet","article_published_time":"2015-11-03T23:00:00+00:00","og_image":[{"width":294,"height":200,"url":"https:\/\/lightweb.dev\/l\/svm-temp\/wp-content\/uploads\/2022\/06\/gripna-jihadister-besatta-av-att-doda-poliser-och-judar-ytterligare-tva-greps-idag.png","type":"image\/png"}],"author":"Redaktionen SvM","twitter_card":"summary_large_image","twitter_creator":"@SvenskaMagasine","twitter_site":"@SvenskaMagasine","schema":{"@context":"https:\/\/schema.org","@graph":[{"@type":"Article","@id":"https:\/\/lightweb.dev\/l\/svm-temp\/nyheter\/gripna-jihadister-besatta-av-att-doda-poliser-och-judar-ytterligare-tva-greps-idag\/#article","isPartOf":{"@id":"https:\/\/lightweb.dev\/l\/svm-temp\/nyheter\/gripna-jihadister-besatta-av-att-doda-poliser-och-judar-ytterligare-tva-greps-idag\/"},"author":{"name":"Redaktionen SvM","@id":"https:\/\/lightweb.dev\/l\/svm-temp\/#\/schema\/person\/206a3bda5b607b0c25e1749191e4d837"},"headline":"Gripna jihadister besatta av att d\u00f6da poliser och judar \u2013 ytterligare tv\u00e5 greps idag","datePublished":"2015-11-03T23:00:00+00:00","mainEntityOfPage":{"@id":"https:\/\/lightweb.dev\/l\/svm-temp\/nyheter\/gripna-jihadister-besatta-av-att-doda-poliser-och-judar-ytterligare-tva-greps-idag\/"},"wordCount":362,"commentCount":0,"publisher":{"@id":"https:\/\/lightweb.dev\/l\/svm-temp\/#organization"},"image":{"@id":"https:\/\/lightweb.dev\/l\/svm-temp\/nyheter\/gripna-jihadister-besatta-av-att-doda-poliser-och-judar-ytterligare-tva-greps-idag\/#primaryimage"},"thumbnailUrl":"https:\/\/lightweb.dev\/l\/svm-temp\/wp-content\/uploads\/2022\/06\/gripna-jihadister-besatta-av-att-doda-poliser-och-judar-ytterligare-tva-greps-idag.png","articleSection":["Arkiv","Nyheter"],"inLanguage":"sv-SE"},{"@type":"WebPage","@id":"https:\/\/lightweb.dev\/l\/svm-temp\/nyheter\/gripna-jihadister-besatta-av-att-doda-poliser-och-judar-ytterligare-tva-greps-idag\/","url":"https:\/\/lightweb.dev\/l\/svm-temp\/nyheter\/gripna-jihadister-besatta-av-att-doda-poliser-och-judar-ytterligare-tva-greps-idag\/","name":"Gripna jihadister besatta av att d\u00f6da poliser och judar \u2013 ytterligare tv\u00e5 greps idag - Svenska Magasinet","isPartOf":{"@id":"https:\/\/lightweb.dev\/l\/svm-temp\/#website"},"primaryImageOfPage":{"@id":"https:\/\/lightweb.dev\/l\/svm-temp\/nyheter\/gripna-jihadister-besatta-av-att-doda-poliser-och-judar-ytterligare-tva-greps-idag\/#primaryimage"},"image":{"@id":"https:\/\/lightweb.dev\/l\/svm-temp\/nyheter\/gripna-jihadister-besatta-av-att-doda-poliser-och-judar-ytterligare-tva-greps-idag\/#primaryimage"},"thumbnailUrl":"https:\/\/lightweb.dev\/l\/svm-temp\/wp-content\/uploads\/2022\/06\/gripna-jihadister-besatta-av-att-doda-poliser-och-judar-ytterligare-tva-greps-idag.png","datePublished":"2015-11-03T23:00:00+00:00","breadcrumb":{"@id":"https:\/\/lightweb.dev\/l\/svm-temp\/nyheter\/gripna-jihadister-besatta-av-att-doda-poliser-och-judar-ytterligare-tva-greps-idag\/#breadcrumb"},"inLanguage":"sv-SE","potentialAction":[{"@type":"ReadAction","target":["https:\/\/lightweb.dev\/l\/svm-temp\/nyheter\/gripna-jihadister-besatta-av-att-doda-poliser-och-judar-ytterligare-tva-greps-idag\/"]}]},{"@type":"ImageObject","inLanguage":"sv-SE","@id":"https:\/\/lightweb.dev\/l\/svm-temp\/nyheter\/gripna-jihadister-besatta-av-att-doda-poliser-och-judar-ytterligare-tva-greps-idag\/#primaryimage","url":"https:\/\/lightweb.dev\/l\/svm-temp\/wp-content\/uploads\/2022\/06\/gripna-jihadister-besatta-av-att-doda-poliser-och-judar-ytterligare-tva-greps-idag.png","contentUrl":"https:\/\/lightweb.dev\/l\/svm-temp\/wp-content\/uploads\/2022\/06\/gripna-jihadister-besatta-av-att-doda-poliser-och-judar-ytterligare-tva-greps-idag.png","width":294,"height":200},{"@type":"BreadcrumbList","@id":"https:\/\/lightweb.dev\/l\/svm-temp\/nyheter\/gripna-jihadister-besatta-av-att-doda-poliser-och-judar-ytterligare-tva-greps-idag\/#breadcrumb","itemListElement":[{"@type":"ListItem","position":1,"name":"Hem","item":"https:\/\/lightweb.dev\/l\/svm-temp\/"},{"@type":"ListItem","position":2,"name":"Gripna jihadister besatta av att d\u00f6da poliser och judar \u2013 ytterligare tv\u00e5 greps idag"}]},{"@type":"WebSite","@id":"https:\/\/lightweb.dev\/l\/svm-temp\/#website","url":"https:\/\/lightweb.dev\/l\/svm-temp\/","name":"Svenska Magasinet","description":"Dina Spanska nyheter p&aring; Svenska","publisher":{"@id":"https:\/\/lightweb.dev\/l\/svm-temp\/#organization"},"potentialAction":[{"@type":"SearchAction","target":{"@type":"EntryPoint","urlTemplate":"https:\/\/lightweb.dev\/l\/svm-temp\/?s={search_term_string}"},"query-input":{"@type":"PropertyValueSpecification","valueRequired":true,"valueName":"search_term_string"}}],"inLanguage":"sv-SE"},{"@type":"Organization","@id":"https:\/\/lightweb.dev\/l\/svm-temp\/#organization","name":"Melkerson y Nott SL","alternateName":"Svenska Magasinet","url":"https:\/\/lightweb.dev\/l\/svm-temp\/","logo":{"@type":"ImageObject","inLanguage":"sv-SE","@id":"https:\/\/lightweb.dev\/l\/svm-temp\/#\/schema\/logo\/image\/","url":"https:\/\/lightweb.dev\/l\/svm-temp\/wp-content\/uploads\/2025\/02\/SvM-logo-Xtra-Centrerad-SVART.png","contentUrl":"https:\/\/lightweb.dev\/l\/svm-temp\/wp-content\/uploads\/2025\/02\/SvM-logo-Xtra-Centrerad-SVART.png","width":300,"height":99,"caption":"Melkerson y Nott SL"},"image":{"@id":"https:\/\/lightweb.dev\/l\/svm-temp\/#\/schema\/logo\/image\/"},"sameAs":["https:\/\/www.facebook.com\/svenskamagasinet","https:\/\/x.com\/SvenskaMagasine"]},{"@type":"Person","@id":"https:\/\/lightweb.dev\/l\/svm-temp\/#\/schema\/person\/206a3bda5b607b0c25e1749191e4d837","name":"Redaktionen SvM","description":"Redaktionen","sameAs":["https:\/\/lightweb.dev\/l\/svm-temp"],"url":"https:\/\/lightweb.dev\/l\/svm-temp\/reporter\/redaktionen\/"}]}},"_links":{"self":[{"href":"https:\/\/lightweb.dev\/l\/svm-temp\/wp-json\/wp\/v2\/posts\/23291","targetHints":{"allow":["GET"]}}],"collection":[{"href":"https:\/\/lightweb.dev\/l\/svm-temp\/wp-json\/wp\/v2\/posts"}],"about":[{"href":"https:\/\/lightweb.dev\/l\/svm-temp\/wp-json\/wp\/v2\/types\/post"}],"author":[{"embeddable":true,"href":"https:\/\/lightweb.dev\/l\/svm-temp\/wp-json\/wp\/v2\/users\/8"}],"replies":[{"embeddable":true,"href":"https:\/\/lightweb.dev\/l\/svm-temp\/wp-json\/wp\/v2\/comments?post=23291"}],"version-history":[{"count":0,"href":"https:\/\/lightweb.dev\/l\/svm-temp\/wp-json\/wp\/v2\/posts\/23291\/revisions"}],"wp:featuredmedia":[{"embeddable":true,"href":"https:\/\/lightweb.dev\/l\/svm-temp\/wp-json\/wp\/v2\/media\/23292"}],"wp:attachment":[{"href":"https:\/\/lightweb.dev\/l\/svm-temp\/wp-json\/wp\/v2\/media?parent=23291"}],"wp:term":[{"taxonomy":"category","embeddable":true,"href":"https:\/\/lightweb.dev\/l\/svm-temp\/wp-json\/wp\/v2\/categories?post=23291"},{"taxonomy":"post_tag","embeddable":true,"href":"https:\/\/lightweb.dev\/l\/svm-temp\/wp-json\/wp\/v2\/tags?post=23291"}],"curies":[{"name":"wp","href":"https:\/\/api.w.org\/{rel}","templated":true}]}}