{"id":23297,"date":"2015-11-03T00:00:00","date_gmt":"2015-11-02T23:00:00","guid":{"rendered":"https:\/\/lightweb.dev\/l\/svm-temp\/nyheter\/annu-en-attack-pa-religiosa-motiv-i-rincon\/"},"modified":"2015-11-03T00:00:00","modified_gmt":"2015-11-02T23:00:00","slug":"annu-en-attack-pa-religiosa-motiv-i-rincon","status":"publish","type":"post","link":"https:\/\/lightweb.dev\/l\/svm-temp\/nyheter\/annu-en-attack-pa-religiosa-motiv-i-rincon\/","title":{"rendered":"\u00c4nnu en attack p\u00e5 religi\u00f6sa motiv i Rinc\u00f3n"},"content":{"rendered":"<p> En Kristusstaty och en staty av en jungfru l\u00e5g p\u00e5 golvet och p\u00e5 v\u00e4ggen i kyrkan hade n\u00e5gon skrivit Allah med stora bokst\u00e4ver. Det var synen som m\u00f6tte Agust\u00edn Carrasco, pr\u00e4st i en kyrka i Rinc\u00f3n de la Victoria \u00f6ster om M\u00e1laga. Det \u00e4r den andra attacken p\u00e5 kort tid med religi\u00f6sa motiv.<\/p>\n<p>G\u00e4rningsmannen \u00e4r inte identifierad och \u00e4nnu p\u00e5 fri fot. D\u00f6rren till kyrkan Lo Cea i stadsdelen Torre de Benagalb\u00f3n var uppbruten n\u00e4r pr\u00e4sten kom till kyrkan ig\u00e5r. <\/p>\n<p>Den 28 september greps en marockansk medborgare efter att ha krossat glaset till jungfrun Virgen del Carmen och samtidigt skrikit \u201dAllah \u00e4r stor\u201d.<\/p>\n<p>Guardia Civil granskar i nul\u00e4get film fr\u00e5n de s\u00e4kerhetskameror som finns i omr\u00e5det f\u00f6r att sp\u00e5ra g\u00e4rningsmannen och om det handlar om vandalism utf\u00f6rd av radikala element i samh\u00e4llet.<\/p>\n<p>Flera f\u00f6rd\u00f6mer attacken som intr\u00e4ffade n\u00e5gon g\u00e5ng mellan s\u00f6ndag och m\u00e5ndag. Biskopsstiftet i M\u00e1laga \u201duppmuntrar till fortsatt fredlig samexistens och att inte h\u00e4ndelsen ska ge orsak till en f\u00f6rs\u00e4mrad dialog baserad p\u00e5 respekt och broderskap\u201d. \u201dAllah \u00e4r stor\u201d skrek mannen och gav sig p\u00e5 Rinc\u00f3ns skyddshelgon<\/p>\n","protected":false},"excerpt":{"rendered":"<p>En Kristusstaty och en staty av en jungfru l\u00e5g p\u00e5 golvet och p\u00e5 v\u00e4ggen i kyrkan hade n\u00e5gon skrivit Allah med stora bokst\u00e4ver. Det var synen som m\u00f6tte Agust\u00edn Carrasco, pr\u00e4st i en kyrka i Rinc\u00f3n de la Victoria \u00f6ster om M\u00e1laga. Det \u00e4r den andra attacken p\u00e5 kort tid med religi\u00f6sa motiv. G\u00e4rningsmannen \u00e4r [&hellip;]<\/p>\n","protected":false},"author":8,"featured_media":23298,"comment_status":"open","ping_status":"open","sticky":false,"template":"","format":"standard","meta":{"_et_pb_use_builder":"","_et_pb_old_content":"","_et_gb_content_width":"","footnotes":""},"categories":[395,3],"tags":[],"class_list":["post-23297","post","type-post","status-publish","format-standard","has-post-thumbnail","hentry","category-arkiv-nyheter","category-nyheter"],"yoast_head":"<!-- This site is optimized with the Yoast SEO Premium plugin v26.2 (Yoast SEO v27.4) - https:\/\/yoast.com\/product\/yoast-seo-premium-wordpress\/ -->\n<title>\u00c4nnu en attack p\u00e5 religi\u00f6sa motiv i Rinc\u00f3n - Svenska Magasinet<\/title>\n<meta name=\"robots\" content=\"noindex, follow, max-snippet:-1, max-image-preview:large, max-video-preview:-1\" \/>\n<meta property=\"og:locale\" content=\"sv_SE\" \/>\n<meta property=\"og:type\" content=\"article\" \/>\n<meta property=\"og:title\" content=\"\u00c4nnu en attack p\u00e5 religi\u00f6sa motiv i Rinc\u00f3n\" \/>\n<meta property=\"og:description\" content=\"En Kristusstaty och en staty av en jungfru l\u00e5g p\u00e5 golvet och p\u00e5 v\u00e4ggen i kyrkan hade n\u00e5gon skrivit Allah med stora bokst\u00e4ver. Det var synen som m\u00f6tte Agust\u00edn Carrasco, pr\u00e4st i en kyrka i Rinc\u00f3n de la Victoria \u00f6ster om M\u00e1laga. Det \u00e4r den andra attacken p\u00e5 kort tid med religi\u00f6sa motiv. G\u00e4rningsmannen \u00e4r [&hellip;]\" \/>\n<meta property=\"og:url\" content=\"https:\/\/lightweb.dev\/l\/svm-temp\/nyheter\/annu-en-attack-pa-religiosa-motiv-i-rincon\/\" \/>\n<meta property=\"og:site_name\" content=\"Svenska Magasinet\" \/>\n<meta property=\"article:publisher\" content=\"https:\/\/www.facebook.com\/svenskamagasinet\" \/>\n<meta property=\"article:published_time\" content=\"2015-11-02T23:00:00+00:00\" \/>\n<meta property=\"og:image\" content=\"https:\/\/lightweb.dev\/l\/svm-temp\/wp-content\/uploads\/2022\/06\/annu-en-attack-pa-religiosa-motiv-i-rincon.png\" \/>\n\t<meta property=\"og:image:width\" content=\"364\" \/>\n\t<meta property=\"og:image:height\" content=\"200\" \/>\n\t<meta property=\"og:image:type\" content=\"image\/png\" \/>\n<meta name=\"author\" content=\"Redaktionen SvM\" \/>\n<meta name=\"twitter:card\" content=\"summary_large_image\" \/>\n<meta name=\"twitter:creator\" content=\"@SvenskaMagasine\" \/>\n<meta name=\"twitter:site\" content=\"@SvenskaMagasine\" \/>\n<script type=\"application\/ld+json\" class=\"yoast-schema-graph\">{\"@context\":\"https:\\\/\\\/schema.org\",\"@graph\":[{\"@type\":\"Article\",\"@id\":\"https:\\\/\\\/lightweb.dev\\\/l\\\/svm-temp\\\/nyheter\\\/annu-en-attack-pa-religiosa-motiv-i-rincon\\\/#article\",\"isPartOf\":{\"@id\":\"https:\\\/\\\/lightweb.dev\\\/l\\\/svm-temp\\\/nyheter\\\/annu-en-attack-pa-religiosa-motiv-i-rincon\\\/\"},\"author\":{\"name\":\"Redaktionen SvM\",\"@id\":\"https:\\\/\\\/lightweb.dev\\\/l\\\/svm-temp\\\/#\\\/schema\\\/person\\\/206a3bda5b607b0c25e1749191e4d837\"},\"headline\":\"\u00c4nnu en attack p\u00e5 religi\u00f6sa motiv i Rinc\u00f3n\",\"datePublished\":\"2015-11-02T23:00:00+00:00\",\"mainEntityOfPage\":{\"@id\":\"https:\\\/\\\/lightweb.dev\\\/l\\\/svm-temp\\\/nyheter\\\/annu-en-attack-pa-religiosa-motiv-i-rincon\\\/\"},\"wordCount\":224,\"commentCount\":0,\"publisher\":{\"@id\":\"https:\\\/\\\/lightweb.dev\\\/l\\\/svm-temp\\\/#organization\"},\"image\":{\"@id\":\"https:\\\/\\\/lightweb.dev\\\/l\\\/svm-temp\\\/nyheter\\\/annu-en-attack-pa-religiosa-motiv-i-rincon\\\/#primaryimage\"},\"thumbnailUrl\":\"https:\\\/\\\/lightweb.dev\\\/l\\\/svm-temp\\\/wp-content\\\/uploads\\\/2022\\\/06\\\/annu-en-attack-pa-religiosa-motiv-i-rincon.png\",\"articleSection\":[\"Arkiv\",\"Nyheter\"],\"inLanguage\":\"sv-SE\"},{\"@type\":\"WebPage\",\"@id\":\"https:\\\/\\\/lightweb.dev\\\/l\\\/svm-temp\\\/nyheter\\\/annu-en-attack-pa-religiosa-motiv-i-rincon\\\/\",\"url\":\"https:\\\/\\\/lightweb.dev\\\/l\\\/svm-temp\\\/nyheter\\\/annu-en-attack-pa-religiosa-motiv-i-rincon\\\/\",\"name\":\"\u00c4nnu en attack p\u00e5 religi\u00f6sa motiv i Rinc\u00f3n - Svenska Magasinet\",\"isPartOf\":{\"@id\":\"https:\\\/\\\/lightweb.dev\\\/l\\\/svm-temp\\\/#website\"},\"primaryImageOfPage\":{\"@id\":\"https:\\\/\\\/lightweb.dev\\\/l\\\/svm-temp\\\/nyheter\\\/annu-en-attack-pa-religiosa-motiv-i-rincon\\\/#primaryimage\"},\"image\":{\"@id\":\"https:\\\/\\\/lightweb.dev\\\/l\\\/svm-temp\\\/nyheter\\\/annu-en-attack-pa-religiosa-motiv-i-rincon\\\/#primaryimage\"},\"thumbnailUrl\":\"https:\\\/\\\/lightweb.dev\\\/l\\\/svm-temp\\\/wp-content\\\/uploads\\\/2022\\\/06\\\/annu-en-attack-pa-religiosa-motiv-i-rincon.png\",\"datePublished\":\"2015-11-02T23:00:00+00:00\",\"breadcrumb\":{\"@id\":\"https:\\\/\\\/lightweb.dev\\\/l\\\/svm-temp\\\/nyheter\\\/annu-en-attack-pa-religiosa-motiv-i-rincon\\\/#breadcrumb\"},\"inLanguage\":\"sv-SE\",\"potentialAction\":[{\"@type\":\"ReadAction\",\"target\":[\"https:\\\/\\\/lightweb.dev\\\/l\\\/svm-temp\\\/nyheter\\\/annu-en-attack-pa-religiosa-motiv-i-rincon\\\/\"]}]},{\"@type\":\"ImageObject\",\"inLanguage\":\"sv-SE\",\"@id\":\"https:\\\/\\\/lightweb.dev\\\/l\\\/svm-temp\\\/nyheter\\\/annu-en-attack-pa-religiosa-motiv-i-rincon\\\/#primaryimage\",\"url\":\"https:\\\/\\\/lightweb.dev\\\/l\\\/svm-temp\\\/wp-content\\\/uploads\\\/2022\\\/06\\\/annu-en-attack-pa-religiosa-motiv-i-rincon.png\",\"contentUrl\":\"https:\\\/\\\/lightweb.dev\\\/l\\\/svm-temp\\\/wp-content\\\/uploads\\\/2022\\\/06\\\/annu-en-attack-pa-religiosa-motiv-i-rincon.png\",\"width\":364,\"height\":200},{\"@type\":\"BreadcrumbList\",\"@id\":\"https:\\\/\\\/lightweb.dev\\\/l\\\/svm-temp\\\/nyheter\\\/annu-en-attack-pa-religiosa-motiv-i-rincon\\\/#breadcrumb\",\"itemListElement\":[{\"@type\":\"ListItem\",\"position\":1,\"name\":\"Hem\",\"item\":\"https:\\\/\\\/lightweb.dev\\\/l\\\/svm-temp\\\/\"},{\"@type\":\"ListItem\",\"position\":2,\"name\":\"\u00c4nnu en attack p\u00e5 religi\u00f6sa motiv i Rinc\u00f3n\"}]},{\"@type\":\"WebSite\",\"@id\":\"https:\\\/\\\/lightweb.dev\\\/l\\\/svm-temp\\\/#website\",\"url\":\"https:\\\/\\\/lightweb.dev\\\/l\\\/svm-temp\\\/\",\"name\":\"Svenska Magasinet\",\"description\":\"Dina Spanska nyheter p&aring; Svenska\",\"publisher\":{\"@id\":\"https:\\\/\\\/lightweb.dev\\\/l\\\/svm-temp\\\/#organization\"},\"potentialAction\":[{\"@type\":\"SearchAction\",\"target\":{\"@type\":\"EntryPoint\",\"urlTemplate\":\"https:\\\/\\\/lightweb.dev\\\/l\\\/svm-temp\\\/?s={search_term_string}\"},\"query-input\":{\"@type\":\"PropertyValueSpecification\",\"valueRequired\":true,\"valueName\":\"search_term_string\"}}],\"inLanguage\":\"sv-SE\"},{\"@type\":\"Organization\",\"@id\":\"https:\\\/\\\/lightweb.dev\\\/l\\\/svm-temp\\\/#organization\",\"name\":\"Melkerson y Nott SL\",\"alternateName\":\"Svenska Magasinet\",\"url\":\"https:\\\/\\\/lightweb.dev\\\/l\\\/svm-temp\\\/\",\"logo\":{\"@type\":\"ImageObject\",\"inLanguage\":\"sv-SE\",\"@id\":\"https:\\\/\\\/lightweb.dev\\\/l\\\/svm-temp\\\/#\\\/schema\\\/logo\\\/image\\\/\",\"url\":\"https:\\\/\\\/lightweb.dev\\\/l\\\/svm-temp\\\/wp-content\\\/uploads\\\/2025\\\/02\\\/SvM-logo-Xtra-Centrerad-SVART.png\",\"contentUrl\":\"https:\\\/\\\/lightweb.dev\\\/l\\\/svm-temp\\\/wp-content\\\/uploads\\\/2025\\\/02\\\/SvM-logo-Xtra-Centrerad-SVART.png\",\"width\":300,\"height\":99,\"caption\":\"Melkerson y Nott SL\"},\"image\":{\"@id\":\"https:\\\/\\\/lightweb.dev\\\/l\\\/svm-temp\\\/#\\\/schema\\\/logo\\\/image\\\/\"},\"sameAs\":[\"https:\\\/\\\/www.facebook.com\\\/svenskamagasinet\",\"https:\\\/\\\/x.com\\\/SvenskaMagasine\"]},{\"@type\":\"Person\",\"@id\":\"https:\\\/\\\/lightweb.dev\\\/l\\\/svm-temp\\\/#\\\/schema\\\/person\\\/206a3bda5b607b0c25e1749191e4d837\",\"name\":\"Redaktionen SvM\",\"description\":\"Redaktionen\",\"sameAs\":[\"https:\\\/\\\/lightweb.dev\\\/l\\\/svm-temp\"],\"url\":\"https:\\\/\\\/lightweb.dev\\\/l\\\/svm-temp\\\/reporter\\\/redaktionen\\\/\"}]}<\/script>\n<!-- \/ Yoast SEO Premium plugin. -->","yoast_head_json":{"title":"\u00c4nnu en attack p\u00e5 religi\u00f6sa motiv i Rinc\u00f3n - Svenska Magasinet","robots":{"index":"noindex","follow":"follow","max-snippet":"max-snippet:-1","max-image-preview":"max-image-preview:large","max-video-preview":"max-video-preview:-1"},"og_locale":"sv_SE","og_type":"article","og_title":"\u00c4nnu en attack p\u00e5 religi\u00f6sa motiv i Rinc\u00f3n","og_description":"En Kristusstaty och en staty av en jungfru l\u00e5g p\u00e5 golvet och p\u00e5 v\u00e4ggen i kyrkan hade n\u00e5gon skrivit Allah med stora bokst\u00e4ver. Det var synen som m\u00f6tte Agust\u00edn Carrasco, pr\u00e4st i en kyrka i Rinc\u00f3n de la Victoria \u00f6ster om M\u00e1laga. Det \u00e4r den andra attacken p\u00e5 kort tid med religi\u00f6sa motiv. G\u00e4rningsmannen \u00e4r [&hellip;]","og_url":"https:\/\/lightweb.dev\/l\/svm-temp\/nyheter\/annu-en-attack-pa-religiosa-motiv-i-rincon\/","og_site_name":"Svenska Magasinet","article_publisher":"https:\/\/www.facebook.com\/svenskamagasinet","article_published_time":"2015-11-02T23:00:00+00:00","og_image":[{"width":364,"height":200,"url":"https:\/\/lightweb.dev\/l\/svm-temp\/wp-content\/uploads\/2022\/06\/annu-en-attack-pa-religiosa-motiv-i-rincon.png","type":"image\/png"}],"author":"Redaktionen SvM","twitter_card":"summary_large_image","twitter_creator":"@SvenskaMagasine","twitter_site":"@SvenskaMagasine","schema":{"@context":"https:\/\/schema.org","@graph":[{"@type":"Article","@id":"https:\/\/lightweb.dev\/l\/svm-temp\/nyheter\/annu-en-attack-pa-religiosa-motiv-i-rincon\/#article","isPartOf":{"@id":"https:\/\/lightweb.dev\/l\/svm-temp\/nyheter\/annu-en-attack-pa-religiosa-motiv-i-rincon\/"},"author":{"name":"Redaktionen SvM","@id":"https:\/\/lightweb.dev\/l\/svm-temp\/#\/schema\/person\/206a3bda5b607b0c25e1749191e4d837"},"headline":"\u00c4nnu en attack p\u00e5 religi\u00f6sa motiv i Rinc\u00f3n","datePublished":"2015-11-02T23:00:00+00:00","mainEntityOfPage":{"@id":"https:\/\/lightweb.dev\/l\/svm-temp\/nyheter\/annu-en-attack-pa-religiosa-motiv-i-rincon\/"},"wordCount":224,"commentCount":0,"publisher":{"@id":"https:\/\/lightweb.dev\/l\/svm-temp\/#organization"},"image":{"@id":"https:\/\/lightweb.dev\/l\/svm-temp\/nyheter\/annu-en-attack-pa-religiosa-motiv-i-rincon\/#primaryimage"},"thumbnailUrl":"https:\/\/lightweb.dev\/l\/svm-temp\/wp-content\/uploads\/2022\/06\/annu-en-attack-pa-religiosa-motiv-i-rincon.png","articleSection":["Arkiv","Nyheter"],"inLanguage":"sv-SE"},{"@type":"WebPage","@id":"https:\/\/lightweb.dev\/l\/svm-temp\/nyheter\/annu-en-attack-pa-religiosa-motiv-i-rincon\/","url":"https:\/\/lightweb.dev\/l\/svm-temp\/nyheter\/annu-en-attack-pa-religiosa-motiv-i-rincon\/","name":"\u00c4nnu en attack p\u00e5 religi\u00f6sa motiv i Rinc\u00f3n - Svenska Magasinet","isPartOf":{"@id":"https:\/\/lightweb.dev\/l\/svm-temp\/#website"},"primaryImageOfPage":{"@id":"https:\/\/lightweb.dev\/l\/svm-temp\/nyheter\/annu-en-attack-pa-religiosa-motiv-i-rincon\/#primaryimage"},"image":{"@id":"https:\/\/lightweb.dev\/l\/svm-temp\/nyheter\/annu-en-attack-pa-religiosa-motiv-i-rincon\/#primaryimage"},"thumbnailUrl":"https:\/\/lightweb.dev\/l\/svm-temp\/wp-content\/uploads\/2022\/06\/annu-en-attack-pa-religiosa-motiv-i-rincon.png","datePublished":"2015-11-02T23:00:00+00:00","breadcrumb":{"@id":"https:\/\/lightweb.dev\/l\/svm-temp\/nyheter\/annu-en-attack-pa-religiosa-motiv-i-rincon\/#breadcrumb"},"inLanguage":"sv-SE","potentialAction":[{"@type":"ReadAction","target":["https:\/\/lightweb.dev\/l\/svm-temp\/nyheter\/annu-en-attack-pa-religiosa-motiv-i-rincon\/"]}]},{"@type":"ImageObject","inLanguage":"sv-SE","@id":"https:\/\/lightweb.dev\/l\/svm-temp\/nyheter\/annu-en-attack-pa-religiosa-motiv-i-rincon\/#primaryimage","url":"https:\/\/lightweb.dev\/l\/svm-temp\/wp-content\/uploads\/2022\/06\/annu-en-attack-pa-religiosa-motiv-i-rincon.png","contentUrl":"https:\/\/lightweb.dev\/l\/svm-temp\/wp-content\/uploads\/2022\/06\/annu-en-attack-pa-religiosa-motiv-i-rincon.png","width":364,"height":200},{"@type":"BreadcrumbList","@id":"https:\/\/lightweb.dev\/l\/svm-temp\/nyheter\/annu-en-attack-pa-religiosa-motiv-i-rincon\/#breadcrumb","itemListElement":[{"@type":"ListItem","position":1,"name":"Hem","item":"https:\/\/lightweb.dev\/l\/svm-temp\/"},{"@type":"ListItem","position":2,"name":"\u00c4nnu en attack p\u00e5 religi\u00f6sa motiv i Rinc\u00f3n"}]},{"@type":"WebSite","@id":"https:\/\/lightweb.dev\/l\/svm-temp\/#website","url":"https:\/\/lightweb.dev\/l\/svm-temp\/","name":"Svenska Magasinet","description":"Dina Spanska nyheter p&aring; Svenska","publisher":{"@id":"https:\/\/lightweb.dev\/l\/svm-temp\/#organization"},"potentialAction":[{"@type":"SearchAction","target":{"@type":"EntryPoint","urlTemplate":"https:\/\/lightweb.dev\/l\/svm-temp\/?s={search_term_string}"},"query-input":{"@type":"PropertyValueSpecification","valueRequired":true,"valueName":"search_term_string"}}],"inLanguage":"sv-SE"},{"@type":"Organization","@id":"https:\/\/lightweb.dev\/l\/svm-temp\/#organization","name":"Melkerson y Nott SL","alternateName":"Svenska Magasinet","url":"https:\/\/lightweb.dev\/l\/svm-temp\/","logo":{"@type":"ImageObject","inLanguage":"sv-SE","@id":"https:\/\/lightweb.dev\/l\/svm-temp\/#\/schema\/logo\/image\/","url":"https:\/\/lightweb.dev\/l\/svm-temp\/wp-content\/uploads\/2025\/02\/SvM-logo-Xtra-Centrerad-SVART.png","contentUrl":"https:\/\/lightweb.dev\/l\/svm-temp\/wp-content\/uploads\/2025\/02\/SvM-logo-Xtra-Centrerad-SVART.png","width":300,"height":99,"caption":"Melkerson y Nott SL"},"image":{"@id":"https:\/\/lightweb.dev\/l\/svm-temp\/#\/schema\/logo\/image\/"},"sameAs":["https:\/\/www.facebook.com\/svenskamagasinet","https:\/\/x.com\/SvenskaMagasine"]},{"@type":"Person","@id":"https:\/\/lightweb.dev\/l\/svm-temp\/#\/schema\/person\/206a3bda5b607b0c25e1749191e4d837","name":"Redaktionen SvM","description":"Redaktionen","sameAs":["https:\/\/lightweb.dev\/l\/svm-temp"],"url":"https:\/\/lightweb.dev\/l\/svm-temp\/reporter\/redaktionen\/"}]}},"_links":{"self":[{"href":"https:\/\/lightweb.dev\/l\/svm-temp\/wp-json\/wp\/v2\/posts\/23297","targetHints":{"allow":["GET"]}}],"collection":[{"href":"https:\/\/lightweb.dev\/l\/svm-temp\/wp-json\/wp\/v2\/posts"}],"about":[{"href":"https:\/\/lightweb.dev\/l\/svm-temp\/wp-json\/wp\/v2\/types\/post"}],"author":[{"embeddable":true,"href":"https:\/\/lightweb.dev\/l\/svm-temp\/wp-json\/wp\/v2\/users\/8"}],"replies":[{"embeddable":true,"href":"https:\/\/lightweb.dev\/l\/svm-temp\/wp-json\/wp\/v2\/comments?post=23297"}],"version-history":[{"count":0,"href":"https:\/\/lightweb.dev\/l\/svm-temp\/wp-json\/wp\/v2\/posts\/23297\/revisions"}],"wp:featuredmedia":[{"embeddable":true,"href":"https:\/\/lightweb.dev\/l\/svm-temp\/wp-json\/wp\/v2\/media\/23298"}],"wp:attachment":[{"href":"https:\/\/lightweb.dev\/l\/svm-temp\/wp-json\/wp\/v2\/media?parent=23297"}],"wp:term":[{"taxonomy":"category","embeddable":true,"href":"https:\/\/lightweb.dev\/l\/svm-temp\/wp-json\/wp\/v2\/categories?post=23297"},{"taxonomy":"post_tag","embeddable":true,"href":"https:\/\/lightweb.dev\/l\/svm-temp\/wp-json\/wp\/v2\/tags?post=23297"}],"curies":[{"name":"wp","href":"https:\/\/api.w.org\/{rel}","templated":true}]}}