{"id":23303,"date":"2015-11-03T00:00:00","date_gmt":"2015-11-02T23:00:00","guid":{"rendered":"https:\/\/lightweb.dev\/l\/svm-temp\/nyheter\/stormen-orsakade-skador-i-almunecar-for-600-000-euro\/"},"modified":"2015-11-03T00:00:00","modified_gmt":"2015-11-02T23:00:00","slug":"stormen-orsakade-skador-i-almunecar-for-600-000-euro","status":"publish","type":"post","link":"https:\/\/lightweb.dev\/l\/svm-temp\/nyheter\/stormen-orsakade-skador-i-almunecar-for-600-000-euro\/","title":{"rendered":"Stormen orsakade skador i Almu\u00f1\u00e9car f\u00f6r 600.000 euro"},"content":{"rendered":"<p> Almu\u00f1\u00e9car kommun uppskattar skadorna efter s\u00f6ndagens storm och regnov\u00e4der till 600.000 euro. Det meddelar kommunens tekniker efter att den milj\u00f6- och strandansvarige, Luis Arag\u00f3n, bed\u00f6mt skadorna.<\/p>\n<p>Kommunfullm\u00e4ktige kommer att be centralregeringen och Junta de Andaluc\u00eda och ekonomiskt st\u00f6d f\u00f6r att reparera skadorna efter s\u00f6ndagens ov\u00e4der. De st\u00f6rsta skadorna uppkom vid vattenparken n\u00e4ra Velilla, Fuente Piedra och utmed stranden playa de Cotobro samt strandrestaurangen La Barca.<\/p>\n<p>\u00c4ven viss utrustning p\u00e5 str\u00e4nderna har f\u00f6rst\u00f6rts samtidigt som gator har f\u00e5tt reng\u00f6ras och planteringar \u00e5terst\u00e4llas.<\/p>\n<p>\u00c4ven den gamla svenskkvarteret Sacaba Beach i M\u00e1laga drabbades h\u00e5rt av ov\u00e4dret. De h\u00f6ga v\u00e5gorna slog in \u00f6ver muren och flera innerg\u00e5rdar till radhus \u00f6versv\u00e4mmades och drog med sig m\u00e4ngder av sand. <\/p>\n","protected":false},"excerpt":{"rendered":"<p>Almu\u00f1\u00e9car kommun uppskattar skadorna efter s\u00f6ndagens storm och regnov\u00e4der till 600.000 euro. Det meddelar kommunens tekniker efter att den milj\u00f6- och strandansvarige, Luis Arag\u00f3n, bed\u00f6mt skadorna. Kommunfullm\u00e4ktige kommer att be centralregeringen och Junta de Andaluc\u00eda och ekonomiskt st\u00f6d f\u00f6r att reparera skadorna efter s\u00f6ndagens ov\u00e4der. De st\u00f6rsta skadorna uppkom vid vattenparken n\u00e4ra Velilla, Fuente Piedra [&hellip;]<\/p>\n","protected":false},"author":8,"featured_media":23304,"comment_status":"open","ping_status":"open","sticky":false,"template":"","format":"standard","meta":{"_et_pb_use_builder":"","_et_pb_old_content":"","_et_gb_content_width":"","footnotes":""},"categories":[395,3],"tags":[],"class_list":["post-23303","post","type-post","status-publish","format-standard","has-post-thumbnail","hentry","category-arkiv-nyheter","category-nyheter"],"yoast_head":"<!-- This site is optimized with the Yoast SEO Premium plugin v26.2 (Yoast SEO v27.4) - https:\/\/yoast.com\/product\/yoast-seo-premium-wordpress\/ -->\n<title>Stormen orsakade skador i Almu\u00f1\u00e9car f\u00f6r 600.000 euro - Svenska Magasinet<\/title>\n<meta name=\"robots\" content=\"noindex, follow, max-snippet:-1, max-image-preview:large, max-video-preview:-1\" \/>\n<meta property=\"og:locale\" content=\"sv_SE\" \/>\n<meta property=\"og:type\" content=\"article\" \/>\n<meta property=\"og:title\" content=\"Stormen orsakade skador i Almu\u00f1\u00e9car f\u00f6r 600.000 euro\" \/>\n<meta property=\"og:description\" content=\"Almu\u00f1\u00e9car kommun uppskattar skadorna efter s\u00f6ndagens storm och regnov\u00e4der till 600.000 euro. Det meddelar kommunens tekniker efter att den milj\u00f6- och strandansvarige, Luis Arag\u00f3n, bed\u00f6mt skadorna. Kommunfullm\u00e4ktige kommer att be centralregeringen och Junta de Andaluc\u00eda och ekonomiskt st\u00f6d f\u00f6r att reparera skadorna efter s\u00f6ndagens ov\u00e4der. De st\u00f6rsta skadorna uppkom vid vattenparken n\u00e4ra Velilla, Fuente Piedra [&hellip;]\" \/>\n<meta property=\"og:url\" content=\"https:\/\/lightweb.dev\/l\/svm-temp\/nyheter\/stormen-orsakade-skador-i-almunecar-for-600-000-euro\/\" \/>\n<meta property=\"og:site_name\" content=\"Svenska Magasinet\" \/>\n<meta property=\"article:publisher\" content=\"https:\/\/www.facebook.com\/svenskamagasinet\" \/>\n<meta property=\"article:published_time\" content=\"2015-11-02T23:00:00+00:00\" \/>\n<meta property=\"og:image\" content=\"https:\/\/lightweb.dev\/l\/svm-temp\/wp-content\/uploads\/2022\/06\/stormen-orsakade-skador-i-almuecar-for-600000-euro.png\" \/>\n\t<meta property=\"og:image:width\" content=\"300\" \/>\n\t<meta property=\"og:image:height\" content=\"200\" \/>\n\t<meta property=\"og:image:type\" content=\"image\/png\" \/>\n<meta name=\"author\" content=\"Redaktionen SvM\" \/>\n<meta name=\"twitter:card\" content=\"summary_large_image\" \/>\n<meta name=\"twitter:creator\" content=\"@SvenskaMagasine\" \/>\n<meta name=\"twitter:site\" content=\"@SvenskaMagasine\" \/>\n<script type=\"application\/ld+json\" class=\"yoast-schema-graph\">{\"@context\":\"https:\\\/\\\/schema.org\",\"@graph\":[{\"@type\":\"Article\",\"@id\":\"https:\\\/\\\/lightweb.dev\\\/l\\\/svm-temp\\\/nyheter\\\/stormen-orsakade-skador-i-almunecar-for-600-000-euro\\\/#article\",\"isPartOf\":{\"@id\":\"https:\\\/\\\/lightweb.dev\\\/l\\\/svm-temp\\\/nyheter\\\/stormen-orsakade-skador-i-almunecar-for-600-000-euro\\\/\"},\"author\":{\"name\":\"Redaktionen SvM\",\"@id\":\"https:\\\/\\\/lightweb.dev\\\/l\\\/svm-temp\\\/#\\\/schema\\\/person\\\/206a3bda5b607b0c25e1749191e4d837\"},\"headline\":\"Stormen orsakade skador i Almu\u00f1\u00e9car f\u00f6r 600.000 euro\",\"datePublished\":\"2015-11-02T23:00:00+00:00\",\"mainEntityOfPage\":{\"@id\":\"https:\\\/\\\/lightweb.dev\\\/l\\\/svm-temp\\\/nyheter\\\/stormen-orsakade-skador-i-almunecar-for-600-000-euro\\\/\"},\"wordCount\":149,\"commentCount\":0,\"publisher\":{\"@id\":\"https:\\\/\\\/lightweb.dev\\\/l\\\/svm-temp\\\/#organization\"},\"image\":{\"@id\":\"https:\\\/\\\/lightweb.dev\\\/l\\\/svm-temp\\\/nyheter\\\/stormen-orsakade-skador-i-almunecar-for-600-000-euro\\\/#primaryimage\"},\"thumbnailUrl\":\"https:\\\/\\\/lightweb.dev\\\/l\\\/svm-temp\\\/wp-content\\\/uploads\\\/2022\\\/06\\\/stormen-orsakade-skador-i-almuecar-for-600000-euro.png\",\"articleSection\":[\"Arkiv\",\"Nyheter\"],\"inLanguage\":\"sv-SE\"},{\"@type\":\"WebPage\",\"@id\":\"https:\\\/\\\/lightweb.dev\\\/l\\\/svm-temp\\\/nyheter\\\/stormen-orsakade-skador-i-almunecar-for-600-000-euro\\\/\",\"url\":\"https:\\\/\\\/lightweb.dev\\\/l\\\/svm-temp\\\/nyheter\\\/stormen-orsakade-skador-i-almunecar-for-600-000-euro\\\/\",\"name\":\"Stormen orsakade skador i Almu\u00f1\u00e9car f\u00f6r 600.000 euro - Svenska Magasinet\",\"isPartOf\":{\"@id\":\"https:\\\/\\\/lightweb.dev\\\/l\\\/svm-temp\\\/#website\"},\"primaryImageOfPage\":{\"@id\":\"https:\\\/\\\/lightweb.dev\\\/l\\\/svm-temp\\\/nyheter\\\/stormen-orsakade-skador-i-almunecar-for-600-000-euro\\\/#primaryimage\"},\"image\":{\"@id\":\"https:\\\/\\\/lightweb.dev\\\/l\\\/svm-temp\\\/nyheter\\\/stormen-orsakade-skador-i-almunecar-for-600-000-euro\\\/#primaryimage\"},\"thumbnailUrl\":\"https:\\\/\\\/lightweb.dev\\\/l\\\/svm-temp\\\/wp-content\\\/uploads\\\/2022\\\/06\\\/stormen-orsakade-skador-i-almuecar-for-600000-euro.png\",\"datePublished\":\"2015-11-02T23:00:00+00:00\",\"breadcrumb\":{\"@id\":\"https:\\\/\\\/lightweb.dev\\\/l\\\/svm-temp\\\/nyheter\\\/stormen-orsakade-skador-i-almunecar-for-600-000-euro\\\/#breadcrumb\"},\"inLanguage\":\"sv-SE\",\"potentialAction\":[{\"@type\":\"ReadAction\",\"target\":[\"https:\\\/\\\/lightweb.dev\\\/l\\\/svm-temp\\\/nyheter\\\/stormen-orsakade-skador-i-almunecar-for-600-000-euro\\\/\"]}]},{\"@type\":\"ImageObject\",\"inLanguage\":\"sv-SE\",\"@id\":\"https:\\\/\\\/lightweb.dev\\\/l\\\/svm-temp\\\/nyheter\\\/stormen-orsakade-skador-i-almunecar-for-600-000-euro\\\/#primaryimage\",\"url\":\"https:\\\/\\\/lightweb.dev\\\/l\\\/svm-temp\\\/wp-content\\\/uploads\\\/2022\\\/06\\\/stormen-orsakade-skador-i-almuecar-for-600000-euro.png\",\"contentUrl\":\"https:\\\/\\\/lightweb.dev\\\/l\\\/svm-temp\\\/wp-content\\\/uploads\\\/2022\\\/06\\\/stormen-orsakade-skador-i-almuecar-for-600000-euro.png\",\"width\":300,\"height\":200},{\"@type\":\"BreadcrumbList\",\"@id\":\"https:\\\/\\\/lightweb.dev\\\/l\\\/svm-temp\\\/nyheter\\\/stormen-orsakade-skador-i-almunecar-for-600-000-euro\\\/#breadcrumb\",\"itemListElement\":[{\"@type\":\"ListItem\",\"position\":1,\"name\":\"Hem\",\"item\":\"https:\\\/\\\/lightweb.dev\\\/l\\\/svm-temp\\\/\"},{\"@type\":\"ListItem\",\"position\":2,\"name\":\"Stormen orsakade skador i Almu\u00f1\u00e9car f\u00f6r 600.000 euro\"}]},{\"@type\":\"WebSite\",\"@id\":\"https:\\\/\\\/lightweb.dev\\\/l\\\/svm-temp\\\/#website\",\"url\":\"https:\\\/\\\/lightweb.dev\\\/l\\\/svm-temp\\\/\",\"name\":\"Svenska Magasinet\",\"description\":\"Dina Spanska nyheter p&aring; Svenska\",\"publisher\":{\"@id\":\"https:\\\/\\\/lightweb.dev\\\/l\\\/svm-temp\\\/#organization\"},\"potentialAction\":[{\"@type\":\"SearchAction\",\"target\":{\"@type\":\"EntryPoint\",\"urlTemplate\":\"https:\\\/\\\/lightweb.dev\\\/l\\\/svm-temp\\\/?s={search_term_string}\"},\"query-input\":{\"@type\":\"PropertyValueSpecification\",\"valueRequired\":true,\"valueName\":\"search_term_string\"}}],\"inLanguage\":\"sv-SE\"},{\"@type\":\"Organization\",\"@id\":\"https:\\\/\\\/lightweb.dev\\\/l\\\/svm-temp\\\/#organization\",\"name\":\"Melkerson y Nott SL\",\"alternateName\":\"Svenska Magasinet\",\"url\":\"https:\\\/\\\/lightweb.dev\\\/l\\\/svm-temp\\\/\",\"logo\":{\"@type\":\"ImageObject\",\"inLanguage\":\"sv-SE\",\"@id\":\"https:\\\/\\\/lightweb.dev\\\/l\\\/svm-temp\\\/#\\\/schema\\\/logo\\\/image\\\/\",\"url\":\"https:\\\/\\\/lightweb.dev\\\/l\\\/svm-temp\\\/wp-content\\\/uploads\\\/2025\\\/02\\\/SvM-logo-Xtra-Centrerad-SVART.png\",\"contentUrl\":\"https:\\\/\\\/lightweb.dev\\\/l\\\/svm-temp\\\/wp-content\\\/uploads\\\/2025\\\/02\\\/SvM-logo-Xtra-Centrerad-SVART.png\",\"width\":300,\"height\":99,\"caption\":\"Melkerson y Nott SL\"},\"image\":{\"@id\":\"https:\\\/\\\/lightweb.dev\\\/l\\\/svm-temp\\\/#\\\/schema\\\/logo\\\/image\\\/\"},\"sameAs\":[\"https:\\\/\\\/www.facebook.com\\\/svenskamagasinet\",\"https:\\\/\\\/x.com\\\/SvenskaMagasine\"]},{\"@type\":\"Person\",\"@id\":\"https:\\\/\\\/lightweb.dev\\\/l\\\/svm-temp\\\/#\\\/schema\\\/person\\\/206a3bda5b607b0c25e1749191e4d837\",\"name\":\"Redaktionen SvM\",\"description\":\"Redaktionen\",\"sameAs\":[\"https:\\\/\\\/lightweb.dev\\\/l\\\/svm-temp\"],\"url\":\"https:\\\/\\\/lightweb.dev\\\/l\\\/svm-temp\\\/reporter\\\/redaktionen\\\/\"}]}<\/script>\n<!-- \/ Yoast SEO Premium plugin. -->","yoast_head_json":{"title":"Stormen orsakade skador i Almu\u00f1\u00e9car f\u00f6r 600.000 euro - Svenska Magasinet","robots":{"index":"noindex","follow":"follow","max-snippet":"max-snippet:-1","max-image-preview":"max-image-preview:large","max-video-preview":"max-video-preview:-1"},"og_locale":"sv_SE","og_type":"article","og_title":"Stormen orsakade skador i Almu\u00f1\u00e9car f\u00f6r 600.000 euro","og_description":"Almu\u00f1\u00e9car kommun uppskattar skadorna efter s\u00f6ndagens storm och regnov\u00e4der till 600.000 euro. Det meddelar kommunens tekniker efter att den milj\u00f6- och strandansvarige, Luis Arag\u00f3n, bed\u00f6mt skadorna. Kommunfullm\u00e4ktige kommer att be centralregeringen och Junta de Andaluc\u00eda och ekonomiskt st\u00f6d f\u00f6r att reparera skadorna efter s\u00f6ndagens ov\u00e4der. De st\u00f6rsta skadorna uppkom vid vattenparken n\u00e4ra Velilla, Fuente Piedra [&hellip;]","og_url":"https:\/\/lightweb.dev\/l\/svm-temp\/nyheter\/stormen-orsakade-skador-i-almunecar-for-600-000-euro\/","og_site_name":"Svenska Magasinet","article_publisher":"https:\/\/www.facebook.com\/svenskamagasinet","article_published_time":"2015-11-02T23:00:00+00:00","og_image":[{"width":300,"height":200,"url":"https:\/\/lightweb.dev\/l\/svm-temp\/wp-content\/uploads\/2022\/06\/stormen-orsakade-skador-i-almuecar-for-600000-euro.png","type":"image\/png"}],"author":"Redaktionen SvM","twitter_card":"summary_large_image","twitter_creator":"@SvenskaMagasine","twitter_site":"@SvenskaMagasine","schema":{"@context":"https:\/\/schema.org","@graph":[{"@type":"Article","@id":"https:\/\/lightweb.dev\/l\/svm-temp\/nyheter\/stormen-orsakade-skador-i-almunecar-for-600-000-euro\/#article","isPartOf":{"@id":"https:\/\/lightweb.dev\/l\/svm-temp\/nyheter\/stormen-orsakade-skador-i-almunecar-for-600-000-euro\/"},"author":{"name":"Redaktionen SvM","@id":"https:\/\/lightweb.dev\/l\/svm-temp\/#\/schema\/person\/206a3bda5b607b0c25e1749191e4d837"},"headline":"Stormen orsakade skador i Almu\u00f1\u00e9car f\u00f6r 600.000 euro","datePublished":"2015-11-02T23:00:00+00:00","mainEntityOfPage":{"@id":"https:\/\/lightweb.dev\/l\/svm-temp\/nyheter\/stormen-orsakade-skador-i-almunecar-for-600-000-euro\/"},"wordCount":149,"commentCount":0,"publisher":{"@id":"https:\/\/lightweb.dev\/l\/svm-temp\/#organization"},"image":{"@id":"https:\/\/lightweb.dev\/l\/svm-temp\/nyheter\/stormen-orsakade-skador-i-almunecar-for-600-000-euro\/#primaryimage"},"thumbnailUrl":"https:\/\/lightweb.dev\/l\/svm-temp\/wp-content\/uploads\/2022\/06\/stormen-orsakade-skador-i-almuecar-for-600000-euro.png","articleSection":["Arkiv","Nyheter"],"inLanguage":"sv-SE"},{"@type":"WebPage","@id":"https:\/\/lightweb.dev\/l\/svm-temp\/nyheter\/stormen-orsakade-skador-i-almunecar-for-600-000-euro\/","url":"https:\/\/lightweb.dev\/l\/svm-temp\/nyheter\/stormen-orsakade-skador-i-almunecar-for-600-000-euro\/","name":"Stormen orsakade skador i Almu\u00f1\u00e9car f\u00f6r 600.000 euro - Svenska Magasinet","isPartOf":{"@id":"https:\/\/lightweb.dev\/l\/svm-temp\/#website"},"primaryImageOfPage":{"@id":"https:\/\/lightweb.dev\/l\/svm-temp\/nyheter\/stormen-orsakade-skador-i-almunecar-for-600-000-euro\/#primaryimage"},"image":{"@id":"https:\/\/lightweb.dev\/l\/svm-temp\/nyheter\/stormen-orsakade-skador-i-almunecar-for-600-000-euro\/#primaryimage"},"thumbnailUrl":"https:\/\/lightweb.dev\/l\/svm-temp\/wp-content\/uploads\/2022\/06\/stormen-orsakade-skador-i-almuecar-for-600000-euro.png","datePublished":"2015-11-02T23:00:00+00:00","breadcrumb":{"@id":"https:\/\/lightweb.dev\/l\/svm-temp\/nyheter\/stormen-orsakade-skador-i-almunecar-for-600-000-euro\/#breadcrumb"},"inLanguage":"sv-SE","potentialAction":[{"@type":"ReadAction","target":["https:\/\/lightweb.dev\/l\/svm-temp\/nyheter\/stormen-orsakade-skador-i-almunecar-for-600-000-euro\/"]}]},{"@type":"ImageObject","inLanguage":"sv-SE","@id":"https:\/\/lightweb.dev\/l\/svm-temp\/nyheter\/stormen-orsakade-skador-i-almunecar-for-600-000-euro\/#primaryimage","url":"https:\/\/lightweb.dev\/l\/svm-temp\/wp-content\/uploads\/2022\/06\/stormen-orsakade-skador-i-almuecar-for-600000-euro.png","contentUrl":"https:\/\/lightweb.dev\/l\/svm-temp\/wp-content\/uploads\/2022\/06\/stormen-orsakade-skador-i-almuecar-for-600000-euro.png","width":300,"height":200},{"@type":"BreadcrumbList","@id":"https:\/\/lightweb.dev\/l\/svm-temp\/nyheter\/stormen-orsakade-skador-i-almunecar-for-600-000-euro\/#breadcrumb","itemListElement":[{"@type":"ListItem","position":1,"name":"Hem","item":"https:\/\/lightweb.dev\/l\/svm-temp\/"},{"@type":"ListItem","position":2,"name":"Stormen orsakade skador i Almu\u00f1\u00e9car f\u00f6r 600.000 euro"}]},{"@type":"WebSite","@id":"https:\/\/lightweb.dev\/l\/svm-temp\/#website","url":"https:\/\/lightweb.dev\/l\/svm-temp\/","name":"Svenska Magasinet","description":"Dina Spanska nyheter p&aring; Svenska","publisher":{"@id":"https:\/\/lightweb.dev\/l\/svm-temp\/#organization"},"potentialAction":[{"@type":"SearchAction","target":{"@type":"EntryPoint","urlTemplate":"https:\/\/lightweb.dev\/l\/svm-temp\/?s={search_term_string}"},"query-input":{"@type":"PropertyValueSpecification","valueRequired":true,"valueName":"search_term_string"}}],"inLanguage":"sv-SE"},{"@type":"Organization","@id":"https:\/\/lightweb.dev\/l\/svm-temp\/#organization","name":"Melkerson y Nott SL","alternateName":"Svenska Magasinet","url":"https:\/\/lightweb.dev\/l\/svm-temp\/","logo":{"@type":"ImageObject","inLanguage":"sv-SE","@id":"https:\/\/lightweb.dev\/l\/svm-temp\/#\/schema\/logo\/image\/","url":"https:\/\/lightweb.dev\/l\/svm-temp\/wp-content\/uploads\/2025\/02\/SvM-logo-Xtra-Centrerad-SVART.png","contentUrl":"https:\/\/lightweb.dev\/l\/svm-temp\/wp-content\/uploads\/2025\/02\/SvM-logo-Xtra-Centrerad-SVART.png","width":300,"height":99,"caption":"Melkerson y Nott SL"},"image":{"@id":"https:\/\/lightweb.dev\/l\/svm-temp\/#\/schema\/logo\/image\/"},"sameAs":["https:\/\/www.facebook.com\/svenskamagasinet","https:\/\/x.com\/SvenskaMagasine"]},{"@type":"Person","@id":"https:\/\/lightweb.dev\/l\/svm-temp\/#\/schema\/person\/206a3bda5b607b0c25e1749191e4d837","name":"Redaktionen SvM","description":"Redaktionen","sameAs":["https:\/\/lightweb.dev\/l\/svm-temp"],"url":"https:\/\/lightweb.dev\/l\/svm-temp\/reporter\/redaktionen\/"}]}},"_links":{"self":[{"href":"https:\/\/lightweb.dev\/l\/svm-temp\/wp-json\/wp\/v2\/posts\/23303","targetHints":{"allow":["GET"]}}],"collection":[{"href":"https:\/\/lightweb.dev\/l\/svm-temp\/wp-json\/wp\/v2\/posts"}],"about":[{"href":"https:\/\/lightweb.dev\/l\/svm-temp\/wp-json\/wp\/v2\/types\/post"}],"author":[{"embeddable":true,"href":"https:\/\/lightweb.dev\/l\/svm-temp\/wp-json\/wp\/v2\/users\/8"}],"replies":[{"embeddable":true,"href":"https:\/\/lightweb.dev\/l\/svm-temp\/wp-json\/wp\/v2\/comments?post=23303"}],"version-history":[{"count":0,"href":"https:\/\/lightweb.dev\/l\/svm-temp\/wp-json\/wp\/v2\/posts\/23303\/revisions"}],"wp:featuredmedia":[{"embeddable":true,"href":"https:\/\/lightweb.dev\/l\/svm-temp\/wp-json\/wp\/v2\/media\/23304"}],"wp:attachment":[{"href":"https:\/\/lightweb.dev\/l\/svm-temp\/wp-json\/wp\/v2\/media?parent=23303"}],"wp:term":[{"taxonomy":"category","embeddable":true,"href":"https:\/\/lightweb.dev\/l\/svm-temp\/wp-json\/wp\/v2\/categories?post=23303"},{"taxonomy":"post_tag","embeddable":true,"href":"https:\/\/lightweb.dev\/l\/svm-temp\/wp-json\/wp\/v2\/tags?post=23303"}],"curies":[{"name":"wp","href":"https:\/\/api.w.org\/{rel}","templated":true}]}}