{"id":23309,"date":"2015-11-02T00:00:00","date_gmt":"2015-11-01T23:00:00","guid":{"rendered":"https:\/\/lightweb.dev\/l\/svm-temp\/nyheter\/65-meter-hoga-vagor-uppmatta-langs-kusten\/"},"modified":"2015-11-02T00:00:00","modified_gmt":"2015-11-01T23:00:00","slug":"65-meter-hoga-vagor-uppmatta-langs-kusten","status":"publish","type":"post","link":"https:\/\/lightweb.dev\/l\/svm-temp\/nyheter\/65-meter-hoga-vagor-uppmatta-langs-kusten\/","title":{"rendered":"6,5 meter h\u00f6ga v\u00e5gor uppm\u00e4tta l\u00e4ngs kusten"},"content":{"rendered":"<p> S\u00f6ndagens ov\u00e4der slog h\u00e5rt mot kusten med f\u00f6rst\u00f6rda str\u00e4nder, restauranger och v\u00e4gar. V\u00e4derfenomenet f\u00f6ljdes av m\u00e4ngder av m\u00e4nniskor som hade tagit sig till strandpromenaderna f\u00f6r att fotografera det brusande havet.<\/p>\n<p>Enligt kustmyndigheten Demarcaci\u00f3n de Costas var s\u00f6ndagens storm den v\u00e4rsta p\u00e5 20 \u00e5r. V\u00e5gorna m\u00e4tte som mest 6,53 meter uppger hamnmyndigheten Puertos del Estado i M\u00e1laga. Vid 17-tiden p\u00e5 s\u00f6ndagen uppm\u00e4ttes de h\u00f6gsta v\u00e5gtopparna.<\/p>\n<p>V\u00e5gorna orsakade stora skador p\u00e5 flera str\u00e4nder och de f\u00f6rsta rapporterna talar om f\u00f6rst\u00f6rda str\u00e4nder i Nerja, Torre del Mar, Torrox och M\u00e1laga bland annat. Flera strandrestaurangers terrasser har blivit f\u00f6rst\u00f6rda.<\/p>\n<p>Kryssningsfartyget Sovereign fr\u00e5n rederiet Pullmantur kunde inte g\u00e5 in i M\u00e1laga hamn utan blev tvungna att v\u00e4nta ute till havs i flera timmar innan det blev m\u00f6jligt.<\/p>\n<p>Omkring 50 incidenter har rapporterats till myndigheterna efter g\u00e5rdagens stormov\u00e4der.<\/p>\n<p>\u00c4ven Costa Tropical drabbades h\u00e5rt av s\u00f6ndagens ov\u00e4der. I Almu\u00f1\u00e9car talas det om \u201domfattande skador\u201d p\u00e5 str\u00e4nderna Velilla, Marina del Este och Cotobro. Kustv\u00e4gen N-340 i j\u00e4mnh\u00f6jd med Melicena fick st\u00e4ngas i b\u00e5da f\u00e4rdriktningarna p\u00e5 grund av jordskred. <\/p>\n","protected":false},"excerpt":{"rendered":"<p>S\u00f6ndagens ov\u00e4der slog h\u00e5rt mot kusten med f\u00f6rst\u00f6rda str\u00e4nder, restauranger och v\u00e4gar. V\u00e4derfenomenet f\u00f6ljdes av m\u00e4ngder av m\u00e4nniskor som hade tagit sig till strandpromenaderna f\u00f6r att fotografera det brusande havet. Enligt kustmyndigheten Demarcaci\u00f3n de Costas var s\u00f6ndagens storm den v\u00e4rsta p\u00e5 20 \u00e5r. V\u00e5gorna m\u00e4tte som mest 6,53 meter uppger hamnmyndigheten Puertos del Estado i [&hellip;]<\/p>\n","protected":false},"author":8,"featured_media":23310,"comment_status":"open","ping_status":"open","sticky":false,"template":"","format":"standard","meta":{"_et_pb_use_builder":"","_et_pb_old_content":"","_et_gb_content_width":"","footnotes":""},"categories":[395,3],"tags":[],"class_list":["post-23309","post","type-post","status-publish","format-standard","has-post-thumbnail","hentry","category-arkiv-nyheter","category-nyheter"],"yoast_head":"<!-- This site is optimized with the Yoast SEO Premium plugin v26.2 (Yoast SEO v27.4) - https:\/\/yoast.com\/product\/yoast-seo-premium-wordpress\/ -->\n<title>6,5 meter h\u00f6ga v\u00e5gor uppm\u00e4tta l\u00e4ngs kusten - Svenska Magasinet<\/title>\n<meta name=\"robots\" content=\"noindex, follow, max-snippet:-1, max-image-preview:large, max-video-preview:-1\" \/>\n<meta property=\"og:locale\" content=\"sv_SE\" \/>\n<meta property=\"og:type\" content=\"article\" \/>\n<meta property=\"og:title\" content=\"6,5 meter h\u00f6ga v\u00e5gor uppm\u00e4tta l\u00e4ngs kusten\" \/>\n<meta property=\"og:description\" content=\"S\u00f6ndagens ov\u00e4der slog h\u00e5rt mot kusten med f\u00f6rst\u00f6rda str\u00e4nder, restauranger och v\u00e4gar. V\u00e4derfenomenet f\u00f6ljdes av m\u00e4ngder av m\u00e4nniskor som hade tagit sig till strandpromenaderna f\u00f6r att fotografera det brusande havet. Enligt kustmyndigheten Demarcaci\u00f3n de Costas var s\u00f6ndagens storm den v\u00e4rsta p\u00e5 20 \u00e5r. V\u00e5gorna m\u00e4tte som mest 6,53 meter uppger hamnmyndigheten Puertos del Estado i [&hellip;]\" \/>\n<meta property=\"og:url\" content=\"https:\/\/lightweb.dev\/l\/svm-temp\/nyheter\/65-meter-hoga-vagor-uppmatta-langs-kusten\/\" \/>\n<meta property=\"og:site_name\" content=\"Svenska Magasinet\" \/>\n<meta property=\"article:publisher\" content=\"https:\/\/www.facebook.com\/svenskamagasinet\" \/>\n<meta property=\"article:published_time\" content=\"2015-11-01T23:00:00+00:00\" \/>\n<meta property=\"og:image\" content=\"https:\/\/lightweb.dev\/l\/svm-temp\/wp-content\/uploads\/2022\/06\/65-meter-hoga-vagor-uppmatta-langs-kusten.png\" \/>\n\t<meta property=\"og:image:width\" content=\"299\" \/>\n\t<meta property=\"og:image:height\" content=\"200\" \/>\n\t<meta property=\"og:image:type\" content=\"image\/png\" \/>\n<meta name=\"author\" content=\"Redaktionen SvM\" \/>\n<meta name=\"twitter:card\" content=\"summary_large_image\" \/>\n<meta name=\"twitter:creator\" content=\"@SvenskaMagasine\" \/>\n<meta name=\"twitter:site\" content=\"@SvenskaMagasine\" \/>\n<script type=\"application\/ld+json\" class=\"yoast-schema-graph\">{\"@context\":\"https:\\\/\\\/schema.org\",\"@graph\":[{\"@type\":\"Article\",\"@id\":\"https:\\\/\\\/lightweb.dev\\\/l\\\/svm-temp\\\/nyheter\\\/65-meter-hoga-vagor-uppmatta-langs-kusten\\\/#article\",\"isPartOf\":{\"@id\":\"https:\\\/\\\/lightweb.dev\\\/l\\\/svm-temp\\\/nyheter\\\/65-meter-hoga-vagor-uppmatta-langs-kusten\\\/\"},\"author\":{\"name\":\"Redaktionen SvM\",\"@id\":\"https:\\\/\\\/lightweb.dev\\\/l\\\/svm-temp\\\/#\\\/schema\\\/person\\\/206a3bda5b607b0c25e1749191e4d837\"},\"headline\":\"6,5 meter h\u00f6ga v\u00e5gor uppm\u00e4tta l\u00e4ngs kusten\",\"datePublished\":\"2015-11-01T23:00:00+00:00\",\"mainEntityOfPage\":{\"@id\":\"https:\\\/\\\/lightweb.dev\\\/l\\\/svm-temp\\\/nyheter\\\/65-meter-hoga-vagor-uppmatta-langs-kusten\\\/\"},\"wordCount\":225,\"commentCount\":0,\"publisher\":{\"@id\":\"https:\\\/\\\/lightweb.dev\\\/l\\\/svm-temp\\\/#organization\"},\"image\":{\"@id\":\"https:\\\/\\\/lightweb.dev\\\/l\\\/svm-temp\\\/nyheter\\\/65-meter-hoga-vagor-uppmatta-langs-kusten\\\/#primaryimage\"},\"thumbnailUrl\":\"https:\\\/\\\/lightweb.dev\\\/l\\\/svm-temp\\\/wp-content\\\/uploads\\\/2022\\\/06\\\/65-meter-hoga-vagor-uppmatta-langs-kusten.png\",\"articleSection\":[\"Arkiv\",\"Nyheter\"],\"inLanguage\":\"sv-SE\"},{\"@type\":\"WebPage\",\"@id\":\"https:\\\/\\\/lightweb.dev\\\/l\\\/svm-temp\\\/nyheter\\\/65-meter-hoga-vagor-uppmatta-langs-kusten\\\/\",\"url\":\"https:\\\/\\\/lightweb.dev\\\/l\\\/svm-temp\\\/nyheter\\\/65-meter-hoga-vagor-uppmatta-langs-kusten\\\/\",\"name\":\"6,5 meter h\u00f6ga v\u00e5gor uppm\u00e4tta l\u00e4ngs kusten - Svenska Magasinet\",\"isPartOf\":{\"@id\":\"https:\\\/\\\/lightweb.dev\\\/l\\\/svm-temp\\\/#website\"},\"primaryImageOfPage\":{\"@id\":\"https:\\\/\\\/lightweb.dev\\\/l\\\/svm-temp\\\/nyheter\\\/65-meter-hoga-vagor-uppmatta-langs-kusten\\\/#primaryimage\"},\"image\":{\"@id\":\"https:\\\/\\\/lightweb.dev\\\/l\\\/svm-temp\\\/nyheter\\\/65-meter-hoga-vagor-uppmatta-langs-kusten\\\/#primaryimage\"},\"thumbnailUrl\":\"https:\\\/\\\/lightweb.dev\\\/l\\\/svm-temp\\\/wp-content\\\/uploads\\\/2022\\\/06\\\/65-meter-hoga-vagor-uppmatta-langs-kusten.png\",\"datePublished\":\"2015-11-01T23:00:00+00:00\",\"breadcrumb\":{\"@id\":\"https:\\\/\\\/lightweb.dev\\\/l\\\/svm-temp\\\/nyheter\\\/65-meter-hoga-vagor-uppmatta-langs-kusten\\\/#breadcrumb\"},\"inLanguage\":\"sv-SE\",\"potentialAction\":[{\"@type\":\"ReadAction\",\"target\":[\"https:\\\/\\\/lightweb.dev\\\/l\\\/svm-temp\\\/nyheter\\\/65-meter-hoga-vagor-uppmatta-langs-kusten\\\/\"]}]},{\"@type\":\"ImageObject\",\"inLanguage\":\"sv-SE\",\"@id\":\"https:\\\/\\\/lightweb.dev\\\/l\\\/svm-temp\\\/nyheter\\\/65-meter-hoga-vagor-uppmatta-langs-kusten\\\/#primaryimage\",\"url\":\"https:\\\/\\\/lightweb.dev\\\/l\\\/svm-temp\\\/wp-content\\\/uploads\\\/2022\\\/06\\\/65-meter-hoga-vagor-uppmatta-langs-kusten.png\",\"contentUrl\":\"https:\\\/\\\/lightweb.dev\\\/l\\\/svm-temp\\\/wp-content\\\/uploads\\\/2022\\\/06\\\/65-meter-hoga-vagor-uppmatta-langs-kusten.png\",\"width\":299,\"height\":200},{\"@type\":\"BreadcrumbList\",\"@id\":\"https:\\\/\\\/lightweb.dev\\\/l\\\/svm-temp\\\/nyheter\\\/65-meter-hoga-vagor-uppmatta-langs-kusten\\\/#breadcrumb\",\"itemListElement\":[{\"@type\":\"ListItem\",\"position\":1,\"name\":\"Hem\",\"item\":\"https:\\\/\\\/lightweb.dev\\\/l\\\/svm-temp\\\/\"},{\"@type\":\"ListItem\",\"position\":2,\"name\":\"6,5 meter h\u00f6ga v\u00e5gor uppm\u00e4tta l\u00e4ngs kusten\"}]},{\"@type\":\"WebSite\",\"@id\":\"https:\\\/\\\/lightweb.dev\\\/l\\\/svm-temp\\\/#website\",\"url\":\"https:\\\/\\\/lightweb.dev\\\/l\\\/svm-temp\\\/\",\"name\":\"Svenska Magasinet\",\"description\":\"Dina Spanska nyheter p&aring; Svenska\",\"publisher\":{\"@id\":\"https:\\\/\\\/lightweb.dev\\\/l\\\/svm-temp\\\/#organization\"},\"potentialAction\":[{\"@type\":\"SearchAction\",\"target\":{\"@type\":\"EntryPoint\",\"urlTemplate\":\"https:\\\/\\\/lightweb.dev\\\/l\\\/svm-temp\\\/?s={search_term_string}\"},\"query-input\":{\"@type\":\"PropertyValueSpecification\",\"valueRequired\":true,\"valueName\":\"search_term_string\"}}],\"inLanguage\":\"sv-SE\"},{\"@type\":\"Organization\",\"@id\":\"https:\\\/\\\/lightweb.dev\\\/l\\\/svm-temp\\\/#organization\",\"name\":\"Melkerson y Nott SL\",\"alternateName\":\"Svenska Magasinet\",\"url\":\"https:\\\/\\\/lightweb.dev\\\/l\\\/svm-temp\\\/\",\"logo\":{\"@type\":\"ImageObject\",\"inLanguage\":\"sv-SE\",\"@id\":\"https:\\\/\\\/lightweb.dev\\\/l\\\/svm-temp\\\/#\\\/schema\\\/logo\\\/image\\\/\",\"url\":\"https:\\\/\\\/lightweb.dev\\\/l\\\/svm-temp\\\/wp-content\\\/uploads\\\/2025\\\/02\\\/SvM-logo-Xtra-Centrerad-SVART.png\",\"contentUrl\":\"https:\\\/\\\/lightweb.dev\\\/l\\\/svm-temp\\\/wp-content\\\/uploads\\\/2025\\\/02\\\/SvM-logo-Xtra-Centrerad-SVART.png\",\"width\":300,\"height\":99,\"caption\":\"Melkerson y Nott SL\"},\"image\":{\"@id\":\"https:\\\/\\\/lightweb.dev\\\/l\\\/svm-temp\\\/#\\\/schema\\\/logo\\\/image\\\/\"},\"sameAs\":[\"https:\\\/\\\/www.facebook.com\\\/svenskamagasinet\",\"https:\\\/\\\/x.com\\\/SvenskaMagasine\"]},{\"@type\":\"Person\",\"@id\":\"https:\\\/\\\/lightweb.dev\\\/l\\\/svm-temp\\\/#\\\/schema\\\/person\\\/206a3bda5b607b0c25e1749191e4d837\",\"name\":\"Redaktionen SvM\",\"description\":\"Redaktionen\",\"sameAs\":[\"https:\\\/\\\/lightweb.dev\\\/l\\\/svm-temp\"],\"url\":\"https:\\\/\\\/lightweb.dev\\\/l\\\/svm-temp\\\/reporter\\\/redaktionen\\\/\"}]}<\/script>\n<!-- \/ Yoast SEO Premium plugin. -->","yoast_head_json":{"title":"6,5 meter h\u00f6ga v\u00e5gor uppm\u00e4tta l\u00e4ngs kusten - Svenska Magasinet","robots":{"index":"noindex","follow":"follow","max-snippet":"max-snippet:-1","max-image-preview":"max-image-preview:large","max-video-preview":"max-video-preview:-1"},"og_locale":"sv_SE","og_type":"article","og_title":"6,5 meter h\u00f6ga v\u00e5gor uppm\u00e4tta l\u00e4ngs kusten","og_description":"S\u00f6ndagens ov\u00e4der slog h\u00e5rt mot kusten med f\u00f6rst\u00f6rda str\u00e4nder, restauranger och v\u00e4gar. V\u00e4derfenomenet f\u00f6ljdes av m\u00e4ngder av m\u00e4nniskor som hade tagit sig till strandpromenaderna f\u00f6r att fotografera det brusande havet. Enligt kustmyndigheten Demarcaci\u00f3n de Costas var s\u00f6ndagens storm den v\u00e4rsta p\u00e5 20 \u00e5r. V\u00e5gorna m\u00e4tte som mest 6,53 meter uppger hamnmyndigheten Puertos del Estado i [&hellip;]","og_url":"https:\/\/lightweb.dev\/l\/svm-temp\/nyheter\/65-meter-hoga-vagor-uppmatta-langs-kusten\/","og_site_name":"Svenska Magasinet","article_publisher":"https:\/\/www.facebook.com\/svenskamagasinet","article_published_time":"2015-11-01T23:00:00+00:00","og_image":[{"width":299,"height":200,"url":"https:\/\/lightweb.dev\/l\/svm-temp\/wp-content\/uploads\/2022\/06\/65-meter-hoga-vagor-uppmatta-langs-kusten.png","type":"image\/png"}],"author":"Redaktionen SvM","twitter_card":"summary_large_image","twitter_creator":"@SvenskaMagasine","twitter_site":"@SvenskaMagasine","schema":{"@context":"https:\/\/schema.org","@graph":[{"@type":"Article","@id":"https:\/\/lightweb.dev\/l\/svm-temp\/nyheter\/65-meter-hoga-vagor-uppmatta-langs-kusten\/#article","isPartOf":{"@id":"https:\/\/lightweb.dev\/l\/svm-temp\/nyheter\/65-meter-hoga-vagor-uppmatta-langs-kusten\/"},"author":{"name":"Redaktionen SvM","@id":"https:\/\/lightweb.dev\/l\/svm-temp\/#\/schema\/person\/206a3bda5b607b0c25e1749191e4d837"},"headline":"6,5 meter h\u00f6ga v\u00e5gor uppm\u00e4tta l\u00e4ngs kusten","datePublished":"2015-11-01T23:00:00+00:00","mainEntityOfPage":{"@id":"https:\/\/lightweb.dev\/l\/svm-temp\/nyheter\/65-meter-hoga-vagor-uppmatta-langs-kusten\/"},"wordCount":225,"commentCount":0,"publisher":{"@id":"https:\/\/lightweb.dev\/l\/svm-temp\/#organization"},"image":{"@id":"https:\/\/lightweb.dev\/l\/svm-temp\/nyheter\/65-meter-hoga-vagor-uppmatta-langs-kusten\/#primaryimage"},"thumbnailUrl":"https:\/\/lightweb.dev\/l\/svm-temp\/wp-content\/uploads\/2022\/06\/65-meter-hoga-vagor-uppmatta-langs-kusten.png","articleSection":["Arkiv","Nyheter"],"inLanguage":"sv-SE"},{"@type":"WebPage","@id":"https:\/\/lightweb.dev\/l\/svm-temp\/nyheter\/65-meter-hoga-vagor-uppmatta-langs-kusten\/","url":"https:\/\/lightweb.dev\/l\/svm-temp\/nyheter\/65-meter-hoga-vagor-uppmatta-langs-kusten\/","name":"6,5 meter h\u00f6ga v\u00e5gor uppm\u00e4tta l\u00e4ngs kusten - Svenska Magasinet","isPartOf":{"@id":"https:\/\/lightweb.dev\/l\/svm-temp\/#website"},"primaryImageOfPage":{"@id":"https:\/\/lightweb.dev\/l\/svm-temp\/nyheter\/65-meter-hoga-vagor-uppmatta-langs-kusten\/#primaryimage"},"image":{"@id":"https:\/\/lightweb.dev\/l\/svm-temp\/nyheter\/65-meter-hoga-vagor-uppmatta-langs-kusten\/#primaryimage"},"thumbnailUrl":"https:\/\/lightweb.dev\/l\/svm-temp\/wp-content\/uploads\/2022\/06\/65-meter-hoga-vagor-uppmatta-langs-kusten.png","datePublished":"2015-11-01T23:00:00+00:00","breadcrumb":{"@id":"https:\/\/lightweb.dev\/l\/svm-temp\/nyheter\/65-meter-hoga-vagor-uppmatta-langs-kusten\/#breadcrumb"},"inLanguage":"sv-SE","potentialAction":[{"@type":"ReadAction","target":["https:\/\/lightweb.dev\/l\/svm-temp\/nyheter\/65-meter-hoga-vagor-uppmatta-langs-kusten\/"]}]},{"@type":"ImageObject","inLanguage":"sv-SE","@id":"https:\/\/lightweb.dev\/l\/svm-temp\/nyheter\/65-meter-hoga-vagor-uppmatta-langs-kusten\/#primaryimage","url":"https:\/\/lightweb.dev\/l\/svm-temp\/wp-content\/uploads\/2022\/06\/65-meter-hoga-vagor-uppmatta-langs-kusten.png","contentUrl":"https:\/\/lightweb.dev\/l\/svm-temp\/wp-content\/uploads\/2022\/06\/65-meter-hoga-vagor-uppmatta-langs-kusten.png","width":299,"height":200},{"@type":"BreadcrumbList","@id":"https:\/\/lightweb.dev\/l\/svm-temp\/nyheter\/65-meter-hoga-vagor-uppmatta-langs-kusten\/#breadcrumb","itemListElement":[{"@type":"ListItem","position":1,"name":"Hem","item":"https:\/\/lightweb.dev\/l\/svm-temp\/"},{"@type":"ListItem","position":2,"name":"6,5 meter h\u00f6ga v\u00e5gor uppm\u00e4tta l\u00e4ngs kusten"}]},{"@type":"WebSite","@id":"https:\/\/lightweb.dev\/l\/svm-temp\/#website","url":"https:\/\/lightweb.dev\/l\/svm-temp\/","name":"Svenska Magasinet","description":"Dina Spanska nyheter p&aring; Svenska","publisher":{"@id":"https:\/\/lightweb.dev\/l\/svm-temp\/#organization"},"potentialAction":[{"@type":"SearchAction","target":{"@type":"EntryPoint","urlTemplate":"https:\/\/lightweb.dev\/l\/svm-temp\/?s={search_term_string}"},"query-input":{"@type":"PropertyValueSpecification","valueRequired":true,"valueName":"search_term_string"}}],"inLanguage":"sv-SE"},{"@type":"Organization","@id":"https:\/\/lightweb.dev\/l\/svm-temp\/#organization","name":"Melkerson y Nott SL","alternateName":"Svenska Magasinet","url":"https:\/\/lightweb.dev\/l\/svm-temp\/","logo":{"@type":"ImageObject","inLanguage":"sv-SE","@id":"https:\/\/lightweb.dev\/l\/svm-temp\/#\/schema\/logo\/image\/","url":"https:\/\/lightweb.dev\/l\/svm-temp\/wp-content\/uploads\/2025\/02\/SvM-logo-Xtra-Centrerad-SVART.png","contentUrl":"https:\/\/lightweb.dev\/l\/svm-temp\/wp-content\/uploads\/2025\/02\/SvM-logo-Xtra-Centrerad-SVART.png","width":300,"height":99,"caption":"Melkerson y Nott SL"},"image":{"@id":"https:\/\/lightweb.dev\/l\/svm-temp\/#\/schema\/logo\/image\/"},"sameAs":["https:\/\/www.facebook.com\/svenskamagasinet","https:\/\/x.com\/SvenskaMagasine"]},{"@type":"Person","@id":"https:\/\/lightweb.dev\/l\/svm-temp\/#\/schema\/person\/206a3bda5b607b0c25e1749191e4d837","name":"Redaktionen SvM","description":"Redaktionen","sameAs":["https:\/\/lightweb.dev\/l\/svm-temp"],"url":"https:\/\/lightweb.dev\/l\/svm-temp\/reporter\/redaktionen\/"}]}},"_links":{"self":[{"href":"https:\/\/lightweb.dev\/l\/svm-temp\/wp-json\/wp\/v2\/posts\/23309","targetHints":{"allow":["GET"]}}],"collection":[{"href":"https:\/\/lightweb.dev\/l\/svm-temp\/wp-json\/wp\/v2\/posts"}],"about":[{"href":"https:\/\/lightweb.dev\/l\/svm-temp\/wp-json\/wp\/v2\/types\/post"}],"author":[{"embeddable":true,"href":"https:\/\/lightweb.dev\/l\/svm-temp\/wp-json\/wp\/v2\/users\/8"}],"replies":[{"embeddable":true,"href":"https:\/\/lightweb.dev\/l\/svm-temp\/wp-json\/wp\/v2\/comments?post=23309"}],"version-history":[{"count":0,"href":"https:\/\/lightweb.dev\/l\/svm-temp\/wp-json\/wp\/v2\/posts\/23309\/revisions"}],"wp:featuredmedia":[{"embeddable":true,"href":"https:\/\/lightweb.dev\/l\/svm-temp\/wp-json\/wp\/v2\/media\/23310"}],"wp:attachment":[{"href":"https:\/\/lightweb.dev\/l\/svm-temp\/wp-json\/wp\/v2\/media?parent=23309"}],"wp:term":[{"taxonomy":"category","embeddable":true,"href":"https:\/\/lightweb.dev\/l\/svm-temp\/wp-json\/wp\/v2\/categories?post=23309"},{"taxonomy":"post_tag","embeddable":true,"href":"https:\/\/lightweb.dev\/l\/svm-temp\/wp-json\/wp\/v2\/tags?post=23309"}],"curies":[{"name":"wp","href":"https:\/\/api.w.org\/{rel}","templated":true}]}}