{"id":23311,"date":"2015-11-02T00:00:00","date_gmt":"2015-11-01T23:00:00","guid":{"rendered":"https:\/\/lightweb.dev\/l\/svm-temp\/nyheter\/flyktingbatens-kapten-kan-finnas-bland-de-overlevande\/"},"modified":"2015-11-02T00:00:00","modified_gmt":"2015-11-01T23:00:00","slug":"flyktingbatens-kapten-kan-finnas-bland-de-overlevande","status":"publish","type":"post","link":"https:\/\/lightweb.dev\/l\/svm-temp\/nyheter\/flyktingbatens-kapten-kan-finnas-bland-de-overlevande\/","title":{"rendered":"Flyktingb\u00e5tens kapten kan finnas bland de \u00f6verlevande"},"content":{"rendered":"<p> Fyra av de 15 flyktingar som plockades upp i havet mellan Spanien och Marocko i torsdags v\u00e5rdas p\u00e5 sjukhus i M\u00e1laga. Deras tillst\u00e5nd \u00e4r stabilt. En kvinna som tidigare v\u00e5rdats p\u00e5 regionalsjukhuset l\u00e4mnade sjukhuset i l\u00f6rdags. Tv\u00e5 m\u00e4n ligger kvar vid en avdelning p\u00e5 regionalsjukhuset medan ytterligare tv\u00e5 m\u00e4n finns p\u00e5 Civilsjukhuset.<\/p>\n<p>Totalt plockade spanska sj\u00f6r\u00e4ddningen upp 15 flyktingar i torsdags som hade legat i vattnet i n\u00e4ra tio timmar. 39 andra flyktingar som uppges ha varit med p\u00e5 samma b\u00e5t som f\u00f6rliste saknas. Majoriteten kommer fr\u00e5n Kamerun och Mali och \u00e4r mellan 19 och 40 \u00e5r. De \u00f6verlevande har f\u00e5tt hj\u00e4lp med psykologer, socialarbetare och tolkar.<\/p>\n<p>Samtidigt har nationalpolisen inlett en unders\u00f6kning och f\u00f6rh\u00f6rt flera av de \u00f6verlevande. Polisen misst\u00e4nker att en av flyktingsmugglarna var med p\u00e5 b\u00e5ten som kapten och finns med bland de \u00f6verlevande.<\/p>\n<p>Det \u00e4r polis inom avdelningen UCRIF (Unidad contra las Redes de Inmigraci\u00f3n y Falsedad Documental) som arbetar mot illegal immigration och f\u00f6rfalskningar av dokument som misst\u00e4nker att den som k\u00f6rde b\u00e5ten finns med bland de \u00f6verlevande skriver dagstidningen Diario SUR.<\/p>\n<p>M\u00e4nniskosmuggling har blivit en lukrativ marknad f\u00f6r organiserade maffiagrupper som organiserar resor och g\u00f6r stora vinster fr\u00e5n de som f\u00f6rs\u00f6ker ta sig \u00f6ver Medelhavet. Tragedi n\u00e4r 35 flyktingar uppges ha drunknat<\/p>\n","protected":false},"excerpt":{"rendered":"<p>Fyra av de 15 flyktingar som plockades upp i havet mellan Spanien och Marocko i torsdags v\u00e5rdas p\u00e5 sjukhus i M\u00e1laga. Deras tillst\u00e5nd \u00e4r stabilt. En kvinna som tidigare v\u00e5rdats p\u00e5 regionalsjukhuset l\u00e4mnade sjukhuset i l\u00f6rdags. Tv\u00e5 m\u00e4n ligger kvar vid en avdelning p\u00e5 regionalsjukhuset medan ytterligare tv\u00e5 m\u00e4n finns p\u00e5 Civilsjukhuset. Totalt plockade spanska [&hellip;]<\/p>\n","protected":false},"author":8,"featured_media":23312,"comment_status":"open","ping_status":"open","sticky":false,"template":"","format":"standard","meta":{"_et_pb_use_builder":"","_et_pb_old_content":"","_et_gb_content_width":"","footnotes":""},"categories":[395,3],"tags":[],"class_list":["post-23311","post","type-post","status-publish","format-standard","has-post-thumbnail","hentry","category-arkiv-nyheter","category-nyheter"],"yoast_head":"<!-- This site is optimized with the Yoast SEO Premium plugin v26.2 (Yoast SEO v27.4) - https:\/\/yoast.com\/product\/yoast-seo-premium-wordpress\/ -->\n<title>Flyktingb\u00e5tens kapten kan finnas bland de \u00f6verlevande - Svenska Magasinet<\/title>\n<meta name=\"robots\" content=\"noindex, follow, max-snippet:-1, max-image-preview:large, max-video-preview:-1\" \/>\n<meta property=\"og:locale\" content=\"sv_SE\" \/>\n<meta property=\"og:type\" content=\"article\" \/>\n<meta property=\"og:title\" content=\"Flyktingb\u00e5tens kapten kan finnas bland de \u00f6verlevande\" \/>\n<meta property=\"og:description\" content=\"Fyra av de 15 flyktingar som plockades upp i havet mellan Spanien och Marocko i torsdags v\u00e5rdas p\u00e5 sjukhus i M\u00e1laga. Deras tillst\u00e5nd \u00e4r stabilt. En kvinna som tidigare v\u00e5rdats p\u00e5 regionalsjukhuset l\u00e4mnade sjukhuset i l\u00f6rdags. Tv\u00e5 m\u00e4n ligger kvar vid en avdelning p\u00e5 regionalsjukhuset medan ytterligare tv\u00e5 m\u00e4n finns p\u00e5 Civilsjukhuset. Totalt plockade spanska [&hellip;]\" \/>\n<meta property=\"og:url\" content=\"https:\/\/lightweb.dev\/l\/svm-temp\/nyheter\/flyktingbatens-kapten-kan-finnas-bland-de-overlevande\/\" \/>\n<meta property=\"og:site_name\" content=\"Svenska Magasinet\" \/>\n<meta property=\"article:publisher\" content=\"https:\/\/www.facebook.com\/svenskamagasinet\" \/>\n<meta property=\"article:published_time\" content=\"2015-11-01T23:00:00+00:00\" \/>\n<meta property=\"og:image\" content=\"https:\/\/lightweb.dev\/l\/svm-temp\/wp-content\/uploads\/2022\/06\/flyktingbatens-kapten-kan-finnas-bland-de-overlevande.png\" \/>\n\t<meta property=\"og:image:width\" content=\"356\" \/>\n\t<meta property=\"og:image:height\" content=\"200\" \/>\n\t<meta property=\"og:image:type\" content=\"image\/png\" \/>\n<meta name=\"author\" content=\"Redaktionen SvM\" \/>\n<meta name=\"twitter:card\" content=\"summary_large_image\" \/>\n<meta name=\"twitter:creator\" content=\"@SvenskaMagasine\" \/>\n<meta name=\"twitter:site\" content=\"@SvenskaMagasine\" \/>\n<script type=\"application\/ld+json\" class=\"yoast-schema-graph\">{\"@context\":\"https:\\\/\\\/schema.org\",\"@graph\":[{\"@type\":\"Article\",\"@id\":\"https:\\\/\\\/lightweb.dev\\\/l\\\/svm-temp\\\/nyheter\\\/flyktingbatens-kapten-kan-finnas-bland-de-overlevande\\\/#article\",\"isPartOf\":{\"@id\":\"https:\\\/\\\/lightweb.dev\\\/l\\\/svm-temp\\\/nyheter\\\/flyktingbatens-kapten-kan-finnas-bland-de-overlevande\\\/\"},\"author\":{\"name\":\"Redaktionen SvM\",\"@id\":\"https:\\\/\\\/lightweb.dev\\\/l\\\/svm-temp\\\/#\\\/schema\\\/person\\\/206a3bda5b607b0c25e1749191e4d837\"},\"headline\":\"Flyktingb\u00e5tens kapten kan finnas bland de \u00f6verlevande\",\"datePublished\":\"2015-11-01T23:00:00+00:00\",\"mainEntityOfPage\":{\"@id\":\"https:\\\/\\\/lightweb.dev\\\/l\\\/svm-temp\\\/nyheter\\\/flyktingbatens-kapten-kan-finnas-bland-de-overlevande\\\/\"},\"wordCount\":243,\"commentCount\":0,\"publisher\":{\"@id\":\"https:\\\/\\\/lightweb.dev\\\/l\\\/svm-temp\\\/#organization\"},\"image\":{\"@id\":\"https:\\\/\\\/lightweb.dev\\\/l\\\/svm-temp\\\/nyheter\\\/flyktingbatens-kapten-kan-finnas-bland-de-overlevande\\\/#primaryimage\"},\"thumbnailUrl\":\"https:\\\/\\\/lightweb.dev\\\/l\\\/svm-temp\\\/wp-content\\\/uploads\\\/2022\\\/06\\\/flyktingbatens-kapten-kan-finnas-bland-de-overlevande.png\",\"articleSection\":[\"Arkiv\",\"Nyheter\"],\"inLanguage\":\"sv-SE\"},{\"@type\":\"WebPage\",\"@id\":\"https:\\\/\\\/lightweb.dev\\\/l\\\/svm-temp\\\/nyheter\\\/flyktingbatens-kapten-kan-finnas-bland-de-overlevande\\\/\",\"url\":\"https:\\\/\\\/lightweb.dev\\\/l\\\/svm-temp\\\/nyheter\\\/flyktingbatens-kapten-kan-finnas-bland-de-overlevande\\\/\",\"name\":\"Flyktingb\u00e5tens kapten kan finnas bland de \u00f6verlevande - Svenska Magasinet\",\"isPartOf\":{\"@id\":\"https:\\\/\\\/lightweb.dev\\\/l\\\/svm-temp\\\/#website\"},\"primaryImageOfPage\":{\"@id\":\"https:\\\/\\\/lightweb.dev\\\/l\\\/svm-temp\\\/nyheter\\\/flyktingbatens-kapten-kan-finnas-bland-de-overlevande\\\/#primaryimage\"},\"image\":{\"@id\":\"https:\\\/\\\/lightweb.dev\\\/l\\\/svm-temp\\\/nyheter\\\/flyktingbatens-kapten-kan-finnas-bland-de-overlevande\\\/#primaryimage\"},\"thumbnailUrl\":\"https:\\\/\\\/lightweb.dev\\\/l\\\/svm-temp\\\/wp-content\\\/uploads\\\/2022\\\/06\\\/flyktingbatens-kapten-kan-finnas-bland-de-overlevande.png\",\"datePublished\":\"2015-11-01T23:00:00+00:00\",\"breadcrumb\":{\"@id\":\"https:\\\/\\\/lightweb.dev\\\/l\\\/svm-temp\\\/nyheter\\\/flyktingbatens-kapten-kan-finnas-bland-de-overlevande\\\/#breadcrumb\"},\"inLanguage\":\"sv-SE\",\"potentialAction\":[{\"@type\":\"ReadAction\",\"target\":[\"https:\\\/\\\/lightweb.dev\\\/l\\\/svm-temp\\\/nyheter\\\/flyktingbatens-kapten-kan-finnas-bland-de-overlevande\\\/\"]}]},{\"@type\":\"ImageObject\",\"inLanguage\":\"sv-SE\",\"@id\":\"https:\\\/\\\/lightweb.dev\\\/l\\\/svm-temp\\\/nyheter\\\/flyktingbatens-kapten-kan-finnas-bland-de-overlevande\\\/#primaryimage\",\"url\":\"https:\\\/\\\/lightweb.dev\\\/l\\\/svm-temp\\\/wp-content\\\/uploads\\\/2022\\\/06\\\/flyktingbatens-kapten-kan-finnas-bland-de-overlevande.png\",\"contentUrl\":\"https:\\\/\\\/lightweb.dev\\\/l\\\/svm-temp\\\/wp-content\\\/uploads\\\/2022\\\/06\\\/flyktingbatens-kapten-kan-finnas-bland-de-overlevande.png\",\"width\":356,\"height\":200},{\"@type\":\"BreadcrumbList\",\"@id\":\"https:\\\/\\\/lightweb.dev\\\/l\\\/svm-temp\\\/nyheter\\\/flyktingbatens-kapten-kan-finnas-bland-de-overlevande\\\/#breadcrumb\",\"itemListElement\":[{\"@type\":\"ListItem\",\"position\":1,\"name\":\"Hem\",\"item\":\"https:\\\/\\\/lightweb.dev\\\/l\\\/svm-temp\\\/\"},{\"@type\":\"ListItem\",\"position\":2,\"name\":\"Flyktingb\u00e5tens kapten kan finnas bland de \u00f6verlevande\"}]},{\"@type\":\"WebSite\",\"@id\":\"https:\\\/\\\/lightweb.dev\\\/l\\\/svm-temp\\\/#website\",\"url\":\"https:\\\/\\\/lightweb.dev\\\/l\\\/svm-temp\\\/\",\"name\":\"Svenska Magasinet\",\"description\":\"Dina Spanska nyheter p&aring; Svenska\",\"publisher\":{\"@id\":\"https:\\\/\\\/lightweb.dev\\\/l\\\/svm-temp\\\/#organization\"},\"potentialAction\":[{\"@type\":\"SearchAction\",\"target\":{\"@type\":\"EntryPoint\",\"urlTemplate\":\"https:\\\/\\\/lightweb.dev\\\/l\\\/svm-temp\\\/?s={search_term_string}\"},\"query-input\":{\"@type\":\"PropertyValueSpecification\",\"valueRequired\":true,\"valueName\":\"search_term_string\"}}],\"inLanguage\":\"sv-SE\"},{\"@type\":\"Organization\",\"@id\":\"https:\\\/\\\/lightweb.dev\\\/l\\\/svm-temp\\\/#organization\",\"name\":\"Melkerson y Nott SL\",\"alternateName\":\"Svenska Magasinet\",\"url\":\"https:\\\/\\\/lightweb.dev\\\/l\\\/svm-temp\\\/\",\"logo\":{\"@type\":\"ImageObject\",\"inLanguage\":\"sv-SE\",\"@id\":\"https:\\\/\\\/lightweb.dev\\\/l\\\/svm-temp\\\/#\\\/schema\\\/logo\\\/image\\\/\",\"url\":\"https:\\\/\\\/lightweb.dev\\\/l\\\/svm-temp\\\/wp-content\\\/uploads\\\/2025\\\/02\\\/SvM-logo-Xtra-Centrerad-SVART.png\",\"contentUrl\":\"https:\\\/\\\/lightweb.dev\\\/l\\\/svm-temp\\\/wp-content\\\/uploads\\\/2025\\\/02\\\/SvM-logo-Xtra-Centrerad-SVART.png\",\"width\":300,\"height\":99,\"caption\":\"Melkerson y Nott SL\"},\"image\":{\"@id\":\"https:\\\/\\\/lightweb.dev\\\/l\\\/svm-temp\\\/#\\\/schema\\\/logo\\\/image\\\/\"},\"sameAs\":[\"https:\\\/\\\/www.facebook.com\\\/svenskamagasinet\",\"https:\\\/\\\/x.com\\\/SvenskaMagasine\"]},{\"@type\":\"Person\",\"@id\":\"https:\\\/\\\/lightweb.dev\\\/l\\\/svm-temp\\\/#\\\/schema\\\/person\\\/206a3bda5b607b0c25e1749191e4d837\",\"name\":\"Redaktionen SvM\",\"description\":\"Redaktionen\",\"sameAs\":[\"https:\\\/\\\/lightweb.dev\\\/l\\\/svm-temp\"],\"url\":\"https:\\\/\\\/lightweb.dev\\\/l\\\/svm-temp\\\/reporter\\\/redaktionen\\\/\"}]}<\/script>\n<!-- \/ Yoast SEO Premium plugin. -->","yoast_head_json":{"title":"Flyktingb\u00e5tens kapten kan finnas bland de \u00f6verlevande - Svenska Magasinet","robots":{"index":"noindex","follow":"follow","max-snippet":"max-snippet:-1","max-image-preview":"max-image-preview:large","max-video-preview":"max-video-preview:-1"},"og_locale":"sv_SE","og_type":"article","og_title":"Flyktingb\u00e5tens kapten kan finnas bland de \u00f6verlevande","og_description":"Fyra av de 15 flyktingar som plockades upp i havet mellan Spanien och Marocko i torsdags v\u00e5rdas p\u00e5 sjukhus i M\u00e1laga. Deras tillst\u00e5nd \u00e4r stabilt. En kvinna som tidigare v\u00e5rdats p\u00e5 regionalsjukhuset l\u00e4mnade sjukhuset i l\u00f6rdags. Tv\u00e5 m\u00e4n ligger kvar vid en avdelning p\u00e5 regionalsjukhuset medan ytterligare tv\u00e5 m\u00e4n finns p\u00e5 Civilsjukhuset. Totalt plockade spanska [&hellip;]","og_url":"https:\/\/lightweb.dev\/l\/svm-temp\/nyheter\/flyktingbatens-kapten-kan-finnas-bland-de-overlevande\/","og_site_name":"Svenska Magasinet","article_publisher":"https:\/\/www.facebook.com\/svenskamagasinet","article_published_time":"2015-11-01T23:00:00+00:00","og_image":[{"width":356,"height":200,"url":"https:\/\/lightweb.dev\/l\/svm-temp\/wp-content\/uploads\/2022\/06\/flyktingbatens-kapten-kan-finnas-bland-de-overlevande.png","type":"image\/png"}],"author":"Redaktionen SvM","twitter_card":"summary_large_image","twitter_creator":"@SvenskaMagasine","twitter_site":"@SvenskaMagasine","schema":{"@context":"https:\/\/schema.org","@graph":[{"@type":"Article","@id":"https:\/\/lightweb.dev\/l\/svm-temp\/nyheter\/flyktingbatens-kapten-kan-finnas-bland-de-overlevande\/#article","isPartOf":{"@id":"https:\/\/lightweb.dev\/l\/svm-temp\/nyheter\/flyktingbatens-kapten-kan-finnas-bland-de-overlevande\/"},"author":{"name":"Redaktionen SvM","@id":"https:\/\/lightweb.dev\/l\/svm-temp\/#\/schema\/person\/206a3bda5b607b0c25e1749191e4d837"},"headline":"Flyktingb\u00e5tens kapten kan finnas bland de \u00f6verlevande","datePublished":"2015-11-01T23:00:00+00:00","mainEntityOfPage":{"@id":"https:\/\/lightweb.dev\/l\/svm-temp\/nyheter\/flyktingbatens-kapten-kan-finnas-bland-de-overlevande\/"},"wordCount":243,"commentCount":0,"publisher":{"@id":"https:\/\/lightweb.dev\/l\/svm-temp\/#organization"},"image":{"@id":"https:\/\/lightweb.dev\/l\/svm-temp\/nyheter\/flyktingbatens-kapten-kan-finnas-bland-de-overlevande\/#primaryimage"},"thumbnailUrl":"https:\/\/lightweb.dev\/l\/svm-temp\/wp-content\/uploads\/2022\/06\/flyktingbatens-kapten-kan-finnas-bland-de-overlevande.png","articleSection":["Arkiv","Nyheter"],"inLanguage":"sv-SE"},{"@type":"WebPage","@id":"https:\/\/lightweb.dev\/l\/svm-temp\/nyheter\/flyktingbatens-kapten-kan-finnas-bland-de-overlevande\/","url":"https:\/\/lightweb.dev\/l\/svm-temp\/nyheter\/flyktingbatens-kapten-kan-finnas-bland-de-overlevande\/","name":"Flyktingb\u00e5tens kapten kan finnas bland de \u00f6verlevande - Svenska Magasinet","isPartOf":{"@id":"https:\/\/lightweb.dev\/l\/svm-temp\/#website"},"primaryImageOfPage":{"@id":"https:\/\/lightweb.dev\/l\/svm-temp\/nyheter\/flyktingbatens-kapten-kan-finnas-bland-de-overlevande\/#primaryimage"},"image":{"@id":"https:\/\/lightweb.dev\/l\/svm-temp\/nyheter\/flyktingbatens-kapten-kan-finnas-bland-de-overlevande\/#primaryimage"},"thumbnailUrl":"https:\/\/lightweb.dev\/l\/svm-temp\/wp-content\/uploads\/2022\/06\/flyktingbatens-kapten-kan-finnas-bland-de-overlevande.png","datePublished":"2015-11-01T23:00:00+00:00","breadcrumb":{"@id":"https:\/\/lightweb.dev\/l\/svm-temp\/nyheter\/flyktingbatens-kapten-kan-finnas-bland-de-overlevande\/#breadcrumb"},"inLanguage":"sv-SE","potentialAction":[{"@type":"ReadAction","target":["https:\/\/lightweb.dev\/l\/svm-temp\/nyheter\/flyktingbatens-kapten-kan-finnas-bland-de-overlevande\/"]}]},{"@type":"ImageObject","inLanguage":"sv-SE","@id":"https:\/\/lightweb.dev\/l\/svm-temp\/nyheter\/flyktingbatens-kapten-kan-finnas-bland-de-overlevande\/#primaryimage","url":"https:\/\/lightweb.dev\/l\/svm-temp\/wp-content\/uploads\/2022\/06\/flyktingbatens-kapten-kan-finnas-bland-de-overlevande.png","contentUrl":"https:\/\/lightweb.dev\/l\/svm-temp\/wp-content\/uploads\/2022\/06\/flyktingbatens-kapten-kan-finnas-bland-de-overlevande.png","width":356,"height":200},{"@type":"BreadcrumbList","@id":"https:\/\/lightweb.dev\/l\/svm-temp\/nyheter\/flyktingbatens-kapten-kan-finnas-bland-de-overlevande\/#breadcrumb","itemListElement":[{"@type":"ListItem","position":1,"name":"Hem","item":"https:\/\/lightweb.dev\/l\/svm-temp\/"},{"@type":"ListItem","position":2,"name":"Flyktingb\u00e5tens kapten kan finnas bland de \u00f6verlevande"}]},{"@type":"WebSite","@id":"https:\/\/lightweb.dev\/l\/svm-temp\/#website","url":"https:\/\/lightweb.dev\/l\/svm-temp\/","name":"Svenska Magasinet","description":"Dina Spanska nyheter p&aring; Svenska","publisher":{"@id":"https:\/\/lightweb.dev\/l\/svm-temp\/#organization"},"potentialAction":[{"@type":"SearchAction","target":{"@type":"EntryPoint","urlTemplate":"https:\/\/lightweb.dev\/l\/svm-temp\/?s={search_term_string}"},"query-input":{"@type":"PropertyValueSpecification","valueRequired":true,"valueName":"search_term_string"}}],"inLanguage":"sv-SE"},{"@type":"Organization","@id":"https:\/\/lightweb.dev\/l\/svm-temp\/#organization","name":"Melkerson y Nott SL","alternateName":"Svenska Magasinet","url":"https:\/\/lightweb.dev\/l\/svm-temp\/","logo":{"@type":"ImageObject","inLanguage":"sv-SE","@id":"https:\/\/lightweb.dev\/l\/svm-temp\/#\/schema\/logo\/image\/","url":"https:\/\/lightweb.dev\/l\/svm-temp\/wp-content\/uploads\/2025\/02\/SvM-logo-Xtra-Centrerad-SVART.png","contentUrl":"https:\/\/lightweb.dev\/l\/svm-temp\/wp-content\/uploads\/2025\/02\/SvM-logo-Xtra-Centrerad-SVART.png","width":300,"height":99,"caption":"Melkerson y Nott SL"},"image":{"@id":"https:\/\/lightweb.dev\/l\/svm-temp\/#\/schema\/logo\/image\/"},"sameAs":["https:\/\/www.facebook.com\/svenskamagasinet","https:\/\/x.com\/SvenskaMagasine"]},{"@type":"Person","@id":"https:\/\/lightweb.dev\/l\/svm-temp\/#\/schema\/person\/206a3bda5b607b0c25e1749191e4d837","name":"Redaktionen SvM","description":"Redaktionen","sameAs":["https:\/\/lightweb.dev\/l\/svm-temp"],"url":"https:\/\/lightweb.dev\/l\/svm-temp\/reporter\/redaktionen\/"}]}},"_links":{"self":[{"href":"https:\/\/lightweb.dev\/l\/svm-temp\/wp-json\/wp\/v2\/posts\/23311","targetHints":{"allow":["GET"]}}],"collection":[{"href":"https:\/\/lightweb.dev\/l\/svm-temp\/wp-json\/wp\/v2\/posts"}],"about":[{"href":"https:\/\/lightweb.dev\/l\/svm-temp\/wp-json\/wp\/v2\/types\/post"}],"author":[{"embeddable":true,"href":"https:\/\/lightweb.dev\/l\/svm-temp\/wp-json\/wp\/v2\/users\/8"}],"replies":[{"embeddable":true,"href":"https:\/\/lightweb.dev\/l\/svm-temp\/wp-json\/wp\/v2\/comments?post=23311"}],"version-history":[{"count":0,"href":"https:\/\/lightweb.dev\/l\/svm-temp\/wp-json\/wp\/v2\/posts\/23311\/revisions"}],"wp:featuredmedia":[{"embeddable":true,"href":"https:\/\/lightweb.dev\/l\/svm-temp\/wp-json\/wp\/v2\/media\/23312"}],"wp:attachment":[{"href":"https:\/\/lightweb.dev\/l\/svm-temp\/wp-json\/wp\/v2\/media?parent=23311"}],"wp:term":[{"taxonomy":"category","embeddable":true,"href":"https:\/\/lightweb.dev\/l\/svm-temp\/wp-json\/wp\/v2\/categories?post=23311"},{"taxonomy":"post_tag","embeddable":true,"href":"https:\/\/lightweb.dev\/l\/svm-temp\/wp-json\/wp\/v2\/tags?post=23311"}],"curies":[{"name":"wp","href":"https:\/\/api.w.org\/{rel}","templated":true}]}}