{"id":23315,"date":"2015-11-02T00:00:00","date_gmt":"2015-11-01T23:00:00","guid":{"rendered":"https:\/\/lightweb.dev\/l\/svm-temp\/nyheter\/forsaljningen-av-centro-forestal-sueco-har-gett-himla-mycket-trassel\/"},"modified":"2015-11-02T00:00:00","modified_gmt":"2015-11-01T23:00:00","slug":"forsaljningen-av-centro-forestal-sueco-har-gett-himla-mycket-trassel","status":"publish","type":"post","link":"https:\/\/lightweb.dev\/l\/svm-temp\/nyheter\/forsaljningen-av-centro-forestal-sueco-har-gett-himla-mycket-trassel\/","title":{"rendered":"F\u00f6rs\u00e4ljningen av Centro Forestal Sueco har gett \u201dhimla mycket trassel\u201d"},"content":{"rendered":"<p> Centro Forestal Sueco gick i graven &#8211; och \u00e5teruppst\u00e5r. Det kan bli resultatet efter att den planerade aff\u00e4ren med det brittiska bolaget tycks sluta med endast en handpenning. Som Svenska Magasinet avsl\u00f6jade i torsdags har allts\u00e5 f\u00f6rs\u00e4ljningen av CFS i Marbella inte g\u00e5tt i l\u00e5s. Av Ola Josefsson<br \/>\nTwitter: @JosefssonOla<\/p>\n<p>&#8211; Vi befinner oss i ett mellanl\u00e4ge. K\u00f6paren vill inte fullf\u00f6lja aff\u00e4ren, s\u00e5 uppfattar vi det i dagsl\u00e4get. N\u00e5got som vi inte har insyn i tycks ha hakat upp sig. Vad som \u00e4r anledningen eller vilka detaljer k\u00f6paren inte accepterar det har vi inte en aning om. Givetvis hoppas vi att aff\u00e4ren ska fullf\u00f6ljas, s\u00e4ger M\u00e5rten Ericsson, verkst\u00e4llande ledamot i Centralfonden och den som representerar \u00e4garen.<\/p>\n<p>Det har skrivits en hel del om om CFS den senaste tiden i olika medier; att utm\u00e4tningar har inlets, anl\u00e4ggningen \u00e4r s\u00e5ld och att rivning skulle p\u00e5b\u00f6rjas. Men Svenska Magasinets granskning visar en helt annan sida och under m\u00e5ndagen fick vi en intervju med M\u00e5rten Ericsson.<\/p>\n<p>Vad Svenska Magasinet erfar har en handpenning som motsvarar tio procent av priset p\u00e5 CFS lagts sedan tidigare. Enligt v\u00e5r k\u00e4lla skulle det r\u00f6ra sig om 1,2 miljoner euro, st\u00e4mmer det?<br \/>\n&#8211; En handpenning \u00e4r lagd men den summan vill jag inte kommentera. Vi h\u00e5ller i handpenningen det \u00e4r allt vi har f\u00e5tt hittills.<\/p>\n<p>\u00d6verenskommelsen var att Centro Forestal Sueco skulle \u00f6verl\u00e5tas den 30 september. F\u00f6r \u00e4garna till CFS som hade hoppats p\u00e5 en f\u00f6rs\u00e4ljning betyder det uppkommna l\u00e4get betydande merkostnader.<br \/>\n&#8211; Vi har anst\u00e4llt tv\u00e5 personer, Lotta Karlsson och Ingvar Karlsson, som arbetar som fastighetsansvariga f\u00f6r v\u00e5r r\u00e4kning. De \u00e4r anst\u00e4llda av Centralfonden.<\/p>\n<p>M\u00e5rten Ericsson ser i dagsl\u00e4get tv\u00e5 alternativ.<br \/>\n&#8211; Det f\u00f6rsta alternativet \u00e4r att den brittiske k\u00f6paren fullf\u00f6ljer aff\u00e4ren. Det andra alternativet \u00e4r att medan vi hittar en ny k\u00f6pare f\u00f6rs\u00f6ker vi skapa en ny verksamhet p\u00e5 Centro Forestal Sueco f\u00f6r skogsn\u00e4ringen. Hur l\u00e4nge det skulle ta vet jag inte.<\/p>\n<p>N\u00e4r Svenska Magasinet bes\u00f6kte anl\u00e4ggningen i helgen s\u00e5g den \u00f6vergiven ut. Efter en stund kom en person anst\u00e4lld vid ett spanskt vaktbolag. Anl\u00e4ggningen \u00e4r t\u00f6md och det \u00e4r bara receptionen som \u00e4r bemannad under vardagar.<br \/>\n&#8211; Lotta och Ingvar jobbar under vardagar med att sk\u00f6ta och underh\u00e5lla fastigheten. Det kan ocks\u00e5 bli tal om att f\u00f6rbereda alternativ verksamhet f\u00f6r skogsn\u00e4ringen fram\u00f6ver, s\u00e4ger M\u00e5rten Ericsson och till\u00e4gger:<br \/>\n&#8211; Det \u00e4r inte otroligt att vi kickar ig\u00e5ng n\u00e5gon ny verksamhet tills vi hittar en ny k\u00f6pare. Vi m\u00e5ste h\u00e5lla ig\u00e5ng verksamheten och det jobbar vi p\u00e5. Samtidigt kan vi inte m\u00f6blera upp allt igen utan det handlar om en verksamhet i rimlig storlek. M\u00e5let \u00e4r att f\u00e5 upp anl\u00e4ggningen p\u00e5 banan igen med n\u00e5gon verksamhet i begr\u00e4nsad omfattning.<\/p>\n<p>Det spekuleras i kontraktsbrott, hur n\u00e4ra \u00e4r det att aff\u00e4ren kan sluta i domstol?<br \/>\n&#8211; Det finns ett kontrakt men jag har sv\u00e5rt att kommentera om det g\u00e5r till domstol. Vi befinner oss i ett k\u00e4nsligt l\u00e4ge och det har jag inte n\u00e5gon m\u00f6jlighet att kommentera. Avtalet med den brittiske k\u00f6paren \u00e4r konfidenciellt. Vi har haft en advokat under hela processen och det har vi nu ocks\u00e5.<\/p>\n<p>P\u00e5 sin officiella webbplats presenterade den brittiske k\u00f6paren i somras projektet med ett femstj\u00e4rnigt hotell som skulle byggas d\u00e4r Centro Forestal Sueco ligger. Nu \u00e4r det projektet borttaget fr\u00e5n webbplatsen.<\/p>\n<p>Centro Forestal Sueco best\u00e5r av tre eller fyra olika tomter eller fastigheter beroende p\u00e5 hur man ser det. Delarna \u00e4r olika beskrivna i detaljplanen. Det g\u00e4llde f\u00f6r k\u00f6paren att ha koll p\u00e5 allt om avsikten var att bygga.<\/p>\n<p>\u00c4gare till CFS Marbella \u00e4r stiftelsen Centralfonden. I styrelsen sitter representanter f\u00f6r staten, Skogsindustrierna och facken (Pappers, GS, Unionen, Ledarna och Sveriges Ingenj\u00f6rer). Det \u00e4r regeringen som utser ordf\u00f6rande. I st\u00e4llet f\u00f6r ett svenskt rehabiliteringscenter skulle anl\u00e4ggningen s\u00e4ljas och det skulle bli hotell och lyxbost\u00e4der p\u00e5 det attraktiva omr\u00e5det som ligger utmed den gyllene milen mellan Marbella och Puerto Ban\u00fas.<\/p>\n<p>&#8211; Detta hade vi inte r\u00e4knat med och vi \u00e4r bekymrade \u00f6ver situationen. F\u00f6rs\u00e4ljningen har gett himla mycket trassel. V\u00e5rt m\u00e5l var att hitta en seri\u00f6s k\u00f6pare och vi var v\u00e4ldigt m\u00e5na om det. Vi gjorde alla t\u00e4nkbara unders\u00f6kningar av k\u00f6paren och att anl\u00e4ggningen skulle betalas med \u201dvita pengar\u201d. Vi kunde inte f\u00f6rest\u00e4lla oss den nu uppkomna situationen, s\u00e4ger M\u00e5rten Ericsson avslutningsvis.<\/p>\n<p>Fakta\/Centro Forestal Sueco<br \/>\nDet svenska rehabcentret CFS i Marbella har varit till f\u00f6rs\u00e4ljning i flera \u00e5r. Anl\u00e4ggningen startades och drivs sedan 1968 av Stiftelsen Centralfonden. 15 januari 2011 \u00f6vertogs driften av ett nytt bolag, CFS Marbella Freys Hotel, Health &#038; Conference, S.L. Den sista hyresg\u00e4sten l\u00e4mnade anl\u00e4ggnigen en m\u00e5nad innan den nya k\u00f6paren skulle ta \u00f6ver 1 oktober.<br \/>\nUnder de senaste \u00e5ren har anl\u00e4ggningen varit till f\u00f6rs\u00e4ljning f\u00f6r mellan 16 till 19 miljoner euro. 2010 v\u00e4rderades anl\u00e4ggningen till 19 miljoner euro &#8211; knappt 190 miljoner kronor.<\/p>\n","protected":false},"excerpt":{"rendered":"<p>Centro Forestal Sueco gick i graven &#8211; och \u00e5teruppst\u00e5r. Det kan bli resultatet efter att den planerade aff\u00e4ren med det brittiska bolaget tycks sluta med endast en handpenning. Som Svenska Magasinet avsl\u00f6jade i torsdags har allts\u00e5 f\u00f6rs\u00e4ljningen av CFS i Marbella inte g\u00e5tt i l\u00e5s. Av Ola Josefsson Twitter: @JosefssonOla &#8211; Vi befinner oss i [&hellip;]<\/p>\n","protected":false},"author":8,"featured_media":23316,"comment_status":"open","ping_status":"open","sticky":false,"template":"","format":"standard","meta":{"_et_pb_use_builder":"","_et_pb_old_content":"","_et_gb_content_width":"","footnotes":""},"categories":[395,3],"tags":[],"class_list":["post-23315","post","type-post","status-publish","format-standard","has-post-thumbnail","hentry","category-arkiv-nyheter","category-nyheter"],"yoast_head":"<!-- This site is optimized with the Yoast SEO Premium plugin v26.2 (Yoast SEO v27.4) - https:\/\/yoast.com\/product\/yoast-seo-premium-wordpress\/ -->\n<title>F\u00f6rs\u00e4ljningen av Centro Forestal Sueco har gett \u201dhimla mycket trassel\u201d - Svenska Magasinet<\/title>\n<meta name=\"robots\" content=\"noindex, follow, max-snippet:-1, max-image-preview:large, max-video-preview:-1\" \/>\n<meta property=\"og:locale\" content=\"sv_SE\" \/>\n<meta property=\"og:type\" content=\"article\" \/>\n<meta property=\"og:title\" content=\"F\u00f6rs\u00e4ljningen av Centro Forestal Sueco har gett \u201dhimla mycket trassel\u201d\" \/>\n<meta property=\"og:description\" content=\"Centro Forestal Sueco gick i graven &#8211; och \u00e5teruppst\u00e5r. Det kan bli resultatet efter att den planerade aff\u00e4ren med det brittiska bolaget tycks sluta med endast en handpenning. Som Svenska Magasinet avsl\u00f6jade i torsdags har allts\u00e5 f\u00f6rs\u00e4ljningen av CFS i Marbella inte g\u00e5tt i l\u00e5s. Av Ola Josefsson Twitter: @JosefssonOla &#8211; Vi befinner oss i [&hellip;]\" \/>\n<meta property=\"og:url\" content=\"https:\/\/lightweb.dev\/l\/svm-temp\/nyheter\/forsaljningen-av-centro-forestal-sueco-har-gett-himla-mycket-trassel\/\" \/>\n<meta property=\"og:site_name\" content=\"Svenska Magasinet\" \/>\n<meta property=\"article:publisher\" content=\"https:\/\/www.facebook.com\/svenskamagasinet\" \/>\n<meta property=\"article:published_time\" content=\"2015-11-01T23:00:00+00:00\" \/>\n<meta property=\"og:image\" content=\"https:\/\/lightweb.dev\/l\/svm-temp\/wp-content\/uploads\/2022\/06\/forsaljningen-av-centro-forestal-sueco-har-gett-himla-mycket-trassel.png\" \/>\n\t<meta property=\"og:image:width\" content=\"280\" \/>\n\t<meta property=\"og:image:height\" content=\"209\" \/>\n\t<meta property=\"og:image:type\" content=\"image\/png\" \/>\n<meta name=\"author\" content=\"Redaktionen SvM\" \/>\n<meta name=\"twitter:card\" content=\"summary_large_image\" \/>\n<meta name=\"twitter:creator\" content=\"@SvenskaMagasine\" \/>\n<meta name=\"twitter:site\" content=\"@SvenskaMagasine\" \/>\n<script type=\"application\/ld+json\" class=\"yoast-schema-graph\">{\"@context\":\"https:\\\/\\\/schema.org\",\"@graph\":[{\"@type\":\"Article\",\"@id\":\"https:\\\/\\\/lightweb.dev\\\/l\\\/svm-temp\\\/nyheter\\\/forsaljningen-av-centro-forestal-sueco-har-gett-himla-mycket-trassel\\\/#article\",\"isPartOf\":{\"@id\":\"https:\\\/\\\/lightweb.dev\\\/l\\\/svm-temp\\\/nyheter\\\/forsaljningen-av-centro-forestal-sueco-har-gett-himla-mycket-trassel\\\/\"},\"author\":{\"name\":\"Redaktionen SvM\",\"@id\":\"https:\\\/\\\/lightweb.dev\\\/l\\\/svm-temp\\\/#\\\/schema\\\/person\\\/206a3bda5b607b0c25e1749191e4d837\"},\"headline\":\"F\u00f6rs\u00e4ljningen av Centro Forestal Sueco har gett \u201dhimla mycket trassel\u201d\",\"datePublished\":\"2015-11-01T23:00:00+00:00\",\"mainEntityOfPage\":{\"@id\":\"https:\\\/\\\/lightweb.dev\\\/l\\\/svm-temp\\\/nyheter\\\/forsaljningen-av-centro-forestal-sueco-har-gett-himla-mycket-trassel\\\/\"},\"wordCount\":925,\"commentCount\":0,\"publisher\":{\"@id\":\"https:\\\/\\\/lightweb.dev\\\/l\\\/svm-temp\\\/#organization\"},\"image\":{\"@id\":\"https:\\\/\\\/lightweb.dev\\\/l\\\/svm-temp\\\/nyheter\\\/forsaljningen-av-centro-forestal-sueco-har-gett-himla-mycket-trassel\\\/#primaryimage\"},\"thumbnailUrl\":\"https:\\\/\\\/lightweb.dev\\\/l\\\/svm-temp\\\/wp-content\\\/uploads\\\/2022\\\/06\\\/forsaljningen-av-centro-forestal-sueco-har-gett-himla-mycket-trassel.png\",\"articleSection\":[\"Arkiv\",\"Nyheter\"],\"inLanguage\":\"sv-SE\"},{\"@type\":\"WebPage\",\"@id\":\"https:\\\/\\\/lightweb.dev\\\/l\\\/svm-temp\\\/nyheter\\\/forsaljningen-av-centro-forestal-sueco-har-gett-himla-mycket-trassel\\\/\",\"url\":\"https:\\\/\\\/lightweb.dev\\\/l\\\/svm-temp\\\/nyheter\\\/forsaljningen-av-centro-forestal-sueco-har-gett-himla-mycket-trassel\\\/\",\"name\":\"F\u00f6rs\u00e4ljningen av Centro Forestal Sueco har gett \u201dhimla mycket trassel\u201d - Svenska Magasinet\",\"isPartOf\":{\"@id\":\"https:\\\/\\\/lightweb.dev\\\/l\\\/svm-temp\\\/#website\"},\"primaryImageOfPage\":{\"@id\":\"https:\\\/\\\/lightweb.dev\\\/l\\\/svm-temp\\\/nyheter\\\/forsaljningen-av-centro-forestal-sueco-har-gett-himla-mycket-trassel\\\/#primaryimage\"},\"image\":{\"@id\":\"https:\\\/\\\/lightweb.dev\\\/l\\\/svm-temp\\\/nyheter\\\/forsaljningen-av-centro-forestal-sueco-har-gett-himla-mycket-trassel\\\/#primaryimage\"},\"thumbnailUrl\":\"https:\\\/\\\/lightweb.dev\\\/l\\\/svm-temp\\\/wp-content\\\/uploads\\\/2022\\\/06\\\/forsaljningen-av-centro-forestal-sueco-har-gett-himla-mycket-trassel.png\",\"datePublished\":\"2015-11-01T23:00:00+00:00\",\"breadcrumb\":{\"@id\":\"https:\\\/\\\/lightweb.dev\\\/l\\\/svm-temp\\\/nyheter\\\/forsaljningen-av-centro-forestal-sueco-har-gett-himla-mycket-trassel\\\/#breadcrumb\"},\"inLanguage\":\"sv-SE\",\"potentialAction\":[{\"@type\":\"ReadAction\",\"target\":[\"https:\\\/\\\/lightweb.dev\\\/l\\\/svm-temp\\\/nyheter\\\/forsaljningen-av-centro-forestal-sueco-har-gett-himla-mycket-trassel\\\/\"]}]},{\"@type\":\"ImageObject\",\"inLanguage\":\"sv-SE\",\"@id\":\"https:\\\/\\\/lightweb.dev\\\/l\\\/svm-temp\\\/nyheter\\\/forsaljningen-av-centro-forestal-sueco-har-gett-himla-mycket-trassel\\\/#primaryimage\",\"url\":\"https:\\\/\\\/lightweb.dev\\\/l\\\/svm-temp\\\/wp-content\\\/uploads\\\/2022\\\/06\\\/forsaljningen-av-centro-forestal-sueco-har-gett-himla-mycket-trassel.png\",\"contentUrl\":\"https:\\\/\\\/lightweb.dev\\\/l\\\/svm-temp\\\/wp-content\\\/uploads\\\/2022\\\/06\\\/forsaljningen-av-centro-forestal-sueco-har-gett-himla-mycket-trassel.png\",\"width\":280,\"height\":209},{\"@type\":\"BreadcrumbList\",\"@id\":\"https:\\\/\\\/lightweb.dev\\\/l\\\/svm-temp\\\/nyheter\\\/forsaljningen-av-centro-forestal-sueco-har-gett-himla-mycket-trassel\\\/#breadcrumb\",\"itemListElement\":[{\"@type\":\"ListItem\",\"position\":1,\"name\":\"Hem\",\"item\":\"https:\\\/\\\/lightweb.dev\\\/l\\\/svm-temp\\\/\"},{\"@type\":\"ListItem\",\"position\":2,\"name\":\"F\u00f6rs\u00e4ljningen av Centro Forestal Sueco har gett \u201dhimla mycket trassel\u201d\"}]},{\"@type\":\"WebSite\",\"@id\":\"https:\\\/\\\/lightweb.dev\\\/l\\\/svm-temp\\\/#website\",\"url\":\"https:\\\/\\\/lightweb.dev\\\/l\\\/svm-temp\\\/\",\"name\":\"Svenska Magasinet\",\"description\":\"Dina Spanska nyheter p&aring; Svenska\",\"publisher\":{\"@id\":\"https:\\\/\\\/lightweb.dev\\\/l\\\/svm-temp\\\/#organization\"},\"potentialAction\":[{\"@type\":\"SearchAction\",\"target\":{\"@type\":\"EntryPoint\",\"urlTemplate\":\"https:\\\/\\\/lightweb.dev\\\/l\\\/svm-temp\\\/?s={search_term_string}\"},\"query-input\":{\"@type\":\"PropertyValueSpecification\",\"valueRequired\":true,\"valueName\":\"search_term_string\"}}],\"inLanguage\":\"sv-SE\"},{\"@type\":\"Organization\",\"@id\":\"https:\\\/\\\/lightweb.dev\\\/l\\\/svm-temp\\\/#organization\",\"name\":\"Melkerson y Nott SL\",\"alternateName\":\"Svenska Magasinet\",\"url\":\"https:\\\/\\\/lightweb.dev\\\/l\\\/svm-temp\\\/\",\"logo\":{\"@type\":\"ImageObject\",\"inLanguage\":\"sv-SE\",\"@id\":\"https:\\\/\\\/lightweb.dev\\\/l\\\/svm-temp\\\/#\\\/schema\\\/logo\\\/image\\\/\",\"url\":\"https:\\\/\\\/lightweb.dev\\\/l\\\/svm-temp\\\/wp-content\\\/uploads\\\/2025\\\/02\\\/SvM-logo-Xtra-Centrerad-SVART.png\",\"contentUrl\":\"https:\\\/\\\/lightweb.dev\\\/l\\\/svm-temp\\\/wp-content\\\/uploads\\\/2025\\\/02\\\/SvM-logo-Xtra-Centrerad-SVART.png\",\"width\":300,\"height\":99,\"caption\":\"Melkerson y Nott SL\"},\"image\":{\"@id\":\"https:\\\/\\\/lightweb.dev\\\/l\\\/svm-temp\\\/#\\\/schema\\\/logo\\\/image\\\/\"},\"sameAs\":[\"https:\\\/\\\/www.facebook.com\\\/svenskamagasinet\",\"https:\\\/\\\/x.com\\\/SvenskaMagasine\"]},{\"@type\":\"Person\",\"@id\":\"https:\\\/\\\/lightweb.dev\\\/l\\\/svm-temp\\\/#\\\/schema\\\/person\\\/206a3bda5b607b0c25e1749191e4d837\",\"name\":\"Redaktionen SvM\",\"description\":\"Redaktionen\",\"sameAs\":[\"https:\\\/\\\/lightweb.dev\\\/l\\\/svm-temp\"],\"url\":\"https:\\\/\\\/lightweb.dev\\\/l\\\/svm-temp\\\/reporter\\\/redaktionen\\\/\"}]}<\/script>\n<!-- \/ Yoast SEO Premium plugin. -->","yoast_head_json":{"title":"F\u00f6rs\u00e4ljningen av Centro Forestal Sueco har gett \u201dhimla mycket trassel\u201d - Svenska Magasinet","robots":{"index":"noindex","follow":"follow","max-snippet":"max-snippet:-1","max-image-preview":"max-image-preview:large","max-video-preview":"max-video-preview:-1"},"og_locale":"sv_SE","og_type":"article","og_title":"F\u00f6rs\u00e4ljningen av Centro Forestal Sueco har gett \u201dhimla mycket trassel\u201d","og_description":"Centro Forestal Sueco gick i graven &#8211; och \u00e5teruppst\u00e5r. Det kan bli resultatet efter att den planerade aff\u00e4ren med det brittiska bolaget tycks sluta med endast en handpenning. Som Svenska Magasinet avsl\u00f6jade i torsdags har allts\u00e5 f\u00f6rs\u00e4ljningen av CFS i Marbella inte g\u00e5tt i l\u00e5s. Av Ola Josefsson Twitter: @JosefssonOla &#8211; Vi befinner oss i [&hellip;]","og_url":"https:\/\/lightweb.dev\/l\/svm-temp\/nyheter\/forsaljningen-av-centro-forestal-sueco-har-gett-himla-mycket-trassel\/","og_site_name":"Svenska Magasinet","article_publisher":"https:\/\/www.facebook.com\/svenskamagasinet","article_published_time":"2015-11-01T23:00:00+00:00","og_image":[{"width":280,"height":209,"url":"https:\/\/lightweb.dev\/l\/svm-temp\/wp-content\/uploads\/2022\/06\/forsaljningen-av-centro-forestal-sueco-har-gett-himla-mycket-trassel.png","type":"image\/png"}],"author":"Redaktionen SvM","twitter_card":"summary_large_image","twitter_creator":"@SvenskaMagasine","twitter_site":"@SvenskaMagasine","schema":{"@context":"https:\/\/schema.org","@graph":[{"@type":"Article","@id":"https:\/\/lightweb.dev\/l\/svm-temp\/nyheter\/forsaljningen-av-centro-forestal-sueco-har-gett-himla-mycket-trassel\/#article","isPartOf":{"@id":"https:\/\/lightweb.dev\/l\/svm-temp\/nyheter\/forsaljningen-av-centro-forestal-sueco-har-gett-himla-mycket-trassel\/"},"author":{"name":"Redaktionen SvM","@id":"https:\/\/lightweb.dev\/l\/svm-temp\/#\/schema\/person\/206a3bda5b607b0c25e1749191e4d837"},"headline":"F\u00f6rs\u00e4ljningen av Centro Forestal Sueco har gett \u201dhimla mycket trassel\u201d","datePublished":"2015-11-01T23:00:00+00:00","mainEntityOfPage":{"@id":"https:\/\/lightweb.dev\/l\/svm-temp\/nyheter\/forsaljningen-av-centro-forestal-sueco-har-gett-himla-mycket-trassel\/"},"wordCount":925,"commentCount":0,"publisher":{"@id":"https:\/\/lightweb.dev\/l\/svm-temp\/#organization"},"image":{"@id":"https:\/\/lightweb.dev\/l\/svm-temp\/nyheter\/forsaljningen-av-centro-forestal-sueco-har-gett-himla-mycket-trassel\/#primaryimage"},"thumbnailUrl":"https:\/\/lightweb.dev\/l\/svm-temp\/wp-content\/uploads\/2022\/06\/forsaljningen-av-centro-forestal-sueco-har-gett-himla-mycket-trassel.png","articleSection":["Arkiv","Nyheter"],"inLanguage":"sv-SE"},{"@type":"WebPage","@id":"https:\/\/lightweb.dev\/l\/svm-temp\/nyheter\/forsaljningen-av-centro-forestal-sueco-har-gett-himla-mycket-trassel\/","url":"https:\/\/lightweb.dev\/l\/svm-temp\/nyheter\/forsaljningen-av-centro-forestal-sueco-har-gett-himla-mycket-trassel\/","name":"F\u00f6rs\u00e4ljningen av Centro Forestal Sueco har gett \u201dhimla mycket trassel\u201d - Svenska Magasinet","isPartOf":{"@id":"https:\/\/lightweb.dev\/l\/svm-temp\/#website"},"primaryImageOfPage":{"@id":"https:\/\/lightweb.dev\/l\/svm-temp\/nyheter\/forsaljningen-av-centro-forestal-sueco-har-gett-himla-mycket-trassel\/#primaryimage"},"image":{"@id":"https:\/\/lightweb.dev\/l\/svm-temp\/nyheter\/forsaljningen-av-centro-forestal-sueco-har-gett-himla-mycket-trassel\/#primaryimage"},"thumbnailUrl":"https:\/\/lightweb.dev\/l\/svm-temp\/wp-content\/uploads\/2022\/06\/forsaljningen-av-centro-forestal-sueco-har-gett-himla-mycket-trassel.png","datePublished":"2015-11-01T23:00:00+00:00","breadcrumb":{"@id":"https:\/\/lightweb.dev\/l\/svm-temp\/nyheter\/forsaljningen-av-centro-forestal-sueco-har-gett-himla-mycket-trassel\/#breadcrumb"},"inLanguage":"sv-SE","potentialAction":[{"@type":"ReadAction","target":["https:\/\/lightweb.dev\/l\/svm-temp\/nyheter\/forsaljningen-av-centro-forestal-sueco-har-gett-himla-mycket-trassel\/"]}]},{"@type":"ImageObject","inLanguage":"sv-SE","@id":"https:\/\/lightweb.dev\/l\/svm-temp\/nyheter\/forsaljningen-av-centro-forestal-sueco-har-gett-himla-mycket-trassel\/#primaryimage","url":"https:\/\/lightweb.dev\/l\/svm-temp\/wp-content\/uploads\/2022\/06\/forsaljningen-av-centro-forestal-sueco-har-gett-himla-mycket-trassel.png","contentUrl":"https:\/\/lightweb.dev\/l\/svm-temp\/wp-content\/uploads\/2022\/06\/forsaljningen-av-centro-forestal-sueco-har-gett-himla-mycket-trassel.png","width":280,"height":209},{"@type":"BreadcrumbList","@id":"https:\/\/lightweb.dev\/l\/svm-temp\/nyheter\/forsaljningen-av-centro-forestal-sueco-har-gett-himla-mycket-trassel\/#breadcrumb","itemListElement":[{"@type":"ListItem","position":1,"name":"Hem","item":"https:\/\/lightweb.dev\/l\/svm-temp\/"},{"@type":"ListItem","position":2,"name":"F\u00f6rs\u00e4ljningen av Centro Forestal Sueco har gett \u201dhimla mycket trassel\u201d"}]},{"@type":"WebSite","@id":"https:\/\/lightweb.dev\/l\/svm-temp\/#website","url":"https:\/\/lightweb.dev\/l\/svm-temp\/","name":"Svenska Magasinet","description":"Dina Spanska nyheter p&aring; Svenska","publisher":{"@id":"https:\/\/lightweb.dev\/l\/svm-temp\/#organization"},"potentialAction":[{"@type":"SearchAction","target":{"@type":"EntryPoint","urlTemplate":"https:\/\/lightweb.dev\/l\/svm-temp\/?s={search_term_string}"},"query-input":{"@type":"PropertyValueSpecification","valueRequired":true,"valueName":"search_term_string"}}],"inLanguage":"sv-SE"},{"@type":"Organization","@id":"https:\/\/lightweb.dev\/l\/svm-temp\/#organization","name":"Melkerson y Nott SL","alternateName":"Svenska Magasinet","url":"https:\/\/lightweb.dev\/l\/svm-temp\/","logo":{"@type":"ImageObject","inLanguage":"sv-SE","@id":"https:\/\/lightweb.dev\/l\/svm-temp\/#\/schema\/logo\/image\/","url":"https:\/\/lightweb.dev\/l\/svm-temp\/wp-content\/uploads\/2025\/02\/SvM-logo-Xtra-Centrerad-SVART.png","contentUrl":"https:\/\/lightweb.dev\/l\/svm-temp\/wp-content\/uploads\/2025\/02\/SvM-logo-Xtra-Centrerad-SVART.png","width":300,"height":99,"caption":"Melkerson y Nott SL"},"image":{"@id":"https:\/\/lightweb.dev\/l\/svm-temp\/#\/schema\/logo\/image\/"},"sameAs":["https:\/\/www.facebook.com\/svenskamagasinet","https:\/\/x.com\/SvenskaMagasine"]},{"@type":"Person","@id":"https:\/\/lightweb.dev\/l\/svm-temp\/#\/schema\/person\/206a3bda5b607b0c25e1749191e4d837","name":"Redaktionen SvM","description":"Redaktionen","sameAs":["https:\/\/lightweb.dev\/l\/svm-temp"],"url":"https:\/\/lightweb.dev\/l\/svm-temp\/reporter\/redaktionen\/"}]}},"_links":{"self":[{"href":"https:\/\/lightweb.dev\/l\/svm-temp\/wp-json\/wp\/v2\/posts\/23315","targetHints":{"allow":["GET"]}}],"collection":[{"href":"https:\/\/lightweb.dev\/l\/svm-temp\/wp-json\/wp\/v2\/posts"}],"about":[{"href":"https:\/\/lightweb.dev\/l\/svm-temp\/wp-json\/wp\/v2\/types\/post"}],"author":[{"embeddable":true,"href":"https:\/\/lightweb.dev\/l\/svm-temp\/wp-json\/wp\/v2\/users\/8"}],"replies":[{"embeddable":true,"href":"https:\/\/lightweb.dev\/l\/svm-temp\/wp-json\/wp\/v2\/comments?post=23315"}],"version-history":[{"count":0,"href":"https:\/\/lightweb.dev\/l\/svm-temp\/wp-json\/wp\/v2\/posts\/23315\/revisions"}],"wp:featuredmedia":[{"embeddable":true,"href":"https:\/\/lightweb.dev\/l\/svm-temp\/wp-json\/wp\/v2\/media\/23316"}],"wp:attachment":[{"href":"https:\/\/lightweb.dev\/l\/svm-temp\/wp-json\/wp\/v2\/media?parent=23315"}],"wp:term":[{"taxonomy":"category","embeddable":true,"href":"https:\/\/lightweb.dev\/l\/svm-temp\/wp-json\/wp\/v2\/categories?post=23315"},{"taxonomy":"post_tag","embeddable":true,"href":"https:\/\/lightweb.dev\/l\/svm-temp\/wp-json\/wp\/v2\/tags?post=23315"}],"curies":[{"name":"wp","href":"https:\/\/api.w.org\/{rel}","templated":true}]}}