{"id":23317,"date":"2015-11-01T00:00:00","date_gmt":"2015-10-31T23:00:00","guid":{"rendered":"https:\/\/lightweb.dev\/l\/svm-temp\/nyheter\/nya-eu-regler-gor-slut-pa-paketresemardrommar\/"},"modified":"2015-11-01T00:00:00","modified_gmt":"2015-10-31T23:00:00","slug":"nya-eu-regler-gor-slut-pa-paketresemardrommar","status":"publish","type":"post","link":"https:\/\/lightweb.dev\/l\/svm-temp\/nyheter\/nya-eu-regler-gor-slut-pa-paketresemardrommar\/","title":{"rendered":"Nya EU-regler g\u00f6r slut p\u00e5 paketresemardr\u00f6mmar"},"content":{"rendered":"<p>\nPaketresor k\u00f6pta p\u00e5 internet f\u00e5r genom nya EU-regler samma skydd som de resor som k\u00f6ps hos traditionella resebyr\u00e5er. Det st\u00e5r klart efter Europaparlamentet antog en ny lag p\u00e5 tisdagen.<\/p>\n<p>Tidigare har ett EU-direktiv som inf\u00f6rdes 1990 skyddat konsumenter som p\u00e5 internet bokar paketresor, det vill s\u00e4ga flygresor, hotell och biluthyrningar som bokas via internet som ett sammansatt semesterpaket.<\/p>\n<p>I och med de nya reglerna ser Europaparlamentet till att resen\u00e4rer har b\u00e4ttre m\u00f6jligheter att boka av en best\u00e4lld resa och f\u00e5 tillg\u00e5ng till tydlig information om vem som \u00e4r ytterst ansvarig om n\u00e5gonting med k\u00f6pet g\u00e5r fel.<\/p>\n<p>Huvudpunkterna i de nya reglerna:<\/p>\n<p>B\u00e4ttre skydd vid &#8221;sammanl\u00e4nkade researrangemang&#8221;. K\u00f6p d\u00e4r resen\u00e4rernas uppgifter \u00f6verf\u00f6rs mellan olika akt\u00f6rer och d\u00e4r andra k\u00f6pet g\u00f6rs inom 24 timmar efter att den f\u00f6rsta tj\u00e4nsten bokades ska betraktas som ett paketerbjudande.<\/p>\n<p>Tydligare information. Innan resen\u00e4rerna genomf\u00f6r k\u00f6p av en resa eller del av en resa m\u00e5ste arrang\u00f6rerna och \u00e5terf\u00f6rs\u00e4ljarna ocks\u00e5 klarg\u00f6ra att de s\u00e4ljer ett resepaket, informera om kundernas r\u00e4ttigheter och vem som \u00e4r ytterst ansvarig om n\u00e5gonting med g\u00e5r fel, enligt lagtexten. Researrang\u00f6rerna ska ocks\u00e5 vara skyldiga att bist\u00e5 resen\u00e4rerna med ungef\u00e4rliga avrese- och hemkomsttider och uppgifter om vilka extra kostnader som kan uppst\u00e5.<\/p>\n<p>R\u00e4tt att avboka. Resen\u00e4rerna ska ha r\u00e4tt att avboka en paketresa och f\u00e5 pengarna tillbaka om priset p\u00e5 resan stiger med mer \u00e4n \u00e5tta procent innan avresedatumet, samt om &#8221;sv\u00e5rf\u00f6rutsedda&#8221; h\u00e4ndelser som naturkatastrofer och terrorattentat intr\u00e4ffar p\u00e5 resedestinationen.<br \/>\nN\u00e4sta steg:<\/p>\n<p>Parlamentets omr\u00f6stning den 27 oktober avslutade EU:s lagstiftningsf\u00f6rfarande. EU-l\u00e4nderna har nu tv\u00e5 \u00e5r p\u00e5 sig att inf\u00f6rliva de nya reglerna i nationella lag och ytterligare sex m\u00e5nader f\u00f6r att de ska b\u00f6rja g\u00e4lla.<\/p>\n<p> Mer information hittar du h\u00e4r.<\/p>\n","protected":false},"excerpt":{"rendered":"<p>Paketresor k\u00f6pta p\u00e5 internet f\u00e5r genom nya EU-regler samma skydd som de resor som k\u00f6ps hos traditionella resebyr\u00e5er. Det st\u00e5r klart efter Europaparlamentet antog en ny lag p\u00e5 tisdagen. Tidigare har ett EU-direktiv som inf\u00f6rdes 1990 skyddat konsumenter som p\u00e5 internet bokar paketresor, det vill s\u00e4ga flygresor, hotell och biluthyrningar som bokas via internet som [&hellip;]<\/p>\n","protected":false},"author":8,"featured_media":23318,"comment_status":"open","ping_status":"open","sticky":false,"template":"","format":"standard","meta":{"_et_pb_use_builder":"","_et_pb_old_content":"","_et_gb_content_width":"","footnotes":""},"categories":[395,3],"tags":[],"class_list":["post-23317","post","type-post","status-publish","format-standard","has-post-thumbnail","hentry","category-arkiv-nyheter","category-nyheter"],"yoast_head":"<!-- This site is optimized with the Yoast SEO Premium plugin v26.2 (Yoast SEO v27.4) - https:\/\/yoast.com\/product\/yoast-seo-premium-wordpress\/ -->\n<title>Nya EU-regler g\u00f6r slut p\u00e5 paketresemardr\u00f6mmar - Svenska Magasinet<\/title>\n<meta name=\"robots\" content=\"noindex, follow, max-snippet:-1, max-image-preview:large, max-video-preview:-1\" \/>\n<meta property=\"og:locale\" content=\"sv_SE\" \/>\n<meta property=\"og:type\" content=\"article\" \/>\n<meta property=\"og:title\" content=\"Nya EU-regler g\u00f6r slut p\u00e5 paketresemardr\u00f6mmar\" \/>\n<meta property=\"og:description\" content=\"Paketresor k\u00f6pta p\u00e5 internet f\u00e5r genom nya EU-regler samma skydd som de resor som k\u00f6ps hos traditionella resebyr\u00e5er. Det st\u00e5r klart efter Europaparlamentet antog en ny lag p\u00e5 tisdagen. Tidigare har ett EU-direktiv som inf\u00f6rdes 1990 skyddat konsumenter som p\u00e5 internet bokar paketresor, det vill s\u00e4ga flygresor, hotell och biluthyrningar som bokas via internet som [&hellip;]\" \/>\n<meta property=\"og:url\" content=\"https:\/\/lightweb.dev\/l\/svm-temp\/nyheter\/nya-eu-regler-gor-slut-pa-paketresemardrommar\/\" \/>\n<meta property=\"og:site_name\" content=\"Svenska Magasinet\" \/>\n<meta property=\"article:publisher\" content=\"https:\/\/www.facebook.com\/svenskamagasinet\" \/>\n<meta property=\"article:published_time\" content=\"2015-10-31T23:00:00+00:00\" \/>\n<meta property=\"og:image\" content=\"https:\/\/lightweb.dev\/l\/svm-temp\/wp-content\/uploads\/2022\/06\/nya-euregler-gor-slut-pa-paketresemardrommar.png\" \/>\n\t<meta property=\"og:image:width\" content=\"301\" \/>\n\t<meta property=\"og:image:height\" content=\"200\" \/>\n\t<meta property=\"og:image:type\" content=\"image\/png\" \/>\n<meta name=\"author\" content=\"Redaktionen SvM\" \/>\n<meta name=\"twitter:card\" content=\"summary_large_image\" \/>\n<meta name=\"twitter:creator\" content=\"@SvenskaMagasine\" \/>\n<meta name=\"twitter:site\" content=\"@SvenskaMagasine\" \/>\n<script type=\"application\/ld+json\" class=\"yoast-schema-graph\">{\"@context\":\"https:\\\/\\\/schema.org\",\"@graph\":[{\"@type\":\"Article\",\"@id\":\"https:\\\/\\\/lightweb.dev\\\/l\\\/svm-temp\\\/nyheter\\\/nya-eu-regler-gor-slut-pa-paketresemardrommar\\\/#article\",\"isPartOf\":{\"@id\":\"https:\\\/\\\/lightweb.dev\\\/l\\\/svm-temp\\\/nyheter\\\/nya-eu-regler-gor-slut-pa-paketresemardrommar\\\/\"},\"author\":{\"name\":\"Redaktionen SvM\",\"@id\":\"https:\\\/\\\/lightweb.dev\\\/l\\\/svm-temp\\\/#\\\/schema\\\/person\\\/206a3bda5b607b0c25e1749191e4d837\"},\"headline\":\"Nya EU-regler g\u00f6r slut p\u00e5 paketresemardr\u00f6mmar\",\"datePublished\":\"2015-10-31T23:00:00+00:00\",\"mainEntityOfPage\":{\"@id\":\"https:\\\/\\\/lightweb.dev\\\/l\\\/svm-temp\\\/nyheter\\\/nya-eu-regler-gor-slut-pa-paketresemardrommar\\\/\"},\"wordCount\":340,\"commentCount\":0,\"publisher\":{\"@id\":\"https:\\\/\\\/lightweb.dev\\\/l\\\/svm-temp\\\/#organization\"},\"image\":{\"@id\":\"https:\\\/\\\/lightweb.dev\\\/l\\\/svm-temp\\\/nyheter\\\/nya-eu-regler-gor-slut-pa-paketresemardrommar\\\/#primaryimage\"},\"thumbnailUrl\":\"https:\\\/\\\/lightweb.dev\\\/l\\\/svm-temp\\\/wp-content\\\/uploads\\\/2022\\\/06\\\/nya-euregler-gor-slut-pa-paketresemardrommar.png\",\"articleSection\":[\"Arkiv\",\"Nyheter\"],\"inLanguage\":\"sv-SE\"},{\"@type\":\"WebPage\",\"@id\":\"https:\\\/\\\/lightweb.dev\\\/l\\\/svm-temp\\\/nyheter\\\/nya-eu-regler-gor-slut-pa-paketresemardrommar\\\/\",\"url\":\"https:\\\/\\\/lightweb.dev\\\/l\\\/svm-temp\\\/nyheter\\\/nya-eu-regler-gor-slut-pa-paketresemardrommar\\\/\",\"name\":\"Nya EU-regler g\u00f6r slut p\u00e5 paketresemardr\u00f6mmar - Svenska Magasinet\",\"isPartOf\":{\"@id\":\"https:\\\/\\\/lightweb.dev\\\/l\\\/svm-temp\\\/#website\"},\"primaryImageOfPage\":{\"@id\":\"https:\\\/\\\/lightweb.dev\\\/l\\\/svm-temp\\\/nyheter\\\/nya-eu-regler-gor-slut-pa-paketresemardrommar\\\/#primaryimage\"},\"image\":{\"@id\":\"https:\\\/\\\/lightweb.dev\\\/l\\\/svm-temp\\\/nyheter\\\/nya-eu-regler-gor-slut-pa-paketresemardrommar\\\/#primaryimage\"},\"thumbnailUrl\":\"https:\\\/\\\/lightweb.dev\\\/l\\\/svm-temp\\\/wp-content\\\/uploads\\\/2022\\\/06\\\/nya-euregler-gor-slut-pa-paketresemardrommar.png\",\"datePublished\":\"2015-10-31T23:00:00+00:00\",\"breadcrumb\":{\"@id\":\"https:\\\/\\\/lightweb.dev\\\/l\\\/svm-temp\\\/nyheter\\\/nya-eu-regler-gor-slut-pa-paketresemardrommar\\\/#breadcrumb\"},\"inLanguage\":\"sv-SE\",\"potentialAction\":[{\"@type\":\"ReadAction\",\"target\":[\"https:\\\/\\\/lightweb.dev\\\/l\\\/svm-temp\\\/nyheter\\\/nya-eu-regler-gor-slut-pa-paketresemardrommar\\\/\"]}]},{\"@type\":\"ImageObject\",\"inLanguage\":\"sv-SE\",\"@id\":\"https:\\\/\\\/lightweb.dev\\\/l\\\/svm-temp\\\/nyheter\\\/nya-eu-regler-gor-slut-pa-paketresemardrommar\\\/#primaryimage\",\"url\":\"https:\\\/\\\/lightweb.dev\\\/l\\\/svm-temp\\\/wp-content\\\/uploads\\\/2022\\\/06\\\/nya-euregler-gor-slut-pa-paketresemardrommar.png\",\"contentUrl\":\"https:\\\/\\\/lightweb.dev\\\/l\\\/svm-temp\\\/wp-content\\\/uploads\\\/2022\\\/06\\\/nya-euregler-gor-slut-pa-paketresemardrommar.png\",\"width\":301,\"height\":200},{\"@type\":\"BreadcrumbList\",\"@id\":\"https:\\\/\\\/lightweb.dev\\\/l\\\/svm-temp\\\/nyheter\\\/nya-eu-regler-gor-slut-pa-paketresemardrommar\\\/#breadcrumb\",\"itemListElement\":[{\"@type\":\"ListItem\",\"position\":1,\"name\":\"Hem\",\"item\":\"https:\\\/\\\/lightweb.dev\\\/l\\\/svm-temp\\\/\"},{\"@type\":\"ListItem\",\"position\":2,\"name\":\"Nya EU-regler g\u00f6r slut p\u00e5 paketresemardr\u00f6mmar\"}]},{\"@type\":\"WebSite\",\"@id\":\"https:\\\/\\\/lightweb.dev\\\/l\\\/svm-temp\\\/#website\",\"url\":\"https:\\\/\\\/lightweb.dev\\\/l\\\/svm-temp\\\/\",\"name\":\"Svenska Magasinet\",\"description\":\"Dina Spanska nyheter p&aring; Svenska\",\"publisher\":{\"@id\":\"https:\\\/\\\/lightweb.dev\\\/l\\\/svm-temp\\\/#organization\"},\"potentialAction\":[{\"@type\":\"SearchAction\",\"target\":{\"@type\":\"EntryPoint\",\"urlTemplate\":\"https:\\\/\\\/lightweb.dev\\\/l\\\/svm-temp\\\/?s={search_term_string}\"},\"query-input\":{\"@type\":\"PropertyValueSpecification\",\"valueRequired\":true,\"valueName\":\"search_term_string\"}}],\"inLanguage\":\"sv-SE\"},{\"@type\":\"Organization\",\"@id\":\"https:\\\/\\\/lightweb.dev\\\/l\\\/svm-temp\\\/#organization\",\"name\":\"Melkerson y Nott SL\",\"alternateName\":\"Svenska Magasinet\",\"url\":\"https:\\\/\\\/lightweb.dev\\\/l\\\/svm-temp\\\/\",\"logo\":{\"@type\":\"ImageObject\",\"inLanguage\":\"sv-SE\",\"@id\":\"https:\\\/\\\/lightweb.dev\\\/l\\\/svm-temp\\\/#\\\/schema\\\/logo\\\/image\\\/\",\"url\":\"https:\\\/\\\/lightweb.dev\\\/l\\\/svm-temp\\\/wp-content\\\/uploads\\\/2025\\\/02\\\/SvM-logo-Xtra-Centrerad-SVART.png\",\"contentUrl\":\"https:\\\/\\\/lightweb.dev\\\/l\\\/svm-temp\\\/wp-content\\\/uploads\\\/2025\\\/02\\\/SvM-logo-Xtra-Centrerad-SVART.png\",\"width\":300,\"height\":99,\"caption\":\"Melkerson y Nott SL\"},\"image\":{\"@id\":\"https:\\\/\\\/lightweb.dev\\\/l\\\/svm-temp\\\/#\\\/schema\\\/logo\\\/image\\\/\"},\"sameAs\":[\"https:\\\/\\\/www.facebook.com\\\/svenskamagasinet\",\"https:\\\/\\\/x.com\\\/SvenskaMagasine\"]},{\"@type\":\"Person\",\"@id\":\"https:\\\/\\\/lightweb.dev\\\/l\\\/svm-temp\\\/#\\\/schema\\\/person\\\/206a3bda5b607b0c25e1749191e4d837\",\"name\":\"Redaktionen SvM\",\"description\":\"Redaktionen\",\"sameAs\":[\"https:\\\/\\\/lightweb.dev\\\/l\\\/svm-temp\"],\"url\":\"https:\\\/\\\/lightweb.dev\\\/l\\\/svm-temp\\\/reporter\\\/redaktionen\\\/\"}]}<\/script>\n<!-- \/ Yoast SEO Premium plugin. -->","yoast_head_json":{"title":"Nya EU-regler g\u00f6r slut p\u00e5 paketresemardr\u00f6mmar - Svenska Magasinet","robots":{"index":"noindex","follow":"follow","max-snippet":"max-snippet:-1","max-image-preview":"max-image-preview:large","max-video-preview":"max-video-preview:-1"},"og_locale":"sv_SE","og_type":"article","og_title":"Nya EU-regler g\u00f6r slut p\u00e5 paketresemardr\u00f6mmar","og_description":"Paketresor k\u00f6pta p\u00e5 internet f\u00e5r genom nya EU-regler samma skydd som de resor som k\u00f6ps hos traditionella resebyr\u00e5er. Det st\u00e5r klart efter Europaparlamentet antog en ny lag p\u00e5 tisdagen. Tidigare har ett EU-direktiv som inf\u00f6rdes 1990 skyddat konsumenter som p\u00e5 internet bokar paketresor, det vill s\u00e4ga flygresor, hotell och biluthyrningar som bokas via internet som [&hellip;]","og_url":"https:\/\/lightweb.dev\/l\/svm-temp\/nyheter\/nya-eu-regler-gor-slut-pa-paketresemardrommar\/","og_site_name":"Svenska Magasinet","article_publisher":"https:\/\/www.facebook.com\/svenskamagasinet","article_published_time":"2015-10-31T23:00:00+00:00","og_image":[{"width":301,"height":200,"url":"https:\/\/lightweb.dev\/l\/svm-temp\/wp-content\/uploads\/2022\/06\/nya-euregler-gor-slut-pa-paketresemardrommar.png","type":"image\/png"}],"author":"Redaktionen SvM","twitter_card":"summary_large_image","twitter_creator":"@SvenskaMagasine","twitter_site":"@SvenskaMagasine","schema":{"@context":"https:\/\/schema.org","@graph":[{"@type":"Article","@id":"https:\/\/lightweb.dev\/l\/svm-temp\/nyheter\/nya-eu-regler-gor-slut-pa-paketresemardrommar\/#article","isPartOf":{"@id":"https:\/\/lightweb.dev\/l\/svm-temp\/nyheter\/nya-eu-regler-gor-slut-pa-paketresemardrommar\/"},"author":{"name":"Redaktionen SvM","@id":"https:\/\/lightweb.dev\/l\/svm-temp\/#\/schema\/person\/206a3bda5b607b0c25e1749191e4d837"},"headline":"Nya EU-regler g\u00f6r slut p\u00e5 paketresemardr\u00f6mmar","datePublished":"2015-10-31T23:00:00+00:00","mainEntityOfPage":{"@id":"https:\/\/lightweb.dev\/l\/svm-temp\/nyheter\/nya-eu-regler-gor-slut-pa-paketresemardrommar\/"},"wordCount":340,"commentCount":0,"publisher":{"@id":"https:\/\/lightweb.dev\/l\/svm-temp\/#organization"},"image":{"@id":"https:\/\/lightweb.dev\/l\/svm-temp\/nyheter\/nya-eu-regler-gor-slut-pa-paketresemardrommar\/#primaryimage"},"thumbnailUrl":"https:\/\/lightweb.dev\/l\/svm-temp\/wp-content\/uploads\/2022\/06\/nya-euregler-gor-slut-pa-paketresemardrommar.png","articleSection":["Arkiv","Nyheter"],"inLanguage":"sv-SE"},{"@type":"WebPage","@id":"https:\/\/lightweb.dev\/l\/svm-temp\/nyheter\/nya-eu-regler-gor-slut-pa-paketresemardrommar\/","url":"https:\/\/lightweb.dev\/l\/svm-temp\/nyheter\/nya-eu-regler-gor-slut-pa-paketresemardrommar\/","name":"Nya EU-regler g\u00f6r slut p\u00e5 paketresemardr\u00f6mmar - Svenska Magasinet","isPartOf":{"@id":"https:\/\/lightweb.dev\/l\/svm-temp\/#website"},"primaryImageOfPage":{"@id":"https:\/\/lightweb.dev\/l\/svm-temp\/nyheter\/nya-eu-regler-gor-slut-pa-paketresemardrommar\/#primaryimage"},"image":{"@id":"https:\/\/lightweb.dev\/l\/svm-temp\/nyheter\/nya-eu-regler-gor-slut-pa-paketresemardrommar\/#primaryimage"},"thumbnailUrl":"https:\/\/lightweb.dev\/l\/svm-temp\/wp-content\/uploads\/2022\/06\/nya-euregler-gor-slut-pa-paketresemardrommar.png","datePublished":"2015-10-31T23:00:00+00:00","breadcrumb":{"@id":"https:\/\/lightweb.dev\/l\/svm-temp\/nyheter\/nya-eu-regler-gor-slut-pa-paketresemardrommar\/#breadcrumb"},"inLanguage":"sv-SE","potentialAction":[{"@type":"ReadAction","target":["https:\/\/lightweb.dev\/l\/svm-temp\/nyheter\/nya-eu-regler-gor-slut-pa-paketresemardrommar\/"]}]},{"@type":"ImageObject","inLanguage":"sv-SE","@id":"https:\/\/lightweb.dev\/l\/svm-temp\/nyheter\/nya-eu-regler-gor-slut-pa-paketresemardrommar\/#primaryimage","url":"https:\/\/lightweb.dev\/l\/svm-temp\/wp-content\/uploads\/2022\/06\/nya-euregler-gor-slut-pa-paketresemardrommar.png","contentUrl":"https:\/\/lightweb.dev\/l\/svm-temp\/wp-content\/uploads\/2022\/06\/nya-euregler-gor-slut-pa-paketresemardrommar.png","width":301,"height":200},{"@type":"BreadcrumbList","@id":"https:\/\/lightweb.dev\/l\/svm-temp\/nyheter\/nya-eu-regler-gor-slut-pa-paketresemardrommar\/#breadcrumb","itemListElement":[{"@type":"ListItem","position":1,"name":"Hem","item":"https:\/\/lightweb.dev\/l\/svm-temp\/"},{"@type":"ListItem","position":2,"name":"Nya EU-regler g\u00f6r slut p\u00e5 paketresemardr\u00f6mmar"}]},{"@type":"WebSite","@id":"https:\/\/lightweb.dev\/l\/svm-temp\/#website","url":"https:\/\/lightweb.dev\/l\/svm-temp\/","name":"Svenska Magasinet","description":"Dina Spanska nyheter p&aring; Svenska","publisher":{"@id":"https:\/\/lightweb.dev\/l\/svm-temp\/#organization"},"potentialAction":[{"@type":"SearchAction","target":{"@type":"EntryPoint","urlTemplate":"https:\/\/lightweb.dev\/l\/svm-temp\/?s={search_term_string}"},"query-input":{"@type":"PropertyValueSpecification","valueRequired":true,"valueName":"search_term_string"}}],"inLanguage":"sv-SE"},{"@type":"Organization","@id":"https:\/\/lightweb.dev\/l\/svm-temp\/#organization","name":"Melkerson y Nott SL","alternateName":"Svenska Magasinet","url":"https:\/\/lightweb.dev\/l\/svm-temp\/","logo":{"@type":"ImageObject","inLanguage":"sv-SE","@id":"https:\/\/lightweb.dev\/l\/svm-temp\/#\/schema\/logo\/image\/","url":"https:\/\/lightweb.dev\/l\/svm-temp\/wp-content\/uploads\/2025\/02\/SvM-logo-Xtra-Centrerad-SVART.png","contentUrl":"https:\/\/lightweb.dev\/l\/svm-temp\/wp-content\/uploads\/2025\/02\/SvM-logo-Xtra-Centrerad-SVART.png","width":300,"height":99,"caption":"Melkerson y Nott SL"},"image":{"@id":"https:\/\/lightweb.dev\/l\/svm-temp\/#\/schema\/logo\/image\/"},"sameAs":["https:\/\/www.facebook.com\/svenskamagasinet","https:\/\/x.com\/SvenskaMagasine"]},{"@type":"Person","@id":"https:\/\/lightweb.dev\/l\/svm-temp\/#\/schema\/person\/206a3bda5b607b0c25e1749191e4d837","name":"Redaktionen SvM","description":"Redaktionen","sameAs":["https:\/\/lightweb.dev\/l\/svm-temp"],"url":"https:\/\/lightweb.dev\/l\/svm-temp\/reporter\/redaktionen\/"}]}},"_links":{"self":[{"href":"https:\/\/lightweb.dev\/l\/svm-temp\/wp-json\/wp\/v2\/posts\/23317","targetHints":{"allow":["GET"]}}],"collection":[{"href":"https:\/\/lightweb.dev\/l\/svm-temp\/wp-json\/wp\/v2\/posts"}],"about":[{"href":"https:\/\/lightweb.dev\/l\/svm-temp\/wp-json\/wp\/v2\/types\/post"}],"author":[{"embeddable":true,"href":"https:\/\/lightweb.dev\/l\/svm-temp\/wp-json\/wp\/v2\/users\/8"}],"replies":[{"embeddable":true,"href":"https:\/\/lightweb.dev\/l\/svm-temp\/wp-json\/wp\/v2\/comments?post=23317"}],"version-history":[{"count":0,"href":"https:\/\/lightweb.dev\/l\/svm-temp\/wp-json\/wp\/v2\/posts\/23317\/revisions"}],"wp:featuredmedia":[{"embeddable":true,"href":"https:\/\/lightweb.dev\/l\/svm-temp\/wp-json\/wp\/v2\/media\/23318"}],"wp:attachment":[{"href":"https:\/\/lightweb.dev\/l\/svm-temp\/wp-json\/wp\/v2\/media?parent=23317"}],"wp:term":[{"taxonomy":"category","embeddable":true,"href":"https:\/\/lightweb.dev\/l\/svm-temp\/wp-json\/wp\/v2\/categories?post=23317"},{"taxonomy":"post_tag","embeddable":true,"href":"https:\/\/lightweb.dev\/l\/svm-temp\/wp-json\/wp\/v2\/tags?post=23317"}],"curies":[{"name":"wp","href":"https:\/\/api.w.org\/{rel}","templated":true}]}}