{"id":23319,"date":"2015-10-30T00:00:00","date_gmt":"2015-10-29T23:00:00","guid":{"rendered":"https:\/\/lightweb.dev\/l\/svm-temp\/nyheter\/tragedi-nar-35-flyktingar-uppges-ha-drunknat\/"},"modified":"2015-10-30T00:00:00","modified_gmt":"2015-10-29T23:00:00","slug":"tragedi-nar-35-flyktingar-uppges-ha-drunknat","status":"publish","type":"post","link":"https:\/\/lightweb.dev\/l\/svm-temp\/nyheter\/tragedi-nar-35-flyktingar-uppges-ha-drunknat\/","title":{"rendered":"Tragedi n\u00e4r 35 flyktingar uppges ha drunknat"},"content":{"rendered":"<p> 35 flyktingar befaras ha drunknat mellan Spanien och Marocko n\u00e4r en b\u00e5t f\u00f6rliste p\u00e5 torsdagsmorgonen 52 sj\u00f6mil s\u00f6der om M\u00e1laga. Sj\u00f6r\u00e4ddningen Salvamento Mar\u00edtimo har r\u00e4ddat 15 \u00f6verlevande och plockat upp fyra drunknade, samtliga m\u00e4n mellan 20 och 30 \u00e5r. P\u00e5 fredagen forts\u00e4tter s\u00f6kandet efter de \u00f6vriga.<\/p>\n<p>Enligt uppgifter fr\u00e5n R\u00f6da korset var det flyktingar fr\u00e5n bland annat Kamerun som la ut vid Alhucemas p\u00e5 Marockos nordkust. B\u00e5ten uppges ha varit sex meter l\u00e5ng med plats f\u00f6r tolv personer. Enligt de \u00f6verlevande var det 54 personer ombord. Bara 15 har \u00f6verlevt efter att b\u00e5ten f\u00f6rliste 39 sj\u00f6mil fr\u00e5n platsen d\u00e4r den la ut.<\/p>\n<p>Det var klockan 15.20 i onsdags som sj\u00f6r\u00e4ddningens central (Centro de Salvamento Mar\u00edtimo) i Almer\u00eda fick in uppgifter om att en flyktingb\u00e5t hade lagt ut fr\u00e5n en strand tv\u00e5 kilometer utanf\u00f6r Alhucemas (Marocko) tidigt i onsdags morse.<\/p>\n<p>Redan d\u00e5 inleddes en s\u00f6karbete efter b\u00e5ten s\u00e4ger Nicol\u00e1s Uribarren kapten p\u00e5 Guardamar Polimnia. F\u00f6rst klockan 12.21 p\u00e5 torsdagen p\u00e5tr\u00e4ffades den f\u00f6rlista b\u00e5ten cirka 90 kilometer utanf\u00f6r M\u00e1laga av spaningsflyget \u201dC\u00f3ndor II\u201d.<\/p>\n<p>De \u00f6verlevande \u00e4r 13 m\u00e4n och tv\u00e5 kvinnor mellan 19 och 40 \u00e5r fr\u00e5n Kamerun och Mali. De \u00f6verlevde genom att klamra sig fast vid b\u00e5tdelar som fl\u00f6t.<\/p>\n<p>Enligt de \u00f6verlevande f\u00f6rliste b\u00e5ten mellan klockan 02 och 04 tidigt i torsdags morse p\u00e5 grund av h\u00f6ga v\u00e5gor. Bland de omkomna uppges vara tv\u00e5 barn.<\/p>\n<p>Sj\u00f6r\u00e4ddningen anl\u00e4nde med de \u00f6verlevande till M\u00e1laga klockan 16.15 ig\u00e5r. Alla m\u00e5r efter omst\u00e4ndigheterna v\u00e4l \u00e4ven om de \u00e4r m\u00e4rkta av den dramatiska upplevelsen, s\u00e4ger R\u00f6da korsets talesman i M\u00e1laga, Julio Pulido, till Diario SUR.<\/p>\n<p>(Foto: Salvamento Mar\u00edtimo) <\/p>\n","protected":false},"excerpt":{"rendered":"<p>35 flyktingar befaras ha drunknat mellan Spanien och Marocko n\u00e4r en b\u00e5t f\u00f6rliste p\u00e5 torsdagsmorgonen 52 sj\u00f6mil s\u00f6der om M\u00e1laga. Sj\u00f6r\u00e4ddningen Salvamento Mar\u00edtimo har r\u00e4ddat 15 \u00f6verlevande och plockat upp fyra drunknade, samtliga m\u00e4n mellan 20 och 30 \u00e5r. P\u00e5 fredagen forts\u00e4tter s\u00f6kandet efter de \u00f6vriga. Enligt uppgifter fr\u00e5n R\u00f6da korset var det flyktingar fr\u00e5n [&hellip;]<\/p>\n","protected":false},"author":8,"featured_media":23320,"comment_status":"open","ping_status":"open","sticky":false,"template":"","format":"standard","meta":{"_et_pb_use_builder":"","_et_pb_old_content":"","_et_gb_content_width":"","footnotes":""},"categories":[395,3],"tags":[],"class_list":["post-23319","post","type-post","status-publish","format-standard","has-post-thumbnail","hentry","category-arkiv-nyheter","category-nyheter"],"yoast_head":"<!-- This site is optimized with the Yoast SEO Premium plugin v26.2 (Yoast SEO v27.4) - https:\/\/yoast.com\/product\/yoast-seo-premium-wordpress\/ -->\n<title>Tragedi n\u00e4r 35 flyktingar uppges ha drunknat - Svenska Magasinet<\/title>\n<meta name=\"robots\" content=\"noindex, follow, max-snippet:-1, max-image-preview:large, max-video-preview:-1\" \/>\n<meta property=\"og:locale\" content=\"sv_SE\" \/>\n<meta property=\"og:type\" content=\"article\" \/>\n<meta property=\"og:title\" content=\"Tragedi n\u00e4r 35 flyktingar uppges ha drunknat\" \/>\n<meta property=\"og:description\" content=\"35 flyktingar befaras ha drunknat mellan Spanien och Marocko n\u00e4r en b\u00e5t f\u00f6rliste p\u00e5 torsdagsmorgonen 52 sj\u00f6mil s\u00f6der om M\u00e1laga. Sj\u00f6r\u00e4ddningen Salvamento Mar\u00edtimo har r\u00e4ddat 15 \u00f6verlevande och plockat upp fyra drunknade, samtliga m\u00e4n mellan 20 och 30 \u00e5r. P\u00e5 fredagen forts\u00e4tter s\u00f6kandet efter de \u00f6vriga. Enligt uppgifter fr\u00e5n R\u00f6da korset var det flyktingar fr\u00e5n [&hellip;]\" \/>\n<meta property=\"og:url\" content=\"https:\/\/lightweb.dev\/l\/svm-temp\/nyheter\/tragedi-nar-35-flyktingar-uppges-ha-drunknat\/\" \/>\n<meta property=\"og:site_name\" content=\"Svenska Magasinet\" \/>\n<meta property=\"article:publisher\" content=\"https:\/\/www.facebook.com\/svenskamagasinet\" \/>\n<meta property=\"article:published_time\" content=\"2015-10-29T23:00:00+00:00\" \/>\n<meta property=\"og:image\" content=\"https:\/\/lightweb.dev\/l\/svm-temp\/wp-content\/uploads\/2022\/06\/tragedi-nar-35-flyktingar-uppges-ha-drunknat.png\" \/>\n\t<meta property=\"og:image:width\" content=\"356\" \/>\n\t<meta property=\"og:image:height\" content=\"200\" \/>\n\t<meta property=\"og:image:type\" content=\"image\/png\" \/>\n<meta name=\"author\" content=\"Redaktionen SvM\" \/>\n<meta name=\"twitter:card\" content=\"summary_large_image\" \/>\n<meta name=\"twitter:creator\" content=\"@SvenskaMagasine\" \/>\n<meta name=\"twitter:site\" content=\"@SvenskaMagasine\" \/>\n<script type=\"application\/ld+json\" class=\"yoast-schema-graph\">{\"@context\":\"https:\\\/\\\/schema.org\",\"@graph\":[{\"@type\":\"Article\",\"@id\":\"https:\\\/\\\/lightweb.dev\\\/l\\\/svm-temp\\\/nyheter\\\/tragedi-nar-35-flyktingar-uppges-ha-drunknat\\\/#article\",\"isPartOf\":{\"@id\":\"https:\\\/\\\/lightweb.dev\\\/l\\\/svm-temp\\\/nyheter\\\/tragedi-nar-35-flyktingar-uppges-ha-drunknat\\\/\"},\"author\":{\"name\":\"Redaktionen SvM\",\"@id\":\"https:\\\/\\\/lightweb.dev\\\/l\\\/svm-temp\\\/#\\\/schema\\\/person\\\/206a3bda5b607b0c25e1749191e4d837\"},\"headline\":\"Tragedi n\u00e4r 35 flyktingar uppges ha drunknat\",\"datePublished\":\"2015-10-29T23:00:00+00:00\",\"mainEntityOfPage\":{\"@id\":\"https:\\\/\\\/lightweb.dev\\\/l\\\/svm-temp\\\/nyheter\\\/tragedi-nar-35-flyktingar-uppges-ha-drunknat\\\/\"},\"wordCount\":317,\"commentCount\":0,\"publisher\":{\"@id\":\"https:\\\/\\\/lightweb.dev\\\/l\\\/svm-temp\\\/#organization\"},\"image\":{\"@id\":\"https:\\\/\\\/lightweb.dev\\\/l\\\/svm-temp\\\/nyheter\\\/tragedi-nar-35-flyktingar-uppges-ha-drunknat\\\/#primaryimage\"},\"thumbnailUrl\":\"https:\\\/\\\/lightweb.dev\\\/l\\\/svm-temp\\\/wp-content\\\/uploads\\\/2022\\\/06\\\/tragedi-nar-35-flyktingar-uppges-ha-drunknat.png\",\"articleSection\":[\"Arkiv\",\"Nyheter\"],\"inLanguage\":\"sv-SE\"},{\"@type\":\"WebPage\",\"@id\":\"https:\\\/\\\/lightweb.dev\\\/l\\\/svm-temp\\\/nyheter\\\/tragedi-nar-35-flyktingar-uppges-ha-drunknat\\\/\",\"url\":\"https:\\\/\\\/lightweb.dev\\\/l\\\/svm-temp\\\/nyheter\\\/tragedi-nar-35-flyktingar-uppges-ha-drunknat\\\/\",\"name\":\"Tragedi n\u00e4r 35 flyktingar uppges ha drunknat - Svenska Magasinet\",\"isPartOf\":{\"@id\":\"https:\\\/\\\/lightweb.dev\\\/l\\\/svm-temp\\\/#website\"},\"primaryImageOfPage\":{\"@id\":\"https:\\\/\\\/lightweb.dev\\\/l\\\/svm-temp\\\/nyheter\\\/tragedi-nar-35-flyktingar-uppges-ha-drunknat\\\/#primaryimage\"},\"image\":{\"@id\":\"https:\\\/\\\/lightweb.dev\\\/l\\\/svm-temp\\\/nyheter\\\/tragedi-nar-35-flyktingar-uppges-ha-drunknat\\\/#primaryimage\"},\"thumbnailUrl\":\"https:\\\/\\\/lightweb.dev\\\/l\\\/svm-temp\\\/wp-content\\\/uploads\\\/2022\\\/06\\\/tragedi-nar-35-flyktingar-uppges-ha-drunknat.png\",\"datePublished\":\"2015-10-29T23:00:00+00:00\",\"breadcrumb\":{\"@id\":\"https:\\\/\\\/lightweb.dev\\\/l\\\/svm-temp\\\/nyheter\\\/tragedi-nar-35-flyktingar-uppges-ha-drunknat\\\/#breadcrumb\"},\"inLanguage\":\"sv-SE\",\"potentialAction\":[{\"@type\":\"ReadAction\",\"target\":[\"https:\\\/\\\/lightweb.dev\\\/l\\\/svm-temp\\\/nyheter\\\/tragedi-nar-35-flyktingar-uppges-ha-drunknat\\\/\"]}]},{\"@type\":\"ImageObject\",\"inLanguage\":\"sv-SE\",\"@id\":\"https:\\\/\\\/lightweb.dev\\\/l\\\/svm-temp\\\/nyheter\\\/tragedi-nar-35-flyktingar-uppges-ha-drunknat\\\/#primaryimage\",\"url\":\"https:\\\/\\\/lightweb.dev\\\/l\\\/svm-temp\\\/wp-content\\\/uploads\\\/2022\\\/06\\\/tragedi-nar-35-flyktingar-uppges-ha-drunknat.png\",\"contentUrl\":\"https:\\\/\\\/lightweb.dev\\\/l\\\/svm-temp\\\/wp-content\\\/uploads\\\/2022\\\/06\\\/tragedi-nar-35-flyktingar-uppges-ha-drunknat.png\",\"width\":356,\"height\":200},{\"@type\":\"BreadcrumbList\",\"@id\":\"https:\\\/\\\/lightweb.dev\\\/l\\\/svm-temp\\\/nyheter\\\/tragedi-nar-35-flyktingar-uppges-ha-drunknat\\\/#breadcrumb\",\"itemListElement\":[{\"@type\":\"ListItem\",\"position\":1,\"name\":\"Hem\",\"item\":\"https:\\\/\\\/lightweb.dev\\\/l\\\/svm-temp\\\/\"},{\"@type\":\"ListItem\",\"position\":2,\"name\":\"Tragedi n\u00e4r 35 flyktingar uppges ha drunknat\"}]},{\"@type\":\"WebSite\",\"@id\":\"https:\\\/\\\/lightweb.dev\\\/l\\\/svm-temp\\\/#website\",\"url\":\"https:\\\/\\\/lightweb.dev\\\/l\\\/svm-temp\\\/\",\"name\":\"Svenska Magasinet\",\"description\":\"Dina Spanska nyheter p&aring; Svenska\",\"publisher\":{\"@id\":\"https:\\\/\\\/lightweb.dev\\\/l\\\/svm-temp\\\/#organization\"},\"potentialAction\":[{\"@type\":\"SearchAction\",\"target\":{\"@type\":\"EntryPoint\",\"urlTemplate\":\"https:\\\/\\\/lightweb.dev\\\/l\\\/svm-temp\\\/?s={search_term_string}\"},\"query-input\":{\"@type\":\"PropertyValueSpecification\",\"valueRequired\":true,\"valueName\":\"search_term_string\"}}],\"inLanguage\":\"sv-SE\"},{\"@type\":\"Organization\",\"@id\":\"https:\\\/\\\/lightweb.dev\\\/l\\\/svm-temp\\\/#organization\",\"name\":\"Melkerson y Nott SL\",\"alternateName\":\"Svenska Magasinet\",\"url\":\"https:\\\/\\\/lightweb.dev\\\/l\\\/svm-temp\\\/\",\"logo\":{\"@type\":\"ImageObject\",\"inLanguage\":\"sv-SE\",\"@id\":\"https:\\\/\\\/lightweb.dev\\\/l\\\/svm-temp\\\/#\\\/schema\\\/logo\\\/image\\\/\",\"url\":\"https:\\\/\\\/lightweb.dev\\\/l\\\/svm-temp\\\/wp-content\\\/uploads\\\/2025\\\/02\\\/SvM-logo-Xtra-Centrerad-SVART.png\",\"contentUrl\":\"https:\\\/\\\/lightweb.dev\\\/l\\\/svm-temp\\\/wp-content\\\/uploads\\\/2025\\\/02\\\/SvM-logo-Xtra-Centrerad-SVART.png\",\"width\":300,\"height\":99,\"caption\":\"Melkerson y Nott SL\"},\"image\":{\"@id\":\"https:\\\/\\\/lightweb.dev\\\/l\\\/svm-temp\\\/#\\\/schema\\\/logo\\\/image\\\/\"},\"sameAs\":[\"https:\\\/\\\/www.facebook.com\\\/svenskamagasinet\",\"https:\\\/\\\/x.com\\\/SvenskaMagasine\"]},{\"@type\":\"Person\",\"@id\":\"https:\\\/\\\/lightweb.dev\\\/l\\\/svm-temp\\\/#\\\/schema\\\/person\\\/206a3bda5b607b0c25e1749191e4d837\",\"name\":\"Redaktionen SvM\",\"description\":\"Redaktionen\",\"sameAs\":[\"https:\\\/\\\/lightweb.dev\\\/l\\\/svm-temp\"],\"url\":\"https:\\\/\\\/lightweb.dev\\\/l\\\/svm-temp\\\/reporter\\\/redaktionen\\\/\"}]}<\/script>\n<!-- \/ Yoast SEO Premium plugin. -->","yoast_head_json":{"title":"Tragedi n\u00e4r 35 flyktingar uppges ha drunknat - Svenska Magasinet","robots":{"index":"noindex","follow":"follow","max-snippet":"max-snippet:-1","max-image-preview":"max-image-preview:large","max-video-preview":"max-video-preview:-1"},"og_locale":"sv_SE","og_type":"article","og_title":"Tragedi n\u00e4r 35 flyktingar uppges ha drunknat","og_description":"35 flyktingar befaras ha drunknat mellan Spanien och Marocko n\u00e4r en b\u00e5t f\u00f6rliste p\u00e5 torsdagsmorgonen 52 sj\u00f6mil s\u00f6der om M\u00e1laga. Sj\u00f6r\u00e4ddningen Salvamento Mar\u00edtimo har r\u00e4ddat 15 \u00f6verlevande och plockat upp fyra drunknade, samtliga m\u00e4n mellan 20 och 30 \u00e5r. P\u00e5 fredagen forts\u00e4tter s\u00f6kandet efter de \u00f6vriga. Enligt uppgifter fr\u00e5n R\u00f6da korset var det flyktingar fr\u00e5n [&hellip;]","og_url":"https:\/\/lightweb.dev\/l\/svm-temp\/nyheter\/tragedi-nar-35-flyktingar-uppges-ha-drunknat\/","og_site_name":"Svenska Magasinet","article_publisher":"https:\/\/www.facebook.com\/svenskamagasinet","article_published_time":"2015-10-29T23:00:00+00:00","og_image":[{"width":356,"height":200,"url":"https:\/\/lightweb.dev\/l\/svm-temp\/wp-content\/uploads\/2022\/06\/tragedi-nar-35-flyktingar-uppges-ha-drunknat.png","type":"image\/png"}],"author":"Redaktionen SvM","twitter_card":"summary_large_image","twitter_creator":"@SvenskaMagasine","twitter_site":"@SvenskaMagasine","schema":{"@context":"https:\/\/schema.org","@graph":[{"@type":"Article","@id":"https:\/\/lightweb.dev\/l\/svm-temp\/nyheter\/tragedi-nar-35-flyktingar-uppges-ha-drunknat\/#article","isPartOf":{"@id":"https:\/\/lightweb.dev\/l\/svm-temp\/nyheter\/tragedi-nar-35-flyktingar-uppges-ha-drunknat\/"},"author":{"name":"Redaktionen SvM","@id":"https:\/\/lightweb.dev\/l\/svm-temp\/#\/schema\/person\/206a3bda5b607b0c25e1749191e4d837"},"headline":"Tragedi n\u00e4r 35 flyktingar uppges ha drunknat","datePublished":"2015-10-29T23:00:00+00:00","mainEntityOfPage":{"@id":"https:\/\/lightweb.dev\/l\/svm-temp\/nyheter\/tragedi-nar-35-flyktingar-uppges-ha-drunknat\/"},"wordCount":317,"commentCount":0,"publisher":{"@id":"https:\/\/lightweb.dev\/l\/svm-temp\/#organization"},"image":{"@id":"https:\/\/lightweb.dev\/l\/svm-temp\/nyheter\/tragedi-nar-35-flyktingar-uppges-ha-drunknat\/#primaryimage"},"thumbnailUrl":"https:\/\/lightweb.dev\/l\/svm-temp\/wp-content\/uploads\/2022\/06\/tragedi-nar-35-flyktingar-uppges-ha-drunknat.png","articleSection":["Arkiv","Nyheter"],"inLanguage":"sv-SE"},{"@type":"WebPage","@id":"https:\/\/lightweb.dev\/l\/svm-temp\/nyheter\/tragedi-nar-35-flyktingar-uppges-ha-drunknat\/","url":"https:\/\/lightweb.dev\/l\/svm-temp\/nyheter\/tragedi-nar-35-flyktingar-uppges-ha-drunknat\/","name":"Tragedi n\u00e4r 35 flyktingar uppges ha drunknat - Svenska Magasinet","isPartOf":{"@id":"https:\/\/lightweb.dev\/l\/svm-temp\/#website"},"primaryImageOfPage":{"@id":"https:\/\/lightweb.dev\/l\/svm-temp\/nyheter\/tragedi-nar-35-flyktingar-uppges-ha-drunknat\/#primaryimage"},"image":{"@id":"https:\/\/lightweb.dev\/l\/svm-temp\/nyheter\/tragedi-nar-35-flyktingar-uppges-ha-drunknat\/#primaryimage"},"thumbnailUrl":"https:\/\/lightweb.dev\/l\/svm-temp\/wp-content\/uploads\/2022\/06\/tragedi-nar-35-flyktingar-uppges-ha-drunknat.png","datePublished":"2015-10-29T23:00:00+00:00","breadcrumb":{"@id":"https:\/\/lightweb.dev\/l\/svm-temp\/nyheter\/tragedi-nar-35-flyktingar-uppges-ha-drunknat\/#breadcrumb"},"inLanguage":"sv-SE","potentialAction":[{"@type":"ReadAction","target":["https:\/\/lightweb.dev\/l\/svm-temp\/nyheter\/tragedi-nar-35-flyktingar-uppges-ha-drunknat\/"]}]},{"@type":"ImageObject","inLanguage":"sv-SE","@id":"https:\/\/lightweb.dev\/l\/svm-temp\/nyheter\/tragedi-nar-35-flyktingar-uppges-ha-drunknat\/#primaryimage","url":"https:\/\/lightweb.dev\/l\/svm-temp\/wp-content\/uploads\/2022\/06\/tragedi-nar-35-flyktingar-uppges-ha-drunknat.png","contentUrl":"https:\/\/lightweb.dev\/l\/svm-temp\/wp-content\/uploads\/2022\/06\/tragedi-nar-35-flyktingar-uppges-ha-drunknat.png","width":356,"height":200},{"@type":"BreadcrumbList","@id":"https:\/\/lightweb.dev\/l\/svm-temp\/nyheter\/tragedi-nar-35-flyktingar-uppges-ha-drunknat\/#breadcrumb","itemListElement":[{"@type":"ListItem","position":1,"name":"Hem","item":"https:\/\/lightweb.dev\/l\/svm-temp\/"},{"@type":"ListItem","position":2,"name":"Tragedi n\u00e4r 35 flyktingar uppges ha drunknat"}]},{"@type":"WebSite","@id":"https:\/\/lightweb.dev\/l\/svm-temp\/#website","url":"https:\/\/lightweb.dev\/l\/svm-temp\/","name":"Svenska Magasinet","description":"Dina Spanska nyheter p&aring; Svenska","publisher":{"@id":"https:\/\/lightweb.dev\/l\/svm-temp\/#organization"},"potentialAction":[{"@type":"SearchAction","target":{"@type":"EntryPoint","urlTemplate":"https:\/\/lightweb.dev\/l\/svm-temp\/?s={search_term_string}"},"query-input":{"@type":"PropertyValueSpecification","valueRequired":true,"valueName":"search_term_string"}}],"inLanguage":"sv-SE"},{"@type":"Organization","@id":"https:\/\/lightweb.dev\/l\/svm-temp\/#organization","name":"Melkerson y Nott SL","alternateName":"Svenska Magasinet","url":"https:\/\/lightweb.dev\/l\/svm-temp\/","logo":{"@type":"ImageObject","inLanguage":"sv-SE","@id":"https:\/\/lightweb.dev\/l\/svm-temp\/#\/schema\/logo\/image\/","url":"https:\/\/lightweb.dev\/l\/svm-temp\/wp-content\/uploads\/2025\/02\/SvM-logo-Xtra-Centrerad-SVART.png","contentUrl":"https:\/\/lightweb.dev\/l\/svm-temp\/wp-content\/uploads\/2025\/02\/SvM-logo-Xtra-Centrerad-SVART.png","width":300,"height":99,"caption":"Melkerson y Nott SL"},"image":{"@id":"https:\/\/lightweb.dev\/l\/svm-temp\/#\/schema\/logo\/image\/"},"sameAs":["https:\/\/www.facebook.com\/svenskamagasinet","https:\/\/x.com\/SvenskaMagasine"]},{"@type":"Person","@id":"https:\/\/lightweb.dev\/l\/svm-temp\/#\/schema\/person\/206a3bda5b607b0c25e1749191e4d837","name":"Redaktionen SvM","description":"Redaktionen","sameAs":["https:\/\/lightweb.dev\/l\/svm-temp"],"url":"https:\/\/lightweb.dev\/l\/svm-temp\/reporter\/redaktionen\/"}]}},"_links":{"self":[{"href":"https:\/\/lightweb.dev\/l\/svm-temp\/wp-json\/wp\/v2\/posts\/23319","targetHints":{"allow":["GET"]}}],"collection":[{"href":"https:\/\/lightweb.dev\/l\/svm-temp\/wp-json\/wp\/v2\/posts"}],"about":[{"href":"https:\/\/lightweb.dev\/l\/svm-temp\/wp-json\/wp\/v2\/types\/post"}],"author":[{"embeddable":true,"href":"https:\/\/lightweb.dev\/l\/svm-temp\/wp-json\/wp\/v2\/users\/8"}],"replies":[{"embeddable":true,"href":"https:\/\/lightweb.dev\/l\/svm-temp\/wp-json\/wp\/v2\/comments?post=23319"}],"version-history":[{"count":0,"href":"https:\/\/lightweb.dev\/l\/svm-temp\/wp-json\/wp\/v2\/posts\/23319\/revisions"}],"wp:featuredmedia":[{"embeddable":true,"href":"https:\/\/lightweb.dev\/l\/svm-temp\/wp-json\/wp\/v2\/media\/23320"}],"wp:attachment":[{"href":"https:\/\/lightweb.dev\/l\/svm-temp\/wp-json\/wp\/v2\/media?parent=23319"}],"wp:term":[{"taxonomy":"category","embeddable":true,"href":"https:\/\/lightweb.dev\/l\/svm-temp\/wp-json\/wp\/v2\/categories?post=23319"},{"taxonomy":"post_tag","embeddable":true,"href":"https:\/\/lightweb.dev\/l\/svm-temp\/wp-json\/wp\/v2\/tags?post=23319"}],"curies":[{"name":"wp","href":"https:\/\/api.w.org\/{rel}","templated":true}]}}