{"id":23331,"date":"2015-10-29T00:00:00","date_gmt":"2015-10-28T23:00:00","guid":{"rendered":"https:\/\/lightweb.dev\/l\/svm-temp\/nyheter\/andalusiens-storsta-shopping-och-nojescentrum-kan-hamna-i-torremolinos\/"},"modified":"2015-10-29T00:00:00","modified_gmt":"2015-10-28T23:00:00","slug":"andalusiens-storsta-shopping-och-nojescentrum-kan-hamna-i-torremolinos","status":"publish","type":"post","link":"https:\/\/lightweb.dev\/l\/svm-temp\/nyheter\/andalusiens-storsta-shopping-och-nojescentrum-kan-hamna-i-torremolinos\/","title":{"rendered":"Andalusiens st\u00f6rsta shopping- och n\u00f6jescentrum kan hamna i Torremolinos"},"content":{"rendered":"<p> Det beskrivs som ett megaprojekt med k\u00f6pcentrum, vattenpark, j\u00e4ttev\u00e5gpool f\u00f6r att surfa och skidanl\u00e4ggning (!). Det mesta pekar mot att Torremolinos kommunfullm\u00e4ktige kommer att godk\u00e4nna den nya stadsplanen PGOU n\u00e4sta m\u00e5nad.<\/p>\n<p>Efter ett decennium i olika byr\u00e5kratiska processer ser det nu ut som att megaprojektet i Torremolinos kan komma ig\u00e5ng f\u00f6rsta kvartalet 2016. Det handlar om en investering p\u00e5 400 miljoner euro. Tre tusen arbetstillf\u00e4llen kommer att skapas n\u00e4r anl\u00e4ggningen som byggs av Intu Properties ber\u00e4knas st\u00e5 f\u00e4rdig 2018 skriver Diario SUR p\u00e5 torsdagen.<\/p>\n<p>Anl\u00e4ggningen kommer att bli p\u00e5 195.000 kvadratmeter. Den kommer att ligga mellan Torremolinos m\u00e4sshallar palacio de Congresos och motorv\u00e4gen A-7:an i ett omr\u00e5de som g\u00e5r under namnet Molino del Viento (se kartan nedan). <\/p>\n","protected":false},"excerpt":{"rendered":"<p>Det beskrivs som ett megaprojekt med k\u00f6pcentrum, vattenpark, j\u00e4ttev\u00e5gpool f\u00f6r att surfa och skidanl\u00e4ggning (!). Det mesta pekar mot att Torremolinos kommunfullm\u00e4ktige kommer att godk\u00e4nna den nya stadsplanen PGOU n\u00e4sta m\u00e5nad. Efter ett decennium i olika byr\u00e5kratiska processer ser det nu ut som att megaprojektet i Torremolinos kan komma ig\u00e5ng f\u00f6rsta kvartalet 2016. Det handlar [&hellip;]<\/p>\n","protected":false},"author":8,"featured_media":23332,"comment_status":"open","ping_status":"open","sticky":false,"template":"","format":"standard","meta":{"_et_pb_use_builder":"","_et_pb_old_content":"","_et_gb_content_width":"","footnotes":""},"categories":[395,3],"tags":[],"class_list":["post-23331","post","type-post","status-publish","format-standard","has-post-thumbnail","hentry","category-arkiv-nyheter","category-nyheter"],"yoast_head":"<!-- This site is optimized with the Yoast SEO Premium plugin v26.2 (Yoast SEO v27.4) - https:\/\/yoast.com\/product\/yoast-seo-premium-wordpress\/ -->\n<title>Andalusiens st\u00f6rsta shopping- och n\u00f6jescentrum kan hamna i Torremolinos - Svenska Magasinet<\/title>\n<meta name=\"robots\" content=\"noindex, follow, max-snippet:-1, max-image-preview:large, max-video-preview:-1\" \/>\n<meta property=\"og:locale\" content=\"sv_SE\" \/>\n<meta property=\"og:type\" content=\"article\" \/>\n<meta property=\"og:title\" content=\"Andalusiens st\u00f6rsta shopping- och n\u00f6jescentrum kan hamna i Torremolinos\" \/>\n<meta property=\"og:description\" content=\"Det beskrivs som ett megaprojekt med k\u00f6pcentrum, vattenpark, j\u00e4ttev\u00e5gpool f\u00f6r att surfa och skidanl\u00e4ggning (!). Det mesta pekar mot att Torremolinos kommunfullm\u00e4ktige kommer att godk\u00e4nna den nya stadsplanen PGOU n\u00e4sta m\u00e5nad. Efter ett decennium i olika byr\u00e5kratiska processer ser det nu ut som att megaprojektet i Torremolinos kan komma ig\u00e5ng f\u00f6rsta kvartalet 2016. Det handlar [&hellip;]\" \/>\n<meta property=\"og:url\" content=\"https:\/\/lightweb.dev\/l\/svm-temp\/nyheter\/andalusiens-storsta-shopping-och-nojescentrum-kan-hamna-i-torremolinos\/\" \/>\n<meta property=\"og:site_name\" content=\"Svenska Magasinet\" \/>\n<meta property=\"article:publisher\" content=\"https:\/\/www.facebook.com\/svenskamagasinet\" \/>\n<meta property=\"article:published_time\" content=\"2015-10-28T23:00:00+00:00\" \/>\n<meta property=\"og:image\" content=\"https:\/\/lightweb.dev\/l\/svm-temp\/wp-content\/uploads\/2022\/06\/andalusiens-storsta-shopping-och-nojescentrum-kan-hamna-i-torremolinos.png\" \/>\n\t<meta property=\"og:image:width\" content=\"370\" \/>\n\t<meta property=\"og:image:height\" content=\"200\" \/>\n\t<meta property=\"og:image:type\" content=\"image\/png\" \/>\n<meta name=\"author\" content=\"Redaktionen SvM\" \/>\n<meta name=\"twitter:card\" content=\"summary_large_image\" \/>\n<meta name=\"twitter:creator\" content=\"@SvenskaMagasine\" \/>\n<meta name=\"twitter:site\" content=\"@SvenskaMagasine\" \/>\n<script type=\"application\/ld+json\" class=\"yoast-schema-graph\">{\"@context\":\"https:\\\/\\\/schema.org\",\"@graph\":[{\"@type\":\"Article\",\"@id\":\"https:\\\/\\\/lightweb.dev\\\/l\\\/svm-temp\\\/nyheter\\\/andalusiens-storsta-shopping-och-nojescentrum-kan-hamna-i-torremolinos\\\/#article\",\"isPartOf\":{\"@id\":\"https:\\\/\\\/lightweb.dev\\\/l\\\/svm-temp\\\/nyheter\\\/andalusiens-storsta-shopping-och-nojescentrum-kan-hamna-i-torremolinos\\\/\"},\"author\":{\"name\":\"Redaktionen SvM\",\"@id\":\"https:\\\/\\\/lightweb.dev\\\/l\\\/svm-temp\\\/#\\\/schema\\\/person\\\/206a3bda5b607b0c25e1749191e4d837\"},\"headline\":\"Andalusiens st\u00f6rsta shopping- och n\u00f6jescentrum kan hamna i Torremolinos\",\"datePublished\":\"2015-10-28T23:00:00+00:00\",\"mainEntityOfPage\":{\"@id\":\"https:\\\/\\\/lightweb.dev\\\/l\\\/svm-temp\\\/nyheter\\\/andalusiens-storsta-shopping-och-nojescentrum-kan-hamna-i-torremolinos\\\/\"},\"wordCount\":146,\"commentCount\":0,\"publisher\":{\"@id\":\"https:\\\/\\\/lightweb.dev\\\/l\\\/svm-temp\\\/#organization\"},\"image\":{\"@id\":\"https:\\\/\\\/lightweb.dev\\\/l\\\/svm-temp\\\/nyheter\\\/andalusiens-storsta-shopping-och-nojescentrum-kan-hamna-i-torremolinos\\\/#primaryimage\"},\"thumbnailUrl\":\"https:\\\/\\\/lightweb.dev\\\/l\\\/svm-temp\\\/wp-content\\\/uploads\\\/2022\\\/06\\\/andalusiens-storsta-shopping-och-nojescentrum-kan-hamna-i-torremolinos.png\",\"articleSection\":[\"Arkiv\",\"Nyheter\"],\"inLanguage\":\"sv-SE\"},{\"@type\":\"WebPage\",\"@id\":\"https:\\\/\\\/lightweb.dev\\\/l\\\/svm-temp\\\/nyheter\\\/andalusiens-storsta-shopping-och-nojescentrum-kan-hamna-i-torremolinos\\\/\",\"url\":\"https:\\\/\\\/lightweb.dev\\\/l\\\/svm-temp\\\/nyheter\\\/andalusiens-storsta-shopping-och-nojescentrum-kan-hamna-i-torremolinos\\\/\",\"name\":\"Andalusiens st\u00f6rsta shopping- och n\u00f6jescentrum kan hamna i Torremolinos - Svenska Magasinet\",\"isPartOf\":{\"@id\":\"https:\\\/\\\/lightweb.dev\\\/l\\\/svm-temp\\\/#website\"},\"primaryImageOfPage\":{\"@id\":\"https:\\\/\\\/lightweb.dev\\\/l\\\/svm-temp\\\/nyheter\\\/andalusiens-storsta-shopping-och-nojescentrum-kan-hamna-i-torremolinos\\\/#primaryimage\"},\"image\":{\"@id\":\"https:\\\/\\\/lightweb.dev\\\/l\\\/svm-temp\\\/nyheter\\\/andalusiens-storsta-shopping-och-nojescentrum-kan-hamna-i-torremolinos\\\/#primaryimage\"},\"thumbnailUrl\":\"https:\\\/\\\/lightweb.dev\\\/l\\\/svm-temp\\\/wp-content\\\/uploads\\\/2022\\\/06\\\/andalusiens-storsta-shopping-och-nojescentrum-kan-hamna-i-torremolinos.png\",\"datePublished\":\"2015-10-28T23:00:00+00:00\",\"breadcrumb\":{\"@id\":\"https:\\\/\\\/lightweb.dev\\\/l\\\/svm-temp\\\/nyheter\\\/andalusiens-storsta-shopping-och-nojescentrum-kan-hamna-i-torremolinos\\\/#breadcrumb\"},\"inLanguage\":\"sv-SE\",\"potentialAction\":[{\"@type\":\"ReadAction\",\"target\":[\"https:\\\/\\\/lightweb.dev\\\/l\\\/svm-temp\\\/nyheter\\\/andalusiens-storsta-shopping-och-nojescentrum-kan-hamna-i-torremolinos\\\/\"]}]},{\"@type\":\"ImageObject\",\"inLanguage\":\"sv-SE\",\"@id\":\"https:\\\/\\\/lightweb.dev\\\/l\\\/svm-temp\\\/nyheter\\\/andalusiens-storsta-shopping-och-nojescentrum-kan-hamna-i-torremolinos\\\/#primaryimage\",\"url\":\"https:\\\/\\\/lightweb.dev\\\/l\\\/svm-temp\\\/wp-content\\\/uploads\\\/2022\\\/06\\\/andalusiens-storsta-shopping-och-nojescentrum-kan-hamna-i-torremolinos.png\",\"contentUrl\":\"https:\\\/\\\/lightweb.dev\\\/l\\\/svm-temp\\\/wp-content\\\/uploads\\\/2022\\\/06\\\/andalusiens-storsta-shopping-och-nojescentrum-kan-hamna-i-torremolinos.png\",\"width\":370,\"height\":200},{\"@type\":\"BreadcrumbList\",\"@id\":\"https:\\\/\\\/lightweb.dev\\\/l\\\/svm-temp\\\/nyheter\\\/andalusiens-storsta-shopping-och-nojescentrum-kan-hamna-i-torremolinos\\\/#breadcrumb\",\"itemListElement\":[{\"@type\":\"ListItem\",\"position\":1,\"name\":\"Hem\",\"item\":\"https:\\\/\\\/lightweb.dev\\\/l\\\/svm-temp\\\/\"},{\"@type\":\"ListItem\",\"position\":2,\"name\":\"Andalusiens st\u00f6rsta shopping- och n\u00f6jescentrum kan hamna i Torremolinos\"}]},{\"@type\":\"WebSite\",\"@id\":\"https:\\\/\\\/lightweb.dev\\\/l\\\/svm-temp\\\/#website\",\"url\":\"https:\\\/\\\/lightweb.dev\\\/l\\\/svm-temp\\\/\",\"name\":\"Svenska Magasinet\",\"description\":\"Dina Spanska nyheter p&aring; Svenska\",\"publisher\":{\"@id\":\"https:\\\/\\\/lightweb.dev\\\/l\\\/svm-temp\\\/#organization\"},\"potentialAction\":[{\"@type\":\"SearchAction\",\"target\":{\"@type\":\"EntryPoint\",\"urlTemplate\":\"https:\\\/\\\/lightweb.dev\\\/l\\\/svm-temp\\\/?s={search_term_string}\"},\"query-input\":{\"@type\":\"PropertyValueSpecification\",\"valueRequired\":true,\"valueName\":\"search_term_string\"}}],\"inLanguage\":\"sv-SE\"},{\"@type\":\"Organization\",\"@id\":\"https:\\\/\\\/lightweb.dev\\\/l\\\/svm-temp\\\/#organization\",\"name\":\"Melkerson y Nott SL\",\"alternateName\":\"Svenska Magasinet\",\"url\":\"https:\\\/\\\/lightweb.dev\\\/l\\\/svm-temp\\\/\",\"logo\":{\"@type\":\"ImageObject\",\"inLanguage\":\"sv-SE\",\"@id\":\"https:\\\/\\\/lightweb.dev\\\/l\\\/svm-temp\\\/#\\\/schema\\\/logo\\\/image\\\/\",\"url\":\"https:\\\/\\\/lightweb.dev\\\/l\\\/svm-temp\\\/wp-content\\\/uploads\\\/2025\\\/02\\\/SvM-logo-Xtra-Centrerad-SVART.png\",\"contentUrl\":\"https:\\\/\\\/lightweb.dev\\\/l\\\/svm-temp\\\/wp-content\\\/uploads\\\/2025\\\/02\\\/SvM-logo-Xtra-Centrerad-SVART.png\",\"width\":300,\"height\":99,\"caption\":\"Melkerson y Nott SL\"},\"image\":{\"@id\":\"https:\\\/\\\/lightweb.dev\\\/l\\\/svm-temp\\\/#\\\/schema\\\/logo\\\/image\\\/\"},\"sameAs\":[\"https:\\\/\\\/www.facebook.com\\\/svenskamagasinet\",\"https:\\\/\\\/x.com\\\/SvenskaMagasine\"]},{\"@type\":\"Person\",\"@id\":\"https:\\\/\\\/lightweb.dev\\\/l\\\/svm-temp\\\/#\\\/schema\\\/person\\\/206a3bda5b607b0c25e1749191e4d837\",\"name\":\"Redaktionen SvM\",\"description\":\"Redaktionen\",\"sameAs\":[\"https:\\\/\\\/lightweb.dev\\\/l\\\/svm-temp\"],\"url\":\"https:\\\/\\\/lightweb.dev\\\/l\\\/svm-temp\\\/reporter\\\/redaktionen\\\/\"}]}<\/script>\n<!-- \/ Yoast SEO Premium plugin. -->","yoast_head_json":{"title":"Andalusiens st\u00f6rsta shopping- och n\u00f6jescentrum kan hamna i Torremolinos - Svenska Magasinet","robots":{"index":"noindex","follow":"follow","max-snippet":"max-snippet:-1","max-image-preview":"max-image-preview:large","max-video-preview":"max-video-preview:-1"},"og_locale":"sv_SE","og_type":"article","og_title":"Andalusiens st\u00f6rsta shopping- och n\u00f6jescentrum kan hamna i Torremolinos","og_description":"Det beskrivs som ett megaprojekt med k\u00f6pcentrum, vattenpark, j\u00e4ttev\u00e5gpool f\u00f6r att surfa och skidanl\u00e4ggning (!). Det mesta pekar mot att Torremolinos kommunfullm\u00e4ktige kommer att godk\u00e4nna den nya stadsplanen PGOU n\u00e4sta m\u00e5nad. Efter ett decennium i olika byr\u00e5kratiska processer ser det nu ut som att megaprojektet i Torremolinos kan komma ig\u00e5ng f\u00f6rsta kvartalet 2016. Det handlar [&hellip;]","og_url":"https:\/\/lightweb.dev\/l\/svm-temp\/nyheter\/andalusiens-storsta-shopping-och-nojescentrum-kan-hamna-i-torremolinos\/","og_site_name":"Svenska Magasinet","article_publisher":"https:\/\/www.facebook.com\/svenskamagasinet","article_published_time":"2015-10-28T23:00:00+00:00","og_image":[{"width":370,"height":200,"url":"https:\/\/lightweb.dev\/l\/svm-temp\/wp-content\/uploads\/2022\/06\/andalusiens-storsta-shopping-och-nojescentrum-kan-hamna-i-torremolinos.png","type":"image\/png"}],"author":"Redaktionen SvM","twitter_card":"summary_large_image","twitter_creator":"@SvenskaMagasine","twitter_site":"@SvenskaMagasine","schema":{"@context":"https:\/\/schema.org","@graph":[{"@type":"Article","@id":"https:\/\/lightweb.dev\/l\/svm-temp\/nyheter\/andalusiens-storsta-shopping-och-nojescentrum-kan-hamna-i-torremolinos\/#article","isPartOf":{"@id":"https:\/\/lightweb.dev\/l\/svm-temp\/nyheter\/andalusiens-storsta-shopping-och-nojescentrum-kan-hamna-i-torremolinos\/"},"author":{"name":"Redaktionen SvM","@id":"https:\/\/lightweb.dev\/l\/svm-temp\/#\/schema\/person\/206a3bda5b607b0c25e1749191e4d837"},"headline":"Andalusiens st\u00f6rsta shopping- och n\u00f6jescentrum kan hamna i Torremolinos","datePublished":"2015-10-28T23:00:00+00:00","mainEntityOfPage":{"@id":"https:\/\/lightweb.dev\/l\/svm-temp\/nyheter\/andalusiens-storsta-shopping-och-nojescentrum-kan-hamna-i-torremolinos\/"},"wordCount":146,"commentCount":0,"publisher":{"@id":"https:\/\/lightweb.dev\/l\/svm-temp\/#organization"},"image":{"@id":"https:\/\/lightweb.dev\/l\/svm-temp\/nyheter\/andalusiens-storsta-shopping-och-nojescentrum-kan-hamna-i-torremolinos\/#primaryimage"},"thumbnailUrl":"https:\/\/lightweb.dev\/l\/svm-temp\/wp-content\/uploads\/2022\/06\/andalusiens-storsta-shopping-och-nojescentrum-kan-hamna-i-torremolinos.png","articleSection":["Arkiv","Nyheter"],"inLanguage":"sv-SE"},{"@type":"WebPage","@id":"https:\/\/lightweb.dev\/l\/svm-temp\/nyheter\/andalusiens-storsta-shopping-och-nojescentrum-kan-hamna-i-torremolinos\/","url":"https:\/\/lightweb.dev\/l\/svm-temp\/nyheter\/andalusiens-storsta-shopping-och-nojescentrum-kan-hamna-i-torremolinos\/","name":"Andalusiens st\u00f6rsta shopping- och n\u00f6jescentrum kan hamna i Torremolinos - Svenska Magasinet","isPartOf":{"@id":"https:\/\/lightweb.dev\/l\/svm-temp\/#website"},"primaryImageOfPage":{"@id":"https:\/\/lightweb.dev\/l\/svm-temp\/nyheter\/andalusiens-storsta-shopping-och-nojescentrum-kan-hamna-i-torremolinos\/#primaryimage"},"image":{"@id":"https:\/\/lightweb.dev\/l\/svm-temp\/nyheter\/andalusiens-storsta-shopping-och-nojescentrum-kan-hamna-i-torremolinos\/#primaryimage"},"thumbnailUrl":"https:\/\/lightweb.dev\/l\/svm-temp\/wp-content\/uploads\/2022\/06\/andalusiens-storsta-shopping-och-nojescentrum-kan-hamna-i-torremolinos.png","datePublished":"2015-10-28T23:00:00+00:00","breadcrumb":{"@id":"https:\/\/lightweb.dev\/l\/svm-temp\/nyheter\/andalusiens-storsta-shopping-och-nojescentrum-kan-hamna-i-torremolinos\/#breadcrumb"},"inLanguage":"sv-SE","potentialAction":[{"@type":"ReadAction","target":["https:\/\/lightweb.dev\/l\/svm-temp\/nyheter\/andalusiens-storsta-shopping-och-nojescentrum-kan-hamna-i-torremolinos\/"]}]},{"@type":"ImageObject","inLanguage":"sv-SE","@id":"https:\/\/lightweb.dev\/l\/svm-temp\/nyheter\/andalusiens-storsta-shopping-och-nojescentrum-kan-hamna-i-torremolinos\/#primaryimage","url":"https:\/\/lightweb.dev\/l\/svm-temp\/wp-content\/uploads\/2022\/06\/andalusiens-storsta-shopping-och-nojescentrum-kan-hamna-i-torremolinos.png","contentUrl":"https:\/\/lightweb.dev\/l\/svm-temp\/wp-content\/uploads\/2022\/06\/andalusiens-storsta-shopping-och-nojescentrum-kan-hamna-i-torremolinos.png","width":370,"height":200},{"@type":"BreadcrumbList","@id":"https:\/\/lightweb.dev\/l\/svm-temp\/nyheter\/andalusiens-storsta-shopping-och-nojescentrum-kan-hamna-i-torremolinos\/#breadcrumb","itemListElement":[{"@type":"ListItem","position":1,"name":"Hem","item":"https:\/\/lightweb.dev\/l\/svm-temp\/"},{"@type":"ListItem","position":2,"name":"Andalusiens st\u00f6rsta shopping- och n\u00f6jescentrum kan hamna i Torremolinos"}]},{"@type":"WebSite","@id":"https:\/\/lightweb.dev\/l\/svm-temp\/#website","url":"https:\/\/lightweb.dev\/l\/svm-temp\/","name":"Svenska Magasinet","description":"Dina Spanska nyheter p&aring; Svenska","publisher":{"@id":"https:\/\/lightweb.dev\/l\/svm-temp\/#organization"},"potentialAction":[{"@type":"SearchAction","target":{"@type":"EntryPoint","urlTemplate":"https:\/\/lightweb.dev\/l\/svm-temp\/?s={search_term_string}"},"query-input":{"@type":"PropertyValueSpecification","valueRequired":true,"valueName":"search_term_string"}}],"inLanguage":"sv-SE"},{"@type":"Organization","@id":"https:\/\/lightweb.dev\/l\/svm-temp\/#organization","name":"Melkerson y Nott SL","alternateName":"Svenska Magasinet","url":"https:\/\/lightweb.dev\/l\/svm-temp\/","logo":{"@type":"ImageObject","inLanguage":"sv-SE","@id":"https:\/\/lightweb.dev\/l\/svm-temp\/#\/schema\/logo\/image\/","url":"https:\/\/lightweb.dev\/l\/svm-temp\/wp-content\/uploads\/2025\/02\/SvM-logo-Xtra-Centrerad-SVART.png","contentUrl":"https:\/\/lightweb.dev\/l\/svm-temp\/wp-content\/uploads\/2025\/02\/SvM-logo-Xtra-Centrerad-SVART.png","width":300,"height":99,"caption":"Melkerson y Nott SL"},"image":{"@id":"https:\/\/lightweb.dev\/l\/svm-temp\/#\/schema\/logo\/image\/"},"sameAs":["https:\/\/www.facebook.com\/svenskamagasinet","https:\/\/x.com\/SvenskaMagasine"]},{"@type":"Person","@id":"https:\/\/lightweb.dev\/l\/svm-temp\/#\/schema\/person\/206a3bda5b607b0c25e1749191e4d837","name":"Redaktionen SvM","description":"Redaktionen","sameAs":["https:\/\/lightweb.dev\/l\/svm-temp"],"url":"https:\/\/lightweb.dev\/l\/svm-temp\/reporter\/redaktionen\/"}]}},"_links":{"self":[{"href":"https:\/\/lightweb.dev\/l\/svm-temp\/wp-json\/wp\/v2\/posts\/23331","targetHints":{"allow":["GET"]}}],"collection":[{"href":"https:\/\/lightweb.dev\/l\/svm-temp\/wp-json\/wp\/v2\/posts"}],"about":[{"href":"https:\/\/lightweb.dev\/l\/svm-temp\/wp-json\/wp\/v2\/types\/post"}],"author":[{"embeddable":true,"href":"https:\/\/lightweb.dev\/l\/svm-temp\/wp-json\/wp\/v2\/users\/8"}],"replies":[{"embeddable":true,"href":"https:\/\/lightweb.dev\/l\/svm-temp\/wp-json\/wp\/v2\/comments?post=23331"}],"version-history":[{"count":0,"href":"https:\/\/lightweb.dev\/l\/svm-temp\/wp-json\/wp\/v2\/posts\/23331\/revisions"}],"wp:featuredmedia":[{"embeddable":true,"href":"https:\/\/lightweb.dev\/l\/svm-temp\/wp-json\/wp\/v2\/media\/23332"}],"wp:attachment":[{"href":"https:\/\/lightweb.dev\/l\/svm-temp\/wp-json\/wp\/v2\/media?parent=23331"}],"wp:term":[{"taxonomy":"category","embeddable":true,"href":"https:\/\/lightweb.dev\/l\/svm-temp\/wp-json\/wp\/v2\/categories?post=23331"},{"taxonomy":"post_tag","embeddable":true,"href":"https:\/\/lightweb.dev\/l\/svm-temp\/wp-json\/wp\/v2\/tags?post=23331"}],"curies":[{"name":"wp","href":"https:\/\/api.w.org\/{rel}","templated":true}]}}