{"id":23337,"date":"2015-10-28T00:00:00","date_gmt":"2015-10-27T23:00:00","guid":{"rendered":"https:\/\/lightweb.dev\/l\/svm-temp\/nyheter\/diaz-katalanska-separatisternas-avtal-en-attack-pa-staten\/"},"modified":"2015-10-28T00:00:00","modified_gmt":"2015-10-27T23:00:00","slug":"diaz-katalanska-separatisternas-avtal-en-attack-pa-staten","status":"publish","type":"post","link":"https:\/\/lightweb.dev\/l\/svm-temp\/nyheter\/diaz-katalanska-separatisternas-avtal-en-attack-pa-staten\/","title":{"rendered":"D\u00edaz: \u201dKatalanska separatisternas avtal en attack p\u00e5 staten\u201d"},"content":{"rendered":"<p> Regionen Andalusiens president och partiledaren f\u00f6r PSOE-A, Susana D\u00edaz, kallar de katalanska separatisternas utspel under g\u00e5rdagen som en \u201dattack p\u00e5 staten och konstitutionen\u201d. Hon s\u00e4ger ocks\u00e5 att regeringschefen Mariano Rajoy inte st\u00e5r ensam i att f\u00f6rsvara Spaniens enhet och grundlag.<\/p>\n<p>Susana D\u00edaz uppmanar alla demokrater och politiska krafter att st\u00e5 upp mot attacken p\u00e5 staten och dess institutioner. Det var p\u00e5 tisdagen som katalanska separatister hos Junts pel S\u00ed och CUP presenterade ett avtal om hur man som parlamentariska majoritet ska g\u00e5 tillv\u00e4ga f\u00f6r att bryta sig ur Spanien. Avtalet v\u00e4ntas g\u00e5 igenom i det regionala parlamentet.<\/p>\n<p>Andalusiens president Susana D\u00edaz kommentarer avtalet som nonsens att Junts pel S\u00ed och CUP har b\u00f6rjat processen mot en republik i Katalonien.<\/p>\n<p>\u201dJag hoppas att premi\u00e4rministern kallar samman alla politiska krafter och demokrater eftersom det inte \u00e4r bara Rajoy som ska f\u00f6rsvara Spaniens enhet. Vi m\u00e5ste alla agera som demokrater\u201d s\u00e4ger D\u00edaz. <\/p>\n","protected":false},"excerpt":{"rendered":"<p>Regionen Andalusiens president och partiledaren f\u00f6r PSOE-A, Susana D\u00edaz, kallar de katalanska separatisternas utspel under g\u00e5rdagen som en \u201dattack p\u00e5 staten och konstitutionen\u201d. Hon s\u00e4ger ocks\u00e5 att regeringschefen Mariano Rajoy inte st\u00e5r ensam i att f\u00f6rsvara Spaniens enhet och grundlag. Susana D\u00edaz uppmanar alla demokrater och politiska krafter att st\u00e5 upp mot attacken p\u00e5 staten [&hellip;]<\/p>\n","protected":false},"author":8,"featured_media":23338,"comment_status":"open","ping_status":"open","sticky":false,"template":"","format":"standard","meta":{"_et_pb_use_builder":"","_et_pb_old_content":"","_et_gb_content_width":"","footnotes":""},"categories":[395,3],"tags":[],"class_list":["post-23337","post","type-post","status-publish","format-standard","has-post-thumbnail","hentry","category-arkiv-nyheter","category-nyheter"],"yoast_head":"<!-- This site is optimized with the Yoast SEO Premium plugin v26.2 (Yoast SEO v27.4) - https:\/\/yoast.com\/product\/yoast-seo-premium-wordpress\/ -->\n<title>D\u00edaz: \u201dKatalanska separatisternas avtal en attack p\u00e5 staten\u201d - Svenska Magasinet<\/title>\n<meta name=\"robots\" content=\"noindex, follow, max-snippet:-1, max-image-preview:large, max-video-preview:-1\" \/>\n<meta property=\"og:locale\" content=\"sv_SE\" \/>\n<meta property=\"og:type\" content=\"article\" \/>\n<meta property=\"og:title\" content=\"D\u00edaz: \u201dKatalanska separatisternas avtal en attack p\u00e5 staten\u201d\" \/>\n<meta property=\"og:description\" content=\"Regionen Andalusiens president och partiledaren f\u00f6r PSOE-A, Susana D\u00edaz, kallar de katalanska separatisternas utspel under g\u00e5rdagen som en \u201dattack p\u00e5 staten och konstitutionen\u201d. Hon s\u00e4ger ocks\u00e5 att regeringschefen Mariano Rajoy inte st\u00e5r ensam i att f\u00f6rsvara Spaniens enhet och grundlag. Susana D\u00edaz uppmanar alla demokrater och politiska krafter att st\u00e5 upp mot attacken p\u00e5 staten [&hellip;]\" \/>\n<meta property=\"og:url\" content=\"https:\/\/lightweb.dev\/l\/svm-temp\/nyheter\/diaz-katalanska-separatisternas-avtal-en-attack-pa-staten\/\" \/>\n<meta property=\"og:site_name\" content=\"Svenska Magasinet\" \/>\n<meta property=\"article:publisher\" content=\"https:\/\/www.facebook.com\/svenskamagasinet\" \/>\n<meta property=\"article:published_time\" content=\"2015-10-27T23:00:00+00:00\" \/>\n<meta property=\"og:image\" content=\"https:\/\/lightweb.dev\/l\/svm-temp\/wp-content\/uploads\/2022\/06\/diaz-katalanska-separatisternas-avtal-en-attack-pa-staten.png\" \/>\n\t<meta property=\"og:image:width\" content=\"281\" \/>\n\t<meta property=\"og:image:height\" content=\"200\" \/>\n\t<meta property=\"og:image:type\" content=\"image\/png\" \/>\n<meta name=\"author\" content=\"Redaktionen SvM\" \/>\n<meta name=\"twitter:card\" content=\"summary_large_image\" \/>\n<meta name=\"twitter:creator\" content=\"@SvenskaMagasine\" \/>\n<meta name=\"twitter:site\" content=\"@SvenskaMagasine\" \/>\n<script type=\"application\/ld+json\" class=\"yoast-schema-graph\">{\"@context\":\"https:\\\/\\\/schema.org\",\"@graph\":[{\"@type\":\"Article\",\"@id\":\"https:\\\/\\\/lightweb.dev\\\/l\\\/svm-temp\\\/nyheter\\\/diaz-katalanska-separatisternas-avtal-en-attack-pa-staten\\\/#article\",\"isPartOf\":{\"@id\":\"https:\\\/\\\/lightweb.dev\\\/l\\\/svm-temp\\\/nyheter\\\/diaz-katalanska-separatisternas-avtal-en-attack-pa-staten\\\/\"},\"author\":{\"name\":\"Redaktionen SvM\",\"@id\":\"https:\\\/\\\/lightweb.dev\\\/l\\\/svm-temp\\\/#\\\/schema\\\/person\\\/206a3bda5b607b0c25e1749191e4d837\"},\"headline\":\"D\u00edaz: \u201dKatalanska separatisternas avtal en attack p\u00e5 staten\u201d\",\"datePublished\":\"2015-10-27T23:00:00+00:00\",\"mainEntityOfPage\":{\"@id\":\"https:\\\/\\\/lightweb.dev\\\/l\\\/svm-temp\\\/nyheter\\\/diaz-katalanska-separatisternas-avtal-en-attack-pa-staten\\\/\"},\"wordCount\":175,\"commentCount\":0,\"publisher\":{\"@id\":\"https:\\\/\\\/lightweb.dev\\\/l\\\/svm-temp\\\/#organization\"},\"image\":{\"@id\":\"https:\\\/\\\/lightweb.dev\\\/l\\\/svm-temp\\\/nyheter\\\/diaz-katalanska-separatisternas-avtal-en-attack-pa-staten\\\/#primaryimage\"},\"thumbnailUrl\":\"https:\\\/\\\/lightweb.dev\\\/l\\\/svm-temp\\\/wp-content\\\/uploads\\\/2022\\\/06\\\/diaz-katalanska-separatisternas-avtal-en-attack-pa-staten.png\",\"articleSection\":[\"Arkiv\",\"Nyheter\"],\"inLanguage\":\"sv-SE\"},{\"@type\":\"WebPage\",\"@id\":\"https:\\\/\\\/lightweb.dev\\\/l\\\/svm-temp\\\/nyheter\\\/diaz-katalanska-separatisternas-avtal-en-attack-pa-staten\\\/\",\"url\":\"https:\\\/\\\/lightweb.dev\\\/l\\\/svm-temp\\\/nyheter\\\/diaz-katalanska-separatisternas-avtal-en-attack-pa-staten\\\/\",\"name\":\"D\u00edaz: \u201dKatalanska separatisternas avtal en attack p\u00e5 staten\u201d - Svenska Magasinet\",\"isPartOf\":{\"@id\":\"https:\\\/\\\/lightweb.dev\\\/l\\\/svm-temp\\\/#website\"},\"primaryImageOfPage\":{\"@id\":\"https:\\\/\\\/lightweb.dev\\\/l\\\/svm-temp\\\/nyheter\\\/diaz-katalanska-separatisternas-avtal-en-attack-pa-staten\\\/#primaryimage\"},\"image\":{\"@id\":\"https:\\\/\\\/lightweb.dev\\\/l\\\/svm-temp\\\/nyheter\\\/diaz-katalanska-separatisternas-avtal-en-attack-pa-staten\\\/#primaryimage\"},\"thumbnailUrl\":\"https:\\\/\\\/lightweb.dev\\\/l\\\/svm-temp\\\/wp-content\\\/uploads\\\/2022\\\/06\\\/diaz-katalanska-separatisternas-avtal-en-attack-pa-staten.png\",\"datePublished\":\"2015-10-27T23:00:00+00:00\",\"breadcrumb\":{\"@id\":\"https:\\\/\\\/lightweb.dev\\\/l\\\/svm-temp\\\/nyheter\\\/diaz-katalanska-separatisternas-avtal-en-attack-pa-staten\\\/#breadcrumb\"},\"inLanguage\":\"sv-SE\",\"potentialAction\":[{\"@type\":\"ReadAction\",\"target\":[\"https:\\\/\\\/lightweb.dev\\\/l\\\/svm-temp\\\/nyheter\\\/diaz-katalanska-separatisternas-avtal-en-attack-pa-staten\\\/\"]}]},{\"@type\":\"ImageObject\",\"inLanguage\":\"sv-SE\",\"@id\":\"https:\\\/\\\/lightweb.dev\\\/l\\\/svm-temp\\\/nyheter\\\/diaz-katalanska-separatisternas-avtal-en-attack-pa-staten\\\/#primaryimage\",\"url\":\"https:\\\/\\\/lightweb.dev\\\/l\\\/svm-temp\\\/wp-content\\\/uploads\\\/2022\\\/06\\\/diaz-katalanska-separatisternas-avtal-en-attack-pa-staten.png\",\"contentUrl\":\"https:\\\/\\\/lightweb.dev\\\/l\\\/svm-temp\\\/wp-content\\\/uploads\\\/2022\\\/06\\\/diaz-katalanska-separatisternas-avtal-en-attack-pa-staten.png\",\"width\":281,\"height\":200},{\"@type\":\"BreadcrumbList\",\"@id\":\"https:\\\/\\\/lightweb.dev\\\/l\\\/svm-temp\\\/nyheter\\\/diaz-katalanska-separatisternas-avtal-en-attack-pa-staten\\\/#breadcrumb\",\"itemListElement\":[{\"@type\":\"ListItem\",\"position\":1,\"name\":\"Hem\",\"item\":\"https:\\\/\\\/lightweb.dev\\\/l\\\/svm-temp\\\/\"},{\"@type\":\"ListItem\",\"position\":2,\"name\":\"D\u00edaz: \u201dKatalanska separatisternas avtal en attack p\u00e5 staten\u201d\"}]},{\"@type\":\"WebSite\",\"@id\":\"https:\\\/\\\/lightweb.dev\\\/l\\\/svm-temp\\\/#website\",\"url\":\"https:\\\/\\\/lightweb.dev\\\/l\\\/svm-temp\\\/\",\"name\":\"Svenska Magasinet\",\"description\":\"Dina Spanska nyheter p&aring; Svenska\",\"publisher\":{\"@id\":\"https:\\\/\\\/lightweb.dev\\\/l\\\/svm-temp\\\/#organization\"},\"potentialAction\":[{\"@type\":\"SearchAction\",\"target\":{\"@type\":\"EntryPoint\",\"urlTemplate\":\"https:\\\/\\\/lightweb.dev\\\/l\\\/svm-temp\\\/?s={search_term_string}\"},\"query-input\":{\"@type\":\"PropertyValueSpecification\",\"valueRequired\":true,\"valueName\":\"search_term_string\"}}],\"inLanguage\":\"sv-SE\"},{\"@type\":\"Organization\",\"@id\":\"https:\\\/\\\/lightweb.dev\\\/l\\\/svm-temp\\\/#organization\",\"name\":\"Melkerson y Nott SL\",\"alternateName\":\"Svenska Magasinet\",\"url\":\"https:\\\/\\\/lightweb.dev\\\/l\\\/svm-temp\\\/\",\"logo\":{\"@type\":\"ImageObject\",\"inLanguage\":\"sv-SE\",\"@id\":\"https:\\\/\\\/lightweb.dev\\\/l\\\/svm-temp\\\/#\\\/schema\\\/logo\\\/image\\\/\",\"url\":\"https:\\\/\\\/lightweb.dev\\\/l\\\/svm-temp\\\/wp-content\\\/uploads\\\/2025\\\/02\\\/SvM-logo-Xtra-Centrerad-SVART.png\",\"contentUrl\":\"https:\\\/\\\/lightweb.dev\\\/l\\\/svm-temp\\\/wp-content\\\/uploads\\\/2025\\\/02\\\/SvM-logo-Xtra-Centrerad-SVART.png\",\"width\":300,\"height\":99,\"caption\":\"Melkerson y Nott SL\"},\"image\":{\"@id\":\"https:\\\/\\\/lightweb.dev\\\/l\\\/svm-temp\\\/#\\\/schema\\\/logo\\\/image\\\/\"},\"sameAs\":[\"https:\\\/\\\/www.facebook.com\\\/svenskamagasinet\",\"https:\\\/\\\/x.com\\\/SvenskaMagasine\"]},{\"@type\":\"Person\",\"@id\":\"https:\\\/\\\/lightweb.dev\\\/l\\\/svm-temp\\\/#\\\/schema\\\/person\\\/206a3bda5b607b0c25e1749191e4d837\",\"name\":\"Redaktionen SvM\",\"description\":\"Redaktionen\",\"sameAs\":[\"https:\\\/\\\/lightweb.dev\\\/l\\\/svm-temp\"],\"url\":\"https:\\\/\\\/lightweb.dev\\\/l\\\/svm-temp\\\/reporter\\\/redaktionen\\\/\"}]}<\/script>\n<!-- \/ Yoast SEO Premium plugin. -->","yoast_head_json":{"title":"D\u00edaz: \u201dKatalanska separatisternas avtal en attack p\u00e5 staten\u201d - Svenska Magasinet","robots":{"index":"noindex","follow":"follow","max-snippet":"max-snippet:-1","max-image-preview":"max-image-preview:large","max-video-preview":"max-video-preview:-1"},"og_locale":"sv_SE","og_type":"article","og_title":"D\u00edaz: \u201dKatalanska separatisternas avtal en attack p\u00e5 staten\u201d","og_description":"Regionen Andalusiens president och partiledaren f\u00f6r PSOE-A, Susana D\u00edaz, kallar de katalanska separatisternas utspel under g\u00e5rdagen som en \u201dattack p\u00e5 staten och konstitutionen\u201d. Hon s\u00e4ger ocks\u00e5 att regeringschefen Mariano Rajoy inte st\u00e5r ensam i att f\u00f6rsvara Spaniens enhet och grundlag. Susana D\u00edaz uppmanar alla demokrater och politiska krafter att st\u00e5 upp mot attacken p\u00e5 staten [&hellip;]","og_url":"https:\/\/lightweb.dev\/l\/svm-temp\/nyheter\/diaz-katalanska-separatisternas-avtal-en-attack-pa-staten\/","og_site_name":"Svenska Magasinet","article_publisher":"https:\/\/www.facebook.com\/svenskamagasinet","article_published_time":"2015-10-27T23:00:00+00:00","og_image":[{"width":281,"height":200,"url":"https:\/\/lightweb.dev\/l\/svm-temp\/wp-content\/uploads\/2022\/06\/diaz-katalanska-separatisternas-avtal-en-attack-pa-staten.png","type":"image\/png"}],"author":"Redaktionen SvM","twitter_card":"summary_large_image","twitter_creator":"@SvenskaMagasine","twitter_site":"@SvenskaMagasine","schema":{"@context":"https:\/\/schema.org","@graph":[{"@type":"Article","@id":"https:\/\/lightweb.dev\/l\/svm-temp\/nyheter\/diaz-katalanska-separatisternas-avtal-en-attack-pa-staten\/#article","isPartOf":{"@id":"https:\/\/lightweb.dev\/l\/svm-temp\/nyheter\/diaz-katalanska-separatisternas-avtal-en-attack-pa-staten\/"},"author":{"name":"Redaktionen SvM","@id":"https:\/\/lightweb.dev\/l\/svm-temp\/#\/schema\/person\/206a3bda5b607b0c25e1749191e4d837"},"headline":"D\u00edaz: \u201dKatalanska separatisternas avtal en attack p\u00e5 staten\u201d","datePublished":"2015-10-27T23:00:00+00:00","mainEntityOfPage":{"@id":"https:\/\/lightweb.dev\/l\/svm-temp\/nyheter\/diaz-katalanska-separatisternas-avtal-en-attack-pa-staten\/"},"wordCount":175,"commentCount":0,"publisher":{"@id":"https:\/\/lightweb.dev\/l\/svm-temp\/#organization"},"image":{"@id":"https:\/\/lightweb.dev\/l\/svm-temp\/nyheter\/diaz-katalanska-separatisternas-avtal-en-attack-pa-staten\/#primaryimage"},"thumbnailUrl":"https:\/\/lightweb.dev\/l\/svm-temp\/wp-content\/uploads\/2022\/06\/diaz-katalanska-separatisternas-avtal-en-attack-pa-staten.png","articleSection":["Arkiv","Nyheter"],"inLanguage":"sv-SE"},{"@type":"WebPage","@id":"https:\/\/lightweb.dev\/l\/svm-temp\/nyheter\/diaz-katalanska-separatisternas-avtal-en-attack-pa-staten\/","url":"https:\/\/lightweb.dev\/l\/svm-temp\/nyheter\/diaz-katalanska-separatisternas-avtal-en-attack-pa-staten\/","name":"D\u00edaz: \u201dKatalanska separatisternas avtal en attack p\u00e5 staten\u201d - Svenska Magasinet","isPartOf":{"@id":"https:\/\/lightweb.dev\/l\/svm-temp\/#website"},"primaryImageOfPage":{"@id":"https:\/\/lightweb.dev\/l\/svm-temp\/nyheter\/diaz-katalanska-separatisternas-avtal-en-attack-pa-staten\/#primaryimage"},"image":{"@id":"https:\/\/lightweb.dev\/l\/svm-temp\/nyheter\/diaz-katalanska-separatisternas-avtal-en-attack-pa-staten\/#primaryimage"},"thumbnailUrl":"https:\/\/lightweb.dev\/l\/svm-temp\/wp-content\/uploads\/2022\/06\/diaz-katalanska-separatisternas-avtal-en-attack-pa-staten.png","datePublished":"2015-10-27T23:00:00+00:00","breadcrumb":{"@id":"https:\/\/lightweb.dev\/l\/svm-temp\/nyheter\/diaz-katalanska-separatisternas-avtal-en-attack-pa-staten\/#breadcrumb"},"inLanguage":"sv-SE","potentialAction":[{"@type":"ReadAction","target":["https:\/\/lightweb.dev\/l\/svm-temp\/nyheter\/diaz-katalanska-separatisternas-avtal-en-attack-pa-staten\/"]}]},{"@type":"ImageObject","inLanguage":"sv-SE","@id":"https:\/\/lightweb.dev\/l\/svm-temp\/nyheter\/diaz-katalanska-separatisternas-avtal-en-attack-pa-staten\/#primaryimage","url":"https:\/\/lightweb.dev\/l\/svm-temp\/wp-content\/uploads\/2022\/06\/diaz-katalanska-separatisternas-avtal-en-attack-pa-staten.png","contentUrl":"https:\/\/lightweb.dev\/l\/svm-temp\/wp-content\/uploads\/2022\/06\/diaz-katalanska-separatisternas-avtal-en-attack-pa-staten.png","width":281,"height":200},{"@type":"BreadcrumbList","@id":"https:\/\/lightweb.dev\/l\/svm-temp\/nyheter\/diaz-katalanska-separatisternas-avtal-en-attack-pa-staten\/#breadcrumb","itemListElement":[{"@type":"ListItem","position":1,"name":"Hem","item":"https:\/\/lightweb.dev\/l\/svm-temp\/"},{"@type":"ListItem","position":2,"name":"D\u00edaz: \u201dKatalanska separatisternas avtal en attack p\u00e5 staten\u201d"}]},{"@type":"WebSite","@id":"https:\/\/lightweb.dev\/l\/svm-temp\/#website","url":"https:\/\/lightweb.dev\/l\/svm-temp\/","name":"Svenska Magasinet","description":"Dina Spanska nyheter p&aring; Svenska","publisher":{"@id":"https:\/\/lightweb.dev\/l\/svm-temp\/#organization"},"potentialAction":[{"@type":"SearchAction","target":{"@type":"EntryPoint","urlTemplate":"https:\/\/lightweb.dev\/l\/svm-temp\/?s={search_term_string}"},"query-input":{"@type":"PropertyValueSpecification","valueRequired":true,"valueName":"search_term_string"}}],"inLanguage":"sv-SE"},{"@type":"Organization","@id":"https:\/\/lightweb.dev\/l\/svm-temp\/#organization","name":"Melkerson y Nott SL","alternateName":"Svenska Magasinet","url":"https:\/\/lightweb.dev\/l\/svm-temp\/","logo":{"@type":"ImageObject","inLanguage":"sv-SE","@id":"https:\/\/lightweb.dev\/l\/svm-temp\/#\/schema\/logo\/image\/","url":"https:\/\/lightweb.dev\/l\/svm-temp\/wp-content\/uploads\/2025\/02\/SvM-logo-Xtra-Centrerad-SVART.png","contentUrl":"https:\/\/lightweb.dev\/l\/svm-temp\/wp-content\/uploads\/2025\/02\/SvM-logo-Xtra-Centrerad-SVART.png","width":300,"height":99,"caption":"Melkerson y Nott SL"},"image":{"@id":"https:\/\/lightweb.dev\/l\/svm-temp\/#\/schema\/logo\/image\/"},"sameAs":["https:\/\/www.facebook.com\/svenskamagasinet","https:\/\/x.com\/SvenskaMagasine"]},{"@type":"Person","@id":"https:\/\/lightweb.dev\/l\/svm-temp\/#\/schema\/person\/206a3bda5b607b0c25e1749191e4d837","name":"Redaktionen SvM","description":"Redaktionen","sameAs":["https:\/\/lightweb.dev\/l\/svm-temp"],"url":"https:\/\/lightweb.dev\/l\/svm-temp\/reporter\/redaktionen\/"}]}},"_links":{"self":[{"href":"https:\/\/lightweb.dev\/l\/svm-temp\/wp-json\/wp\/v2\/posts\/23337","targetHints":{"allow":["GET"]}}],"collection":[{"href":"https:\/\/lightweb.dev\/l\/svm-temp\/wp-json\/wp\/v2\/posts"}],"about":[{"href":"https:\/\/lightweb.dev\/l\/svm-temp\/wp-json\/wp\/v2\/types\/post"}],"author":[{"embeddable":true,"href":"https:\/\/lightweb.dev\/l\/svm-temp\/wp-json\/wp\/v2\/users\/8"}],"replies":[{"embeddable":true,"href":"https:\/\/lightweb.dev\/l\/svm-temp\/wp-json\/wp\/v2\/comments?post=23337"}],"version-history":[{"count":0,"href":"https:\/\/lightweb.dev\/l\/svm-temp\/wp-json\/wp\/v2\/posts\/23337\/revisions"}],"wp:featuredmedia":[{"embeddable":true,"href":"https:\/\/lightweb.dev\/l\/svm-temp\/wp-json\/wp\/v2\/media\/23338"}],"wp:attachment":[{"href":"https:\/\/lightweb.dev\/l\/svm-temp\/wp-json\/wp\/v2\/media?parent=23337"}],"wp:term":[{"taxonomy":"category","embeddable":true,"href":"https:\/\/lightweb.dev\/l\/svm-temp\/wp-json\/wp\/v2\/categories?post=23337"},{"taxonomy":"post_tag","embeddable":true,"href":"https:\/\/lightweb.dev\/l\/svm-temp\/wp-json\/wp\/v2\/tags?post=23337"}],"curies":[{"name":"wp","href":"https:\/\/api.w.org\/{rel}","templated":true}]}}